{"id":994,"date":"2018-02-28T21:33:01","date_gmt":"2018-02-28T20:33:01","guid":{"rendered":"http:\/\/blog.solstis.ch\/?p=994"},"modified":"2018-09-17T12:43:23","modified_gmt":"2018-09-17T11:43:23","slug":"rejoignez-solstis-au-salon-habitat-jardin-et-decouvrez-nos-nouveautes-2018","status":"publish","type":"post","link":"https:\/\/blog.solstis.ch\/index.php\/fr\/2018\/02\/28\/rejoignez-solstis-au-salon-habitat-jardin-et-decouvrez-nos-nouveautes-2018\/","title":{"rendered":"Rejoignez Solstis au salon Habitat-Jardin et d\u00e9couvrez nos nouveaut\u00e9s 2018 !"},"content":{"rendered":"<p><strong>Du samedi 3 mars au dimanche 11 mars 2018, Solstis a le plaisir de vous accueillir au salon Habitat-Jardin sur son espace d\u00e9di\u00e9 et se r\u00e9jouit de vous pr\u00e9senter ses solutions et services d\u2019optimisation et de production d\u2019\u00e9lectricit\u00e9 solaire. Halle 17\/O303<\/strong><\/p>\n<p><strong>Agissez en faveur du d\u00e9veloppement durable et r\u00e9alisez un investissement orient\u00e9 vers l\u2019avenir autour de votre projet d\u2019installations photovolta\u00efques en neuf ou r\u00e9novation.<\/strong><br \/>\nSolstis renouvelle sa pr\u00e9sence au salon Habitat-Jardin 2018. Cette ann\u00e9e sera marqu\u00e9e par la th\u00e9matique de l\u2019optimisation de l\u2019autoconsommation coupl\u00e9e \u00e0 une installation solaire neuve ou existante. Cette tendance est cons\u00e9cutive \u00e0 la d\u00e9cision du peuple suisse en mai 2017 d\u2019accepter la r\u00e9vision de la Loi sur l\u2019\u00e9nergie visant \u00e0 r\u00e9duire la consommation d\u2019\u00e9nergie, \u00e0 am\u00e9liorer l\u2019efficacit\u00e9 \u00e9nerg\u00e9tique et \u00e0 promouvoir les \u00e9nergies renouvelables.<\/p>\n<p><strong>Un pack complet pour r\u00e9aliser sa transition \u00e9nerg\u00e9tique<\/strong><br \/>\nEn 2017, plus d\u2019un client sur 4 se sera \u00e9quip\u00e9 aupr\u00e8s de Solstis d\u2019une batterie de stockage ou d\u2019un boiler thermodynamique. Nous b\u00e9n\u00e9ficions d\u2019une solide exp\u00e9rience pour r\u00e9pondre \u00e0 la transition \u00e9nerg\u00e9tique de chaque propri\u00e9taire et \u00e0 la demande grandissante du march\u00e9. Nous am\u00e9liorons chaque jour un ensemble de solutions et de services dans tous les aspects de la technologie solaire\u2009: solution de stockage par batterie, installation de boilers thermodynamiques, r\u00e9novation, assainissement ou entretien de toiture, solution de facturation et comptage de regroupement d\u2019autoconsommateurs, pose de bornes de recharge, contrat de suivi et de maintenance, diagnostic CECB, diagnostic amiante.<a href=\"http:\/\/blog.solstis.ch\/wp-content\/uploads\/2018\/02\/Image-1.png\"><br \/>\n<\/a><\/p>\n<p><a href=\"https:\/\/www.solstis.ch\/fr\/\"><img loading=\"lazy\" decoding=\"async\" class=\"alignnone wp-image-1003\" src=\"http:\/\/blog.solstis.ch\/wp-content\/uploads\/2018\/02\/IMAGE-PRINCIPALE.png\" alt=\"IMAGE PRINCIPALE\" width=\"900\" height=\"840\" srcset=\"https:\/\/blog.solstis.ch\/wp-content\/uploads\/2018\/02\/IMAGE-PRINCIPALE.png 745w, https:\/\/blog.solstis.ch\/wp-content\/uploads\/2018\/02\/IMAGE-PRINCIPALE-300x280.png 300w, https:\/\/blog.solstis.ch\/wp-content\/uploads\/2018\/02\/IMAGE-PRINCIPALE-322x300.png 322w\" sizes=\"auto, (max-width: 900px) 100vw, 900px\" \/><\/a><\/p>\n<p><strong>Venez d\u00e9couvrir nos solutions Solstis\u00a0maitris\u00e9es depuis 22 ans\u2009:<\/strong><\/p>\n<p><a href=\"https:\/\/www.solstis.ch\/fr\/\"><img loading=\"lazy\" decoding=\"async\" class=\"alignnone wp-image-997\" src=\"http:\/\/blog.solstis.ch\/wp-content\/uploads\/2018\/02\/image2.png\" alt=\"image2\" width=\"900\" height=\"375\" srcset=\"https:\/\/blog.solstis.ch\/wp-content\/uploads\/2018\/02\/image2.png 941w, https:\/\/blog.solstis.ch\/wp-content\/uploads\/2018\/02\/image2-300x125.png 300w, https:\/\/blog.solstis.ch\/wp-content\/uploads\/2018\/02\/image2-720x300.png 720w\" sizes=\"auto, (max-width: 900px) 100vw, 900px\" \/><\/a><br \/>\nNous pr\u00e9senterons des maquettes de modules de fa\u00e7ade avec motifs sur notre emplacement sur le stand de Pro Renova, Halle 9 K412 ainsi que des maquettes de solutions int\u00e9gr\u00e9es sur notre stand Solstis, Halle 17, O303.<br \/>\nNous aurons \u00e9galement sur notre stand un boiler thermodynamique ainsi qu\u2019une batterie pour solutions particuliers en d\u00e9monstration.<\/p>\n<p><strong>Petit retour sur la nouveaut\u00e9 mondiale pr\u00e9sent\u00e9e l\u2019ann\u00e9e pass\u00e9e.<\/strong><br \/>\nSolstis avait le plaisir l\u2019ann\u00e9e pass\u00e9e de vous faire d\u00e9couvrir la tuile solaire terracotta\u2009: il s\u2019agit d\u2019une tuile de couleur conventionnelle, ce qui lui permet de se fondre harmonieusement dans la toiture et de respecter l\u2019architecture du b\u00e2timent. Depuis cette avant-premi\u00e8re, Solstis a r\u00e9alis\u00e9 durant l\u2019\u00e9t\u00e9\u00a02017, une installation, en exclusivit\u00e9 mondiale sur une ferme d\u2019un site class\u00e9 de la commune d\u2019Ecuvillens. Notre solution TerraCotta est donc \u00e9prouv\u00e9e et pr\u00eate pour s\u2019attaquer au march\u00e9 r\u00e9sidentiel. Nous serons heureux lors de cette \u00e9dition de vous pr\u00e9senter \u00e0 nouveau notre tuile solaire Solar-Terra.<a href=\"http:\/\/blog.solstis.ch\/wp-content\/uploads\/2018\/02\/IMG_5998.jpg\"><br \/>\n<\/a><\/p>\n<div id='gallery-1' class='gallery galleryid-994 gallery-columns-2 gallery-size-medium'><figure class='gallery-item'>\n\t\t\t<div class='gallery-icon landscape'>\n\t\t\t\t<a href='https:\/\/blog.solstis.ch\/index.php\/fr\/2018\/02\/28\/rejoignez-solstis-au-salon-habitat-jardin-et-decouvrez-nos-nouveautes-2018\/ecu_sun1-patrick-heinstein-csem\/'><img loading=\"lazy\" decoding=\"async\" width=\"300\" height=\"225\" src=\"https:\/\/blog.solstis.ch\/wp-content\/uploads\/2018\/02\/Ecu_sun1\u00a9-Patrick-Heinstein-CSEM-300x225.jpg\" class=\"attachment-medium size-medium\" alt=\"\" srcset=\"https:\/\/blog.solstis.ch\/wp-content\/uploads\/2018\/02\/Ecu_sun1\u00a9-Patrick-Heinstein-CSEM-300x225.jpg 300w, https:\/\/blog.solstis.ch\/wp-content\/uploads\/2018\/02\/Ecu_sun1\u00a9-Patrick-Heinstein-CSEM-1024x768.jpg 1024w, https:\/\/blog.solstis.ch\/wp-content\/uploads\/2018\/02\/Ecu_sun1\u00a9-Patrick-Heinstein-CSEM-400x300.jpg 400w\" sizes=\"auto, (max-width: 300px) 100vw, 300px\" \/><\/a>\n\t\t\t<\/div><\/figure><figure class='gallery-item'>\n\t\t\t<div class='gallery-icon landscape'>\n\t\t\t\t<a href='https:\/\/blog.solstis.ch\/index.php\/fr\/2018\/02\/28\/rejoignez-solstis-au-salon-habitat-jardin-et-decouvrez-nos-nouveautes-2018\/img_5998\/'><img loading=\"lazy\" decoding=\"async\" width=\"300\" height=\"225\" src=\"https:\/\/blog.solstis.ch\/wp-content\/uploads\/2018\/02\/IMG_5998-300x225.jpg\" class=\"attachment-medium size-medium\" alt=\"\" srcset=\"https:\/\/blog.solstis.ch\/wp-content\/uploads\/2018\/02\/IMG_5998-300x225.jpg 300w, https:\/\/blog.solstis.ch\/wp-content\/uploads\/2018\/02\/IMG_5998-1024x768.jpg 1024w, https:\/\/blog.solstis.ch\/wp-content\/uploads\/2018\/02\/IMG_5998-400x300.jpg 400w, https:\/\/blog.solstis.ch\/wp-content\/uploads\/2018\/02\/IMG_5998.jpg 1600w\" sizes=\"auto, (max-width: 300px) 100vw, 300px\" \/><\/a>\n\t\t\t<\/div><\/figure>\n\t\t<\/div>\n\n<p><strong>Une pr\u00e9sence sur le salon qui exprime notre vision<\/strong><br \/>\nNous relevons chaque jour le d\u00e9fi de proposer des produits tr\u00e8s efficaces et comp\u00e9titifs, pour produire des \u00e9nergies \u00e0 des co\u00fbts ma\u00eetris\u00e9s tout en \u00e9tant esth\u00e9tiques et int\u00e9gr\u00e9s dans les b\u00e2timents. Notre objectif pour le salon Habitat-Jardin est de faire partager notre vision du march\u00e9 du solaire et de r\u00e9pondre \u00e0 vos interrogations et demandes avec notre solide expertise et la passion de notre m\u00e9tier. Le march\u00e9 du solaire suscite grandement l\u2019int\u00e9r\u00eat et fait l\u2019objet de nombreux articles et reportages, il est donc important pour nous d\u2019\u00eatre \u00e0 vos c\u00f4t\u00e9s pour vous aider \u00e0 faire les meilleurs choix.<\/p>\n<p><strong>Venez nous retrouvez et profitez de nos offres sp\u00e9ciales Habitat-Jardin<\/strong><br \/>\nVous \u00eates les bienvenus sur notre stand au salon Habitat-Jardin \u00e0 l\u2019Expo Beaulieu de Lausanne du samedi\u00a03 au dimanche 11 mars inclus. Rendez-vous \u00e0 la Halle 17\/O303 et sur le stand ProRenova Halle 9\/K412. Plus d\u2019informations sur <a href=\"https:\/\/www.habitat-jardin24.ch\/fr\" target=\"_blank\">Salon Habitat-Jardin<\/a>.<\/p>\n<p>&nbsp;<\/p>\n<p>&nbsp;<\/p>\n","protected":false},"excerpt":{"rendered":"<p>Du samedi 3 mars au dimanche 11 mars 2018, Solstis a le plaisir de vous accueillir au salon Habitat-Jardin sur [&hellip;]<\/p>\n","protected":false},"author":3,"featured_media":1004,"comment_status":"closed","ping_status":"open","sticky":true,"template":"","format":"standard","meta":{"jetpack_post_was_ever_published":false,"_jetpack_newsletter_access":"","_jetpack_dont_email_post_to_subs":false,"_jetpack_newsletter_tier_id":0,"_jetpack_memberships_contains_paywalled_content":false,"_jetpack_memberships_contains_paid_content":false,"footnotes":"","jetpack_publicize_message":"","jetpack_publicize_feature_enabled":true,"jetpack_social_post_already_shared":false,"jetpack_social_options":{"image_generator_settings":{"template":"highway","enabled":false},"version":2}},"categories":[224],"tags":[],"class_list":["post-994","post","type-post","status-publish","format-standard","has-post-thumbnail","hentry","category-solstis"],"jetpack_publicize_connections":[],"yoast_head":"<!-- This site is optimized with the Yoast SEO plugin v23.8 - https:\/\/yoast.com\/wordpress\/plugins\/seo\/ -->\n<title>Rejoignez Solstis au salon Habitat-Jardin et d\u00e9couvrez nos nouveaut\u00e9s 2018 ! - Solstis<\/title>\n<meta name=\"robots\" content=\"index, follow, max-snippet:-1, max-image-preview:large, max-video-preview:-1\" \/>\n<link rel=\"canonical\" href=\"https:\/\/blog.solstis.ch\/index.php\/fr\/2018\/02\/28\/rejoignez-solstis-au-salon-habitat-jardin-et-decouvrez-nos-nouveautes-2018\/\" \/>\n<meta property=\"og:locale\" content=\"fr_FR\" \/>\n<meta property=\"og:type\" content=\"article\" \/>\n<meta property=\"og:title\" content=\"Rejoignez Solstis au salon Habitat-Jardin et d\u00e9couvrez nos nouveaut\u00e9s 2018 ! - Solstis\" \/>\n<meta property=\"og:description\" content=\"Du samedi 3 mars au dimanche 11 mars 2018, Solstis a le plaisir de vous accueillir au salon Habitat-Jardin sur [&hellip;]\" \/>\n<meta property=\"og:url\" content=\"https:\/\/blog.solstis.ch\/index.php\/fr\/2018\/02\/28\/rejoignez-solstis-au-salon-habitat-jardin-et-decouvrez-nos-nouveautes-2018\/\" \/>\n<meta property=\"og:site_name\" content=\"Solstis\" \/>\n<meta property=\"article:published_time\" content=\"2018-02-28T20:33:01+00:00\" \/>\n<meta property=\"article:modified_time\" content=\"2018-09-17T11:43:23+00:00\" \/>\n<meta property=\"og:image\" content=\"https:\/\/blog.solstis.ch\/wp-content\/uploads\/2018\/02\/iMAGE-pRINC.png\" \/>\n\t<meta property=\"og:image:width\" content=\"745\" \/>\n\t<meta property=\"og:image:height\" content=\"561\" \/>\n\t<meta property=\"og:image:type\" content=\"image\/png\" \/>\n<meta name=\"author\" content=\"Solstis\" \/>\n<meta name=\"twitter:card\" content=\"summary_large_image\" \/>\n<meta name=\"twitter:label1\" content=\"\u00c9crit par\" \/>\n\t<meta name=\"twitter:data1\" content=\"Solstis\" \/>\n\t<meta name=\"twitter:label2\" content=\"Dur\u00e9e de lecture estim\u00e9e\" \/>\n\t<meta name=\"twitter:data2\" content=\"3 minutes\" \/>\n<script type=\"application\/ld+json\" class=\"yoast-schema-graph\">{\"@context\":\"https:\/\/schema.org\",\"@graph\":[{\"@type\":\"WebPage\",\"@id\":\"https:\/\/blog.solstis.ch\/index.php\/fr\/2018\/02\/28\/rejoignez-solstis-au-salon-habitat-jardin-et-decouvrez-nos-nouveautes-2018\/\",\"url\":\"https:\/\/blog.solstis.ch\/index.php\/fr\/2018\/02\/28\/rejoignez-solstis-au-salon-habitat-jardin-et-decouvrez-nos-nouveautes-2018\/\",\"name\":\"Rejoignez Solstis au salon Habitat-Jardin et d\u00e9couvrez nos nouveaut\u00e9s 2018 ! - Solstis\",\"isPartOf\":{\"@id\":\"https:\/\/blog.solstis.ch\/#website\"},\"primaryImageOfPage\":{\"@id\":\"https:\/\/blog.solstis.ch\/index.php\/fr\/2018\/02\/28\/rejoignez-solstis-au-salon-habitat-jardin-et-decouvrez-nos-nouveautes-2018\/#primaryimage\"},\"image\":{\"@id\":\"https:\/\/blog.solstis.ch\/index.php\/fr\/2018\/02\/28\/rejoignez-solstis-au-salon-habitat-jardin-et-decouvrez-nos-nouveautes-2018\/#primaryimage\"},\"thumbnailUrl\":\"https:\/\/blog.solstis.ch\/wp-content\/uploads\/2018\/02\/iMAGE-pRINC.png\",\"datePublished\":\"2018-02-28T20:33:01+00:00\",\"dateModified\":\"2018-09-17T11:43:23+00:00\",\"author\":{\"@id\":\"https:\/\/blog.solstis.ch\/#\/schema\/person\/b556469ff22d5ec922e45dae636f8cc3\"},\"breadcrumb\":{\"@id\":\"https:\/\/blog.solstis.ch\/index.php\/fr\/2018\/02\/28\/rejoignez-solstis-au-salon-habitat-jardin-et-decouvrez-nos-nouveautes-2018\/#breadcrumb\"},\"inLanguage\":\"fr-FR\",\"potentialAction\":[{\"@type\":\"ReadAction\",\"target\":[\"https:\/\/blog.solstis.ch\/index.php\/fr\/2018\/02\/28\/rejoignez-solstis-au-salon-habitat-jardin-et-decouvrez-nos-nouveautes-2018\/\"]}]},{\"@type\":\"ImageObject\",\"inLanguage\":\"fr-FR\",\"@id\":\"https:\/\/blog.solstis.ch\/index.php\/fr\/2018\/02\/28\/rejoignez-solstis-au-salon-habitat-jardin-et-decouvrez-nos-nouveautes-2018\/#primaryimage\",\"url\":\"https:\/\/blog.solstis.ch\/wp-content\/uploads\/2018\/02\/iMAGE-pRINC.png\",\"contentUrl\":\"https:\/\/blog.solstis.ch\/wp-content\/uploads\/2018\/02\/iMAGE-pRINC.png\",\"width\":745,\"height\":561},{\"@type\":\"BreadcrumbList\",\"@id\":\"https:\/\/blog.solstis.ch\/index.php\/fr\/2018\/02\/28\/rejoignez-solstis-au-salon-habitat-jardin-et-decouvrez-nos-nouveautes-2018\/#breadcrumb\",\"itemListElement\":[{\"@type\":\"ListItem\",\"position\":1,\"name\":\"Accueil\",\"item\":\"https:\/\/blog.solstis.ch\/index.php\/fr\/blog\/\"},{\"@type\":\"ListItem\",\"position\":2,\"name\":\"Rejoignez Solstis au salon Habitat-Jardin et d\u00e9couvrez nos nouveaut\u00e9s 2018 !\"}]},{\"@type\":\"WebSite\",\"@id\":\"https:\/\/blog.solstis.ch\/#website\",\"url\":\"https:\/\/blog.solstis.ch\/\",\"name\":\"Solstis\",\"description\":\"Solstis, donner au monde l&#039;\u00e9nergie d&#039;\u00eatre durable.\",\"potentialAction\":[{\"@type\":\"SearchAction\",\"target\":{\"@type\":\"EntryPoint\",\"urlTemplate\":\"https:\/\/blog.solstis.ch\/?s={search_term_string}\"},\"query-input\":{\"@type\":\"PropertyValueSpecification\",\"valueRequired\":true,\"valueName\":\"search_term_string\"}}],\"inLanguage\":\"fr-FR\"},{\"@type\":\"Person\",\"@id\":\"https:\/\/blog.solstis.ch\/#\/schema\/person\/b556469ff22d5ec922e45dae636f8cc3\",\"name\":\"Solstis\",\"image\":{\"@type\":\"ImageObject\",\"inLanguage\":\"fr-FR\",\"@id\":\"https:\/\/blog.solstis.ch\/#\/schema\/person\/image\/\",\"url\":\"https:\/\/secure.gravatar.com\/avatar\/1f706f57779184a0d1328041226868b0?s=96&d=mm&r=g\",\"contentUrl\":\"https:\/\/secure.gravatar.com\/avatar\/1f706f57779184a0d1328041226868b0?s=96&d=mm&r=g\",\"caption\":\"Solstis\"},\"url\":\"https:\/\/blog.solstis.ch\/index.php\/author\/cgrevot\/\"}]}<\/script>\n<!-- \/ Yoast SEO plugin. -->","yoast_head_json":{"title":"Rejoignez Solstis au salon Habitat-Jardin et d\u00e9couvrez nos nouveaut\u00e9s 2018 ! - Solstis","robots":{"index":"index","follow":"follow","max-snippet":"max-snippet:-1","max-image-preview":"max-image-preview:large","max-video-preview":"max-video-preview:-1"},"canonical":"https:\/\/blog.solstis.ch\/index.php\/fr\/2018\/02\/28\/rejoignez-solstis-au-salon-habitat-jardin-et-decouvrez-nos-nouveautes-2018\/","og_locale":"fr_FR","og_type":"article","og_title":"Rejoignez Solstis au salon Habitat-Jardin et d\u00e9couvrez nos nouveaut\u00e9s 2018 ! - Solstis","og_description":"Du samedi 3 mars au dimanche 11 mars 2018, Solstis a le plaisir de vous accueillir au salon Habitat-Jardin sur [&hellip;]","og_url":"https:\/\/blog.solstis.ch\/index.php\/fr\/2018\/02\/28\/rejoignez-solstis-au-salon-habitat-jardin-et-decouvrez-nos-nouveautes-2018\/","og_site_name":"Solstis","article_published_time":"2018-02-28T20:33:01+00:00","article_modified_time":"2018-09-17T11:43:23+00:00","og_image":[{"width":745,"height":561,"url":"https:\/\/blog.solstis.ch\/wp-content\/uploads\/2018\/02\/iMAGE-pRINC.png","type":"image\/png"}],"author":"Solstis","twitter_card":"summary_large_image","twitter_misc":{"\u00c9crit par":"Solstis","Dur\u00e9e de lecture estim\u00e9e":"3 minutes"},"schema":{"@context":"https:\/\/schema.org","@graph":[{"@type":"WebPage","@id":"https:\/\/blog.solstis.ch\/index.php\/fr\/2018\/02\/28\/rejoignez-solstis-au-salon-habitat-jardin-et-decouvrez-nos-nouveautes-2018\/","url":"https:\/\/blog.solstis.ch\/index.php\/fr\/2018\/02\/28\/rejoignez-solstis-au-salon-habitat-jardin-et-decouvrez-nos-nouveautes-2018\/","name":"Rejoignez Solstis au salon Habitat-Jardin et d\u00e9couvrez nos nouveaut\u00e9s 2018 ! - Solstis","isPartOf":{"@id":"https:\/\/blog.solstis.ch\/#website"},"primaryImageOfPage":{"@id":"https:\/\/blog.solstis.ch\/index.php\/fr\/2018\/02\/28\/rejoignez-solstis-au-salon-habitat-jardin-et-decouvrez-nos-nouveautes-2018\/#primaryimage"},"image":{"@id":"https:\/\/blog.solstis.ch\/index.php\/fr\/2018\/02\/28\/rejoignez-solstis-au-salon-habitat-jardin-et-decouvrez-nos-nouveautes-2018\/#primaryimage"},"thumbnailUrl":"https:\/\/blog.solstis.ch\/wp-content\/uploads\/2018\/02\/iMAGE-pRINC.png","datePublished":"2018-02-28T20:33:01+00:00","dateModified":"2018-09-17T11:43:23+00:00","author":{"@id":"https:\/\/blog.solstis.ch\/#\/schema\/person\/b556469ff22d5ec922e45dae636f8cc3"},"breadcrumb":{"@id":"https:\/\/blog.solstis.ch\/index.php\/fr\/2018\/02\/28\/rejoignez-solstis-au-salon-habitat-jardin-et-decouvrez-nos-nouveautes-2018\/#breadcrumb"},"inLanguage":"fr-FR","potentialAction":[{"@type":"ReadAction","target":["https:\/\/blog.solstis.ch\/index.php\/fr\/2018\/02\/28\/rejoignez-solstis-au-salon-habitat-jardin-et-decouvrez-nos-nouveautes-2018\/"]}]},{"@type":"ImageObject","inLanguage":"fr-FR","@id":"https:\/\/blog.solstis.ch\/index.php\/fr\/2018\/02\/28\/rejoignez-solstis-au-salon-habitat-jardin-et-decouvrez-nos-nouveautes-2018\/#primaryimage","url":"https:\/\/blog.solstis.ch\/wp-content\/uploads\/2018\/02\/iMAGE-pRINC.png","contentUrl":"https:\/\/blog.solstis.ch\/wp-content\/uploads\/2018\/02\/iMAGE-pRINC.png","width":745,"height":561},{"@type":"BreadcrumbList","@id":"https:\/\/blog.solstis.ch\/index.php\/fr\/2018\/02\/28\/rejoignez-solstis-au-salon-habitat-jardin-et-decouvrez-nos-nouveautes-2018\/#breadcrumb","itemListElement":[{"@type":"ListItem","position":1,"name":"Accueil","item":"https:\/\/blog.solstis.ch\/index.php\/fr\/blog\/"},{"@type":"ListItem","position":2,"name":"Rejoignez Solstis au salon Habitat-Jardin et d\u00e9couvrez nos nouveaut\u00e9s 2018 !"}]},{"@type":"WebSite","@id":"https:\/\/blog.solstis.ch\/#website","url":"https:\/\/blog.solstis.ch\/","name":"Solstis","description":"Solstis, donner au monde l&#039;\u00e9nergie d&#039;\u00eatre durable.","potentialAction":[{"@type":"SearchAction","target":{"@type":"EntryPoint","urlTemplate":"https:\/\/blog.solstis.ch\/?s={search_term_string}"},"query-input":{"@type":"PropertyValueSpecification","valueRequired":true,"valueName":"search_term_string"}}],"inLanguage":"fr-FR"},{"@type":"Person","@id":"https:\/\/blog.solstis.ch\/#\/schema\/person\/b556469ff22d5ec922e45dae636f8cc3","name":"Solstis","image":{"@type":"ImageObject","inLanguage":"fr-FR","@id":"https:\/\/blog.solstis.ch\/#\/schema\/person\/image\/","url":"https:\/\/secure.gravatar.com\/avatar\/1f706f57779184a0d1328041226868b0?s=96&d=mm&r=g","contentUrl":"https:\/\/secure.gravatar.com\/avatar\/1f706f57779184a0d1328041226868b0?s=96&d=mm&r=g","caption":"Solstis"},"url":"https:\/\/blog.solstis.ch\/index.php\/author\/cgrevot\/"}]}},"jetpack_sharing_enabled":true,"jetpack_featured_media_url":"https:\/\/blog.solstis.ch\/wp-content\/uploads\/2018\/02\/iMAGE-pRINC.png","jetpack_shortlink":"https:\/\/wp.me\/pa0tUs-g2","_links":{"self":[{"href":"https:\/\/blog.solstis.ch\/index.php\/wp-json\/wp\/v2\/posts\/994","targetHints":{"allow":["GET"]}}],"collection":[{"href":"https:\/\/blog.solstis.ch\/index.php\/wp-json\/wp\/v2\/posts"}],"about":[{"href":"https:\/\/blog.solstis.ch\/index.php\/wp-json\/wp\/v2\/types\/post"}],"author":[{"embeddable":true,"href":"https:\/\/blog.solstis.ch\/index.php\/wp-json\/wp\/v2\/users\/3"}],"replies":[{"embeddable":true,"href":"https:\/\/blog.solstis.ch\/index.php\/wp-json\/wp\/v2\/comments?post=994"}],"version-history":[{"count":16,"href":"https:\/\/blog.solstis.ch\/index.php\/wp-json\/wp\/v2\/posts\/994\/revisions"}],"predecessor-version":[{"id":1017,"href":"https:\/\/blog.solstis.ch\/index.php\/wp-json\/wp\/v2\/posts\/994\/revisions\/1017"}],"wp:featuredmedia":[{"embeddable":true,"href":"https:\/\/blog.solstis.ch\/index.php\/wp-json\/wp\/v2\/media\/1004"}],"wp:attachment":[{"href":"https:\/\/blog.solstis.ch\/index.php\/wp-json\/wp\/v2\/media?parent=994"}],"wp:term":[{"taxonomy":"category","embeddable":true,"href":"https:\/\/blog.solstis.ch\/index.php\/wp-json\/wp\/v2\/categories?post=994"},{"taxonomy":"post_tag","embeddable":true,"href":"https:\/\/blog.solstis.ch\/index.php\/wp-json\/wp\/v2\/tags?post=994"}],"curies":[{"name":"wp","href":"https:\/\/api.w.org\/{rel}","templated":true}]}}