{"id":990,"date":"2018-02-15T11:41:47","date_gmt":"2018-02-15T10:41:47","guid":{"rendered":"http:\/\/blog.solstis.ch\/?p=990"},"modified":"2018-02-15T11:41:47","modified_gmt":"2018-02-15T10:41:47","slug":"des-smart-buildings-capables-de-gerer-nos-besoins-en-electricite","status":"publish","type":"post","link":"https:\/\/blog.solstis.ch\/index.php\/fr\/2018\/02\/15\/des-smart-buildings-capables-de-gerer-nos-besoins-en-electricite\/","title":{"rendered":"Des Smart Buildings capables de g\u00e9rer nos besoins en \u00e9lectricit\u00e9"},"content":{"rendered":"<p>Des chercheurs de l\u2019EPFL ont d\u00e9velopp\u00e9 un syst\u00e8me qui collecte les donn\u00e9es li\u00e9es \u00e0 la consommation d\u2019\u00e9nergie dans les b\u00e2timents. Ces donn\u00e9es pourraient \u00eatre communiqu\u00e9es directement avec le r\u00e9seau \u00e9lectrique, afin qu\u2019il prenne de lui-m\u00eame des d\u00e9cisions intelligentes quant \u00e0 l\u2019allocation des ressources.<\/p>\n<p><a href=\"http:\/\/www.enerzine.com\/des-smart-buildings-capables-de-gerer-nos-besoins-en-electricite\/24438-2018-01\" target=\"_blank\">Lire l&rsquo;article<\/a>.<br \/>\nSource : www.enerzine.com<\/p>\n","protected":false},"excerpt":{"rendered":"<p>Des chercheurs de l\u2019EPFL ont d\u00e9velopp\u00e9 un syst\u00e8me qui collecte les donn\u00e9es li\u00e9es \u00e0 la consommation d\u2019\u00e9nergie dans les b\u00e2timents. [&hellip;]<\/p>\n","protected":false},"author":3,"featured_media":991,"comment_status":"open","ping_status":"open","sticky":true,"template":"","format":"standard","meta":{"jetpack_post_was_ever_published":false,"_jetpack_newsletter_access":"","_jetpack_dont_email_post_to_subs":false,"_jetpack_newsletter_tier_id":0,"_jetpack_memberships_contains_paywalled_content":false,"_jetpack_memberships_contains_paid_content":false,"footnotes":"","jetpack_publicize_message":"","jetpack_publicize_feature_enabled":true,"jetpack_social_post_already_shared":false,"jetpack_social_options":{"image_generator_settings":{"template":"highway","enabled":false},"version":2}},"categories":[33],"tags":[],"class_list":["post-990","post","type-post","status-publish","format-standard","has-post-thumbnail","hentry","category-energie"],"jetpack_publicize_connections":[],"yoast_head":"<!-- This site is optimized with the Yoast SEO plugin v23.8 - https:\/\/yoast.com\/wordpress\/plugins\/seo\/ -->\n<title>Des Smart Buildings capables de g\u00e9rer nos besoins en \u00e9lectricit\u00e9 - Solstis<\/title>\n<meta name=\"robots\" content=\"index, follow, max-snippet:-1, max-image-preview:large, max-video-preview:-1\" \/>\n<link rel=\"canonical\" href=\"https:\/\/blog.solstis.ch\/index.php\/fr\/2018\/02\/15\/des-smart-buildings-capables-de-gerer-nos-besoins-en-electricite\/\" \/>\n<meta property=\"og:locale\" content=\"fr_FR\" \/>\n<meta property=\"og:type\" content=\"article\" \/>\n<meta property=\"og:title\" content=\"Des Smart Buildings capables de g\u00e9rer nos besoins en \u00e9lectricit\u00e9 - Solstis\" \/>\n<meta property=\"og:description\" content=\"Des chercheurs de l\u2019EPFL ont d\u00e9velopp\u00e9 un syst\u00e8me qui collecte les donn\u00e9es li\u00e9es \u00e0 la consommation d\u2019\u00e9nergie dans les b\u00e2timents. [&hellip;]\" \/>\n<meta property=\"og:url\" content=\"https:\/\/blog.solstis.ch\/index.php\/fr\/2018\/02\/15\/des-smart-buildings-capables-de-gerer-nos-besoins-en-electricite\/\" \/>\n<meta property=\"og:site_name\" content=\"Solstis\" \/>\n<meta property=\"article:published_time\" content=\"2018-02-15T10:41:47+00:00\" \/>\n<meta property=\"og:image\" content=\"https:\/\/blog.solstis.ch\/wp-content\/uploads\/2018\/02\/skyscraper-366820_1280.jpg\" \/>\n\t<meta property=\"og:image:width\" content=\"1280\" \/>\n\t<meta property=\"og:image:height\" content=\"853\" \/>\n\t<meta property=\"og:image:type\" content=\"image\/jpeg\" \/>\n<meta name=\"author\" content=\"Solstis\" \/>\n<meta name=\"twitter:card\" content=\"summary_large_image\" \/>\n<meta name=\"twitter:label1\" content=\"\u00c9crit par\" \/>\n\t<meta name=\"twitter:data1\" content=\"Solstis\" \/>\n<script type=\"application\/ld+json\" class=\"yoast-schema-graph\">{\"@context\":\"https:\/\/schema.org\",\"@graph\":[{\"@type\":\"WebPage\",\"@id\":\"https:\/\/blog.solstis.ch\/index.php\/fr\/2018\/02\/15\/des-smart-buildings-capables-de-gerer-nos-besoins-en-electricite\/\",\"url\":\"https:\/\/blog.solstis.ch\/index.php\/fr\/2018\/02\/15\/des-smart-buildings-capables-de-gerer-nos-besoins-en-electricite\/\",\"name\":\"Des Smart Buildings capables de g\u00e9rer nos besoins en \u00e9lectricit\u00e9 - Solstis\",\"isPartOf\":{\"@id\":\"https:\/\/blog.solstis.ch\/#website\"},\"primaryImageOfPage\":{\"@id\":\"https:\/\/blog.solstis.ch\/index.php\/fr\/2018\/02\/15\/des-smart-buildings-capables-de-gerer-nos-besoins-en-electricite\/#primaryimage\"},\"image\":{\"@id\":\"https:\/\/blog.solstis.ch\/index.php\/fr\/2018\/02\/15\/des-smart-buildings-capables-de-gerer-nos-besoins-en-electricite\/#primaryimage\"},\"thumbnailUrl\":\"https:\/\/blog.solstis.ch\/wp-content\/uploads\/2018\/02\/skyscraper-366820_1280.jpg\",\"datePublished\":\"2018-02-15T10:41:47+00:00\",\"dateModified\":\"2018-02-15T10:41:47+00:00\",\"author\":{\"@id\":\"https:\/\/blog.solstis.ch\/#\/schema\/person\/b556469ff22d5ec922e45dae636f8cc3\"},\"breadcrumb\":{\"@id\":\"https:\/\/blog.solstis.ch\/index.php\/fr\/2018\/02\/15\/des-smart-buildings-capables-de-gerer-nos-besoins-en-electricite\/#breadcrumb\"},\"inLanguage\":\"fr-FR\",\"potentialAction\":[{\"@type\":\"ReadAction\",\"target\":[\"https:\/\/blog.solstis.ch\/index.php\/fr\/2018\/02\/15\/des-smart-buildings-capables-de-gerer-nos-besoins-en-electricite\/\"]}]},{\"@type\":\"ImageObject\",\"inLanguage\":\"fr-FR\",\"@id\":\"https:\/\/blog.solstis.ch\/index.php\/fr\/2018\/02\/15\/des-smart-buildings-capables-de-gerer-nos-besoins-en-electricite\/#primaryimage\",\"url\":\"https:\/\/blog.solstis.ch\/wp-content\/uploads\/2018\/02\/skyscraper-366820_1280.jpg\",\"contentUrl\":\"https:\/\/blog.solstis.ch\/wp-content\/uploads\/2018\/02\/skyscraper-366820_1280.jpg\",\"width\":1280,\"height\":853},{\"@type\":\"BreadcrumbList\",\"@id\":\"https:\/\/blog.solstis.ch\/index.php\/fr\/2018\/02\/15\/des-smart-buildings-capables-de-gerer-nos-besoins-en-electricite\/#breadcrumb\",\"itemListElement\":[{\"@type\":\"ListItem\",\"position\":1,\"name\":\"Accueil\",\"item\":\"https:\/\/blog.solstis.ch\/index.php\/fr\/blog\/\"},{\"@type\":\"ListItem\",\"position\":2,\"name\":\"Des Smart Buildings capables de g\u00e9rer nos besoins en \u00e9lectricit\u00e9\"}]},{\"@type\":\"WebSite\",\"@id\":\"https:\/\/blog.solstis.ch\/#website\",\"url\":\"https:\/\/blog.solstis.ch\/\",\"name\":\"Solstis\",\"description\":\"Solstis, donner au monde l&#039;\u00e9nergie d&#039;\u00eatre durable.\",\"potentialAction\":[{\"@type\":\"SearchAction\",\"target\":{\"@type\":\"EntryPoint\",\"urlTemplate\":\"https:\/\/blog.solstis.ch\/?s={search_term_string}\"},\"query-input\":{\"@type\":\"PropertyValueSpecification\",\"valueRequired\":true,\"valueName\":\"search_term_string\"}}],\"inLanguage\":\"fr-FR\"},{\"@type\":\"Person\",\"@id\":\"https:\/\/blog.solstis.ch\/#\/schema\/person\/b556469ff22d5ec922e45dae636f8cc3\",\"name\":\"Solstis\",\"image\":{\"@type\":\"ImageObject\",\"inLanguage\":\"fr-FR\",\"@id\":\"https:\/\/blog.solstis.ch\/#\/schema\/person\/image\/\",\"url\":\"https:\/\/secure.gravatar.com\/avatar\/1f706f57779184a0d1328041226868b0?s=96&d=mm&r=g\",\"contentUrl\":\"https:\/\/secure.gravatar.com\/avatar\/1f706f57779184a0d1328041226868b0?s=96&d=mm&r=g\",\"caption\":\"Solstis\"},\"url\":\"https:\/\/blog.solstis.ch\/index.php\/author\/cgrevot\/\"}]}<\/script>\n<!-- \/ Yoast SEO plugin. -->","yoast_head_json":{"title":"Des Smart Buildings capables de g\u00e9rer nos besoins en \u00e9lectricit\u00e9 - Solstis","robots":{"index":"index","follow":"follow","max-snippet":"max-snippet:-1","max-image-preview":"max-image-preview:large","max-video-preview":"max-video-preview:-1"},"canonical":"https:\/\/blog.solstis.ch\/index.php\/fr\/2018\/02\/15\/des-smart-buildings-capables-de-gerer-nos-besoins-en-electricite\/","og_locale":"fr_FR","og_type":"article","og_title":"Des Smart Buildings capables de g\u00e9rer nos besoins en \u00e9lectricit\u00e9 - Solstis","og_description":"Des chercheurs de l\u2019EPFL ont d\u00e9velopp\u00e9 un syst\u00e8me qui collecte les donn\u00e9es li\u00e9es \u00e0 la consommation d\u2019\u00e9nergie dans les b\u00e2timents. [&hellip;]","og_url":"https:\/\/blog.solstis.ch\/index.php\/fr\/2018\/02\/15\/des-smart-buildings-capables-de-gerer-nos-besoins-en-electricite\/","og_site_name":"Solstis","article_published_time":"2018-02-15T10:41:47+00:00","og_image":[{"width":1280,"height":853,"url":"https:\/\/blog.solstis.ch\/wp-content\/uploads\/2018\/02\/skyscraper-366820_1280.jpg","type":"image\/jpeg"}],"author":"Solstis","twitter_card":"summary_large_image","twitter_misc":{"\u00c9crit par":"Solstis"},"schema":{"@context":"https:\/\/schema.org","@graph":[{"@type":"WebPage","@id":"https:\/\/blog.solstis.ch\/index.php\/fr\/2018\/02\/15\/des-smart-buildings-capables-de-gerer-nos-besoins-en-electricite\/","url":"https:\/\/blog.solstis.ch\/index.php\/fr\/2018\/02\/15\/des-smart-buildings-capables-de-gerer-nos-besoins-en-electricite\/","name":"Des Smart Buildings capables de g\u00e9rer nos besoins en \u00e9lectricit\u00e9 - Solstis","isPartOf":{"@id":"https:\/\/blog.solstis.ch\/#website"},"primaryImageOfPage":{"@id":"https:\/\/blog.solstis.ch\/index.php\/fr\/2018\/02\/15\/des-smart-buildings-capables-de-gerer-nos-besoins-en-electricite\/#primaryimage"},"image":{"@id":"https:\/\/blog.solstis.ch\/index.php\/fr\/2018\/02\/15\/des-smart-buildings-capables-de-gerer-nos-besoins-en-electricite\/#primaryimage"},"thumbnailUrl":"https:\/\/blog.solstis.ch\/wp-content\/uploads\/2018\/02\/skyscraper-366820_1280.jpg","datePublished":"2018-02-15T10:41:47+00:00","dateModified":"2018-02-15T10:41:47+00:00","author":{"@id":"https:\/\/blog.solstis.ch\/#\/schema\/person\/b556469ff22d5ec922e45dae636f8cc3"},"breadcrumb":{"@id":"https:\/\/blog.solstis.ch\/index.php\/fr\/2018\/02\/15\/des-smart-buildings-capables-de-gerer-nos-besoins-en-electricite\/#breadcrumb"},"inLanguage":"fr-FR","potentialAction":[{"@type":"ReadAction","target":["https:\/\/blog.solstis.ch\/index.php\/fr\/2018\/02\/15\/des-smart-buildings-capables-de-gerer-nos-besoins-en-electricite\/"]}]},{"@type":"ImageObject","inLanguage":"fr-FR","@id":"https:\/\/blog.solstis.ch\/index.php\/fr\/2018\/02\/15\/des-smart-buildings-capables-de-gerer-nos-besoins-en-electricite\/#primaryimage","url":"https:\/\/blog.solstis.ch\/wp-content\/uploads\/2018\/02\/skyscraper-366820_1280.jpg","contentUrl":"https:\/\/blog.solstis.ch\/wp-content\/uploads\/2018\/02\/skyscraper-366820_1280.jpg","width":1280,"height":853},{"@type":"BreadcrumbList","@id":"https:\/\/blog.solstis.ch\/index.php\/fr\/2018\/02\/15\/des-smart-buildings-capables-de-gerer-nos-besoins-en-electricite\/#breadcrumb","itemListElement":[{"@type":"ListItem","position":1,"name":"Accueil","item":"https:\/\/blog.solstis.ch\/index.php\/fr\/blog\/"},{"@type":"ListItem","position":2,"name":"Des Smart Buildings capables de g\u00e9rer nos besoins en \u00e9lectricit\u00e9"}]},{"@type":"WebSite","@id":"https:\/\/blog.solstis.ch\/#website","url":"https:\/\/blog.solstis.ch\/","name":"Solstis","description":"Solstis, donner au monde l&#039;\u00e9nergie d&#039;\u00eatre durable.","potentialAction":[{"@type":"SearchAction","target":{"@type":"EntryPoint","urlTemplate":"https:\/\/blog.solstis.ch\/?s={search_term_string}"},"query-input":{"@type":"PropertyValueSpecification","valueRequired":true,"valueName":"search_term_string"}}],"inLanguage":"fr-FR"},{"@type":"Person","@id":"https:\/\/blog.solstis.ch\/#\/schema\/person\/b556469ff22d5ec922e45dae636f8cc3","name":"Solstis","image":{"@type":"ImageObject","inLanguage":"fr-FR","@id":"https:\/\/blog.solstis.ch\/#\/schema\/person\/image\/","url":"https:\/\/secure.gravatar.com\/avatar\/1f706f57779184a0d1328041226868b0?s=96&d=mm&r=g","contentUrl":"https:\/\/secure.gravatar.com\/avatar\/1f706f57779184a0d1328041226868b0?s=96&d=mm&r=g","caption":"Solstis"},"url":"https:\/\/blog.solstis.ch\/index.php\/author\/cgrevot\/"}]}},"jetpack_sharing_enabled":true,"jetpack_featured_media_url":"https:\/\/blog.solstis.ch\/wp-content\/uploads\/2018\/02\/skyscraper-366820_1280.jpg","jetpack_shortlink":"https:\/\/wp.me\/pa0tUs-fY","_links":{"self":[{"href":"https:\/\/blog.solstis.ch\/index.php\/wp-json\/wp\/v2\/posts\/990","targetHints":{"allow":["GET"]}}],"collection":[{"href":"https:\/\/blog.solstis.ch\/index.php\/wp-json\/wp\/v2\/posts"}],"about":[{"href":"https:\/\/blog.solstis.ch\/index.php\/wp-json\/wp\/v2\/types\/post"}],"author":[{"embeddable":true,"href":"https:\/\/blog.solstis.ch\/index.php\/wp-json\/wp\/v2\/users\/3"}],"replies":[{"embeddable":true,"href":"https:\/\/blog.solstis.ch\/index.php\/wp-json\/wp\/v2\/comments?post=990"}],"version-history":[{"count":1,"href":"https:\/\/blog.solstis.ch\/index.php\/wp-json\/wp\/v2\/posts\/990\/revisions"}],"predecessor-version":[{"id":992,"href":"https:\/\/blog.solstis.ch\/index.php\/wp-json\/wp\/v2\/posts\/990\/revisions\/992"}],"wp:featuredmedia":[{"embeddable":true,"href":"https:\/\/blog.solstis.ch\/index.php\/wp-json\/wp\/v2\/media\/991"}],"wp:attachment":[{"href":"https:\/\/blog.solstis.ch\/index.php\/wp-json\/wp\/v2\/media?parent=990"}],"wp:term":[{"taxonomy":"category","embeddable":true,"href":"https:\/\/blog.solstis.ch\/index.php\/wp-json\/wp\/v2\/categories?post=990"},{"taxonomy":"post_tag","embeddable":true,"href":"https:\/\/blog.solstis.ch\/index.php\/wp-json\/wp\/v2\/tags?post=990"}],"curies":[{"name":"wp","href":"https:\/\/api.w.org\/{rel}","templated":true}]}}