{"id":987,"date":"2018-02-09T14:58:58","date_gmt":"2018-02-09T13:58:58","guid":{"rendered":"http:\/\/blog.solstis.ch\/?p=987"},"modified":"2018-09-17T12:45:12","modified_gmt":"2018-09-17T11:45:12","slug":"et-si-au-lieu-de-2-degres-de-plus-on-en-avait-2-de-moins","status":"publish","type":"post","link":"https:\/\/blog.solstis.ch\/index.php\/fr\/2018\/02\/09\/et-si-au-lieu-de-2-degres-de-plus-on-en-avait-2-de-moins\/","title":{"rendered":"Et si au lieu de 2 degr\u00e9s de plus, on en avait 2 de moins?"},"content":{"rendered":"<p><strong>La communaut\u00e9 internationale veut limiter \u00e0 2 degr\u00e9s l\u2019augmentation de la temp\u00e9rature globale. Principaux ennemis du climat, les combustibles fossiles sont pourtant la source principale de chauffage des b\u00e2timents en Suisse. Si l\u2019on r\u00e9duisait, m\u00eame un peu, la temp\u00e9rature dans les maisons, quel serait l\u2019effet sur le climat?<\/strong><\/p>\n<p><a href=\"https:\/\/www.swissinfo.ch\/fre\/economie\/climat-et-\u00e9nergie_et-si-au-lieu-de-2-degr\u00e9s-de-plus--on-en-avait-2-de-moins-\/43840280\" target=\"_blank\">Lire l&rsquo;article<\/a><br \/>\nSource : www.swissinfo.ch<\/p>\n<p>&nbsp;<\/p>\n","protected":false},"excerpt":{"rendered":"<p>La communaut\u00e9 internationale veut limiter \u00e0 2 degr\u00e9s l\u2019augmentation de la temp\u00e9rature globale. Principaux ennemis du climat, les combustibles fossiles [&hellip;]<\/p>\n","protected":false},"author":3,"featured_media":988,"comment_status":"closed","ping_status":"open","sticky":true,"template":"","format":"standard","meta":{"jetpack_post_was_ever_published":false,"_jetpack_newsletter_access":"","_jetpack_dont_email_post_to_subs":false,"_jetpack_newsletter_tier_id":0,"_jetpack_memberships_contains_paywalled_content":false,"_jetpack_memberships_contains_paid_content":false,"footnotes":"","jetpack_publicize_message":"","jetpack_publicize_feature_enabled":true,"jetpack_social_post_already_shared":false,"jetpack_social_options":{"image_generator_settings":{"template":"highway","enabled":false},"version":2}},"categories":[33],"tags":[],"class_list":["post-987","post","type-post","status-publish","format-standard","has-post-thumbnail","hentry","category-energie"],"jetpack_publicize_connections":[],"yoast_head":"<!-- This site is optimized with the Yoast SEO plugin v23.8 - https:\/\/yoast.com\/wordpress\/plugins\/seo\/ -->\n<title>Et si au lieu de 2 degr\u00e9s de plus, on en avait 2 de moins? - Solstis<\/title>\n<meta name=\"robots\" content=\"index, follow, max-snippet:-1, max-image-preview:large, max-video-preview:-1\" \/>\n<link rel=\"canonical\" href=\"https:\/\/blog.solstis.ch\/index.php\/fr\/2018\/02\/09\/et-si-au-lieu-de-2-degres-de-plus-on-en-avait-2-de-moins\/\" \/>\n<meta property=\"og:locale\" content=\"fr_FR\" \/>\n<meta property=\"og:type\" content=\"article\" \/>\n<meta property=\"og:title\" content=\"Et si au lieu de 2 degr\u00e9s de plus, on en avait 2 de moins? - Solstis\" \/>\n<meta property=\"og:description\" content=\"La communaut\u00e9 internationale veut limiter \u00e0 2 degr\u00e9s l\u2019augmentation de la temp\u00e9rature globale. Principaux ennemis du climat, les combustibles fossiles [&hellip;]\" \/>\n<meta property=\"og:url\" content=\"https:\/\/blog.solstis.ch\/index.php\/fr\/2018\/02\/09\/et-si-au-lieu-de-2-degres-de-plus-on-en-avait-2-de-moins\/\" \/>\n<meta property=\"og:site_name\" content=\"Solstis\" \/>\n<meta property=\"article:published_time\" content=\"2018-02-09T13:58:58+00:00\" \/>\n<meta property=\"article:modified_time\" content=\"2018-09-17T11:45:12+00:00\" \/>\n<meta property=\"og:image\" content=\"https:\/\/blog.solstis.ch\/wp-content\/uploads\/2018\/02\/radiator-250558_1920.jpg\" \/>\n\t<meta property=\"og:image:width\" content=\"1920\" \/>\n\t<meta property=\"og:image:height\" content=\"1275\" \/>\n\t<meta property=\"og:image:type\" content=\"image\/jpeg\" \/>\n<meta name=\"author\" content=\"Solstis\" \/>\n<meta name=\"twitter:card\" content=\"summary_large_image\" \/>\n<meta name=\"twitter:label1\" content=\"\u00c9crit par\" \/>\n\t<meta name=\"twitter:data1\" content=\"Solstis\" \/>\n<script type=\"application\/ld+json\" class=\"yoast-schema-graph\">{\"@context\":\"https:\/\/schema.org\",\"@graph\":[{\"@type\":\"WebPage\",\"@id\":\"https:\/\/blog.solstis.ch\/index.php\/fr\/2018\/02\/09\/et-si-au-lieu-de-2-degres-de-plus-on-en-avait-2-de-moins\/\",\"url\":\"https:\/\/blog.solstis.ch\/index.php\/fr\/2018\/02\/09\/et-si-au-lieu-de-2-degres-de-plus-on-en-avait-2-de-moins\/\",\"name\":\"Et si au lieu de 2 degr\u00e9s de plus, on en avait 2 de moins? - Solstis\",\"isPartOf\":{\"@id\":\"https:\/\/blog.solstis.ch\/#website\"},\"primaryImageOfPage\":{\"@id\":\"https:\/\/blog.solstis.ch\/index.php\/fr\/2018\/02\/09\/et-si-au-lieu-de-2-degres-de-plus-on-en-avait-2-de-moins\/#primaryimage\"},\"image\":{\"@id\":\"https:\/\/blog.solstis.ch\/index.php\/fr\/2018\/02\/09\/et-si-au-lieu-de-2-degres-de-plus-on-en-avait-2-de-moins\/#primaryimage\"},\"thumbnailUrl\":\"https:\/\/blog.solstis.ch\/wp-content\/uploads\/2018\/02\/radiator-250558_1920.jpg\",\"datePublished\":\"2018-02-09T13:58:58+00:00\",\"dateModified\":\"2018-09-17T11:45:12+00:00\",\"author\":{\"@id\":\"https:\/\/blog.solstis.ch\/#\/schema\/person\/b556469ff22d5ec922e45dae636f8cc3\"},\"breadcrumb\":{\"@id\":\"https:\/\/blog.solstis.ch\/index.php\/fr\/2018\/02\/09\/et-si-au-lieu-de-2-degres-de-plus-on-en-avait-2-de-moins\/#breadcrumb\"},\"inLanguage\":\"fr-FR\",\"potentialAction\":[{\"@type\":\"ReadAction\",\"target\":[\"https:\/\/blog.solstis.ch\/index.php\/fr\/2018\/02\/09\/et-si-au-lieu-de-2-degres-de-plus-on-en-avait-2-de-moins\/\"]}]},{\"@type\":\"ImageObject\",\"inLanguage\":\"fr-FR\",\"@id\":\"https:\/\/blog.solstis.ch\/index.php\/fr\/2018\/02\/09\/et-si-au-lieu-de-2-degres-de-plus-on-en-avait-2-de-moins\/#primaryimage\",\"url\":\"https:\/\/blog.solstis.ch\/wp-content\/uploads\/2018\/02\/radiator-250558_1920.jpg\",\"contentUrl\":\"https:\/\/blog.solstis.ch\/wp-content\/uploads\/2018\/02\/radiator-250558_1920.jpg\",\"width\":1920,\"height\":1275},{\"@type\":\"BreadcrumbList\",\"@id\":\"https:\/\/blog.solstis.ch\/index.php\/fr\/2018\/02\/09\/et-si-au-lieu-de-2-degres-de-plus-on-en-avait-2-de-moins\/#breadcrumb\",\"itemListElement\":[{\"@type\":\"ListItem\",\"position\":1,\"name\":\"Accueil\",\"item\":\"https:\/\/blog.solstis.ch\/index.php\/fr\/blog\/\"},{\"@type\":\"ListItem\",\"position\":2,\"name\":\"Et si au lieu de 2 degr\u00e9s de plus, on en avait 2 de moins?\"}]},{\"@type\":\"WebSite\",\"@id\":\"https:\/\/blog.solstis.ch\/#website\",\"url\":\"https:\/\/blog.solstis.ch\/\",\"name\":\"Solstis\",\"description\":\"Solstis, donner au monde l&#039;\u00e9nergie d&#039;\u00eatre durable.\",\"potentialAction\":[{\"@type\":\"SearchAction\",\"target\":{\"@type\":\"EntryPoint\",\"urlTemplate\":\"https:\/\/blog.solstis.ch\/?s={search_term_string}\"},\"query-input\":{\"@type\":\"PropertyValueSpecification\",\"valueRequired\":true,\"valueName\":\"search_term_string\"}}],\"inLanguage\":\"fr-FR\"},{\"@type\":\"Person\",\"@id\":\"https:\/\/blog.solstis.ch\/#\/schema\/person\/b556469ff22d5ec922e45dae636f8cc3\",\"name\":\"Solstis\",\"image\":{\"@type\":\"ImageObject\",\"inLanguage\":\"fr-FR\",\"@id\":\"https:\/\/blog.solstis.ch\/#\/schema\/person\/image\/\",\"url\":\"https:\/\/secure.gravatar.com\/avatar\/1f706f57779184a0d1328041226868b0?s=96&d=mm&r=g\",\"contentUrl\":\"https:\/\/secure.gravatar.com\/avatar\/1f706f57779184a0d1328041226868b0?s=96&d=mm&r=g\",\"caption\":\"Solstis\"},\"url\":\"https:\/\/blog.solstis.ch\/index.php\/author\/cgrevot\/\"}]}<\/script>\n<!-- \/ Yoast SEO plugin. -->","yoast_head_json":{"title":"Et si au lieu de 2 degr\u00e9s de plus, on en avait 2 de moins? - Solstis","robots":{"index":"index","follow":"follow","max-snippet":"max-snippet:-1","max-image-preview":"max-image-preview:large","max-video-preview":"max-video-preview:-1"},"canonical":"https:\/\/blog.solstis.ch\/index.php\/fr\/2018\/02\/09\/et-si-au-lieu-de-2-degres-de-plus-on-en-avait-2-de-moins\/","og_locale":"fr_FR","og_type":"article","og_title":"Et si au lieu de 2 degr\u00e9s de plus, on en avait 2 de moins? - Solstis","og_description":"La communaut\u00e9 internationale veut limiter \u00e0 2 degr\u00e9s l\u2019augmentation de la temp\u00e9rature globale. Principaux ennemis du climat, les combustibles fossiles [&hellip;]","og_url":"https:\/\/blog.solstis.ch\/index.php\/fr\/2018\/02\/09\/et-si-au-lieu-de-2-degres-de-plus-on-en-avait-2-de-moins\/","og_site_name":"Solstis","article_published_time":"2018-02-09T13:58:58+00:00","article_modified_time":"2018-09-17T11:45:12+00:00","og_image":[{"width":1920,"height":1275,"url":"https:\/\/blog.solstis.ch\/wp-content\/uploads\/2018\/02\/radiator-250558_1920.jpg","type":"image\/jpeg"}],"author":"Solstis","twitter_card":"summary_large_image","twitter_misc":{"\u00c9crit par":"Solstis"},"schema":{"@context":"https:\/\/schema.org","@graph":[{"@type":"WebPage","@id":"https:\/\/blog.solstis.ch\/index.php\/fr\/2018\/02\/09\/et-si-au-lieu-de-2-degres-de-plus-on-en-avait-2-de-moins\/","url":"https:\/\/blog.solstis.ch\/index.php\/fr\/2018\/02\/09\/et-si-au-lieu-de-2-degres-de-plus-on-en-avait-2-de-moins\/","name":"Et si au lieu de 2 degr\u00e9s de plus, on en avait 2 de moins? - Solstis","isPartOf":{"@id":"https:\/\/blog.solstis.ch\/#website"},"primaryImageOfPage":{"@id":"https:\/\/blog.solstis.ch\/index.php\/fr\/2018\/02\/09\/et-si-au-lieu-de-2-degres-de-plus-on-en-avait-2-de-moins\/#primaryimage"},"image":{"@id":"https:\/\/blog.solstis.ch\/index.php\/fr\/2018\/02\/09\/et-si-au-lieu-de-2-degres-de-plus-on-en-avait-2-de-moins\/#primaryimage"},"thumbnailUrl":"https:\/\/blog.solstis.ch\/wp-content\/uploads\/2018\/02\/radiator-250558_1920.jpg","datePublished":"2018-02-09T13:58:58+00:00","dateModified":"2018-09-17T11:45:12+00:00","author":{"@id":"https:\/\/blog.solstis.ch\/#\/schema\/person\/b556469ff22d5ec922e45dae636f8cc3"},"breadcrumb":{"@id":"https:\/\/blog.solstis.ch\/index.php\/fr\/2018\/02\/09\/et-si-au-lieu-de-2-degres-de-plus-on-en-avait-2-de-moins\/#breadcrumb"},"inLanguage":"fr-FR","potentialAction":[{"@type":"ReadAction","target":["https:\/\/blog.solstis.ch\/index.php\/fr\/2018\/02\/09\/et-si-au-lieu-de-2-degres-de-plus-on-en-avait-2-de-moins\/"]}]},{"@type":"ImageObject","inLanguage":"fr-FR","@id":"https:\/\/blog.solstis.ch\/index.php\/fr\/2018\/02\/09\/et-si-au-lieu-de-2-degres-de-plus-on-en-avait-2-de-moins\/#primaryimage","url":"https:\/\/blog.solstis.ch\/wp-content\/uploads\/2018\/02\/radiator-250558_1920.jpg","contentUrl":"https:\/\/blog.solstis.ch\/wp-content\/uploads\/2018\/02\/radiator-250558_1920.jpg","width":1920,"height":1275},{"@type":"BreadcrumbList","@id":"https:\/\/blog.solstis.ch\/index.php\/fr\/2018\/02\/09\/et-si-au-lieu-de-2-degres-de-plus-on-en-avait-2-de-moins\/#breadcrumb","itemListElement":[{"@type":"ListItem","position":1,"name":"Accueil","item":"https:\/\/blog.solstis.ch\/index.php\/fr\/blog\/"},{"@type":"ListItem","position":2,"name":"Et si au lieu de 2 degr\u00e9s de plus, on en avait 2 de moins?"}]},{"@type":"WebSite","@id":"https:\/\/blog.solstis.ch\/#website","url":"https:\/\/blog.solstis.ch\/","name":"Solstis","description":"Solstis, donner au monde l&#039;\u00e9nergie d&#039;\u00eatre durable.","potentialAction":[{"@type":"SearchAction","target":{"@type":"EntryPoint","urlTemplate":"https:\/\/blog.solstis.ch\/?s={search_term_string}"},"query-input":{"@type":"PropertyValueSpecification","valueRequired":true,"valueName":"search_term_string"}}],"inLanguage":"fr-FR"},{"@type":"Person","@id":"https:\/\/blog.solstis.ch\/#\/schema\/person\/b556469ff22d5ec922e45dae636f8cc3","name":"Solstis","image":{"@type":"ImageObject","inLanguage":"fr-FR","@id":"https:\/\/blog.solstis.ch\/#\/schema\/person\/image\/","url":"https:\/\/secure.gravatar.com\/avatar\/1f706f57779184a0d1328041226868b0?s=96&d=mm&r=g","contentUrl":"https:\/\/secure.gravatar.com\/avatar\/1f706f57779184a0d1328041226868b0?s=96&d=mm&r=g","caption":"Solstis"},"url":"https:\/\/blog.solstis.ch\/index.php\/author\/cgrevot\/"}]}},"jetpack_sharing_enabled":true,"jetpack_featured_media_url":"https:\/\/blog.solstis.ch\/wp-content\/uploads\/2018\/02\/radiator-250558_1920.jpg","jetpack_shortlink":"https:\/\/wp.me\/pa0tUs-fV","_links":{"self":[{"href":"https:\/\/blog.solstis.ch\/index.php\/wp-json\/wp\/v2\/posts\/987","targetHints":{"allow":["GET"]}}],"collection":[{"href":"https:\/\/blog.solstis.ch\/index.php\/wp-json\/wp\/v2\/posts"}],"about":[{"href":"https:\/\/blog.solstis.ch\/index.php\/wp-json\/wp\/v2\/types\/post"}],"author":[{"embeddable":true,"href":"https:\/\/blog.solstis.ch\/index.php\/wp-json\/wp\/v2\/users\/3"}],"replies":[{"embeddable":true,"href":"https:\/\/blog.solstis.ch\/index.php\/wp-json\/wp\/v2\/comments?post=987"}],"version-history":[{"count":1,"href":"https:\/\/blog.solstis.ch\/index.php\/wp-json\/wp\/v2\/posts\/987\/revisions"}],"predecessor-version":[{"id":989,"href":"https:\/\/blog.solstis.ch\/index.php\/wp-json\/wp\/v2\/posts\/987\/revisions\/989"}],"wp:featuredmedia":[{"embeddable":true,"href":"https:\/\/blog.solstis.ch\/index.php\/wp-json\/wp\/v2\/media\/988"}],"wp:attachment":[{"href":"https:\/\/blog.solstis.ch\/index.php\/wp-json\/wp\/v2\/media?parent=987"}],"wp:term":[{"taxonomy":"category","embeddable":true,"href":"https:\/\/blog.solstis.ch\/index.php\/wp-json\/wp\/v2\/categories?post=987"},{"taxonomy":"post_tag","embeddable":true,"href":"https:\/\/blog.solstis.ch\/index.php\/wp-json\/wp\/v2\/tags?post=987"}],"curies":[{"name":"wp","href":"https:\/\/api.w.org\/{rel}","templated":true}]}}