{"id":964,"date":"2018-01-18T15:07:17","date_gmt":"2018-01-18T14:07:17","guid":{"rendered":"http:\/\/blog.solstis.ch\/?p=964"},"modified":"2018-09-17T12:43:53","modified_gmt":"2018-09-17T11:43:53","slug":"solstis-equipe-18-batiments-dans-le-nouvel-ecoquartier-des-vergers-a-meyrin","status":"publish","type":"post","link":"https:\/\/blog.solstis.ch\/index.php\/fr\/2018\/01\/18\/solstis-equipe-18-batiments-dans-le-nouvel-ecoquartier-des-vergers-a-meyrin\/","title":{"rendered":"Solstis \u00e9quipe 18 b\u00e2timents dans le nouvel \u00e9coquartier des Vergers \u00e0 Meyrin"},"content":{"rendered":"<p>Un nouvel \u00e9coquartier est en train de voir le jour sur la commune de Meyrin GE. Ce nouveau quartier repr\u00e9sentera \u00e0 terme 1500 logements. La commune de Meyrin a \u00e9dict\u00e9 un Plan Localis\u00e9 de Quartier (PLQ) et celui-ci \u00a0se veut exemplaire en termes de d\u00e9veloppement durable\u00a0: B\u00e2timents \u00e0 Tr\u00e8s Haute Performance Energ\u00e9tique (THPE), chauffage \u00e0 distance, panneaux solaires photovolta\u00efques sur toutes les toitures, communaut\u00e9s d\u2019autoconsommateurs, mobilit\u00e9 douce favoris\u00e9e, commerces de proximit\u00e9, gestion des d\u00e9chets \u00e0 la source, etc.<\/p>\n<p>Dans ce cadre-l\u00e0, Solstis a \u00e9quip\u00e9 18 toitures plates de panneaux solaires photovolta\u00efques avec pour objectif d\u2019optimiser la production de courant solaire sur chaque toiture. Le challenge a \u00e9t\u00e9 d\u2019atteindre les objectifs de production exig\u00e9s par label THPE avec des surfaces restreintes en toitures, d\u00e9j\u00e0 bien encombr\u00e9es par les superstructures techniques.<\/p>\n<p>En outre, Solstis a mis en place, en collaboration avec la commune et les bureaux d\u2019ing\u00e9nieurs, des communaut\u00e9s d\u2019autoconsommateurs sur plusieurs b\u00e2timents notamment, des coop\u00e9ratives d\u2019habitation. Ainsi le courant solaire produit est directement consomm\u00e9 sur place par les habitants et les parties communes.<\/p>\n<p>Solstis s\u2019est adapt\u00e9e \u00e0 la nouvelle l\u00e9gislation Suisse, r\u00e9sultant de la strat\u00e9gie \u00e9nerg\u00e9tique 2050, pour mettre en place un service complet et innovant, destin\u00e9 aux r\u00e9gies, PPE, propri\u00e9taires immobiliers, promoteurs et entreprises g\u00e9n\u00e9rales. Par ce nouveau service d\u00e9di\u00e9 aux futures communaut\u00e9s d\u2019autoconsommateurs, Solstis apporte une prestation de conseils, mise en \u0153uvre de compteurs intelligents (Smartmeter), d\u00e9compte p\u00e9riodique de charges et facturation selon le mod\u00e8le au choix de l\u2019administrateur de la communaut\u00e9, comptabilisation des encaissements et prise en charge des relances. Il s\u2019agit donc d\u2019un service total, cl\u00e9 en main, pour satisfaire nos clients.<br \/>\nNos clients b\u00e9n\u00e9ficieront ainsi d\u2019un interlocuteur unique pour administrer leur communaut\u00e9 d\u2019autoconsommateurs \u00e0 moindre frais pour une gestion sans effort et une optimisation de leurs investissements.<\/p>\n<p><strong>N\u2019h\u00e9sitez pas \u00e0 nous solliciter pour vous conseiller sur cette th\u00e9matique pr\u00e9cise directement par mail \u00e0 info@solstis.ch.<\/strong><\/p>\n<p>Puissance install\u00e9e par b\u00e2timent:<\/p>\n<table width=\"204\">\n<tbody>\n<tr>\n<td width=\"67\">B\u00e2timent<\/td>\n<td width=\"137\">Puissance install\u00e9e<\/td>\n<\/tr>\n<tr>\n<td width=\"67\">B14<\/td>\n<td width=\"137\">58 kWc<\/td>\n<\/tr>\n<tr>\n<td width=\"67\">B11<\/td>\n<td width=\"137\">59 kWc<\/td>\n<\/tr>\n<tr>\n<td width=\"67\">B6<\/td>\n<td width=\"137\">61 kWc<\/td>\n<\/tr>\n<tr>\n<td width=\"67\">B10<\/td>\n<td width=\"137\">51 kWc<\/td>\n<\/tr>\n<tr>\n<td width=\"67\">B12<\/td>\n<td width=\"137\">66 kWc<\/td>\n<\/tr>\n<tr>\n<td width=\"67\">A21<\/td>\n<td width=\"137\">33 kWc<\/td>\n<\/tr>\n<tr>\n<td width=\"67\">A26<\/td>\n<td width=\"137\">26 kWc<\/td>\n<\/tr>\n<tr>\n<td width=\"67\">C2<\/td>\n<td width=\"137\">190 kWc<\/td>\n<\/tr>\n<tr>\n<td width=\"67\">C3<\/td>\n<td width=\"137\">37 kWc<\/td>\n<\/tr>\n<tr>\n<td width=\"67\">A24<\/td>\n<td width=\"137\">45 kWc<\/td>\n<\/tr>\n<tr>\n<td width=\"67\">A25<\/td>\n<td width=\"137\">45 kWc<\/td>\n<\/tr>\n<tr>\n<td width=\"67\">A28<\/td>\n<td width=\"137\">32 kWc<\/td>\n<\/tr>\n<tr>\n<td width=\"67\">A15<\/td>\n<td width=\"137\">51 kWc<\/td>\n<\/tr>\n<tr>\n<td width=\"67\">B1<\/td>\n<td width=\"137\">75 kWc<\/td>\n<\/tr>\n<tr>\n<td width=\"67\">B3<\/td>\n<td width=\"137\">47 kWc<\/td>\n<\/tr>\n<tr>\n<td width=\"67\">B5<\/td>\n<td width=\"137\">68 kWc<\/td>\n<\/tr>\n<tr>\n<td width=\"67\">A22<\/td>\n<td width=\"137\">57 kWc<\/td>\n<\/tr>\n<tr>\n<td width=\"67\">B2<\/td>\n<td width=\"137\">42 kWc<\/td>\n<\/tr>\n<\/tbody>\n<\/table>\n<p>Puissance totale install\u00e9e sur les 18 b\u00e2timents\u00a0: 1043 kWc<\/p>\n<p class=\"p1\">\n","protected":false},"excerpt":{"rendered":"<p>Un nouvel \u00e9coquartier est en train de voir le jour sur la commune de Meyrin GE. Ce nouveau quartier repr\u00e9sentera [&hellip;]<\/p>\n","protected":false},"author":3,"featured_media":967,"comment_status":"closed","ping_status":"open","sticky":true,"template":"","format":"standard","meta":{"jetpack_post_was_ever_published":false,"_jetpack_newsletter_access":"","_jetpack_dont_email_post_to_subs":false,"_jetpack_newsletter_tier_id":0,"_jetpack_memberships_contains_paywalled_content":false,"_jetpack_memberships_contains_paid_content":false,"footnotes":"","jetpack_publicize_message":"","jetpack_publicize_feature_enabled":true,"jetpack_social_post_already_shared":false,"jetpack_social_options":{"image_generator_settings":{"template":"highway","enabled":false},"version":2}},"categories":[224],"tags":[],"class_list":["post-964","post","type-post","status-publish","format-standard","has-post-thumbnail","hentry","category-solstis"],"jetpack_publicize_connections":[],"yoast_head":"<!-- This site is optimized with the Yoast SEO plugin v23.8 - https:\/\/yoast.com\/wordpress\/plugins\/seo\/ -->\n<title>Solstis \u00e9quipe 18 b\u00e2timents dans le nouvel \u00e9coquartier des Vergers \u00e0 Meyrin - Solstis<\/title>\n<meta name=\"robots\" content=\"index, follow, max-snippet:-1, max-image-preview:large, max-video-preview:-1\" \/>\n<link rel=\"canonical\" href=\"https:\/\/blog.solstis.ch\/index.php\/fr\/2018\/01\/18\/solstis-equipe-18-batiments-dans-le-nouvel-ecoquartier-des-vergers-a-meyrin\/\" \/>\n<meta property=\"og:locale\" content=\"fr_FR\" \/>\n<meta property=\"og:type\" content=\"article\" \/>\n<meta property=\"og:title\" content=\"Solstis \u00e9quipe 18 b\u00e2timents dans le nouvel \u00e9coquartier des Vergers \u00e0 Meyrin - Solstis\" \/>\n<meta property=\"og:description\" content=\"Un nouvel \u00e9coquartier est en train de voir le jour sur la commune de Meyrin GE. Ce nouveau quartier repr\u00e9sentera [&hellip;]\" \/>\n<meta property=\"og:url\" content=\"https:\/\/blog.solstis.ch\/index.php\/fr\/2018\/01\/18\/solstis-equipe-18-batiments-dans-le-nouvel-ecoquartier-des-vergers-a-meyrin\/\" \/>\n<meta property=\"og:site_name\" content=\"Solstis\" \/>\n<meta property=\"article:published_time\" content=\"2018-01-18T14:07:17+00:00\" \/>\n<meta property=\"article:modified_time\" content=\"2018-09-17T11:43:53+00:00\" \/>\n<meta property=\"og:image\" content=\"https:\/\/blog.solstis.ch\/wp-content\/uploads\/2018\/01\/DJI_0071-1024x768.jpg\" \/>\n\t<meta property=\"og:image:width\" content=\"1024\" \/>\n\t<meta property=\"og:image:height\" content=\"768\" \/>\n\t<meta property=\"og:image:type\" content=\"image\/jpeg\" \/>\n<meta name=\"author\" content=\"Solstis\" \/>\n<meta name=\"twitter:card\" content=\"summary_large_image\" \/>\n<meta name=\"twitter:label1\" content=\"\u00c9crit par\" \/>\n\t<meta name=\"twitter:data1\" content=\"Solstis\" \/>\n\t<meta name=\"twitter:label2\" content=\"Dur\u00e9e de lecture estim\u00e9e\" \/>\n\t<meta name=\"twitter:data2\" content=\"2 minutes\" \/>\n<script type=\"application\/ld+json\" class=\"yoast-schema-graph\">{\"@context\":\"https:\/\/schema.org\",\"@graph\":[{\"@type\":\"WebPage\",\"@id\":\"https:\/\/blog.solstis.ch\/index.php\/fr\/2018\/01\/18\/solstis-equipe-18-batiments-dans-le-nouvel-ecoquartier-des-vergers-a-meyrin\/\",\"url\":\"https:\/\/blog.solstis.ch\/index.php\/fr\/2018\/01\/18\/solstis-equipe-18-batiments-dans-le-nouvel-ecoquartier-des-vergers-a-meyrin\/\",\"name\":\"Solstis \u00e9quipe 18 b\u00e2timents dans le nouvel \u00e9coquartier des Vergers \u00e0 Meyrin - Solstis\",\"isPartOf\":{\"@id\":\"https:\/\/blog.solstis.ch\/#website\"},\"primaryImageOfPage\":{\"@id\":\"https:\/\/blog.solstis.ch\/index.php\/fr\/2018\/01\/18\/solstis-equipe-18-batiments-dans-le-nouvel-ecoquartier-des-vergers-a-meyrin\/#primaryimage\"},\"image\":{\"@id\":\"https:\/\/blog.solstis.ch\/index.php\/fr\/2018\/01\/18\/solstis-equipe-18-batiments-dans-le-nouvel-ecoquartier-des-vergers-a-meyrin\/#primaryimage\"},\"thumbnailUrl\":\"https:\/\/blog.solstis.ch\/wp-content\/uploads\/2018\/01\/DJI_0071.jpg\",\"datePublished\":\"2018-01-18T14:07:17+00:00\",\"dateModified\":\"2018-09-17T11:43:53+00:00\",\"author\":{\"@id\":\"https:\/\/blog.solstis.ch\/#\/schema\/person\/b556469ff22d5ec922e45dae636f8cc3\"},\"breadcrumb\":{\"@id\":\"https:\/\/blog.solstis.ch\/index.php\/fr\/2018\/01\/18\/solstis-equipe-18-batiments-dans-le-nouvel-ecoquartier-des-vergers-a-meyrin\/#breadcrumb\"},\"inLanguage\":\"fr-FR\",\"potentialAction\":[{\"@type\":\"ReadAction\",\"target\":[\"https:\/\/blog.solstis.ch\/index.php\/fr\/2018\/01\/18\/solstis-equipe-18-batiments-dans-le-nouvel-ecoquartier-des-vergers-a-meyrin\/\"]}]},{\"@type\":\"ImageObject\",\"inLanguage\":\"fr-FR\",\"@id\":\"https:\/\/blog.solstis.ch\/index.php\/fr\/2018\/01\/18\/solstis-equipe-18-batiments-dans-le-nouvel-ecoquartier-des-vergers-a-meyrin\/#primaryimage\",\"url\":\"https:\/\/blog.solstis.ch\/wp-content\/uploads\/2018\/01\/DJI_0071.jpg\",\"contentUrl\":\"https:\/\/blog.solstis.ch\/wp-content\/uploads\/2018\/01\/DJI_0071.jpg\",\"width\":3968,\"height\":2976,\"caption\":\"DCIM\/100MEDIA\/DJI_0071.JPG\"},{\"@type\":\"BreadcrumbList\",\"@id\":\"https:\/\/blog.solstis.ch\/index.php\/fr\/2018\/01\/18\/solstis-equipe-18-batiments-dans-le-nouvel-ecoquartier-des-vergers-a-meyrin\/#breadcrumb\",\"itemListElement\":[{\"@type\":\"ListItem\",\"position\":1,\"name\":\"Accueil\",\"item\":\"https:\/\/blog.solstis.ch\/index.php\/fr\/blog\/\"},{\"@type\":\"ListItem\",\"position\":2,\"name\":\"Solstis \u00e9quipe 18 b\u00e2timents dans le nouvel \u00e9coquartier des Vergers \u00e0 Meyrin\"}]},{\"@type\":\"WebSite\",\"@id\":\"https:\/\/blog.solstis.ch\/#website\",\"url\":\"https:\/\/blog.solstis.ch\/\",\"name\":\"Solstis\",\"description\":\"Solstis, donner au monde l&#039;\u00e9nergie d&#039;\u00eatre durable.\",\"potentialAction\":[{\"@type\":\"SearchAction\",\"target\":{\"@type\":\"EntryPoint\",\"urlTemplate\":\"https:\/\/blog.solstis.ch\/?s={search_term_string}\"},\"query-input\":{\"@type\":\"PropertyValueSpecification\",\"valueRequired\":true,\"valueName\":\"search_term_string\"}}],\"inLanguage\":\"fr-FR\"},{\"@type\":\"Person\",\"@id\":\"https:\/\/blog.solstis.ch\/#\/schema\/person\/b556469ff22d5ec922e45dae636f8cc3\",\"name\":\"Solstis\",\"image\":{\"@type\":\"ImageObject\",\"inLanguage\":\"fr-FR\",\"@id\":\"https:\/\/blog.solstis.ch\/#\/schema\/person\/image\/\",\"url\":\"https:\/\/secure.gravatar.com\/avatar\/1f706f57779184a0d1328041226868b0?s=96&d=mm&r=g\",\"contentUrl\":\"https:\/\/secure.gravatar.com\/avatar\/1f706f57779184a0d1328041226868b0?s=96&d=mm&r=g\",\"caption\":\"Solstis\"},\"url\":\"https:\/\/blog.solstis.ch\/index.php\/author\/cgrevot\/\"}]}<\/script>\n<!-- \/ Yoast SEO plugin. -->","yoast_head_json":{"title":"Solstis \u00e9quipe 18 b\u00e2timents dans le nouvel \u00e9coquartier des Vergers \u00e0 Meyrin - Solstis","robots":{"index":"index","follow":"follow","max-snippet":"max-snippet:-1","max-image-preview":"max-image-preview:large","max-video-preview":"max-video-preview:-1"},"canonical":"https:\/\/blog.solstis.ch\/index.php\/fr\/2018\/01\/18\/solstis-equipe-18-batiments-dans-le-nouvel-ecoquartier-des-vergers-a-meyrin\/","og_locale":"fr_FR","og_type":"article","og_title":"Solstis \u00e9quipe 18 b\u00e2timents dans le nouvel \u00e9coquartier des Vergers \u00e0 Meyrin - Solstis","og_description":"Un nouvel \u00e9coquartier est en train de voir le jour sur la commune de Meyrin GE. Ce nouveau quartier repr\u00e9sentera [&hellip;]","og_url":"https:\/\/blog.solstis.ch\/index.php\/fr\/2018\/01\/18\/solstis-equipe-18-batiments-dans-le-nouvel-ecoquartier-des-vergers-a-meyrin\/","og_site_name":"Solstis","article_published_time":"2018-01-18T14:07:17+00:00","article_modified_time":"2018-09-17T11:43:53+00:00","og_image":[{"width":1024,"height":768,"url":"https:\/\/blog.solstis.ch\/wp-content\/uploads\/2018\/01\/DJI_0071-1024x768.jpg","type":"image\/jpeg"}],"author":"Solstis","twitter_card":"summary_large_image","twitter_misc":{"\u00c9crit par":"Solstis","Dur\u00e9e de lecture estim\u00e9e":"2 minutes"},"schema":{"@context":"https:\/\/schema.org","@graph":[{"@type":"WebPage","@id":"https:\/\/blog.solstis.ch\/index.php\/fr\/2018\/01\/18\/solstis-equipe-18-batiments-dans-le-nouvel-ecoquartier-des-vergers-a-meyrin\/","url":"https:\/\/blog.solstis.ch\/index.php\/fr\/2018\/01\/18\/solstis-equipe-18-batiments-dans-le-nouvel-ecoquartier-des-vergers-a-meyrin\/","name":"Solstis \u00e9quipe 18 b\u00e2timents dans le nouvel \u00e9coquartier des Vergers \u00e0 Meyrin - Solstis","isPartOf":{"@id":"https:\/\/blog.solstis.ch\/#website"},"primaryImageOfPage":{"@id":"https:\/\/blog.solstis.ch\/index.php\/fr\/2018\/01\/18\/solstis-equipe-18-batiments-dans-le-nouvel-ecoquartier-des-vergers-a-meyrin\/#primaryimage"},"image":{"@id":"https:\/\/blog.solstis.ch\/index.php\/fr\/2018\/01\/18\/solstis-equipe-18-batiments-dans-le-nouvel-ecoquartier-des-vergers-a-meyrin\/#primaryimage"},"thumbnailUrl":"https:\/\/blog.solstis.ch\/wp-content\/uploads\/2018\/01\/DJI_0071.jpg","datePublished":"2018-01-18T14:07:17+00:00","dateModified":"2018-09-17T11:43:53+00:00","author":{"@id":"https:\/\/blog.solstis.ch\/#\/schema\/person\/b556469ff22d5ec922e45dae636f8cc3"},"breadcrumb":{"@id":"https:\/\/blog.solstis.ch\/index.php\/fr\/2018\/01\/18\/solstis-equipe-18-batiments-dans-le-nouvel-ecoquartier-des-vergers-a-meyrin\/#breadcrumb"},"inLanguage":"fr-FR","potentialAction":[{"@type":"ReadAction","target":["https:\/\/blog.solstis.ch\/index.php\/fr\/2018\/01\/18\/solstis-equipe-18-batiments-dans-le-nouvel-ecoquartier-des-vergers-a-meyrin\/"]}]},{"@type":"ImageObject","inLanguage":"fr-FR","@id":"https:\/\/blog.solstis.ch\/index.php\/fr\/2018\/01\/18\/solstis-equipe-18-batiments-dans-le-nouvel-ecoquartier-des-vergers-a-meyrin\/#primaryimage","url":"https:\/\/blog.solstis.ch\/wp-content\/uploads\/2018\/01\/DJI_0071.jpg","contentUrl":"https:\/\/blog.solstis.ch\/wp-content\/uploads\/2018\/01\/DJI_0071.jpg","width":3968,"height":2976,"caption":"DCIM\/100MEDIA\/DJI_0071.JPG"},{"@type":"BreadcrumbList","@id":"https:\/\/blog.solstis.ch\/index.php\/fr\/2018\/01\/18\/solstis-equipe-18-batiments-dans-le-nouvel-ecoquartier-des-vergers-a-meyrin\/#breadcrumb","itemListElement":[{"@type":"ListItem","position":1,"name":"Accueil","item":"https:\/\/blog.solstis.ch\/index.php\/fr\/blog\/"},{"@type":"ListItem","position":2,"name":"Solstis \u00e9quipe 18 b\u00e2timents dans le nouvel \u00e9coquartier des Vergers \u00e0 Meyrin"}]},{"@type":"WebSite","@id":"https:\/\/blog.solstis.ch\/#website","url":"https:\/\/blog.solstis.ch\/","name":"Solstis","description":"Solstis, donner au monde l&#039;\u00e9nergie d&#039;\u00eatre durable.","potentialAction":[{"@type":"SearchAction","target":{"@type":"EntryPoint","urlTemplate":"https:\/\/blog.solstis.ch\/?s={search_term_string}"},"query-input":{"@type":"PropertyValueSpecification","valueRequired":true,"valueName":"search_term_string"}}],"inLanguage":"fr-FR"},{"@type":"Person","@id":"https:\/\/blog.solstis.ch\/#\/schema\/person\/b556469ff22d5ec922e45dae636f8cc3","name":"Solstis","image":{"@type":"ImageObject","inLanguage":"fr-FR","@id":"https:\/\/blog.solstis.ch\/#\/schema\/person\/image\/","url":"https:\/\/secure.gravatar.com\/avatar\/1f706f57779184a0d1328041226868b0?s=96&d=mm&r=g","contentUrl":"https:\/\/secure.gravatar.com\/avatar\/1f706f57779184a0d1328041226868b0?s=96&d=mm&r=g","caption":"Solstis"},"url":"https:\/\/blog.solstis.ch\/index.php\/author\/cgrevot\/"}]}},"jetpack_sharing_enabled":true,"jetpack_featured_media_url":"https:\/\/blog.solstis.ch\/wp-content\/uploads\/2018\/01\/DJI_0071.jpg","jetpack_shortlink":"https:\/\/wp.me\/pa0tUs-fy","_links":{"self":[{"href":"https:\/\/blog.solstis.ch\/index.php\/wp-json\/wp\/v2\/posts\/964","targetHints":{"allow":["GET"]}}],"collection":[{"href":"https:\/\/blog.solstis.ch\/index.php\/wp-json\/wp\/v2\/posts"}],"about":[{"href":"https:\/\/blog.solstis.ch\/index.php\/wp-json\/wp\/v2\/types\/post"}],"author":[{"embeddable":true,"href":"https:\/\/blog.solstis.ch\/index.php\/wp-json\/wp\/v2\/users\/3"}],"replies":[{"embeddable":true,"href":"https:\/\/blog.solstis.ch\/index.php\/wp-json\/wp\/v2\/comments?post=964"}],"version-history":[{"count":9,"href":"https:\/\/blog.solstis.ch\/index.php\/wp-json\/wp\/v2\/posts\/964\/revisions"}],"predecessor-version":[{"id":981,"href":"https:\/\/blog.solstis.ch\/index.php\/wp-json\/wp\/v2\/posts\/964\/revisions\/981"}],"wp:featuredmedia":[{"embeddable":true,"href":"https:\/\/blog.solstis.ch\/index.php\/wp-json\/wp\/v2\/media\/967"}],"wp:attachment":[{"href":"https:\/\/blog.solstis.ch\/index.php\/wp-json\/wp\/v2\/media?parent=964"}],"wp:term":[{"taxonomy":"category","embeddable":true,"href":"https:\/\/blog.solstis.ch\/index.php\/wp-json\/wp\/v2\/categories?post=964"},{"taxonomy":"post_tag","embeddable":true,"href":"https:\/\/blog.solstis.ch\/index.php\/wp-json\/wp\/v2\/tags?post=964"}],"curies":[{"name":"wp","href":"https:\/\/api.w.org\/{rel}","templated":true}]}}