{"id":957,"date":"2018-01-16T17:39:37","date_gmt":"2018-01-16T16:39:37","guid":{"rendered":"http:\/\/blog.solstis.ch\/?p=957"},"modified":"2018-09-17T12:44:00","modified_gmt":"2018-09-17T11:44:00","slug":"le-marche-de-lenergie-solaire-fait-du-surplace","status":"publish","type":"post","link":"https:\/\/blog.solstis.ch\/index.php\/fr\/2018\/01\/16\/le-marche-de-lenergie-solaire-fait-du-surplace\/","title":{"rendered":"Le march\u00e9 de l&rsquo;\u00e9nergie solaire fait du surplace"},"content":{"rendered":"<p><strong>Le photovolta\u00efque a stagn\u00e9 l&rsquo;an dernier sur le territoire helv\u00e9tique, alors qu&rsquo;il a poursuivi sa progression au niveau mondial.<\/strong><\/p>\n<p>Le march\u00e9 de l&rsquo;\u00e9nergie solaire a fait du surplace en Suisse, selon les premiers calculs publi\u00e9s vendredi par Swissolar, l&rsquo;association des professionnels de l&rsquo;\u00e9nergie solaire. La puissance nouvellement install\u00e9e devrait se situer en 2017 vers 250-270 m\u00e9gawatts (MW). La part du courant solaire augmente ainsi d&rsquo;un demi-pourcent \u00e0 environ 3%.<\/p>\n<p><a href=\"https:\/\/www.24heures.ch\/economie\/marche-energie-solaire-surplace\/story\/25128343\" target=\"_blank\">Lire l&rsquo;article<\/a><br \/>\nSource :\u00a0www.24heures.ch<\/p>\n","protected":false},"excerpt":{"rendered":"<p>Le photovolta\u00efque a stagn\u00e9 l&rsquo;an dernier sur le territoire helv\u00e9tique, alors qu&rsquo;il a poursuivi sa progression au niveau mondial. Le [&hellip;]<\/p>\n","protected":false},"author":3,"featured_media":958,"comment_status":"closed","ping_status":"open","sticky":true,"template":"","format":"standard","meta":{"jetpack_post_was_ever_published":false,"_jetpack_newsletter_access":"","_jetpack_dont_email_post_to_subs":false,"_jetpack_newsletter_tier_id":0,"_jetpack_memberships_contains_paywalled_content":false,"_jetpack_memberships_contains_paid_content":false,"footnotes":"","jetpack_publicize_message":"","jetpack_publicize_feature_enabled":true,"jetpack_social_post_already_shared":false,"jetpack_social_options":{"image_generator_settings":{"template":"highway","enabled":false},"version":2}},"categories":[115],"tags":[],"class_list":["post-957","post","type-post","status-publish","format-standard","has-post-thumbnail","hentry","category-actualite"],"jetpack_publicize_connections":[],"yoast_head":"<!-- This site is optimized with the Yoast SEO plugin v23.8 - https:\/\/yoast.com\/wordpress\/plugins\/seo\/ -->\n<title>Le march\u00e9 de l&#039;\u00e9nergie solaire fait du surplace - Solstis<\/title>\n<meta name=\"robots\" content=\"index, follow, max-snippet:-1, max-image-preview:large, max-video-preview:-1\" \/>\n<link rel=\"canonical\" href=\"https:\/\/blog.solstis.ch\/index.php\/fr\/2018\/01\/16\/le-marche-de-lenergie-solaire-fait-du-surplace\/\" \/>\n<meta property=\"og:locale\" content=\"fr_FR\" \/>\n<meta property=\"og:type\" content=\"article\" \/>\n<meta property=\"og:title\" content=\"Le march\u00e9 de l&#039;\u00e9nergie solaire fait du surplace - Solstis\" \/>\n<meta property=\"og:description\" content=\"Le photovolta\u00efque a stagn\u00e9 l&rsquo;an dernier sur le territoire helv\u00e9tique, alors qu&rsquo;il a poursuivi sa progression au niveau mondial. Le [&hellip;]\" \/>\n<meta property=\"og:url\" content=\"https:\/\/blog.solstis.ch\/index.php\/fr\/2018\/01\/16\/le-marche-de-lenergie-solaire-fait-du-surplace\/\" \/>\n<meta property=\"og:site_name\" content=\"Solstis\" \/>\n<meta property=\"article:published_time\" content=\"2018-01-16T16:39:37+00:00\" \/>\n<meta property=\"article:modified_time\" content=\"2018-09-17T11:44:00+00:00\" \/>\n<meta property=\"og:image\" content=\"https:\/\/blog.solstis.ch\/wp-content\/uploads\/2018\/01\/solar-panel-array-1591350_1280.jpg\" \/>\n\t<meta property=\"og:image:width\" content=\"1280\" \/>\n\t<meta property=\"og:image:height\" content=\"720\" \/>\n\t<meta property=\"og:image:type\" content=\"image\/jpeg\" \/>\n<meta name=\"author\" content=\"Solstis\" \/>\n<meta name=\"twitter:card\" content=\"summary_large_image\" \/>\n<meta name=\"twitter:label1\" content=\"\u00c9crit par\" \/>\n\t<meta name=\"twitter:data1\" content=\"Solstis\" \/>\n<script type=\"application\/ld+json\" class=\"yoast-schema-graph\">{\"@context\":\"https:\/\/schema.org\",\"@graph\":[{\"@type\":\"WebPage\",\"@id\":\"https:\/\/blog.solstis.ch\/index.php\/fr\/2018\/01\/16\/le-marche-de-lenergie-solaire-fait-du-surplace\/\",\"url\":\"https:\/\/blog.solstis.ch\/index.php\/fr\/2018\/01\/16\/le-marche-de-lenergie-solaire-fait-du-surplace\/\",\"name\":\"Le march\u00e9 de l'\u00e9nergie solaire fait du surplace - Solstis\",\"isPartOf\":{\"@id\":\"https:\/\/blog.solstis.ch\/#website\"},\"primaryImageOfPage\":{\"@id\":\"https:\/\/blog.solstis.ch\/index.php\/fr\/2018\/01\/16\/le-marche-de-lenergie-solaire-fait-du-surplace\/#primaryimage\"},\"image\":{\"@id\":\"https:\/\/blog.solstis.ch\/index.php\/fr\/2018\/01\/16\/le-marche-de-lenergie-solaire-fait-du-surplace\/#primaryimage\"},\"thumbnailUrl\":\"https:\/\/blog.solstis.ch\/wp-content\/uploads\/2018\/01\/solar-panel-array-1591350_1280.jpg\",\"datePublished\":\"2018-01-16T16:39:37+00:00\",\"dateModified\":\"2018-09-17T11:44:00+00:00\",\"author\":{\"@id\":\"https:\/\/blog.solstis.ch\/#\/schema\/person\/b556469ff22d5ec922e45dae636f8cc3\"},\"breadcrumb\":{\"@id\":\"https:\/\/blog.solstis.ch\/index.php\/fr\/2018\/01\/16\/le-marche-de-lenergie-solaire-fait-du-surplace\/#breadcrumb\"},\"inLanguage\":\"fr-FR\",\"potentialAction\":[{\"@type\":\"ReadAction\",\"target\":[\"https:\/\/blog.solstis.ch\/index.php\/fr\/2018\/01\/16\/le-marche-de-lenergie-solaire-fait-du-surplace\/\"]}]},{\"@type\":\"ImageObject\",\"inLanguage\":\"fr-FR\",\"@id\":\"https:\/\/blog.solstis.ch\/index.php\/fr\/2018\/01\/16\/le-marche-de-lenergie-solaire-fait-du-surplace\/#primaryimage\",\"url\":\"https:\/\/blog.solstis.ch\/wp-content\/uploads\/2018\/01\/solar-panel-array-1591350_1280.jpg\",\"contentUrl\":\"https:\/\/blog.solstis.ch\/wp-content\/uploads\/2018\/01\/solar-panel-array-1591350_1280.jpg\",\"width\":1280,\"height\":720},{\"@type\":\"BreadcrumbList\",\"@id\":\"https:\/\/blog.solstis.ch\/index.php\/fr\/2018\/01\/16\/le-marche-de-lenergie-solaire-fait-du-surplace\/#breadcrumb\",\"itemListElement\":[{\"@type\":\"ListItem\",\"position\":1,\"name\":\"Accueil\",\"item\":\"https:\/\/blog.solstis.ch\/index.php\/fr\/blog\/\"},{\"@type\":\"ListItem\",\"position\":2,\"name\":\"Le march\u00e9 de l&rsquo;\u00e9nergie solaire fait du surplace\"}]},{\"@type\":\"WebSite\",\"@id\":\"https:\/\/blog.solstis.ch\/#website\",\"url\":\"https:\/\/blog.solstis.ch\/\",\"name\":\"Solstis\",\"description\":\"Solstis, donner au monde l&#039;\u00e9nergie d&#039;\u00eatre durable.\",\"potentialAction\":[{\"@type\":\"SearchAction\",\"target\":{\"@type\":\"EntryPoint\",\"urlTemplate\":\"https:\/\/blog.solstis.ch\/?s={search_term_string}\"},\"query-input\":{\"@type\":\"PropertyValueSpecification\",\"valueRequired\":true,\"valueName\":\"search_term_string\"}}],\"inLanguage\":\"fr-FR\"},{\"@type\":\"Person\",\"@id\":\"https:\/\/blog.solstis.ch\/#\/schema\/person\/b556469ff22d5ec922e45dae636f8cc3\",\"name\":\"Solstis\",\"image\":{\"@type\":\"ImageObject\",\"inLanguage\":\"fr-FR\",\"@id\":\"https:\/\/blog.solstis.ch\/#\/schema\/person\/image\/\",\"url\":\"https:\/\/secure.gravatar.com\/avatar\/1f706f57779184a0d1328041226868b0?s=96&d=mm&r=g\",\"contentUrl\":\"https:\/\/secure.gravatar.com\/avatar\/1f706f57779184a0d1328041226868b0?s=96&d=mm&r=g\",\"caption\":\"Solstis\"},\"url\":\"https:\/\/blog.solstis.ch\/index.php\/author\/cgrevot\/\"}]}<\/script>\n<!-- \/ Yoast SEO plugin. -->","yoast_head_json":{"title":"Le march\u00e9 de l'\u00e9nergie solaire fait du surplace - Solstis","robots":{"index":"index","follow":"follow","max-snippet":"max-snippet:-1","max-image-preview":"max-image-preview:large","max-video-preview":"max-video-preview:-1"},"canonical":"https:\/\/blog.solstis.ch\/index.php\/fr\/2018\/01\/16\/le-marche-de-lenergie-solaire-fait-du-surplace\/","og_locale":"fr_FR","og_type":"article","og_title":"Le march\u00e9 de l'\u00e9nergie solaire fait du surplace - Solstis","og_description":"Le photovolta\u00efque a stagn\u00e9 l&rsquo;an dernier sur le territoire helv\u00e9tique, alors qu&rsquo;il a poursuivi sa progression au niveau mondial. Le [&hellip;]","og_url":"https:\/\/blog.solstis.ch\/index.php\/fr\/2018\/01\/16\/le-marche-de-lenergie-solaire-fait-du-surplace\/","og_site_name":"Solstis","article_published_time":"2018-01-16T16:39:37+00:00","article_modified_time":"2018-09-17T11:44:00+00:00","og_image":[{"width":1280,"height":720,"url":"https:\/\/blog.solstis.ch\/wp-content\/uploads\/2018\/01\/solar-panel-array-1591350_1280.jpg","type":"image\/jpeg"}],"author":"Solstis","twitter_card":"summary_large_image","twitter_misc":{"\u00c9crit par":"Solstis"},"schema":{"@context":"https:\/\/schema.org","@graph":[{"@type":"WebPage","@id":"https:\/\/blog.solstis.ch\/index.php\/fr\/2018\/01\/16\/le-marche-de-lenergie-solaire-fait-du-surplace\/","url":"https:\/\/blog.solstis.ch\/index.php\/fr\/2018\/01\/16\/le-marche-de-lenergie-solaire-fait-du-surplace\/","name":"Le march\u00e9 de l'\u00e9nergie solaire fait du surplace - Solstis","isPartOf":{"@id":"https:\/\/blog.solstis.ch\/#website"},"primaryImageOfPage":{"@id":"https:\/\/blog.solstis.ch\/index.php\/fr\/2018\/01\/16\/le-marche-de-lenergie-solaire-fait-du-surplace\/#primaryimage"},"image":{"@id":"https:\/\/blog.solstis.ch\/index.php\/fr\/2018\/01\/16\/le-marche-de-lenergie-solaire-fait-du-surplace\/#primaryimage"},"thumbnailUrl":"https:\/\/blog.solstis.ch\/wp-content\/uploads\/2018\/01\/solar-panel-array-1591350_1280.jpg","datePublished":"2018-01-16T16:39:37+00:00","dateModified":"2018-09-17T11:44:00+00:00","author":{"@id":"https:\/\/blog.solstis.ch\/#\/schema\/person\/b556469ff22d5ec922e45dae636f8cc3"},"breadcrumb":{"@id":"https:\/\/blog.solstis.ch\/index.php\/fr\/2018\/01\/16\/le-marche-de-lenergie-solaire-fait-du-surplace\/#breadcrumb"},"inLanguage":"fr-FR","potentialAction":[{"@type":"ReadAction","target":["https:\/\/blog.solstis.ch\/index.php\/fr\/2018\/01\/16\/le-marche-de-lenergie-solaire-fait-du-surplace\/"]}]},{"@type":"ImageObject","inLanguage":"fr-FR","@id":"https:\/\/blog.solstis.ch\/index.php\/fr\/2018\/01\/16\/le-marche-de-lenergie-solaire-fait-du-surplace\/#primaryimage","url":"https:\/\/blog.solstis.ch\/wp-content\/uploads\/2018\/01\/solar-panel-array-1591350_1280.jpg","contentUrl":"https:\/\/blog.solstis.ch\/wp-content\/uploads\/2018\/01\/solar-panel-array-1591350_1280.jpg","width":1280,"height":720},{"@type":"BreadcrumbList","@id":"https:\/\/blog.solstis.ch\/index.php\/fr\/2018\/01\/16\/le-marche-de-lenergie-solaire-fait-du-surplace\/#breadcrumb","itemListElement":[{"@type":"ListItem","position":1,"name":"Accueil","item":"https:\/\/blog.solstis.ch\/index.php\/fr\/blog\/"},{"@type":"ListItem","position":2,"name":"Le march\u00e9 de l&rsquo;\u00e9nergie solaire fait du surplace"}]},{"@type":"WebSite","@id":"https:\/\/blog.solstis.ch\/#website","url":"https:\/\/blog.solstis.ch\/","name":"Solstis","description":"Solstis, donner au monde l&#039;\u00e9nergie d&#039;\u00eatre durable.","potentialAction":[{"@type":"SearchAction","target":{"@type":"EntryPoint","urlTemplate":"https:\/\/blog.solstis.ch\/?s={search_term_string}"},"query-input":{"@type":"PropertyValueSpecification","valueRequired":true,"valueName":"search_term_string"}}],"inLanguage":"fr-FR"},{"@type":"Person","@id":"https:\/\/blog.solstis.ch\/#\/schema\/person\/b556469ff22d5ec922e45dae636f8cc3","name":"Solstis","image":{"@type":"ImageObject","inLanguage":"fr-FR","@id":"https:\/\/blog.solstis.ch\/#\/schema\/person\/image\/","url":"https:\/\/secure.gravatar.com\/avatar\/1f706f57779184a0d1328041226868b0?s=96&d=mm&r=g","contentUrl":"https:\/\/secure.gravatar.com\/avatar\/1f706f57779184a0d1328041226868b0?s=96&d=mm&r=g","caption":"Solstis"},"url":"https:\/\/blog.solstis.ch\/index.php\/author\/cgrevot\/"}]}},"jetpack_sharing_enabled":true,"jetpack_featured_media_url":"https:\/\/blog.solstis.ch\/wp-content\/uploads\/2018\/01\/solar-panel-array-1591350_1280.jpg","jetpack_shortlink":"https:\/\/wp.me\/pa0tUs-fr","_links":{"self":[{"href":"https:\/\/blog.solstis.ch\/index.php\/wp-json\/wp\/v2\/posts\/957","targetHints":{"allow":["GET"]}}],"collection":[{"href":"https:\/\/blog.solstis.ch\/index.php\/wp-json\/wp\/v2\/posts"}],"about":[{"href":"https:\/\/blog.solstis.ch\/index.php\/wp-json\/wp\/v2\/types\/post"}],"author":[{"embeddable":true,"href":"https:\/\/blog.solstis.ch\/index.php\/wp-json\/wp\/v2\/users\/3"}],"replies":[{"embeddable":true,"href":"https:\/\/blog.solstis.ch\/index.php\/wp-json\/wp\/v2\/comments?post=957"}],"version-history":[{"count":1,"href":"https:\/\/blog.solstis.ch\/index.php\/wp-json\/wp\/v2\/posts\/957\/revisions"}],"predecessor-version":[{"id":959,"href":"https:\/\/blog.solstis.ch\/index.php\/wp-json\/wp\/v2\/posts\/957\/revisions\/959"}],"wp:featuredmedia":[{"embeddable":true,"href":"https:\/\/blog.solstis.ch\/index.php\/wp-json\/wp\/v2\/media\/958"}],"wp:attachment":[{"href":"https:\/\/blog.solstis.ch\/index.php\/wp-json\/wp\/v2\/media?parent=957"}],"wp:term":[{"taxonomy":"category","embeddable":true,"href":"https:\/\/blog.solstis.ch\/index.php\/wp-json\/wp\/v2\/categories?post=957"},{"taxonomy":"post_tag","embeddable":true,"href":"https:\/\/blog.solstis.ch\/index.php\/wp-json\/wp\/v2\/tags?post=957"}],"curies":[{"name":"wp","href":"https:\/\/api.w.org\/{rel}","templated":true}]}}