{"id":94,"date":"2015-10-30T10:17:13","date_gmt":"2015-10-30T09:17:13","guid":{"rendered":"http:\/\/blog.solstis.ch\/?p=94"},"modified":"2016-01-20T15:49:31","modified_gmt":"2016-01-20T14:49:31","slug":"voici-un-nouvel-essor-pour-la-ville-de-geneve","status":"publish","type":"post","link":"https:\/\/blog.solstis.ch\/index.php\/fr\/2015\/10\/30\/voici-un-nouvel-essor-pour-la-ville-de-geneve\/","title":{"rendered":"Les Services industriels de Lausanne s&rsquo;associent \u00e0 Solstis"},"content":{"rendered":"<p><strong>Solstis et les Services industriels de Lausanne s\u2019associent pour mettre en \u0153uvre un nouveau programme d\u2019\u00e9nergie solaire destin\u00e9 aux particuliers.<\/strong><\/p>\n<p>La volont\u00e9 de la ville de Lausanne d\u2019instaurer une politique favorable \u00e0 l\u2019extension des \u00e9nergies durables ne se d\u00e9ment pas. Solstis et les SiL viennent de conclure un partenariat afin de lancer un plan de d\u00e9veloppement des installations photovolta\u00efques en faveur des propri\u00e9taires lausannois. Un programme assurant aux particuliers un conseil adapt\u00e9 \u00e0 leur bien immobilier, une offre r\u00e9pondant \u00e0 leurs besoins ainsi qu\u2019\u00e0 leurs moyens, et la prise en charge des diff\u00e9rentes d\u00e9marches administratives, dont rend compte le communiqu\u00e9 du 13 octobre 2015 de la Ville de Lausanne.<\/p>\n<p>Pour lire le communiqu\u00e9, cliquer <a href=\"http:\/\/www.lausanne.ch\/agenda-actualites\/actualites-municipales.html?id_decision=34940\">ICI<\/a><\/p>\n<p>Pour en savoir plus :\u00a0<a href=\"http:\/\/www.lausanne.ch\/solaire\" target=\"_blank\">http:\/\/www.lausanne.ch\/solaire<\/a><\/p>\n<p>Jacques Bonvin, directeur associ\u00e9 de Solstis<\/p>\n<p>T\u00e9l. 021 620 03 52 &#8211; www.solstis.ch<\/p>\n","protected":false},"excerpt":{"rendered":"<p>Solstis et les Services industriels de Lausanne s\u2019associent pour mettre en \u0153uvre un nouveau programme d\u2019\u00e9nergie solaire destin\u00e9 aux particuliers. [&hellip;]<\/p>\n","protected":false},"author":1,"featured_media":308,"comment_status":"open","ping_status":"open","sticky":false,"template":"","format":"standard","meta":{"jetpack_post_was_ever_published":false,"_jetpack_newsletter_access":"","_jetpack_dont_email_post_to_subs":false,"_jetpack_newsletter_tier_id":0,"_jetpack_memberships_contains_paywalled_content":false,"_jetpack_memberships_contains_paid_content":false,"footnotes":"","jetpack_publicize_message":"","jetpack_publicize_feature_enabled":true,"jetpack_social_post_already_shared":false,"jetpack_social_options":{"image_generator_settings":{"template":"highway","enabled":false},"version":2}},"categories":[115],"tags":[149,145,147],"class_list":["post-94","post","type-post","status-publish","format-standard","has-post-thumbnail","hentry","category-actualite","tag-energies-durables","tag-lausanne","tag-services-industriels"],"jetpack_publicize_connections":[],"yoast_head":"<!-- This site is optimized with the Yoast SEO plugin v23.8 - https:\/\/yoast.com\/wordpress\/plugins\/seo\/ -->\n<title>Les Services industriels de Lausanne s&#039;associent \u00e0 Solstis - Solstis<\/title>\n<meta name=\"description\" content=\"Solstis et les Services industriels de Lausanne s\u2019associent pour mettre en \u0153uvre un nouveau programme d\u2019\u00e9nergie solaire destin\u00e9 aux particuliers.\" \/>\n<meta name=\"robots\" content=\"index, follow, max-snippet:-1, max-image-preview:large, max-video-preview:-1\" \/>\n<link rel=\"canonical\" href=\"https:\/\/blog.solstis.ch\/index.php\/fr\/2015\/10\/30\/voici-un-nouvel-essor-pour-la-ville-de-geneve\/\" \/>\n<meta property=\"og:locale\" content=\"fr_FR\" \/>\n<meta property=\"og:type\" content=\"article\" \/>\n<meta property=\"og:title\" content=\"Les Services industriels de Lausanne s&#039;associent \u00e0 Solstis - Solstis\" \/>\n<meta property=\"og:description\" content=\"Solstis et les Services industriels de Lausanne s\u2019associent pour mettre en \u0153uvre un nouveau programme d\u2019\u00e9nergie solaire destin\u00e9 aux particuliers.\" \/>\n<meta property=\"og:url\" content=\"https:\/\/blog.solstis.ch\/index.php\/fr\/2015\/10\/30\/voici-un-nouvel-essor-pour-la-ville-de-geneve\/\" \/>\n<meta property=\"og:site_name\" content=\"Solstis\" \/>\n<meta property=\"article:published_time\" content=\"2015-10-30T09:17:13+00:00\" \/>\n<meta property=\"article:modified_time\" content=\"2016-01-20T14:49:31+00:00\" \/>\n<meta property=\"og:image\" content=\"https:\/\/blog.solstis.ch\/wp-content\/uploads\/2015\/10\/SIL.jpg\" \/>\n\t<meta property=\"og:image:width\" content=\"1024\" \/>\n\t<meta property=\"og:image:height\" content=\"652\" \/>\n\t<meta property=\"og:image:type\" content=\"image\/jpeg\" \/>\n<meta name=\"author\" content=\"admin\" \/>\n<meta name=\"twitter:card\" content=\"summary_large_image\" \/>\n<meta name=\"twitter:label1\" content=\"\u00c9crit par\" \/>\n\t<meta name=\"twitter:data1\" content=\"admin\" \/>\n\t<meta name=\"twitter:label2\" content=\"Dur\u00e9e de lecture estim\u00e9e\" \/>\n\t<meta name=\"twitter:data2\" content=\"1 minute\" \/>\n<script type=\"application\/ld+json\" class=\"yoast-schema-graph\">{\"@context\":\"https:\/\/schema.org\",\"@graph\":[{\"@type\":\"WebPage\",\"@id\":\"https:\/\/blog.solstis.ch\/index.php\/fr\/2015\/10\/30\/voici-un-nouvel-essor-pour-la-ville-de-geneve\/\",\"url\":\"https:\/\/blog.solstis.ch\/index.php\/fr\/2015\/10\/30\/voici-un-nouvel-essor-pour-la-ville-de-geneve\/\",\"name\":\"Les Services industriels de Lausanne s'associent \u00e0 Solstis - Solstis\",\"isPartOf\":{\"@id\":\"https:\/\/blog.solstis.ch\/#website\"},\"primaryImageOfPage\":{\"@id\":\"https:\/\/blog.solstis.ch\/index.php\/fr\/2015\/10\/30\/voici-un-nouvel-essor-pour-la-ville-de-geneve\/#primaryimage\"},\"image\":{\"@id\":\"https:\/\/blog.solstis.ch\/index.php\/fr\/2015\/10\/30\/voici-un-nouvel-essor-pour-la-ville-de-geneve\/#primaryimage\"},\"thumbnailUrl\":\"https:\/\/blog.solstis.ch\/wp-content\/uploads\/2015\/10\/SIL.jpg\",\"datePublished\":\"2015-10-30T09:17:13+00:00\",\"dateModified\":\"2016-01-20T14:49:31+00:00\",\"author\":{\"@id\":\"https:\/\/blog.solstis.ch\/#\/schema\/person\/5a9f5ef0a66b3e68c712ab62eeb4a1f9\"},\"description\":\"Solstis et les Services industriels de Lausanne s\u2019associent pour mettre en \u0153uvre un nouveau programme d\u2019\u00e9nergie solaire destin\u00e9 aux particuliers.\",\"breadcrumb\":{\"@id\":\"https:\/\/blog.solstis.ch\/index.php\/fr\/2015\/10\/30\/voici-un-nouvel-essor-pour-la-ville-de-geneve\/#breadcrumb\"},\"inLanguage\":\"fr-FR\",\"potentialAction\":[{\"@type\":\"ReadAction\",\"target\":[\"https:\/\/blog.solstis.ch\/index.php\/fr\/2015\/10\/30\/voici-un-nouvel-essor-pour-la-ville-de-geneve\/\"]}]},{\"@type\":\"ImageObject\",\"inLanguage\":\"fr-FR\",\"@id\":\"https:\/\/blog.solstis.ch\/index.php\/fr\/2015\/10\/30\/voici-un-nouvel-essor-pour-la-ville-de-geneve\/#primaryimage\",\"url\":\"https:\/\/blog.solstis.ch\/wp-content\/uploads\/2015\/10\/SIL.jpg\",\"contentUrl\":\"https:\/\/blog.solstis.ch\/wp-content\/uploads\/2015\/10\/SIL.jpg\",\"width\":1024,\"height\":652,\"caption\":\"SIL Lausanne\"},{\"@type\":\"BreadcrumbList\",\"@id\":\"https:\/\/blog.solstis.ch\/index.php\/fr\/2015\/10\/30\/voici-un-nouvel-essor-pour-la-ville-de-geneve\/#breadcrumb\",\"itemListElement\":[{\"@type\":\"ListItem\",\"position\":1,\"name\":\"Accueil\",\"item\":\"https:\/\/blog.solstis.ch\/index.php\/fr\/blog\/\"},{\"@type\":\"ListItem\",\"position\":2,\"name\":\"Les Services industriels de Lausanne s&rsquo;associent \u00e0 Solstis\"}]},{\"@type\":\"WebSite\",\"@id\":\"https:\/\/blog.solstis.ch\/#website\",\"url\":\"https:\/\/blog.solstis.ch\/\",\"name\":\"Solstis\",\"description\":\"Solstis, donner au monde l&#039;\u00e9nergie d&#039;\u00eatre durable.\",\"potentialAction\":[{\"@type\":\"SearchAction\",\"target\":{\"@type\":\"EntryPoint\",\"urlTemplate\":\"https:\/\/blog.solstis.ch\/?s={search_term_string}\"},\"query-input\":{\"@type\":\"PropertyValueSpecification\",\"valueRequired\":true,\"valueName\":\"search_term_string\"}}],\"inLanguage\":\"fr-FR\"},{\"@type\":\"Person\",\"@id\":\"https:\/\/blog.solstis.ch\/#\/schema\/person\/5a9f5ef0a66b3e68c712ab62eeb4a1f9\",\"name\":\"admin\",\"image\":{\"@type\":\"ImageObject\",\"inLanguage\":\"fr-FR\",\"@id\":\"https:\/\/blog.solstis.ch\/#\/schema\/person\/image\/\",\"url\":\"https:\/\/secure.gravatar.com\/avatar\/8ba8fd08281e45cafc408887276f0396?s=96&d=mm&r=g\",\"contentUrl\":\"https:\/\/secure.gravatar.com\/avatar\/8ba8fd08281e45cafc408887276f0396?s=96&d=mm&r=g\",\"caption\":\"admin\"},\"url\":\"https:\/\/blog.solstis.ch\/index.php\/author\/admin\/\"}]}<\/script>\n<!-- \/ Yoast SEO plugin. -->","yoast_head_json":{"title":"Les Services industriels de Lausanne s'associent \u00e0 Solstis - Solstis","description":"Solstis et les Services industriels de Lausanne s\u2019associent pour mettre en \u0153uvre un nouveau programme d\u2019\u00e9nergie solaire destin\u00e9 aux particuliers.","robots":{"index":"index","follow":"follow","max-snippet":"max-snippet:-1","max-image-preview":"max-image-preview:large","max-video-preview":"max-video-preview:-1"},"canonical":"https:\/\/blog.solstis.ch\/index.php\/fr\/2015\/10\/30\/voici-un-nouvel-essor-pour-la-ville-de-geneve\/","og_locale":"fr_FR","og_type":"article","og_title":"Les Services industriels de Lausanne s'associent \u00e0 Solstis - Solstis","og_description":"Solstis et les Services industriels de Lausanne s\u2019associent pour mettre en \u0153uvre un nouveau programme d\u2019\u00e9nergie solaire destin\u00e9 aux particuliers.","og_url":"https:\/\/blog.solstis.ch\/index.php\/fr\/2015\/10\/30\/voici-un-nouvel-essor-pour-la-ville-de-geneve\/","og_site_name":"Solstis","article_published_time":"2015-10-30T09:17:13+00:00","article_modified_time":"2016-01-20T14:49:31+00:00","og_image":[{"width":1024,"height":652,"url":"https:\/\/blog.solstis.ch\/wp-content\/uploads\/2015\/10\/SIL.jpg","type":"image\/jpeg"}],"author":"admin","twitter_card":"summary_large_image","twitter_misc":{"\u00c9crit par":"admin","Dur\u00e9e de lecture estim\u00e9e":"1 minute"},"schema":{"@context":"https:\/\/schema.org","@graph":[{"@type":"WebPage","@id":"https:\/\/blog.solstis.ch\/index.php\/fr\/2015\/10\/30\/voici-un-nouvel-essor-pour-la-ville-de-geneve\/","url":"https:\/\/blog.solstis.ch\/index.php\/fr\/2015\/10\/30\/voici-un-nouvel-essor-pour-la-ville-de-geneve\/","name":"Les Services industriels de Lausanne s'associent \u00e0 Solstis - Solstis","isPartOf":{"@id":"https:\/\/blog.solstis.ch\/#website"},"primaryImageOfPage":{"@id":"https:\/\/blog.solstis.ch\/index.php\/fr\/2015\/10\/30\/voici-un-nouvel-essor-pour-la-ville-de-geneve\/#primaryimage"},"image":{"@id":"https:\/\/blog.solstis.ch\/index.php\/fr\/2015\/10\/30\/voici-un-nouvel-essor-pour-la-ville-de-geneve\/#primaryimage"},"thumbnailUrl":"https:\/\/blog.solstis.ch\/wp-content\/uploads\/2015\/10\/SIL.jpg","datePublished":"2015-10-30T09:17:13+00:00","dateModified":"2016-01-20T14:49:31+00:00","author":{"@id":"https:\/\/blog.solstis.ch\/#\/schema\/person\/5a9f5ef0a66b3e68c712ab62eeb4a1f9"},"description":"Solstis et les Services industriels de Lausanne s\u2019associent pour mettre en \u0153uvre un nouveau programme d\u2019\u00e9nergie solaire destin\u00e9 aux particuliers.","breadcrumb":{"@id":"https:\/\/blog.solstis.ch\/index.php\/fr\/2015\/10\/30\/voici-un-nouvel-essor-pour-la-ville-de-geneve\/#breadcrumb"},"inLanguage":"fr-FR","potentialAction":[{"@type":"ReadAction","target":["https:\/\/blog.solstis.ch\/index.php\/fr\/2015\/10\/30\/voici-un-nouvel-essor-pour-la-ville-de-geneve\/"]}]},{"@type":"ImageObject","inLanguage":"fr-FR","@id":"https:\/\/blog.solstis.ch\/index.php\/fr\/2015\/10\/30\/voici-un-nouvel-essor-pour-la-ville-de-geneve\/#primaryimage","url":"https:\/\/blog.solstis.ch\/wp-content\/uploads\/2015\/10\/SIL.jpg","contentUrl":"https:\/\/blog.solstis.ch\/wp-content\/uploads\/2015\/10\/SIL.jpg","width":1024,"height":652,"caption":"SIL Lausanne"},{"@type":"BreadcrumbList","@id":"https:\/\/blog.solstis.ch\/index.php\/fr\/2015\/10\/30\/voici-un-nouvel-essor-pour-la-ville-de-geneve\/#breadcrumb","itemListElement":[{"@type":"ListItem","position":1,"name":"Accueil","item":"https:\/\/blog.solstis.ch\/index.php\/fr\/blog\/"},{"@type":"ListItem","position":2,"name":"Les Services industriels de Lausanne s&rsquo;associent \u00e0 Solstis"}]},{"@type":"WebSite","@id":"https:\/\/blog.solstis.ch\/#website","url":"https:\/\/blog.solstis.ch\/","name":"Solstis","description":"Solstis, donner au monde l&#039;\u00e9nergie d&#039;\u00eatre durable.","potentialAction":[{"@type":"SearchAction","target":{"@type":"EntryPoint","urlTemplate":"https:\/\/blog.solstis.ch\/?s={search_term_string}"},"query-input":{"@type":"PropertyValueSpecification","valueRequired":true,"valueName":"search_term_string"}}],"inLanguage":"fr-FR"},{"@type":"Person","@id":"https:\/\/blog.solstis.ch\/#\/schema\/person\/5a9f5ef0a66b3e68c712ab62eeb4a1f9","name":"admin","image":{"@type":"ImageObject","inLanguage":"fr-FR","@id":"https:\/\/blog.solstis.ch\/#\/schema\/person\/image\/","url":"https:\/\/secure.gravatar.com\/avatar\/8ba8fd08281e45cafc408887276f0396?s=96&d=mm&r=g","contentUrl":"https:\/\/secure.gravatar.com\/avatar\/8ba8fd08281e45cafc408887276f0396?s=96&d=mm&r=g","caption":"admin"},"url":"https:\/\/blog.solstis.ch\/index.php\/author\/admin\/"}]}},"jetpack_sharing_enabled":true,"jetpack_featured_media_url":"https:\/\/blog.solstis.ch\/wp-content\/uploads\/2015\/10\/SIL.jpg","jetpack_shortlink":"https:\/\/wp.me\/pa0tUs-1w","_links":{"self":[{"href":"https:\/\/blog.solstis.ch\/index.php\/wp-json\/wp\/v2\/posts\/94","targetHints":{"allow":["GET"]}}],"collection":[{"href":"https:\/\/blog.solstis.ch\/index.php\/wp-json\/wp\/v2\/posts"}],"about":[{"href":"https:\/\/blog.solstis.ch\/index.php\/wp-json\/wp\/v2\/types\/post"}],"author":[{"embeddable":true,"href":"https:\/\/blog.solstis.ch\/index.php\/wp-json\/wp\/v2\/users\/1"}],"replies":[{"embeddable":true,"href":"https:\/\/blog.solstis.ch\/index.php\/wp-json\/wp\/v2\/comments?post=94"}],"version-history":[{"count":7,"href":"https:\/\/blog.solstis.ch\/index.php\/wp-json\/wp\/v2\/posts\/94\/revisions"}],"predecessor-version":[{"id":350,"href":"https:\/\/blog.solstis.ch\/index.php\/wp-json\/wp\/v2\/posts\/94\/revisions\/350"}],"wp:featuredmedia":[{"embeddable":true,"href":"https:\/\/blog.solstis.ch\/index.php\/wp-json\/wp\/v2\/media\/308"}],"wp:attachment":[{"href":"https:\/\/blog.solstis.ch\/index.php\/wp-json\/wp\/v2\/media?parent=94"}],"wp:term":[{"taxonomy":"category","embeddable":true,"href":"https:\/\/blog.solstis.ch\/index.php\/wp-json\/wp\/v2\/categories?post=94"},{"taxonomy":"post_tag","embeddable":true,"href":"https:\/\/blog.solstis.ch\/index.php\/wp-json\/wp\/v2\/tags?post=94"}],"curies":[{"name":"wp","href":"https:\/\/api.w.org\/{rel}","templated":true}]}}