{"id":938,"date":"2017-11-11T13:35:10","date_gmt":"2017-11-11T12:35:10","guid":{"rendered":"http:\/\/blog.solstis.ch\/?p=938"},"modified":"2018-09-17T12:44:37","modified_gmt":"2018-09-17T11:44:37","slug":"une-grande-centrale-solaire-verra-le-jour-sur-les-toits-de-geneve-aeroport","status":"publish","type":"post","link":"https:\/\/blog.solstis.ch\/index.php\/fr\/2017\/11\/11\/une-grande-centrale-solaire-verra-le-jour-sur-les-toits-de-geneve-aeroport\/","title":{"rendered":"Une grande centrale solaire verra le jour sur les toits de Gen\u00e8ve-A\u00e9roport"},"content":{"rendered":"<p>L&rsquo;A\u00e9roport de Gen\u00e8ve s&rsquo;allie avec les Services industriels de Gen\u00e8ve pour d\u00e9velopper massivement la production d&rsquo;\u00e9nergie solaire. Pr\u00e8s de 55&rsquo;000 m2 de toiture seront couverts de panneaux photovolta\u00efques.<\/p>\n<p><a href=\"https:\/\/www.rts.ch\/info\/regions\/geneve\/8994044-une-grande-centrale-solaire-verra-le-jour-sur-les-toits-de-geneve-aeroport.html\" target=\"_blank\" rel=\"noopener\">Lire l&rsquo;article<\/a><br \/>\nSource :\u00a0www.rts.ch<\/p>\n","protected":false},"excerpt":{"rendered":"<p>L&rsquo;A\u00e9roport de Gen\u00e8ve s&rsquo;allie avec les Services industriels de Gen\u00e8ve pour d\u00e9velopper massivement la production d&rsquo;\u00e9nergie solaire. Pr\u00e8s de 55&rsquo;000 [&hellip;]<\/p>\n","protected":false},"author":3,"featured_media":939,"comment_status":"closed","ping_status":"open","sticky":true,"template":"","format":"standard","meta":{"jetpack_post_was_ever_published":false,"_jetpack_newsletter_access":"","_jetpack_dont_email_post_to_subs":false,"_jetpack_newsletter_tier_id":0,"_jetpack_memberships_contains_paywalled_content":false,"_jetpack_memberships_contains_paid_content":false,"footnotes":"","jetpack_publicize_message":"","jetpack_publicize_feature_enabled":true,"jetpack_social_post_already_shared":false,"jetpack_social_options":{"image_generator_settings":{"template":"highway","enabled":false},"version":2}},"categories":[115],"tags":[],"class_list":["post-938","post","type-post","status-publish","format-standard","has-post-thumbnail","hentry","category-actualite"],"jetpack_publicize_connections":[],"yoast_head":"<!-- This site is optimized with the Yoast SEO plugin v23.8 - https:\/\/yoast.com\/wordpress\/plugins\/seo\/ -->\n<title>Une grande centrale solaire verra le jour sur les toits de Gen\u00e8ve-A\u00e9roport - Solstis<\/title>\n<meta name=\"robots\" content=\"index, follow, max-snippet:-1, max-image-preview:large, max-video-preview:-1\" \/>\n<link rel=\"canonical\" href=\"https:\/\/blog.solstis.ch\/index.php\/fr\/2017\/11\/11\/une-grande-centrale-solaire-verra-le-jour-sur-les-toits-de-geneve-aeroport\/\" \/>\n<meta property=\"og:locale\" content=\"fr_FR\" \/>\n<meta property=\"og:type\" content=\"article\" \/>\n<meta property=\"og:title\" content=\"Une grande centrale solaire verra le jour sur les toits de Gen\u00e8ve-A\u00e9roport - Solstis\" \/>\n<meta property=\"og:description\" content=\"L&rsquo;A\u00e9roport de Gen\u00e8ve s&rsquo;allie avec les Services industriels de Gen\u00e8ve pour d\u00e9velopper massivement la production d&rsquo;\u00e9nergie solaire. Pr\u00e8s de 55&rsquo;000 [&hellip;]\" \/>\n<meta property=\"og:url\" content=\"https:\/\/blog.solstis.ch\/index.php\/fr\/2017\/11\/11\/une-grande-centrale-solaire-verra-le-jour-sur-les-toits-de-geneve-aeroport\/\" \/>\n<meta property=\"og:site_name\" content=\"Solstis\" \/>\n<meta property=\"article:published_time\" content=\"2017-11-11T12:35:10+00:00\" \/>\n<meta property=\"article:modified_time\" content=\"2018-09-17T11:44:37+00:00\" \/>\n<meta property=\"og:image\" content=\"https:\/\/blog.solstis.ch\/wp-content\/uploads\/2017\/11\/matthew-smith-5937.jpg\" \/>\n\t<meta property=\"og:image:width\" content=\"1200\" \/>\n\t<meta property=\"og:image:height\" content=\"761\" \/>\n\t<meta property=\"og:image:type\" content=\"image\/jpeg\" \/>\n<meta name=\"author\" content=\"Solstis\" \/>\n<meta name=\"twitter:card\" content=\"summary_large_image\" \/>\n<meta name=\"twitter:label1\" content=\"\u00c9crit par\" \/>\n\t<meta name=\"twitter:data1\" content=\"Solstis\" \/>\n<script type=\"application\/ld+json\" class=\"yoast-schema-graph\">{\"@context\":\"https:\/\/schema.org\",\"@graph\":[{\"@type\":\"WebPage\",\"@id\":\"https:\/\/blog.solstis.ch\/index.php\/fr\/2017\/11\/11\/une-grande-centrale-solaire-verra-le-jour-sur-les-toits-de-geneve-aeroport\/\",\"url\":\"https:\/\/blog.solstis.ch\/index.php\/fr\/2017\/11\/11\/une-grande-centrale-solaire-verra-le-jour-sur-les-toits-de-geneve-aeroport\/\",\"name\":\"Une grande centrale solaire verra le jour sur les toits de Gen\u00e8ve-A\u00e9roport - Solstis\",\"isPartOf\":{\"@id\":\"https:\/\/blog.solstis.ch\/#website\"},\"primaryImageOfPage\":{\"@id\":\"https:\/\/blog.solstis.ch\/index.php\/fr\/2017\/11\/11\/une-grande-centrale-solaire-verra-le-jour-sur-les-toits-de-geneve-aeroport\/#primaryimage\"},\"image\":{\"@id\":\"https:\/\/blog.solstis.ch\/index.php\/fr\/2017\/11\/11\/une-grande-centrale-solaire-verra-le-jour-sur-les-toits-de-geneve-aeroport\/#primaryimage\"},\"thumbnailUrl\":\"https:\/\/blog.solstis.ch\/wp-content\/uploads\/2017\/11\/matthew-smith-5937.jpg\",\"datePublished\":\"2017-11-11T12:35:10+00:00\",\"dateModified\":\"2018-09-17T11:44:37+00:00\",\"author\":{\"@id\":\"https:\/\/blog.solstis.ch\/#\/schema\/person\/b556469ff22d5ec922e45dae636f8cc3\"},\"breadcrumb\":{\"@id\":\"https:\/\/blog.solstis.ch\/index.php\/fr\/2017\/11\/11\/une-grande-centrale-solaire-verra-le-jour-sur-les-toits-de-geneve-aeroport\/#breadcrumb\"},\"inLanguage\":\"fr-FR\",\"potentialAction\":[{\"@type\":\"ReadAction\",\"target\":[\"https:\/\/blog.solstis.ch\/index.php\/fr\/2017\/11\/11\/une-grande-centrale-solaire-verra-le-jour-sur-les-toits-de-geneve-aeroport\/\"]}]},{\"@type\":\"ImageObject\",\"inLanguage\":\"fr-FR\",\"@id\":\"https:\/\/blog.solstis.ch\/index.php\/fr\/2017\/11\/11\/une-grande-centrale-solaire-verra-le-jour-sur-les-toits-de-geneve-aeroport\/#primaryimage\",\"url\":\"https:\/\/blog.solstis.ch\/wp-content\/uploads\/2017\/11\/matthew-smith-5937.jpg\",\"contentUrl\":\"https:\/\/blog.solstis.ch\/wp-content\/uploads\/2017\/11\/matthew-smith-5937.jpg\",\"width\":1200,\"height\":761},{\"@type\":\"BreadcrumbList\",\"@id\":\"https:\/\/blog.solstis.ch\/index.php\/fr\/2017\/11\/11\/une-grande-centrale-solaire-verra-le-jour-sur-les-toits-de-geneve-aeroport\/#breadcrumb\",\"itemListElement\":[{\"@type\":\"ListItem\",\"position\":1,\"name\":\"Accueil\",\"item\":\"https:\/\/blog.solstis.ch\/index.php\/fr\/blog\/\"},{\"@type\":\"ListItem\",\"position\":2,\"name\":\"Une grande centrale solaire verra le jour sur les toits de Gen\u00e8ve-A\u00e9roport\"}]},{\"@type\":\"WebSite\",\"@id\":\"https:\/\/blog.solstis.ch\/#website\",\"url\":\"https:\/\/blog.solstis.ch\/\",\"name\":\"Solstis\",\"description\":\"Solstis, donner au monde l&#039;\u00e9nergie d&#039;\u00eatre durable.\",\"potentialAction\":[{\"@type\":\"SearchAction\",\"target\":{\"@type\":\"EntryPoint\",\"urlTemplate\":\"https:\/\/blog.solstis.ch\/?s={search_term_string}\"},\"query-input\":{\"@type\":\"PropertyValueSpecification\",\"valueRequired\":true,\"valueName\":\"search_term_string\"}}],\"inLanguage\":\"fr-FR\"},{\"@type\":\"Person\",\"@id\":\"https:\/\/blog.solstis.ch\/#\/schema\/person\/b556469ff22d5ec922e45dae636f8cc3\",\"name\":\"Solstis\",\"image\":{\"@type\":\"ImageObject\",\"inLanguage\":\"fr-FR\",\"@id\":\"https:\/\/blog.solstis.ch\/#\/schema\/person\/image\/\",\"url\":\"https:\/\/secure.gravatar.com\/avatar\/1f706f57779184a0d1328041226868b0?s=96&d=mm&r=g\",\"contentUrl\":\"https:\/\/secure.gravatar.com\/avatar\/1f706f57779184a0d1328041226868b0?s=96&d=mm&r=g\",\"caption\":\"Solstis\"},\"url\":\"https:\/\/blog.solstis.ch\/index.php\/author\/cgrevot\/\"}]}<\/script>\n<!-- \/ Yoast SEO plugin. -->","yoast_head_json":{"title":"Une grande centrale solaire verra le jour sur les toits de Gen\u00e8ve-A\u00e9roport - Solstis","robots":{"index":"index","follow":"follow","max-snippet":"max-snippet:-1","max-image-preview":"max-image-preview:large","max-video-preview":"max-video-preview:-1"},"canonical":"https:\/\/blog.solstis.ch\/index.php\/fr\/2017\/11\/11\/une-grande-centrale-solaire-verra-le-jour-sur-les-toits-de-geneve-aeroport\/","og_locale":"fr_FR","og_type":"article","og_title":"Une grande centrale solaire verra le jour sur les toits de Gen\u00e8ve-A\u00e9roport - Solstis","og_description":"L&rsquo;A\u00e9roport de Gen\u00e8ve s&rsquo;allie avec les Services industriels de Gen\u00e8ve pour d\u00e9velopper massivement la production d&rsquo;\u00e9nergie solaire. Pr\u00e8s de 55&rsquo;000 [&hellip;]","og_url":"https:\/\/blog.solstis.ch\/index.php\/fr\/2017\/11\/11\/une-grande-centrale-solaire-verra-le-jour-sur-les-toits-de-geneve-aeroport\/","og_site_name":"Solstis","article_published_time":"2017-11-11T12:35:10+00:00","article_modified_time":"2018-09-17T11:44:37+00:00","og_image":[{"width":1200,"height":761,"url":"https:\/\/blog.solstis.ch\/wp-content\/uploads\/2017\/11\/matthew-smith-5937.jpg","type":"image\/jpeg"}],"author":"Solstis","twitter_card":"summary_large_image","twitter_misc":{"\u00c9crit par":"Solstis"},"schema":{"@context":"https:\/\/schema.org","@graph":[{"@type":"WebPage","@id":"https:\/\/blog.solstis.ch\/index.php\/fr\/2017\/11\/11\/une-grande-centrale-solaire-verra-le-jour-sur-les-toits-de-geneve-aeroport\/","url":"https:\/\/blog.solstis.ch\/index.php\/fr\/2017\/11\/11\/une-grande-centrale-solaire-verra-le-jour-sur-les-toits-de-geneve-aeroport\/","name":"Une grande centrale solaire verra le jour sur les toits de Gen\u00e8ve-A\u00e9roport - Solstis","isPartOf":{"@id":"https:\/\/blog.solstis.ch\/#website"},"primaryImageOfPage":{"@id":"https:\/\/blog.solstis.ch\/index.php\/fr\/2017\/11\/11\/une-grande-centrale-solaire-verra-le-jour-sur-les-toits-de-geneve-aeroport\/#primaryimage"},"image":{"@id":"https:\/\/blog.solstis.ch\/index.php\/fr\/2017\/11\/11\/une-grande-centrale-solaire-verra-le-jour-sur-les-toits-de-geneve-aeroport\/#primaryimage"},"thumbnailUrl":"https:\/\/blog.solstis.ch\/wp-content\/uploads\/2017\/11\/matthew-smith-5937.jpg","datePublished":"2017-11-11T12:35:10+00:00","dateModified":"2018-09-17T11:44:37+00:00","author":{"@id":"https:\/\/blog.solstis.ch\/#\/schema\/person\/b556469ff22d5ec922e45dae636f8cc3"},"breadcrumb":{"@id":"https:\/\/blog.solstis.ch\/index.php\/fr\/2017\/11\/11\/une-grande-centrale-solaire-verra-le-jour-sur-les-toits-de-geneve-aeroport\/#breadcrumb"},"inLanguage":"fr-FR","potentialAction":[{"@type":"ReadAction","target":["https:\/\/blog.solstis.ch\/index.php\/fr\/2017\/11\/11\/une-grande-centrale-solaire-verra-le-jour-sur-les-toits-de-geneve-aeroport\/"]}]},{"@type":"ImageObject","inLanguage":"fr-FR","@id":"https:\/\/blog.solstis.ch\/index.php\/fr\/2017\/11\/11\/une-grande-centrale-solaire-verra-le-jour-sur-les-toits-de-geneve-aeroport\/#primaryimage","url":"https:\/\/blog.solstis.ch\/wp-content\/uploads\/2017\/11\/matthew-smith-5937.jpg","contentUrl":"https:\/\/blog.solstis.ch\/wp-content\/uploads\/2017\/11\/matthew-smith-5937.jpg","width":1200,"height":761},{"@type":"BreadcrumbList","@id":"https:\/\/blog.solstis.ch\/index.php\/fr\/2017\/11\/11\/une-grande-centrale-solaire-verra-le-jour-sur-les-toits-de-geneve-aeroport\/#breadcrumb","itemListElement":[{"@type":"ListItem","position":1,"name":"Accueil","item":"https:\/\/blog.solstis.ch\/index.php\/fr\/blog\/"},{"@type":"ListItem","position":2,"name":"Une grande centrale solaire verra le jour sur les toits de Gen\u00e8ve-A\u00e9roport"}]},{"@type":"WebSite","@id":"https:\/\/blog.solstis.ch\/#website","url":"https:\/\/blog.solstis.ch\/","name":"Solstis","description":"Solstis, donner au monde l&#039;\u00e9nergie d&#039;\u00eatre durable.","potentialAction":[{"@type":"SearchAction","target":{"@type":"EntryPoint","urlTemplate":"https:\/\/blog.solstis.ch\/?s={search_term_string}"},"query-input":{"@type":"PropertyValueSpecification","valueRequired":true,"valueName":"search_term_string"}}],"inLanguage":"fr-FR"},{"@type":"Person","@id":"https:\/\/blog.solstis.ch\/#\/schema\/person\/b556469ff22d5ec922e45dae636f8cc3","name":"Solstis","image":{"@type":"ImageObject","inLanguage":"fr-FR","@id":"https:\/\/blog.solstis.ch\/#\/schema\/person\/image\/","url":"https:\/\/secure.gravatar.com\/avatar\/1f706f57779184a0d1328041226868b0?s=96&d=mm&r=g","contentUrl":"https:\/\/secure.gravatar.com\/avatar\/1f706f57779184a0d1328041226868b0?s=96&d=mm&r=g","caption":"Solstis"},"url":"https:\/\/blog.solstis.ch\/index.php\/author\/cgrevot\/"}]}},"jetpack_sharing_enabled":true,"jetpack_featured_media_url":"https:\/\/blog.solstis.ch\/wp-content\/uploads\/2017\/11\/matthew-smith-5937.jpg","jetpack_shortlink":"https:\/\/wp.me\/pa0tUs-f8","_links":{"self":[{"href":"https:\/\/blog.solstis.ch\/index.php\/wp-json\/wp\/v2\/posts\/938","targetHints":{"allow":["GET"]}}],"collection":[{"href":"https:\/\/blog.solstis.ch\/index.php\/wp-json\/wp\/v2\/posts"}],"about":[{"href":"https:\/\/blog.solstis.ch\/index.php\/wp-json\/wp\/v2\/types\/post"}],"author":[{"embeddable":true,"href":"https:\/\/blog.solstis.ch\/index.php\/wp-json\/wp\/v2\/users\/3"}],"replies":[{"embeddable":true,"href":"https:\/\/blog.solstis.ch\/index.php\/wp-json\/wp\/v2\/comments?post=938"}],"version-history":[{"count":2,"href":"https:\/\/blog.solstis.ch\/index.php\/wp-json\/wp\/v2\/posts\/938\/revisions"}],"predecessor-version":[{"id":1126,"href":"https:\/\/blog.solstis.ch\/index.php\/wp-json\/wp\/v2\/posts\/938\/revisions\/1126"}],"wp:featuredmedia":[{"embeddable":true,"href":"https:\/\/blog.solstis.ch\/index.php\/wp-json\/wp\/v2\/media\/939"}],"wp:attachment":[{"href":"https:\/\/blog.solstis.ch\/index.php\/wp-json\/wp\/v2\/media?parent=938"}],"wp:term":[{"taxonomy":"category","embeddable":true,"href":"https:\/\/blog.solstis.ch\/index.php\/wp-json\/wp\/v2\/categories?post=938"},{"taxonomy":"post_tag","embeddable":true,"href":"https:\/\/blog.solstis.ch\/index.php\/wp-json\/wp\/v2\/tags?post=938"}],"curies":[{"name":"wp","href":"https:\/\/api.w.org\/{rel}","templated":true}]}}