{"id":880,"date":"2017-08-31T12:10:41","date_gmt":"2017-08-31T11:10:41","guid":{"rendered":"http:\/\/blog.solstis.ch\/?p=880"},"modified":"2018-09-17T12:47:26","modified_gmt":"2018-09-17T11:47:26","slug":"880","status":"publish","type":"post","link":"https:\/\/blog.solstis.ch\/index.php\/fr\/2017\/08\/31\/880\/","title":{"rendered":"Premi\u00e8re en Suisse : la tuile solaire Solar-Terra chez Solstis\u2009!"},"content":{"rendered":"<p><strong>Depuis que les panneaux solaires existent, un lancinant d\u00e9bat persiste sur leur incongruit\u00e9 chromatique. Pionni\u00e8re suisse, Solstis travaille sans rel\u00e2che \u00e0 leur int\u00e9gration harmonieuse dans le patrimoine b\u00e2ti de nos villes et de nos campagnes ; 2017 fera donc date dans notre secteur d\u2019activit\u00e9, avec la r\u00e9alisation cl\u00e9s en main par nos soins de la premi\u00e8re toiture photovolta\u00efque de couleur Terracotta.<\/strong><\/p>\n<p>St\u00e9phane Krattinger, chef de notre d\u00e9partement installation, a men\u00e9 ce beau projet en collaboration avec l\u2019Office f\u00e9d\u00e9ral de l\u2019\u00e9nergie et le Centre suisse d\u2019\u00e9lectronique et de microtechnique, qui a \u00e9labor\u00e9 et fait produire un panneau de couleur destin\u00e9 \u00e0 mim\u00e9tiser les tuiles de terre cuite.<br \/>\nLa ferme d\u2019Alexandre Galley \u00e0 \u00c9cuvillens dans la commune d\u2019Hauterive (canton de Fribourg) a servi de pilote pour poser 300 m2 de ce nouveau produit \u00e0 la teinte d\u2019une tuile conventionnelle.<\/p>\n<p>D\u00e9velopper pareille nouveaut\u00e9 n\u00e9cessitait de relever deux d\u00e9fis :<br \/>\n\u2014 minimiser le d\u00e9ficit de rendement occasionn\u00e9 par le traitement de surface<br \/>\n\u2014 maintenir la teinture pour tous les angles de vue<\/p>\n<p>Le CSEM a r\u00e9ussi un exploit : le panneau Terracotta limite la perte d\u2019efficacit\u00e9 \u00e0 environ 15 % pour garantir 100 % d\u2019effet visuel. L\u2019innovation ouvre un large champ d\u2019application, tant dans le respect de l\u2019architecture vernaculaire que cr\u00e9ative. Le rendement est de 120W par m2, pour un rendu mat et lumineux jamais atteint dans l\u2019histoire du photovolta\u00efque\u2009! Apr\u00e8s de nombreux tests, le produit est d\u00e9sormais certifi\u00e9 et distribu\u00e9 par Solstis, disponible en stock\u2009!<\/p>\n<p>\u00c0 l\u2019occasion de la r\u00e9alisation du projet pilote de la ferme Galley, Solstis a \u00e9galement dispos\u00e9 8 puits de lumi\u00e8re sur les pans et l\u2019avant-toit, afin d\u2019offrir la clart\u00e9 n\u00e9cessaire aux zones utiles du b\u00e2timent. Des tuiles transparentes ont \u00e9t\u00e9 int\u00e9gr\u00e9es aux endroits pr\u00e9cis o\u00f9 la p\u00e9nombre g\u00eanait.<\/p>\n<p>Sur ce chantier avant-gardiste, Solstis est intervenue en entreprise g\u00e9n\u00e9rale, de la conception \u00e0 la mise en \u0153uvre et a coordonn\u00e9 les diff\u00e9rents corps de m\u00e9tier : charpentier, ferblantier-couvreur et \u00e9lectricien. Notre bureau d\u2019\u00e9tude a con\u00e7u le plan et dimensionn\u00e9 les tuiles sur mesure. St\u00e9phane Krattinger et son \u00e9quipe ont \u00e9galement eu \u00e0 g\u00e9rer le redressement du toit, la fabrication ad hoc des ferblanteries p\u00e9riph\u00e9riques et la mise en place soign\u00e9e de tous les \u00e9l\u00e9ments.<\/p>\n<p>Pour les ma\u00eetres d\u2019ouvrage et les architectes, mais aussi et surtout le secteur de l\u2019\u00e9nergie propre, ce produit est un progr\u00e8s majeur. En effet, la barri\u00e8re psychologique li\u00e9e \u00e0 la perception esth\u00e9tique vient de tomber. D\u00e9sormais, il sera possible d\u2019adapter les installations solaires aux couleurs traditionnelles des toitures et de consid\u00e9rer le photovolta\u00efque dans tout projet de construction, quel qu\u2019en soit le style.<\/p>\n<p>Nous sommes \u00e0 disposition pour d\u00e9velopper et r\u00e9aliser vos projets similaires en Suisse romande sur des \u00e9difices neufs ou \u00e0 r\u00e9nover, y compris historiques. Nous disposons d\u2019un stock permanent de tuiles terracotta. Nous avons \u00e9galement la capacit\u00e9 de distribuer notre mat\u00e9riel \u00e0 des partenaires installateurs.<\/p>\n<p>Pour en savoir plus, nous contacter au 021 620 03 50\u2009!<\/p>\n","protected":false},"excerpt":{"rendered":"<p>Depuis que les panneaux solaires existent, un lancinant d\u00e9bat persiste sur leur incongruit\u00e9 chromatique. Pionni\u00e8re suisse, Solstis travaille sans rel\u00e2che [&hellip;]<\/p>\n","protected":false},"author":3,"featured_media":881,"comment_status":"closed","ping_status":"open","sticky":true,"template":"","format":"standard","meta":{"jetpack_post_was_ever_published":false,"_jetpack_newsletter_access":"","_jetpack_dont_email_post_to_subs":false,"_jetpack_newsletter_tier_id":0,"_jetpack_memberships_contains_paywalled_content":false,"_jetpack_memberships_contains_paid_content":false,"footnotes":"","jetpack_publicize_message":"","jetpack_publicize_feature_enabled":true,"jetpack_social_post_already_shared":false,"jetpack_social_options":{"image_generator_settings":{"template":"highway","enabled":false},"version":2}},"categories":[224],"tags":[],"class_list":["post-880","post","type-post","status-publish","format-standard","has-post-thumbnail","hentry","category-solstis"],"jetpack_publicize_connections":[],"yoast_head":"<!-- This site is optimized with the Yoast SEO plugin v23.8 - https:\/\/yoast.com\/wordpress\/plugins\/seo\/ -->\n<title>Premi\u00e8re en Suisse : la tuile solaire Solar-Terra chez Solstis\u2009! - Solstis<\/title>\n<meta name=\"robots\" content=\"index, follow, max-snippet:-1, max-image-preview:large, max-video-preview:-1\" \/>\n<link rel=\"canonical\" href=\"https:\/\/blog.solstis.ch\/index.php\/fr\/2017\/08\/31\/880\/\" \/>\n<meta property=\"og:locale\" content=\"fr_FR\" \/>\n<meta property=\"og:type\" content=\"article\" \/>\n<meta property=\"og:title\" content=\"Premi\u00e8re en Suisse : la tuile solaire Solar-Terra chez Solstis\u2009! - Solstis\" \/>\n<meta property=\"og:description\" content=\"Depuis que les panneaux solaires existent, un lancinant d\u00e9bat persiste sur leur incongruit\u00e9 chromatique. Pionni\u00e8re suisse, Solstis travaille sans rel\u00e2che [&hellip;]\" \/>\n<meta property=\"og:url\" content=\"https:\/\/blog.solstis.ch\/index.php\/fr\/2017\/08\/31\/880\/\" \/>\n<meta property=\"og:site_name\" content=\"Solstis\" \/>\n<meta property=\"article:published_time\" content=\"2017-08-31T11:10:41+00:00\" \/>\n<meta property=\"article:modified_time\" content=\"2018-09-17T11:47:26+00:00\" \/>\n<meta property=\"og:image\" content=\"https:\/\/blog.solstis.ch\/wp-content\/uploads\/2017\/08\/tuiles-terracotta1.jpg\" \/>\n\t<meta property=\"og:image:width\" content=\"1200\" \/>\n\t<meta property=\"og:image:height\" content=\"800\" \/>\n\t<meta property=\"og:image:type\" content=\"image\/jpeg\" \/>\n<meta name=\"author\" content=\"Solstis\" \/>\n<meta name=\"twitter:card\" content=\"summary_large_image\" \/>\n<meta name=\"twitter:label1\" content=\"\u00c9crit par\" \/>\n\t<meta name=\"twitter:data1\" content=\"Solstis\" \/>\n\t<meta name=\"twitter:label2\" content=\"Dur\u00e9e de lecture estim\u00e9e\" \/>\n\t<meta name=\"twitter:data2\" content=\"3 minutes\" \/>\n<script type=\"application\/ld+json\" class=\"yoast-schema-graph\">{\"@context\":\"https:\/\/schema.org\",\"@graph\":[{\"@type\":\"WebPage\",\"@id\":\"https:\/\/blog.solstis.ch\/index.php\/fr\/2017\/08\/31\/880\/\",\"url\":\"https:\/\/blog.solstis.ch\/index.php\/fr\/2017\/08\/31\/880\/\",\"name\":\"Premi\u00e8re en Suisse : la tuile solaire Solar-Terra chez Solstis\u2009! - Solstis\",\"isPartOf\":{\"@id\":\"https:\/\/blog.solstis.ch\/#website\"},\"primaryImageOfPage\":{\"@id\":\"https:\/\/blog.solstis.ch\/index.php\/fr\/2017\/08\/31\/880\/#primaryimage\"},\"image\":{\"@id\":\"https:\/\/blog.solstis.ch\/index.php\/fr\/2017\/08\/31\/880\/#primaryimage\"},\"thumbnailUrl\":\"https:\/\/blog.solstis.ch\/wp-content\/uploads\/2017\/08\/tuiles-terracotta1.jpg\",\"datePublished\":\"2017-08-31T11:10:41+00:00\",\"dateModified\":\"2018-09-17T11:47:26+00:00\",\"author\":{\"@id\":\"https:\/\/blog.solstis.ch\/#\/schema\/person\/b556469ff22d5ec922e45dae636f8cc3\"},\"breadcrumb\":{\"@id\":\"https:\/\/blog.solstis.ch\/index.php\/fr\/2017\/08\/31\/880\/#breadcrumb\"},\"inLanguage\":\"fr-FR\",\"potentialAction\":[{\"@type\":\"ReadAction\",\"target\":[\"https:\/\/blog.solstis.ch\/index.php\/fr\/2017\/08\/31\/880\/\"]}]},{\"@type\":\"ImageObject\",\"inLanguage\":\"fr-FR\",\"@id\":\"https:\/\/blog.solstis.ch\/index.php\/fr\/2017\/08\/31\/880\/#primaryimage\",\"url\":\"https:\/\/blog.solstis.ch\/wp-content\/uploads\/2017\/08\/tuiles-terracotta1.jpg\",\"contentUrl\":\"https:\/\/blog.solstis.ch\/wp-content\/uploads\/2017\/08\/tuiles-terracotta1.jpg\",\"width\":1200,\"height\":800},{\"@type\":\"BreadcrumbList\",\"@id\":\"https:\/\/blog.solstis.ch\/index.php\/fr\/2017\/08\/31\/880\/#breadcrumb\",\"itemListElement\":[{\"@type\":\"ListItem\",\"position\":1,\"name\":\"Accueil\",\"item\":\"https:\/\/blog.solstis.ch\/index.php\/fr\/blog\/\"},{\"@type\":\"ListItem\",\"position\":2,\"name\":\"Premi\u00e8re en Suisse : la tuile solaire Solar-Terra chez Solstis\u2009!\"}]},{\"@type\":\"WebSite\",\"@id\":\"https:\/\/blog.solstis.ch\/#website\",\"url\":\"https:\/\/blog.solstis.ch\/\",\"name\":\"Solstis\",\"description\":\"Solstis, donner au monde l&#039;\u00e9nergie d&#039;\u00eatre durable.\",\"potentialAction\":[{\"@type\":\"SearchAction\",\"target\":{\"@type\":\"EntryPoint\",\"urlTemplate\":\"https:\/\/blog.solstis.ch\/?s={search_term_string}\"},\"query-input\":{\"@type\":\"PropertyValueSpecification\",\"valueRequired\":true,\"valueName\":\"search_term_string\"}}],\"inLanguage\":\"fr-FR\"},{\"@type\":\"Person\",\"@id\":\"https:\/\/blog.solstis.ch\/#\/schema\/person\/b556469ff22d5ec922e45dae636f8cc3\",\"name\":\"Solstis\",\"image\":{\"@type\":\"ImageObject\",\"inLanguage\":\"fr-FR\",\"@id\":\"https:\/\/blog.solstis.ch\/#\/schema\/person\/image\/\",\"url\":\"https:\/\/secure.gravatar.com\/avatar\/1f706f57779184a0d1328041226868b0?s=96&d=mm&r=g\",\"contentUrl\":\"https:\/\/secure.gravatar.com\/avatar\/1f706f57779184a0d1328041226868b0?s=96&d=mm&r=g\",\"caption\":\"Solstis\"},\"url\":\"https:\/\/blog.solstis.ch\/index.php\/author\/cgrevot\/\"}]}<\/script>\n<!-- \/ Yoast SEO plugin. -->","yoast_head_json":{"title":"Premi\u00e8re en Suisse : la tuile solaire Solar-Terra chez Solstis\u2009! - Solstis","robots":{"index":"index","follow":"follow","max-snippet":"max-snippet:-1","max-image-preview":"max-image-preview:large","max-video-preview":"max-video-preview:-1"},"canonical":"https:\/\/blog.solstis.ch\/index.php\/fr\/2017\/08\/31\/880\/","og_locale":"fr_FR","og_type":"article","og_title":"Premi\u00e8re en Suisse : la tuile solaire Solar-Terra chez Solstis\u2009! - Solstis","og_description":"Depuis que les panneaux solaires existent, un lancinant d\u00e9bat persiste sur leur incongruit\u00e9 chromatique. Pionni\u00e8re suisse, Solstis travaille sans rel\u00e2che [&hellip;]","og_url":"https:\/\/blog.solstis.ch\/index.php\/fr\/2017\/08\/31\/880\/","og_site_name":"Solstis","article_published_time":"2017-08-31T11:10:41+00:00","article_modified_time":"2018-09-17T11:47:26+00:00","og_image":[{"width":1200,"height":800,"url":"https:\/\/blog.solstis.ch\/wp-content\/uploads\/2017\/08\/tuiles-terracotta1.jpg","type":"image\/jpeg"}],"author":"Solstis","twitter_card":"summary_large_image","twitter_misc":{"\u00c9crit par":"Solstis","Dur\u00e9e de lecture estim\u00e9e":"3 minutes"},"schema":{"@context":"https:\/\/schema.org","@graph":[{"@type":"WebPage","@id":"https:\/\/blog.solstis.ch\/index.php\/fr\/2017\/08\/31\/880\/","url":"https:\/\/blog.solstis.ch\/index.php\/fr\/2017\/08\/31\/880\/","name":"Premi\u00e8re en Suisse : la tuile solaire Solar-Terra chez Solstis\u2009! - Solstis","isPartOf":{"@id":"https:\/\/blog.solstis.ch\/#website"},"primaryImageOfPage":{"@id":"https:\/\/blog.solstis.ch\/index.php\/fr\/2017\/08\/31\/880\/#primaryimage"},"image":{"@id":"https:\/\/blog.solstis.ch\/index.php\/fr\/2017\/08\/31\/880\/#primaryimage"},"thumbnailUrl":"https:\/\/blog.solstis.ch\/wp-content\/uploads\/2017\/08\/tuiles-terracotta1.jpg","datePublished":"2017-08-31T11:10:41+00:00","dateModified":"2018-09-17T11:47:26+00:00","author":{"@id":"https:\/\/blog.solstis.ch\/#\/schema\/person\/b556469ff22d5ec922e45dae636f8cc3"},"breadcrumb":{"@id":"https:\/\/blog.solstis.ch\/index.php\/fr\/2017\/08\/31\/880\/#breadcrumb"},"inLanguage":"fr-FR","potentialAction":[{"@type":"ReadAction","target":["https:\/\/blog.solstis.ch\/index.php\/fr\/2017\/08\/31\/880\/"]}]},{"@type":"ImageObject","inLanguage":"fr-FR","@id":"https:\/\/blog.solstis.ch\/index.php\/fr\/2017\/08\/31\/880\/#primaryimage","url":"https:\/\/blog.solstis.ch\/wp-content\/uploads\/2017\/08\/tuiles-terracotta1.jpg","contentUrl":"https:\/\/blog.solstis.ch\/wp-content\/uploads\/2017\/08\/tuiles-terracotta1.jpg","width":1200,"height":800},{"@type":"BreadcrumbList","@id":"https:\/\/blog.solstis.ch\/index.php\/fr\/2017\/08\/31\/880\/#breadcrumb","itemListElement":[{"@type":"ListItem","position":1,"name":"Accueil","item":"https:\/\/blog.solstis.ch\/index.php\/fr\/blog\/"},{"@type":"ListItem","position":2,"name":"Premi\u00e8re en Suisse : la tuile solaire Solar-Terra chez Solstis\u2009!"}]},{"@type":"WebSite","@id":"https:\/\/blog.solstis.ch\/#website","url":"https:\/\/blog.solstis.ch\/","name":"Solstis","description":"Solstis, donner au monde l&#039;\u00e9nergie d&#039;\u00eatre durable.","potentialAction":[{"@type":"SearchAction","target":{"@type":"EntryPoint","urlTemplate":"https:\/\/blog.solstis.ch\/?s={search_term_string}"},"query-input":{"@type":"PropertyValueSpecification","valueRequired":true,"valueName":"search_term_string"}}],"inLanguage":"fr-FR"},{"@type":"Person","@id":"https:\/\/blog.solstis.ch\/#\/schema\/person\/b556469ff22d5ec922e45dae636f8cc3","name":"Solstis","image":{"@type":"ImageObject","inLanguage":"fr-FR","@id":"https:\/\/blog.solstis.ch\/#\/schema\/person\/image\/","url":"https:\/\/secure.gravatar.com\/avatar\/1f706f57779184a0d1328041226868b0?s=96&d=mm&r=g","contentUrl":"https:\/\/secure.gravatar.com\/avatar\/1f706f57779184a0d1328041226868b0?s=96&d=mm&r=g","caption":"Solstis"},"url":"https:\/\/blog.solstis.ch\/index.php\/author\/cgrevot\/"}]}},"jetpack_sharing_enabled":true,"jetpack_featured_media_url":"https:\/\/blog.solstis.ch\/wp-content\/uploads\/2017\/08\/tuiles-terracotta1.jpg","jetpack_shortlink":"https:\/\/wp.me\/sa0tUs-880","_links":{"self":[{"href":"https:\/\/blog.solstis.ch\/index.php\/wp-json\/wp\/v2\/posts\/880","targetHints":{"allow":["GET"]}}],"collection":[{"href":"https:\/\/blog.solstis.ch\/index.php\/wp-json\/wp\/v2\/posts"}],"about":[{"href":"https:\/\/blog.solstis.ch\/index.php\/wp-json\/wp\/v2\/types\/post"}],"author":[{"embeddable":true,"href":"https:\/\/blog.solstis.ch\/index.php\/wp-json\/wp\/v2\/users\/3"}],"replies":[{"embeddable":true,"href":"https:\/\/blog.solstis.ch\/index.php\/wp-json\/wp\/v2\/comments?post=880"}],"version-history":[{"count":4,"href":"https:\/\/blog.solstis.ch\/index.php\/wp-json\/wp\/v2\/posts\/880\/revisions"}],"predecessor-version":[{"id":885,"href":"https:\/\/blog.solstis.ch\/index.php\/wp-json\/wp\/v2\/posts\/880\/revisions\/885"}],"wp:featuredmedia":[{"embeddable":true,"href":"https:\/\/blog.solstis.ch\/index.php\/wp-json\/wp\/v2\/media\/881"}],"wp:attachment":[{"href":"https:\/\/blog.solstis.ch\/index.php\/wp-json\/wp\/v2\/media?parent=880"}],"wp:term":[{"taxonomy":"category","embeddable":true,"href":"https:\/\/blog.solstis.ch\/index.php\/wp-json\/wp\/v2\/categories?post=880"},{"taxonomy":"post_tag","embeddable":true,"href":"https:\/\/blog.solstis.ch\/index.php\/wp-json\/wp\/v2\/tags?post=880"}],"curies":[{"name":"wp","href":"https:\/\/api.w.org\/{rel}","templated":true}]}}