{"id":779,"date":"2017-06-12T17:06:14","date_gmt":"2017-06-12T16:06:14","guid":{"rendered":"http:\/\/blog.solstis.ch\/?p=779"},"modified":"2017-07-04T22:30:43","modified_gmt":"2017-07-04T21:30:43","slug":"les-reseaux-electriques-vont-ils-disparaitre","status":"publish","type":"post","link":"https:\/\/blog.solstis.ch\/index.php\/fr\/2017\/06\/12\/les-reseaux-electriques-vont-ils-disparaitre\/","title":{"rendered":"Les r\u00e9seaux \u00e9lectriques vont-ils dispara\u00eetre ?"},"content":{"rendered":"<p>On n\u2019a pas beaucoup parl\u00e9 de l\u2019\u00e9nergie dans la campagne \u00e9lectorale et c\u2019est regrettable car des choix strat\u00e9giques doivent \u00eatre faits aujourd\u2019hui qui engageront la fa\u00e7on dont l\u2019offre et la demande d\u2019\u00e9nergie vont \u00e9voluer dans le futur\u00a0; ces choix auront \u00e9galement un impact sur le devenir de nos r\u00e9seaux de transport et de distribution de l\u2019\u00e9lectricit\u00e9 et du gaz.<\/p>\n<p>D\u00e9couvrez la suite de l\u2019article <a href=\"http:\/\/www.connaissancedesenergies.org\/tribune-actualite-energies\/les-reseaux-electriques-vont-ils-disparaitre\" target=\"_blank\">ICI<\/a><br \/>\nSource\u00a0: Connaissance des \u00e9nergies<\/p>\n","protected":false},"excerpt":{"rendered":"<p>On n\u2019a pas beaucoup parl\u00e9 de l\u2019\u00e9nergie dans la campagne \u00e9lectorale et c\u2019est regrettable car des choix strat\u00e9giques doivent \u00eatre [&hellip;]<\/p>\n","protected":false},"author":3,"featured_media":811,"comment_status":"open","ping_status":"open","sticky":false,"template":"","format":"standard","meta":{"jetpack_post_was_ever_published":false,"_jetpack_newsletter_access":"","_jetpack_dont_email_post_to_subs":false,"_jetpack_newsletter_tier_id":0,"_jetpack_memberships_contains_paywalled_content":false,"_jetpack_memberships_contains_paid_content":false,"footnotes":"","jetpack_publicize_message":"","jetpack_publicize_feature_enabled":true,"jetpack_social_post_already_shared":false,"jetpack_social_options":{"image_generator_settings":{"template":"highway","enabled":false},"version":2}},"categories":[54],"tags":[],"class_list":["post-779","post","type-post","status-publish","format-standard","has-post-thumbnail","hentry","category-economie"],"jetpack_publicize_connections":[],"yoast_head":"<!-- This site is optimized with the Yoast SEO plugin v23.8 - https:\/\/yoast.com\/wordpress\/plugins\/seo\/ -->\n<title>Les r\u00e9seaux \u00e9lectriques vont-ils dispara\u00eetre ? - Solstis<\/title>\n<meta name=\"robots\" content=\"index, follow, max-snippet:-1, max-image-preview:large, max-video-preview:-1\" \/>\n<link rel=\"canonical\" href=\"https:\/\/blog.solstis.ch\/index.php\/fr\/2017\/06\/12\/les-reseaux-electriques-vont-ils-disparaitre\/\" \/>\n<meta property=\"og:locale\" content=\"fr_FR\" \/>\n<meta property=\"og:type\" content=\"article\" \/>\n<meta property=\"og:title\" content=\"Les r\u00e9seaux \u00e9lectriques vont-ils dispara\u00eetre ? - Solstis\" \/>\n<meta property=\"og:description\" content=\"On n\u2019a pas beaucoup parl\u00e9 de l\u2019\u00e9nergie dans la campagne \u00e9lectorale et c\u2019est regrettable car des choix strat\u00e9giques doivent \u00eatre [&hellip;]\" \/>\n<meta property=\"og:url\" content=\"https:\/\/blog.solstis.ch\/index.php\/fr\/2017\/06\/12\/les-reseaux-electriques-vont-ils-disparaitre\/\" \/>\n<meta property=\"og:site_name\" content=\"Solstis\" \/>\n<meta property=\"article:published_time\" content=\"2017-06-12T16:06:14+00:00\" \/>\n<meta property=\"article:modified_time\" content=\"2017-07-04T21:30:43+00:00\" \/>\n<meta property=\"og:image\" content=\"https:\/\/blog.solstis.ch\/wp-content\/uploads\/2017\/06\/power-1549122_1280-2.jpg\" \/>\n\t<meta property=\"og:image:width\" content=\"1280\" \/>\n\t<meta property=\"og:image:height\" content=\"960\" \/>\n\t<meta property=\"og:image:type\" content=\"image\/jpeg\" \/>\n<meta name=\"author\" content=\"Solstis\" \/>\n<meta name=\"twitter:card\" content=\"summary_large_image\" \/>\n<meta name=\"twitter:label1\" content=\"\u00c9crit par\" \/>\n\t<meta name=\"twitter:data1\" content=\"Solstis\" \/>\n<script type=\"application\/ld+json\" class=\"yoast-schema-graph\">{\"@context\":\"https:\/\/schema.org\",\"@graph\":[{\"@type\":\"WebPage\",\"@id\":\"https:\/\/blog.solstis.ch\/index.php\/fr\/2017\/06\/12\/les-reseaux-electriques-vont-ils-disparaitre\/\",\"url\":\"https:\/\/blog.solstis.ch\/index.php\/fr\/2017\/06\/12\/les-reseaux-electriques-vont-ils-disparaitre\/\",\"name\":\"Les r\u00e9seaux \u00e9lectriques vont-ils dispara\u00eetre ? - Solstis\",\"isPartOf\":{\"@id\":\"https:\/\/blog.solstis.ch\/#website\"},\"primaryImageOfPage\":{\"@id\":\"https:\/\/blog.solstis.ch\/index.php\/fr\/2017\/06\/12\/les-reseaux-electriques-vont-ils-disparaitre\/#primaryimage\"},\"image\":{\"@id\":\"https:\/\/blog.solstis.ch\/index.php\/fr\/2017\/06\/12\/les-reseaux-electriques-vont-ils-disparaitre\/#primaryimage\"},\"thumbnailUrl\":\"https:\/\/blog.solstis.ch\/wp-content\/uploads\/2017\/06\/power-1549122_1280-2.jpg\",\"datePublished\":\"2017-06-12T16:06:14+00:00\",\"dateModified\":\"2017-07-04T21:30:43+00:00\",\"author\":{\"@id\":\"https:\/\/blog.solstis.ch\/#\/schema\/person\/b556469ff22d5ec922e45dae636f8cc3\"},\"breadcrumb\":{\"@id\":\"https:\/\/blog.solstis.ch\/index.php\/fr\/2017\/06\/12\/les-reseaux-electriques-vont-ils-disparaitre\/#breadcrumb\"},\"inLanguage\":\"fr-FR\",\"potentialAction\":[{\"@type\":\"ReadAction\",\"target\":[\"https:\/\/blog.solstis.ch\/index.php\/fr\/2017\/06\/12\/les-reseaux-electriques-vont-ils-disparaitre\/\"]}]},{\"@type\":\"ImageObject\",\"inLanguage\":\"fr-FR\",\"@id\":\"https:\/\/blog.solstis.ch\/index.php\/fr\/2017\/06\/12\/les-reseaux-electriques-vont-ils-disparaitre\/#primaryimage\",\"url\":\"https:\/\/blog.solstis.ch\/wp-content\/uploads\/2017\/06\/power-1549122_1280-2.jpg\",\"contentUrl\":\"https:\/\/blog.solstis.ch\/wp-content\/uploads\/2017\/06\/power-1549122_1280-2.jpg\",\"width\":1280,\"height\":960},{\"@type\":\"BreadcrumbList\",\"@id\":\"https:\/\/blog.solstis.ch\/index.php\/fr\/2017\/06\/12\/les-reseaux-electriques-vont-ils-disparaitre\/#breadcrumb\",\"itemListElement\":[{\"@type\":\"ListItem\",\"position\":1,\"name\":\"Accueil\",\"item\":\"https:\/\/blog.solstis.ch\/index.php\/fr\/blog\/\"},{\"@type\":\"ListItem\",\"position\":2,\"name\":\"Les r\u00e9seaux \u00e9lectriques vont-ils dispara\u00eetre ?\"}]},{\"@type\":\"WebSite\",\"@id\":\"https:\/\/blog.solstis.ch\/#website\",\"url\":\"https:\/\/blog.solstis.ch\/\",\"name\":\"Solstis\",\"description\":\"Solstis, donner au monde l&#039;\u00e9nergie d&#039;\u00eatre durable.\",\"potentialAction\":[{\"@type\":\"SearchAction\",\"target\":{\"@type\":\"EntryPoint\",\"urlTemplate\":\"https:\/\/blog.solstis.ch\/?s={search_term_string}\"},\"query-input\":{\"@type\":\"PropertyValueSpecification\",\"valueRequired\":true,\"valueName\":\"search_term_string\"}}],\"inLanguage\":\"fr-FR\"},{\"@type\":\"Person\",\"@id\":\"https:\/\/blog.solstis.ch\/#\/schema\/person\/b556469ff22d5ec922e45dae636f8cc3\",\"name\":\"Solstis\",\"image\":{\"@type\":\"ImageObject\",\"inLanguage\":\"fr-FR\",\"@id\":\"https:\/\/blog.solstis.ch\/#\/schema\/person\/image\/\",\"url\":\"https:\/\/secure.gravatar.com\/avatar\/1f706f57779184a0d1328041226868b0?s=96&d=mm&r=g\",\"contentUrl\":\"https:\/\/secure.gravatar.com\/avatar\/1f706f57779184a0d1328041226868b0?s=96&d=mm&r=g\",\"caption\":\"Solstis\"},\"url\":\"https:\/\/blog.solstis.ch\/index.php\/author\/cgrevot\/\"}]}<\/script>\n<!-- \/ Yoast SEO plugin. -->","yoast_head_json":{"title":"Les r\u00e9seaux \u00e9lectriques vont-ils dispara\u00eetre ? - Solstis","robots":{"index":"index","follow":"follow","max-snippet":"max-snippet:-1","max-image-preview":"max-image-preview:large","max-video-preview":"max-video-preview:-1"},"canonical":"https:\/\/blog.solstis.ch\/index.php\/fr\/2017\/06\/12\/les-reseaux-electriques-vont-ils-disparaitre\/","og_locale":"fr_FR","og_type":"article","og_title":"Les r\u00e9seaux \u00e9lectriques vont-ils dispara\u00eetre ? - Solstis","og_description":"On n\u2019a pas beaucoup parl\u00e9 de l\u2019\u00e9nergie dans la campagne \u00e9lectorale et c\u2019est regrettable car des choix strat\u00e9giques doivent \u00eatre [&hellip;]","og_url":"https:\/\/blog.solstis.ch\/index.php\/fr\/2017\/06\/12\/les-reseaux-electriques-vont-ils-disparaitre\/","og_site_name":"Solstis","article_published_time":"2017-06-12T16:06:14+00:00","article_modified_time":"2017-07-04T21:30:43+00:00","og_image":[{"width":1280,"height":960,"url":"https:\/\/blog.solstis.ch\/wp-content\/uploads\/2017\/06\/power-1549122_1280-2.jpg","type":"image\/jpeg"}],"author":"Solstis","twitter_card":"summary_large_image","twitter_misc":{"\u00c9crit par":"Solstis"},"schema":{"@context":"https:\/\/schema.org","@graph":[{"@type":"WebPage","@id":"https:\/\/blog.solstis.ch\/index.php\/fr\/2017\/06\/12\/les-reseaux-electriques-vont-ils-disparaitre\/","url":"https:\/\/blog.solstis.ch\/index.php\/fr\/2017\/06\/12\/les-reseaux-electriques-vont-ils-disparaitre\/","name":"Les r\u00e9seaux \u00e9lectriques vont-ils dispara\u00eetre ? - Solstis","isPartOf":{"@id":"https:\/\/blog.solstis.ch\/#website"},"primaryImageOfPage":{"@id":"https:\/\/blog.solstis.ch\/index.php\/fr\/2017\/06\/12\/les-reseaux-electriques-vont-ils-disparaitre\/#primaryimage"},"image":{"@id":"https:\/\/blog.solstis.ch\/index.php\/fr\/2017\/06\/12\/les-reseaux-electriques-vont-ils-disparaitre\/#primaryimage"},"thumbnailUrl":"https:\/\/blog.solstis.ch\/wp-content\/uploads\/2017\/06\/power-1549122_1280-2.jpg","datePublished":"2017-06-12T16:06:14+00:00","dateModified":"2017-07-04T21:30:43+00:00","author":{"@id":"https:\/\/blog.solstis.ch\/#\/schema\/person\/b556469ff22d5ec922e45dae636f8cc3"},"breadcrumb":{"@id":"https:\/\/blog.solstis.ch\/index.php\/fr\/2017\/06\/12\/les-reseaux-electriques-vont-ils-disparaitre\/#breadcrumb"},"inLanguage":"fr-FR","potentialAction":[{"@type":"ReadAction","target":["https:\/\/blog.solstis.ch\/index.php\/fr\/2017\/06\/12\/les-reseaux-electriques-vont-ils-disparaitre\/"]}]},{"@type":"ImageObject","inLanguage":"fr-FR","@id":"https:\/\/blog.solstis.ch\/index.php\/fr\/2017\/06\/12\/les-reseaux-electriques-vont-ils-disparaitre\/#primaryimage","url":"https:\/\/blog.solstis.ch\/wp-content\/uploads\/2017\/06\/power-1549122_1280-2.jpg","contentUrl":"https:\/\/blog.solstis.ch\/wp-content\/uploads\/2017\/06\/power-1549122_1280-2.jpg","width":1280,"height":960},{"@type":"BreadcrumbList","@id":"https:\/\/blog.solstis.ch\/index.php\/fr\/2017\/06\/12\/les-reseaux-electriques-vont-ils-disparaitre\/#breadcrumb","itemListElement":[{"@type":"ListItem","position":1,"name":"Accueil","item":"https:\/\/blog.solstis.ch\/index.php\/fr\/blog\/"},{"@type":"ListItem","position":2,"name":"Les r\u00e9seaux \u00e9lectriques vont-ils dispara\u00eetre ?"}]},{"@type":"WebSite","@id":"https:\/\/blog.solstis.ch\/#website","url":"https:\/\/blog.solstis.ch\/","name":"Solstis","description":"Solstis, donner au monde l&#039;\u00e9nergie d&#039;\u00eatre durable.","potentialAction":[{"@type":"SearchAction","target":{"@type":"EntryPoint","urlTemplate":"https:\/\/blog.solstis.ch\/?s={search_term_string}"},"query-input":{"@type":"PropertyValueSpecification","valueRequired":true,"valueName":"search_term_string"}}],"inLanguage":"fr-FR"},{"@type":"Person","@id":"https:\/\/blog.solstis.ch\/#\/schema\/person\/b556469ff22d5ec922e45dae636f8cc3","name":"Solstis","image":{"@type":"ImageObject","inLanguage":"fr-FR","@id":"https:\/\/blog.solstis.ch\/#\/schema\/person\/image\/","url":"https:\/\/secure.gravatar.com\/avatar\/1f706f57779184a0d1328041226868b0?s=96&d=mm&r=g","contentUrl":"https:\/\/secure.gravatar.com\/avatar\/1f706f57779184a0d1328041226868b0?s=96&d=mm&r=g","caption":"Solstis"},"url":"https:\/\/blog.solstis.ch\/index.php\/author\/cgrevot\/"}]}},"jetpack_sharing_enabled":true,"jetpack_featured_media_url":"https:\/\/blog.solstis.ch\/wp-content\/uploads\/2017\/06\/power-1549122_1280-2.jpg","jetpack_shortlink":"https:\/\/wp.me\/pa0tUs-cz","_links":{"self":[{"href":"https:\/\/blog.solstis.ch\/index.php\/wp-json\/wp\/v2\/posts\/779","targetHints":{"allow":["GET"]}}],"collection":[{"href":"https:\/\/blog.solstis.ch\/index.php\/wp-json\/wp\/v2\/posts"}],"about":[{"href":"https:\/\/blog.solstis.ch\/index.php\/wp-json\/wp\/v2\/types\/post"}],"author":[{"embeddable":true,"href":"https:\/\/blog.solstis.ch\/index.php\/wp-json\/wp\/v2\/users\/3"}],"replies":[{"embeddable":true,"href":"https:\/\/blog.solstis.ch\/index.php\/wp-json\/wp\/v2\/comments?post=779"}],"version-history":[{"count":4,"href":"https:\/\/blog.solstis.ch\/index.php\/wp-json\/wp\/v2\/posts\/779\/revisions"}],"predecessor-version":[{"id":814,"href":"https:\/\/blog.solstis.ch\/index.php\/wp-json\/wp\/v2\/posts\/779\/revisions\/814"}],"wp:featuredmedia":[{"embeddable":true,"href":"https:\/\/blog.solstis.ch\/index.php\/wp-json\/wp\/v2\/media\/811"}],"wp:attachment":[{"href":"https:\/\/blog.solstis.ch\/index.php\/wp-json\/wp\/v2\/media?parent=779"}],"wp:term":[{"taxonomy":"category","embeddable":true,"href":"https:\/\/blog.solstis.ch\/index.php\/wp-json\/wp\/v2\/categories?post=779"},{"taxonomy":"post_tag","embeddable":true,"href":"https:\/\/blog.solstis.ch\/index.php\/wp-json\/wp\/v2\/tags?post=779"}],"curies":[{"name":"wp","href":"https:\/\/api.w.org\/{rel}","templated":true}]}}