{"id":768,"date":"2017-05-29T09:26:48","date_gmt":"2017-05-29T08:26:48","guid":{"rendered":"http:\/\/blog.solstis.ch\/?p=768"},"modified":"2018-09-17T12:49:58","modified_gmt":"2018-09-17T11:49:58","slug":"cure-denergie-solaire-pour-les-bains-des-paquis-avec-solstis","status":"publish","type":"post","link":"https:\/\/blog.solstis.ch\/index.php\/fr\/2017\/05\/29\/cure-denergie-solaire-pour-les-bains-des-paquis-avec-solstis\/","title":{"rendered":"Cure d\u2019\u00e9nergie solaire pour les Bains des P\u00e2quis avec Solstis"},"content":{"rendered":"<p><strong>Situ\u00e9s sur une petite \u00eele de la rive droite du lac L\u00e9man, les Bains des P\u00e2quis sont un lieu tr\u00e8s populaire \u00e0 Gen\u00e8ve. Depuis le 28 avril 2017, ils sont \u00e9quip\u00e9s de panneaux solaires&#8230;install\u00e9s par Solstis. Une collaboration qui fait rayonner de satisfaction Philippe Constantin, le coordinateur de l\u2019Association d\u2019Usagers des Bains des P\u00e2quis.<\/strong><\/p>\n<p><strong>Quel est le r\u00f4le de votre association ?<\/strong><\/p>\n<p>Philippe Constantin : D\u2019abord, un peu d\u2019histoire : les Bains des P\u00e2quis ont \u00e9t\u00e9 cr\u00e9\u00e9s en 1862 et sont d\u2019anciens bains publics qui \u00e9taient ouverts 4 mois dans l\u2019ann\u00e9e. \u00c0 la fin des ann\u00e9es 80, il a \u00e9t\u00e9 d\u00e9cid\u00e9 de les d\u00e9truire. Une association d\u2019habitants s\u2019est cr\u00e9\u00e9e pour les sauver. Un r\u00e9f\u00e9rendum a eu lieu et nous avons gagn\u00e9 contre la ville. Apr\u00e8s r\u00e9novation, celle-ci nous a donn\u00e9 les cl\u00e9s.<\/p>\n<p><strong>C\u2019est une partie du patrimoine genevois qui a \u00e9t\u00e9 sauv\u00e9e?<\/strong><\/p>\n<p>Absolument ! D\u2019ailleurs, durant le r\u00e9f\u00e9rendum, les artistes genevois nous ont soutenus. Et les Bains sont devenus un lieu culturel : ils re\u00e7oivent concerts, expositions, spectacles&#8230; Aujourd\u2019hui, ils attirent plus d\u2019un million de visiteurs annuels.<\/p>\n<p><strong>Pourquoi avoir choisi de travailler avec Solstis ?<\/strong><\/p>\n<p>D\u00e8s 1997, nous souhaitions nous \u00e9quiper de panneaux solaires. Mais la ville a refus\u00e9 car le site est \u00e0 l\u2019Inventaire. Durant 20 ans, nous avons insist\u00e9 jusqu\u2019au jour o\u00f9, l\u2019\u00e9cologie \u00e9tant devenue centrale, on nous a dit oui. Et nous avons choisi Solstis simplement parce que leur offre \u00e9tait la meilleure&#8230;en tous points ! Un exemple : Solstis a veill\u00e9 \u00e0 donner aux panneaux une inclinaison de 10\u00b0 plut\u00f4t que de 45\u00b0 pour cr\u00e9er un ensemble plus harmonieux.<\/p>\n<p><strong>Quels changements avez-vous per\u00e7us \u00e0 l\u2019issue du chantier ?<\/strong><\/p>\n<p>Un changement \u00e9conomique d\u00e9j\u00e0 : -30% sur notre facture d\u2019\u00e9nergie ! L\u2019autre changement, c\u2019est qu\u2019avec ces panneaux, nous rappelons \u00e0 tous l\u2019importance des \u00e9nergies renouvelables.<\/p>\n<p><strong>Le financement a-t-il \u00e9t\u00e9 difficile ?<\/strong><\/p>\n<p>En tant qu\u2019institution, nous avons pu obtenir des sponsors. Mais surtout, nous avons lanc\u00e9 un financement participatif, qui a suscit\u00e9 un formidable engouement.<\/p>\n<p><strong>Recommanderiez-vous Solstis ?<\/strong><\/p>\n<p>Sans h\u00e9sitation ! Solstis nous a offert un vrai accompagnement, une disponibilit\u00e9 quasi permanente. Nous sommes vraiment ravis de cette collaboration.<\/p>\n<p><a href=\"http:\/\/blog.solstis.ch\/wp-content\/uploads\/2017\/05\/Centrale-solaire.jpg\"><img loading=\"lazy\" decoding=\"async\" class=\"alignnone wp-image-771 size-large\" src=\"http:\/\/blog.solstis.ch\/wp-content\/uploads\/2017\/05\/Centrale-solaire-1024x768.jpg\" alt=\"Centrale solaire\" width=\"723\" height=\"542\" srcset=\"https:\/\/blog.solstis.ch\/wp-content\/uploads\/2017\/05\/Centrale-solaire-1024x768.jpg 1024w, https:\/\/blog.solstis.ch\/wp-content\/uploads\/2017\/05\/Centrale-solaire-300x225.jpg 300w, https:\/\/blog.solstis.ch\/wp-content\/uploads\/2017\/05\/Centrale-solaire-400x300.jpg 400w, https:\/\/blog.solstis.ch\/wp-content\/uploads\/2017\/05\/Centrale-solaire.jpg 1200w\" sizes=\"auto, (max-width: 723px) 100vw, 723px\" \/><\/a><\/p>\n","protected":false},"excerpt":{"rendered":"<p>Situ\u00e9s sur une petite \u00eele de la rive droite du lac L\u00e9man, les Bains des P\u00e2quis sont un lieu tr\u00e8s [&hellip;]<\/p>\n","protected":false},"author":3,"featured_media":770,"comment_status":"closed","ping_status":"open","sticky":false,"template":"","format":"standard","meta":{"jetpack_post_was_ever_published":false,"_jetpack_newsletter_access":"","_jetpack_dont_email_post_to_subs":false,"_jetpack_newsletter_tier_id":0,"_jetpack_memberships_contains_paywalled_content":false,"_jetpack_memberships_contains_paid_content":false,"footnotes":"","jetpack_publicize_message":"","jetpack_publicize_feature_enabled":true,"jetpack_social_post_already_shared":false,"jetpack_social_options":{"image_generator_settings":{"template":"highway","enabled":false},"version":2}},"categories":[197],"tags":[],"class_list":["post-768","post","type-post","status-publish","format-standard","has-post-thumbnail","hentry","category-interview"],"jetpack_publicize_connections":[],"yoast_head":"<!-- This site is optimized with the Yoast SEO plugin v23.8 - https:\/\/yoast.com\/wordpress\/plugins\/seo\/ -->\n<title>Cure d\u2019\u00e9nergie solaire pour les Bains des P\u00e2quis avec Solstis - Solstis<\/title>\n<meta name=\"robots\" content=\"index, follow, max-snippet:-1, max-image-preview:large, max-video-preview:-1\" \/>\n<link rel=\"canonical\" href=\"https:\/\/blog.solstis.ch\/index.php\/fr\/2017\/05\/29\/cure-denergie-solaire-pour-les-bains-des-paquis-avec-solstis\/\" \/>\n<meta property=\"og:locale\" content=\"fr_FR\" \/>\n<meta property=\"og:type\" content=\"article\" \/>\n<meta property=\"og:title\" content=\"Cure d\u2019\u00e9nergie solaire pour les Bains des P\u00e2quis avec Solstis - Solstis\" \/>\n<meta property=\"og:description\" content=\"Situ\u00e9s sur une petite \u00eele de la rive droite du lac L\u00e9man, les Bains des P\u00e2quis sont un lieu tr\u00e8s [&hellip;]\" \/>\n<meta property=\"og:url\" content=\"https:\/\/blog.solstis.ch\/index.php\/fr\/2017\/05\/29\/cure-denergie-solaire-pour-les-bains-des-paquis-avec-solstis\/\" \/>\n<meta property=\"og:site_name\" content=\"Solstis\" \/>\n<meta property=\"article:published_time\" content=\"2017-05-29T08:26:48+00:00\" \/>\n<meta property=\"article:modified_time\" content=\"2018-09-17T11:49:58+00:00\" \/>\n<meta property=\"og:image\" content=\"https:\/\/blog.solstis.ch\/wp-content\/uploads\/2017\/05\/centrale-solaire-bains-des-paquis.png\" \/>\n\t<meta property=\"og:image:width\" content=\"1200\" \/>\n\t<meta property=\"og:image:height\" content=\"675\" \/>\n\t<meta property=\"og:image:type\" content=\"image\/png\" \/>\n<meta name=\"author\" content=\"Solstis\" \/>\n<meta name=\"twitter:card\" content=\"summary_large_image\" \/>\n<meta name=\"twitter:label1\" content=\"\u00c9crit par\" \/>\n\t<meta name=\"twitter:data1\" content=\"Solstis\" \/>\n\t<meta name=\"twitter:label2\" content=\"Dur\u00e9e de lecture estim\u00e9e\" \/>\n\t<meta name=\"twitter:data2\" content=\"2 minutes\" \/>\n<script type=\"application\/ld+json\" class=\"yoast-schema-graph\">{\"@context\":\"https:\/\/schema.org\",\"@graph\":[{\"@type\":\"WebPage\",\"@id\":\"https:\/\/blog.solstis.ch\/index.php\/fr\/2017\/05\/29\/cure-denergie-solaire-pour-les-bains-des-paquis-avec-solstis\/\",\"url\":\"https:\/\/blog.solstis.ch\/index.php\/fr\/2017\/05\/29\/cure-denergie-solaire-pour-les-bains-des-paquis-avec-solstis\/\",\"name\":\"Cure d\u2019\u00e9nergie solaire pour les Bains des P\u00e2quis avec Solstis - Solstis\",\"isPartOf\":{\"@id\":\"https:\/\/blog.solstis.ch\/#website\"},\"primaryImageOfPage\":{\"@id\":\"https:\/\/blog.solstis.ch\/index.php\/fr\/2017\/05\/29\/cure-denergie-solaire-pour-les-bains-des-paquis-avec-solstis\/#primaryimage\"},\"image\":{\"@id\":\"https:\/\/blog.solstis.ch\/index.php\/fr\/2017\/05\/29\/cure-denergie-solaire-pour-les-bains-des-paquis-avec-solstis\/#primaryimage\"},\"thumbnailUrl\":\"https:\/\/blog.solstis.ch\/wp-content\/uploads\/2017\/05\/centrale-solaire-bains-des-paquis.png\",\"datePublished\":\"2017-05-29T08:26:48+00:00\",\"dateModified\":\"2018-09-17T11:49:58+00:00\",\"author\":{\"@id\":\"https:\/\/blog.solstis.ch\/#\/schema\/person\/b556469ff22d5ec922e45dae636f8cc3\"},\"breadcrumb\":{\"@id\":\"https:\/\/blog.solstis.ch\/index.php\/fr\/2017\/05\/29\/cure-denergie-solaire-pour-les-bains-des-paquis-avec-solstis\/#breadcrumb\"},\"inLanguage\":\"fr-FR\",\"potentialAction\":[{\"@type\":\"ReadAction\",\"target\":[\"https:\/\/blog.solstis.ch\/index.php\/fr\/2017\/05\/29\/cure-denergie-solaire-pour-les-bains-des-paquis-avec-solstis\/\"]}]},{\"@type\":\"ImageObject\",\"inLanguage\":\"fr-FR\",\"@id\":\"https:\/\/blog.solstis.ch\/index.php\/fr\/2017\/05\/29\/cure-denergie-solaire-pour-les-bains-des-paquis-avec-solstis\/#primaryimage\",\"url\":\"https:\/\/blog.solstis.ch\/wp-content\/uploads\/2017\/05\/centrale-solaire-bains-des-paquis.png\",\"contentUrl\":\"https:\/\/blog.solstis.ch\/wp-content\/uploads\/2017\/05\/centrale-solaire-bains-des-paquis.png\",\"width\":1200,\"height\":675},{\"@type\":\"BreadcrumbList\",\"@id\":\"https:\/\/blog.solstis.ch\/index.php\/fr\/2017\/05\/29\/cure-denergie-solaire-pour-les-bains-des-paquis-avec-solstis\/#breadcrumb\",\"itemListElement\":[{\"@type\":\"ListItem\",\"position\":1,\"name\":\"Accueil\",\"item\":\"https:\/\/blog.solstis.ch\/index.php\/fr\/blog\/\"},{\"@type\":\"ListItem\",\"position\":2,\"name\":\"Cure d\u2019\u00e9nergie solaire pour les Bains des P\u00e2quis avec Solstis\"}]},{\"@type\":\"WebSite\",\"@id\":\"https:\/\/blog.solstis.ch\/#website\",\"url\":\"https:\/\/blog.solstis.ch\/\",\"name\":\"Solstis\",\"description\":\"Solstis, donner au monde l&#039;\u00e9nergie d&#039;\u00eatre durable.\",\"potentialAction\":[{\"@type\":\"SearchAction\",\"target\":{\"@type\":\"EntryPoint\",\"urlTemplate\":\"https:\/\/blog.solstis.ch\/?s={search_term_string}\"},\"query-input\":{\"@type\":\"PropertyValueSpecification\",\"valueRequired\":true,\"valueName\":\"search_term_string\"}}],\"inLanguage\":\"fr-FR\"},{\"@type\":\"Person\",\"@id\":\"https:\/\/blog.solstis.ch\/#\/schema\/person\/b556469ff22d5ec922e45dae636f8cc3\",\"name\":\"Solstis\",\"image\":{\"@type\":\"ImageObject\",\"inLanguage\":\"fr-FR\",\"@id\":\"https:\/\/blog.solstis.ch\/#\/schema\/person\/image\/\",\"url\":\"https:\/\/secure.gravatar.com\/avatar\/1f706f57779184a0d1328041226868b0?s=96&d=mm&r=g\",\"contentUrl\":\"https:\/\/secure.gravatar.com\/avatar\/1f706f57779184a0d1328041226868b0?s=96&d=mm&r=g\",\"caption\":\"Solstis\"},\"url\":\"https:\/\/blog.solstis.ch\/index.php\/author\/cgrevot\/\"}]}<\/script>\n<!-- \/ Yoast SEO plugin. -->","yoast_head_json":{"title":"Cure d\u2019\u00e9nergie solaire pour les Bains des P\u00e2quis avec Solstis - Solstis","robots":{"index":"index","follow":"follow","max-snippet":"max-snippet:-1","max-image-preview":"max-image-preview:large","max-video-preview":"max-video-preview:-1"},"canonical":"https:\/\/blog.solstis.ch\/index.php\/fr\/2017\/05\/29\/cure-denergie-solaire-pour-les-bains-des-paquis-avec-solstis\/","og_locale":"fr_FR","og_type":"article","og_title":"Cure d\u2019\u00e9nergie solaire pour les Bains des P\u00e2quis avec Solstis - Solstis","og_description":"Situ\u00e9s sur une petite \u00eele de la rive droite du lac L\u00e9man, les Bains des P\u00e2quis sont un lieu tr\u00e8s [&hellip;]","og_url":"https:\/\/blog.solstis.ch\/index.php\/fr\/2017\/05\/29\/cure-denergie-solaire-pour-les-bains-des-paquis-avec-solstis\/","og_site_name":"Solstis","article_published_time":"2017-05-29T08:26:48+00:00","article_modified_time":"2018-09-17T11:49:58+00:00","og_image":[{"width":1200,"height":675,"url":"https:\/\/blog.solstis.ch\/wp-content\/uploads\/2017\/05\/centrale-solaire-bains-des-paquis.png","type":"image\/png"}],"author":"Solstis","twitter_card":"summary_large_image","twitter_misc":{"\u00c9crit par":"Solstis","Dur\u00e9e de lecture estim\u00e9e":"2 minutes"},"schema":{"@context":"https:\/\/schema.org","@graph":[{"@type":"WebPage","@id":"https:\/\/blog.solstis.ch\/index.php\/fr\/2017\/05\/29\/cure-denergie-solaire-pour-les-bains-des-paquis-avec-solstis\/","url":"https:\/\/blog.solstis.ch\/index.php\/fr\/2017\/05\/29\/cure-denergie-solaire-pour-les-bains-des-paquis-avec-solstis\/","name":"Cure d\u2019\u00e9nergie solaire pour les Bains des P\u00e2quis avec Solstis - Solstis","isPartOf":{"@id":"https:\/\/blog.solstis.ch\/#website"},"primaryImageOfPage":{"@id":"https:\/\/blog.solstis.ch\/index.php\/fr\/2017\/05\/29\/cure-denergie-solaire-pour-les-bains-des-paquis-avec-solstis\/#primaryimage"},"image":{"@id":"https:\/\/blog.solstis.ch\/index.php\/fr\/2017\/05\/29\/cure-denergie-solaire-pour-les-bains-des-paquis-avec-solstis\/#primaryimage"},"thumbnailUrl":"https:\/\/blog.solstis.ch\/wp-content\/uploads\/2017\/05\/centrale-solaire-bains-des-paquis.png","datePublished":"2017-05-29T08:26:48+00:00","dateModified":"2018-09-17T11:49:58+00:00","author":{"@id":"https:\/\/blog.solstis.ch\/#\/schema\/person\/b556469ff22d5ec922e45dae636f8cc3"},"breadcrumb":{"@id":"https:\/\/blog.solstis.ch\/index.php\/fr\/2017\/05\/29\/cure-denergie-solaire-pour-les-bains-des-paquis-avec-solstis\/#breadcrumb"},"inLanguage":"fr-FR","potentialAction":[{"@type":"ReadAction","target":["https:\/\/blog.solstis.ch\/index.php\/fr\/2017\/05\/29\/cure-denergie-solaire-pour-les-bains-des-paquis-avec-solstis\/"]}]},{"@type":"ImageObject","inLanguage":"fr-FR","@id":"https:\/\/blog.solstis.ch\/index.php\/fr\/2017\/05\/29\/cure-denergie-solaire-pour-les-bains-des-paquis-avec-solstis\/#primaryimage","url":"https:\/\/blog.solstis.ch\/wp-content\/uploads\/2017\/05\/centrale-solaire-bains-des-paquis.png","contentUrl":"https:\/\/blog.solstis.ch\/wp-content\/uploads\/2017\/05\/centrale-solaire-bains-des-paquis.png","width":1200,"height":675},{"@type":"BreadcrumbList","@id":"https:\/\/blog.solstis.ch\/index.php\/fr\/2017\/05\/29\/cure-denergie-solaire-pour-les-bains-des-paquis-avec-solstis\/#breadcrumb","itemListElement":[{"@type":"ListItem","position":1,"name":"Accueil","item":"https:\/\/blog.solstis.ch\/index.php\/fr\/blog\/"},{"@type":"ListItem","position":2,"name":"Cure d\u2019\u00e9nergie solaire pour les Bains des P\u00e2quis avec Solstis"}]},{"@type":"WebSite","@id":"https:\/\/blog.solstis.ch\/#website","url":"https:\/\/blog.solstis.ch\/","name":"Solstis","description":"Solstis, donner au monde l&#039;\u00e9nergie d&#039;\u00eatre durable.","potentialAction":[{"@type":"SearchAction","target":{"@type":"EntryPoint","urlTemplate":"https:\/\/blog.solstis.ch\/?s={search_term_string}"},"query-input":{"@type":"PropertyValueSpecification","valueRequired":true,"valueName":"search_term_string"}}],"inLanguage":"fr-FR"},{"@type":"Person","@id":"https:\/\/blog.solstis.ch\/#\/schema\/person\/b556469ff22d5ec922e45dae636f8cc3","name":"Solstis","image":{"@type":"ImageObject","inLanguage":"fr-FR","@id":"https:\/\/blog.solstis.ch\/#\/schema\/person\/image\/","url":"https:\/\/secure.gravatar.com\/avatar\/1f706f57779184a0d1328041226868b0?s=96&d=mm&r=g","contentUrl":"https:\/\/secure.gravatar.com\/avatar\/1f706f57779184a0d1328041226868b0?s=96&d=mm&r=g","caption":"Solstis"},"url":"https:\/\/blog.solstis.ch\/index.php\/author\/cgrevot\/"}]}},"jetpack_sharing_enabled":true,"jetpack_featured_media_url":"https:\/\/blog.solstis.ch\/wp-content\/uploads\/2017\/05\/centrale-solaire-bains-des-paquis.png","jetpack_shortlink":"https:\/\/wp.me\/pa0tUs-co","_links":{"self":[{"href":"https:\/\/blog.solstis.ch\/index.php\/wp-json\/wp\/v2\/posts\/768","targetHints":{"allow":["GET"]}}],"collection":[{"href":"https:\/\/blog.solstis.ch\/index.php\/wp-json\/wp\/v2\/posts"}],"about":[{"href":"https:\/\/blog.solstis.ch\/index.php\/wp-json\/wp\/v2\/types\/post"}],"author":[{"embeddable":true,"href":"https:\/\/blog.solstis.ch\/index.php\/wp-json\/wp\/v2\/users\/3"}],"replies":[{"embeddable":true,"href":"https:\/\/blog.solstis.ch\/index.php\/wp-json\/wp\/v2\/comments?post=768"}],"version-history":[{"count":3,"href":"https:\/\/blog.solstis.ch\/index.php\/wp-json\/wp\/v2\/posts\/768\/revisions"}],"predecessor-version":[{"id":773,"href":"https:\/\/blog.solstis.ch\/index.php\/wp-json\/wp\/v2\/posts\/768\/revisions\/773"}],"wp:featuredmedia":[{"embeddable":true,"href":"https:\/\/blog.solstis.ch\/index.php\/wp-json\/wp\/v2\/media\/770"}],"wp:attachment":[{"href":"https:\/\/blog.solstis.ch\/index.php\/wp-json\/wp\/v2\/media?parent=768"}],"wp:term":[{"taxonomy":"category","embeddable":true,"href":"https:\/\/blog.solstis.ch\/index.php\/wp-json\/wp\/v2\/categories?post=768"},{"taxonomy":"post_tag","embeddable":true,"href":"https:\/\/blog.solstis.ch\/index.php\/wp-json\/wp\/v2\/tags?post=768"}],"curies":[{"name":"wp","href":"https:\/\/api.w.org\/{rel}","templated":true}]}}