{"id":763,"date":"2017-05-16T13:32:03","date_gmt":"2017-05-16T12:32:03","guid":{"rendered":"http:\/\/blog.solstis.ch\/?p=763"},"modified":"2018-09-17T12:50:04","modified_gmt":"2018-09-17T11:50:04","slug":"journee-mondiale-de-la-terre-limpression-3d-au-service-des-4-elements","status":"publish","type":"post","link":"https:\/\/blog.solstis.ch\/index.php\/fr\/2017\/05\/16\/journee-mondiale-de-la-terre-limpression-3d-au-service-des-4-elements\/","title":{"rendered":"Journ\u00e9e Mondiale de la Terre : l\u2019impression 3D au service des 4 \u00e9l\u00e9ments"},"content":{"rendered":"<p>Toutes les ressources de la Terre sont pr\u00e9cieuses. L\u2019impression 3D l\u2019a bien compris et cherche sans cesse de nouvelles fa\u00e7ons de pr\u00e9server la nature. Elle repousse toujours plus loin les limites pour trouver des id\u00e9es innovantes et \u00e9cologiques afin d\u2019am\u00e9liorer le monde de demain. A l\u2019occasion de la Journ\u00e9e Mondiale de la Terre qui aura lieu demain, 3Dnatives a voulu rendre hommage \u00e0 notre plan\u00e8te \u00e0 travers les 4 \u00e9l\u00e9ments : la terre, l\u2019eau, le vent et le feu.<br \/>\nDans certains cas, ces \u00e9l\u00e9ments permettent de cr\u00e9er des objets imprim\u00e9s en 3D plus \u00e9cologiques ; dans d\u2019autres, ils sont mis \u00e0 l\u2019honneur et prot\u00e9g\u00e9s par cette technologie.<\/p>\n<p>D\u00e9couvrez la suite de l\u2019article <a href=\"http:\/\/www.3dnatives.com\/journee-mondiale-de-la-terre-21042017\/\" target=\"_blank\">ICI<\/a><br \/>\nSource\u00a0: 3dnatives.com<br \/>\nCr\u00e9dit photo\u00a0: 3dnatives.com<\/p>\n","protected":false},"excerpt":{"rendered":"<p>Toutes les ressources de la Terre sont pr\u00e9cieuses. L\u2019impression 3D l\u2019a bien compris et cherche sans cesse de nouvelles fa\u00e7ons [&hellip;]<\/p>\n","protected":false},"author":3,"featured_media":765,"comment_status":"closed","ping_status":"open","sticky":false,"template":"","format":"standard","meta":{"jetpack_post_was_ever_published":false,"_jetpack_newsletter_access":"","_jetpack_dont_email_post_to_subs":false,"_jetpack_newsletter_tier_id":0,"_jetpack_memberships_contains_paywalled_content":false,"_jetpack_memberships_contains_paid_content":false,"footnotes":"","jetpack_publicize_message":"","jetpack_publicize_feature_enabled":true,"jetpack_social_post_already_shared":false,"jetpack_social_options":{"image_generator_settings":{"template":"highway","enabled":false},"version":2}},"categories":[61],"tags":[],"class_list":["post-763","post","type-post","status-publish","format-standard","has-post-thumbnail","hentry","category-technologie"],"jetpack_publicize_connections":[],"yoast_head":"<!-- This site is optimized with the Yoast SEO plugin v23.8 - https:\/\/yoast.com\/wordpress\/plugins\/seo\/ -->\n<title>Journ\u00e9e Mondiale de la Terre : l\u2019impression 3D au service des 4 \u00e9l\u00e9ments - Solstis<\/title>\n<meta name=\"robots\" content=\"index, follow, max-snippet:-1, max-image-preview:large, max-video-preview:-1\" \/>\n<link rel=\"canonical\" href=\"https:\/\/blog.solstis.ch\/index.php\/fr\/2017\/05\/16\/journee-mondiale-de-la-terre-limpression-3d-au-service-des-4-elements\/\" \/>\n<meta property=\"og:locale\" content=\"fr_FR\" \/>\n<meta property=\"og:type\" content=\"article\" \/>\n<meta property=\"og:title\" content=\"Journ\u00e9e Mondiale de la Terre : l\u2019impression 3D au service des 4 \u00e9l\u00e9ments - Solstis\" \/>\n<meta property=\"og:description\" content=\"Toutes les ressources de la Terre sont pr\u00e9cieuses. L\u2019impression 3D l\u2019a bien compris et cherche sans cesse de nouvelles fa\u00e7ons [&hellip;]\" \/>\n<meta property=\"og:url\" content=\"https:\/\/blog.solstis.ch\/index.php\/fr\/2017\/05\/16\/journee-mondiale-de-la-terre-limpression-3d-au-service-des-4-elements\/\" \/>\n<meta property=\"og:site_name\" content=\"Solstis\" \/>\n<meta property=\"article:published_time\" content=\"2017-05-16T12:32:03+00:00\" \/>\n<meta property=\"article:modified_time\" content=\"2018-09-17T11:50:04+00:00\" \/>\n<meta property=\"og:image\" content=\"https:\/\/blog.solstis.ch\/wp-content\/uploads\/2017\/05\/journee-mondiale-de-la-terre.jpg\" \/>\n\t<meta property=\"og:image:width\" content=\"620\" \/>\n\t<meta property=\"og:image:height\" content=\"330\" \/>\n\t<meta property=\"og:image:type\" content=\"image\/jpeg\" \/>\n<meta name=\"author\" content=\"Solstis\" \/>\n<meta name=\"twitter:card\" content=\"summary_large_image\" \/>\n<meta name=\"twitter:label1\" content=\"\u00c9crit par\" \/>\n\t<meta name=\"twitter:data1\" content=\"Solstis\" \/>\n\t<meta name=\"twitter:label2\" content=\"Dur\u00e9e de lecture estim\u00e9e\" \/>\n\t<meta name=\"twitter:data2\" content=\"1 minute\" \/>\n<script type=\"application\/ld+json\" class=\"yoast-schema-graph\">{\"@context\":\"https:\/\/schema.org\",\"@graph\":[{\"@type\":\"WebPage\",\"@id\":\"https:\/\/blog.solstis.ch\/index.php\/fr\/2017\/05\/16\/journee-mondiale-de-la-terre-limpression-3d-au-service-des-4-elements\/\",\"url\":\"https:\/\/blog.solstis.ch\/index.php\/fr\/2017\/05\/16\/journee-mondiale-de-la-terre-limpression-3d-au-service-des-4-elements\/\",\"name\":\"Journ\u00e9e Mondiale de la Terre : l\u2019impression 3D au service des 4 \u00e9l\u00e9ments - Solstis\",\"isPartOf\":{\"@id\":\"https:\/\/blog.solstis.ch\/#website\"},\"primaryImageOfPage\":{\"@id\":\"https:\/\/blog.solstis.ch\/index.php\/fr\/2017\/05\/16\/journee-mondiale-de-la-terre-limpression-3d-au-service-des-4-elements\/#primaryimage\"},\"image\":{\"@id\":\"https:\/\/blog.solstis.ch\/index.php\/fr\/2017\/05\/16\/journee-mondiale-de-la-terre-limpression-3d-au-service-des-4-elements\/#primaryimage\"},\"thumbnailUrl\":\"https:\/\/blog.solstis.ch\/wp-content\/uploads\/2017\/05\/journee-mondiale-de-la-terre.jpg\",\"datePublished\":\"2017-05-16T12:32:03+00:00\",\"dateModified\":\"2018-09-17T11:50:04+00:00\",\"author\":{\"@id\":\"https:\/\/blog.solstis.ch\/#\/schema\/person\/b556469ff22d5ec922e45dae636f8cc3\"},\"breadcrumb\":{\"@id\":\"https:\/\/blog.solstis.ch\/index.php\/fr\/2017\/05\/16\/journee-mondiale-de-la-terre-limpression-3d-au-service-des-4-elements\/#breadcrumb\"},\"inLanguage\":\"fr-FR\",\"potentialAction\":[{\"@type\":\"ReadAction\",\"target\":[\"https:\/\/blog.solstis.ch\/index.php\/fr\/2017\/05\/16\/journee-mondiale-de-la-terre-limpression-3d-au-service-des-4-elements\/\"]}]},{\"@type\":\"ImageObject\",\"inLanguage\":\"fr-FR\",\"@id\":\"https:\/\/blog.solstis.ch\/index.php\/fr\/2017\/05\/16\/journee-mondiale-de-la-terre-limpression-3d-au-service-des-4-elements\/#primaryimage\",\"url\":\"https:\/\/blog.solstis.ch\/wp-content\/uploads\/2017\/05\/journee-mondiale-de-la-terre.jpg\",\"contentUrl\":\"https:\/\/blog.solstis.ch\/wp-content\/uploads\/2017\/05\/journee-mondiale-de-la-terre.jpg\",\"width\":620,\"height\":330,\"caption\":\"Journee mondiale de la terre\"},{\"@type\":\"BreadcrumbList\",\"@id\":\"https:\/\/blog.solstis.ch\/index.php\/fr\/2017\/05\/16\/journee-mondiale-de-la-terre-limpression-3d-au-service-des-4-elements\/#breadcrumb\",\"itemListElement\":[{\"@type\":\"ListItem\",\"position\":1,\"name\":\"Accueil\",\"item\":\"https:\/\/blog.solstis.ch\/index.php\/fr\/blog\/\"},{\"@type\":\"ListItem\",\"position\":2,\"name\":\"Journ\u00e9e Mondiale de la Terre : l\u2019impression 3D au service des 4 \u00e9l\u00e9ments\"}]},{\"@type\":\"WebSite\",\"@id\":\"https:\/\/blog.solstis.ch\/#website\",\"url\":\"https:\/\/blog.solstis.ch\/\",\"name\":\"Solstis\",\"description\":\"Solstis, donner au monde l&#039;\u00e9nergie d&#039;\u00eatre durable.\",\"potentialAction\":[{\"@type\":\"SearchAction\",\"target\":{\"@type\":\"EntryPoint\",\"urlTemplate\":\"https:\/\/blog.solstis.ch\/?s={search_term_string}\"},\"query-input\":{\"@type\":\"PropertyValueSpecification\",\"valueRequired\":true,\"valueName\":\"search_term_string\"}}],\"inLanguage\":\"fr-FR\"},{\"@type\":\"Person\",\"@id\":\"https:\/\/blog.solstis.ch\/#\/schema\/person\/b556469ff22d5ec922e45dae636f8cc3\",\"name\":\"Solstis\",\"image\":{\"@type\":\"ImageObject\",\"inLanguage\":\"fr-FR\",\"@id\":\"https:\/\/blog.solstis.ch\/#\/schema\/person\/image\/\",\"url\":\"https:\/\/secure.gravatar.com\/avatar\/1f706f57779184a0d1328041226868b0?s=96&d=mm&r=g\",\"contentUrl\":\"https:\/\/secure.gravatar.com\/avatar\/1f706f57779184a0d1328041226868b0?s=96&d=mm&r=g\",\"caption\":\"Solstis\"},\"url\":\"https:\/\/blog.solstis.ch\/index.php\/author\/cgrevot\/\"}]}<\/script>\n<!-- \/ Yoast SEO plugin. -->","yoast_head_json":{"title":"Journ\u00e9e Mondiale de la Terre : l\u2019impression 3D au service des 4 \u00e9l\u00e9ments - Solstis","robots":{"index":"index","follow":"follow","max-snippet":"max-snippet:-1","max-image-preview":"max-image-preview:large","max-video-preview":"max-video-preview:-1"},"canonical":"https:\/\/blog.solstis.ch\/index.php\/fr\/2017\/05\/16\/journee-mondiale-de-la-terre-limpression-3d-au-service-des-4-elements\/","og_locale":"fr_FR","og_type":"article","og_title":"Journ\u00e9e Mondiale de la Terre : l\u2019impression 3D au service des 4 \u00e9l\u00e9ments - Solstis","og_description":"Toutes les ressources de la Terre sont pr\u00e9cieuses. L\u2019impression 3D l\u2019a bien compris et cherche sans cesse de nouvelles fa\u00e7ons [&hellip;]","og_url":"https:\/\/blog.solstis.ch\/index.php\/fr\/2017\/05\/16\/journee-mondiale-de-la-terre-limpression-3d-au-service-des-4-elements\/","og_site_name":"Solstis","article_published_time":"2017-05-16T12:32:03+00:00","article_modified_time":"2018-09-17T11:50:04+00:00","og_image":[{"width":620,"height":330,"url":"https:\/\/blog.solstis.ch\/wp-content\/uploads\/2017\/05\/journee-mondiale-de-la-terre.jpg","type":"image\/jpeg"}],"author":"Solstis","twitter_card":"summary_large_image","twitter_misc":{"\u00c9crit par":"Solstis","Dur\u00e9e de lecture estim\u00e9e":"1 minute"},"schema":{"@context":"https:\/\/schema.org","@graph":[{"@type":"WebPage","@id":"https:\/\/blog.solstis.ch\/index.php\/fr\/2017\/05\/16\/journee-mondiale-de-la-terre-limpression-3d-au-service-des-4-elements\/","url":"https:\/\/blog.solstis.ch\/index.php\/fr\/2017\/05\/16\/journee-mondiale-de-la-terre-limpression-3d-au-service-des-4-elements\/","name":"Journ\u00e9e Mondiale de la Terre : l\u2019impression 3D au service des 4 \u00e9l\u00e9ments - Solstis","isPartOf":{"@id":"https:\/\/blog.solstis.ch\/#website"},"primaryImageOfPage":{"@id":"https:\/\/blog.solstis.ch\/index.php\/fr\/2017\/05\/16\/journee-mondiale-de-la-terre-limpression-3d-au-service-des-4-elements\/#primaryimage"},"image":{"@id":"https:\/\/blog.solstis.ch\/index.php\/fr\/2017\/05\/16\/journee-mondiale-de-la-terre-limpression-3d-au-service-des-4-elements\/#primaryimage"},"thumbnailUrl":"https:\/\/blog.solstis.ch\/wp-content\/uploads\/2017\/05\/journee-mondiale-de-la-terre.jpg","datePublished":"2017-05-16T12:32:03+00:00","dateModified":"2018-09-17T11:50:04+00:00","author":{"@id":"https:\/\/blog.solstis.ch\/#\/schema\/person\/b556469ff22d5ec922e45dae636f8cc3"},"breadcrumb":{"@id":"https:\/\/blog.solstis.ch\/index.php\/fr\/2017\/05\/16\/journee-mondiale-de-la-terre-limpression-3d-au-service-des-4-elements\/#breadcrumb"},"inLanguage":"fr-FR","potentialAction":[{"@type":"ReadAction","target":["https:\/\/blog.solstis.ch\/index.php\/fr\/2017\/05\/16\/journee-mondiale-de-la-terre-limpression-3d-au-service-des-4-elements\/"]}]},{"@type":"ImageObject","inLanguage":"fr-FR","@id":"https:\/\/blog.solstis.ch\/index.php\/fr\/2017\/05\/16\/journee-mondiale-de-la-terre-limpression-3d-au-service-des-4-elements\/#primaryimage","url":"https:\/\/blog.solstis.ch\/wp-content\/uploads\/2017\/05\/journee-mondiale-de-la-terre.jpg","contentUrl":"https:\/\/blog.solstis.ch\/wp-content\/uploads\/2017\/05\/journee-mondiale-de-la-terre.jpg","width":620,"height":330,"caption":"Journee mondiale de la terre"},{"@type":"BreadcrumbList","@id":"https:\/\/blog.solstis.ch\/index.php\/fr\/2017\/05\/16\/journee-mondiale-de-la-terre-limpression-3d-au-service-des-4-elements\/#breadcrumb","itemListElement":[{"@type":"ListItem","position":1,"name":"Accueil","item":"https:\/\/blog.solstis.ch\/index.php\/fr\/blog\/"},{"@type":"ListItem","position":2,"name":"Journ\u00e9e Mondiale de la Terre : l\u2019impression 3D au service des 4 \u00e9l\u00e9ments"}]},{"@type":"WebSite","@id":"https:\/\/blog.solstis.ch\/#website","url":"https:\/\/blog.solstis.ch\/","name":"Solstis","description":"Solstis, donner au monde l&#039;\u00e9nergie d&#039;\u00eatre durable.","potentialAction":[{"@type":"SearchAction","target":{"@type":"EntryPoint","urlTemplate":"https:\/\/blog.solstis.ch\/?s={search_term_string}"},"query-input":{"@type":"PropertyValueSpecification","valueRequired":true,"valueName":"search_term_string"}}],"inLanguage":"fr-FR"},{"@type":"Person","@id":"https:\/\/blog.solstis.ch\/#\/schema\/person\/b556469ff22d5ec922e45dae636f8cc3","name":"Solstis","image":{"@type":"ImageObject","inLanguage":"fr-FR","@id":"https:\/\/blog.solstis.ch\/#\/schema\/person\/image\/","url":"https:\/\/secure.gravatar.com\/avatar\/1f706f57779184a0d1328041226868b0?s=96&d=mm&r=g","contentUrl":"https:\/\/secure.gravatar.com\/avatar\/1f706f57779184a0d1328041226868b0?s=96&d=mm&r=g","caption":"Solstis"},"url":"https:\/\/blog.solstis.ch\/index.php\/author\/cgrevot\/"}]}},"jetpack_sharing_enabled":true,"jetpack_featured_media_url":"https:\/\/blog.solstis.ch\/wp-content\/uploads\/2017\/05\/journee-mondiale-de-la-terre.jpg","jetpack_shortlink":"https:\/\/wp.me\/pa0tUs-cj","_links":{"self":[{"href":"https:\/\/blog.solstis.ch\/index.php\/wp-json\/wp\/v2\/posts\/763","targetHints":{"allow":["GET"]}}],"collection":[{"href":"https:\/\/blog.solstis.ch\/index.php\/wp-json\/wp\/v2\/posts"}],"about":[{"href":"https:\/\/blog.solstis.ch\/index.php\/wp-json\/wp\/v2\/types\/post"}],"author":[{"embeddable":true,"href":"https:\/\/blog.solstis.ch\/index.php\/wp-json\/wp\/v2\/users\/3"}],"replies":[{"embeddable":true,"href":"https:\/\/blog.solstis.ch\/index.php\/wp-json\/wp\/v2\/comments?post=763"}],"version-history":[{"count":2,"href":"https:\/\/blog.solstis.ch\/index.php\/wp-json\/wp\/v2\/posts\/763\/revisions"}],"predecessor-version":[{"id":766,"href":"https:\/\/blog.solstis.ch\/index.php\/wp-json\/wp\/v2\/posts\/763\/revisions\/766"}],"wp:featuredmedia":[{"embeddable":true,"href":"https:\/\/blog.solstis.ch\/index.php\/wp-json\/wp\/v2\/media\/765"}],"wp:attachment":[{"href":"https:\/\/blog.solstis.ch\/index.php\/wp-json\/wp\/v2\/media?parent=763"}],"wp:term":[{"taxonomy":"category","embeddable":true,"href":"https:\/\/blog.solstis.ch\/index.php\/wp-json\/wp\/v2\/categories?post=763"},{"taxonomy":"post_tag","embeddable":true,"href":"https:\/\/blog.solstis.ch\/index.php\/wp-json\/wp\/v2\/tags?post=763"}],"curies":[{"name":"wp","href":"https:\/\/api.w.org\/{rel}","templated":true}]}}