{"id":727,"date":"2017-04-27T10:54:52","date_gmt":"2017-04-27T09:54:52","guid":{"rendered":"http:\/\/blog.solstis.ch\/?p=727"},"modified":"2017-05-30T17:06:04","modified_gmt":"2017-05-30T16:06:04","slug":"727","status":"publish","type":"post","link":"https:\/\/blog.solstis.ch\/index.php\/fr\/2017\/04\/27\/727\/","title":{"rendered":"Tous producteurs d\u2019\u00e9nergie  solaire avec Solstis !"},"content":{"rendered":"<p><strong>Si comme le dit l\u2019adage, \u00ab\u00a0le soleil brille pour tout le monde\u00a0\u00bb c<\/strong><strong>hacun devrait pouvoir profiter de son \u00e9nergie au quotidien. L\u2019id\u00e9e peut sembler utopique et pourtant, depuis 2016, la premi\u00e8re Coop\u00e9rative Solaire de Neuch\u00e2tel est une r\u00e9alit\u00e9. En collaboration avec Solstis, elle permet \u00e0 tous de devenir producteurs d\u2019\u00e9nergie solaire.<\/strong><\/p>\n<p><strong>Une id\u00e9e simple et lumineuse<\/strong><\/p>\n<p>Depuis plusieurs ann\u00e9es, Neuch\u00e2tel m\u00e8ne une politique de soutien au photovolta\u00efque qui permet aux particuliers porteurs d\u2019un projet de b\u00e9n\u00e9ficier d\u2019un subside. Mais \u00e0 condition qu\u2019ils soient propri\u00e9taires. Un peu dommage pour une ville qui compte une grande majorit\u00e9 de locataires.<br \/>\nC\u2019est ce paradoxe qui a pouss\u00e9 Diego Fisher \u00e0 cr\u00e9er la Coop\u00e9rative Solaire de Neuch\u00e2tel. Son id\u00e9e\u00a0: ouvrir la production d\u2019\u00e9nergie solaire aux locataires via une participation.<\/p>\n<p><strong>Des rencontres \u00e9nergisantes<\/strong><\/p>\n<p>L\u2019homme, sp\u00e9cialiste reconnu du solaire, r\u00e9unit une \u00e9quipe et pr\u00e9sente son projet \u00e0 la ville. Ensemble, ils identifient les endroits \u00e0 forte consommation pour g\u00e9n\u00e9rer de l\u2019auto-consommation: consommer sur place l\u2019\u00e9nergie produite.<br \/>\nUn coll\u00e8ge est finalement choisi pour exp\u00e9rimenter le concept. Apr\u00e8s la souscription, la demande de construire, une demande d\u2019offre priv\u00e9e &#8211; coop\u00e9rative oblige &#8211; est faite aupr\u00e8s de nombreuses entreprises. C\u2019est Solstis qui sera s\u00e9lectionn\u00e9e.<br \/>\nDiego Fisher est cat\u00e9gorique\u00a0: \u00ab\u00a0l\u2019offre de Solstis \u00e9tait la meilleure\u00a0: tr\u00e8s claire, d\u2019un excellent niveau qualit\u00e9-prix.<br \/>\nLeur philosophie et leur \u00e9thique \u00e9taient semblables aux n\u00f4tres.\u00a0\u00bb<\/p>\n<p><strong>Un chantier rapide et pointu<\/strong><\/p>\n<p><a href=\"http:\/\/blog.solstis.ch\/wp-content\/uploads\/2017\/04\/Visuel-2-article-Solstis1.jpg\"><img loading=\"lazy\" decoding=\"async\" class=\"wp-image-736 size-medium alignleft\" src=\"http:\/\/blog.solstis.ch\/wp-content\/uploads\/2017\/04\/Visuel-2-article-Solstis1-300x225.jpg\" alt=\"production energie solaire projet locataire equipe article solstis\" width=\"300\" height=\"225\" srcset=\"https:\/\/blog.solstis.ch\/wp-content\/uploads\/2017\/04\/Visuel-2-article-Solstis1-300x225.jpg 300w, https:\/\/blog.solstis.ch\/wp-content\/uploads\/2017\/04\/Visuel-2-article-Solstis1-1024x768.jpg 1024w, https:\/\/blog.solstis.ch\/wp-content\/uploads\/2017\/04\/Visuel-2-article-Solstis1-400x300.jpg 400w\" sizes=\"auto, (max-width: 300px) 100vw, 300px\" \/><\/a>Les 1000 m2 de panneaux photovolta\u00efques sont install\u00e9s sur le toit du coll\u00e8ge. Ils fourniront l\u2019\u00e9quivalent de la consommation de 30 m\u00e9nages. Le coll\u00e8ge en b\u00e9n\u00e9ficiera prioritairement et le surplus sera inject\u00e9 dans le r\u00e9seau.<br \/>\nLes coop\u00e9rateurs recup\u00e8reront leur argent gr\u00e2ce\u00e0 une baisse de leur facture d\u2019\u00e9lectricit\u00e9 et dans 25 ans \u2013 le rendement \u00e9tant de 1%- ils auront amorti leur investissement.<\/p>\n<p>Le chantier a d\u00e9marr\u00e9 apr\u00e8s un an de n\u00e9gociation et a \u00e9t\u00e9 r\u00e9alis\u00e9 en trois semaines.<\/p>\n<p>\u00ab\u00a0Tout se passe extr\u00eamement bien. Il faut dire que l\u2019entreprise Solstis est pionni\u00e8re dans le domaine\u00a0! 25 ans d\u2019exp\u00e9rience\u00a0!\u00a0\u00bb ajoute Diego Fisher.<\/p>\n<p><strong>Une collaboration qui aura certainement des suites, car comment ne pas \u00eatre enthousiaste \u00e0 l\u2019id\u00e9e de permettre aux plus modestes de devenir producteurs d\u2019\u00e9nergie solaire\u00a0?<\/strong><\/p>\n<p>Cr\u00e9dit photo : \u00a9coopsol<\/p>\n","protected":false},"excerpt":{"rendered":"<p>Si comme le dit l\u2019adage, \u00ab\u00a0le soleil brille pour tout le monde\u00a0\u00bb chacun devrait pouvoir profiter de son \u00e9nergie au [&hellip;]<\/p>\n","protected":false},"author":3,"featured_media":754,"comment_status":"open","ping_status":"open","sticky":false,"template":"","format":"standard","meta":{"jetpack_post_was_ever_published":false,"_jetpack_newsletter_access":"","_jetpack_dont_email_post_to_subs":false,"_jetpack_newsletter_tier_id":0,"_jetpack_memberships_contains_paywalled_content":false,"_jetpack_memberships_contains_paid_content":false,"footnotes":"","jetpack_publicize_message":"","jetpack_publicize_feature_enabled":true,"jetpack_social_post_already_shared":false,"jetpack_social_options":{"image_generator_settings":{"template":"highway","enabled":false},"version":2}},"categories":[224],"tags":[],"class_list":["post-727","post","type-post","status-publish","format-standard","has-post-thumbnail","hentry","category-solstis"],"jetpack_publicize_connections":[],"yoast_head":"<!-- This site is optimized with the Yoast SEO plugin v23.8 - https:\/\/yoast.com\/wordpress\/plugins\/seo\/ -->\n<title>Tous producteurs d\u2019\u00e9nergie solaire avec Solstis ! - Solstis<\/title>\n<meta name=\"robots\" content=\"index, follow, max-snippet:-1, max-image-preview:large, max-video-preview:-1\" \/>\n<link rel=\"canonical\" href=\"https:\/\/blog.solstis.ch\/index.php\/fr\/2017\/04\/27\/727\/\" \/>\n<meta property=\"og:locale\" content=\"fr_FR\" \/>\n<meta property=\"og:type\" content=\"article\" \/>\n<meta property=\"og:title\" content=\"Tous producteurs d\u2019\u00e9nergie solaire avec Solstis ! - Solstis\" \/>\n<meta property=\"og:description\" content=\"Si comme le dit l\u2019adage, \u00ab\u00a0le soleil brille pour tout le monde\u00a0\u00bb chacun devrait pouvoir profiter de son \u00e9nergie au [&hellip;]\" \/>\n<meta property=\"og:url\" content=\"https:\/\/blog.solstis.ch\/index.php\/fr\/2017\/04\/27\/727\/\" \/>\n<meta property=\"og:site_name\" content=\"Solstis\" \/>\n<meta property=\"article:published_time\" content=\"2017-04-27T09:54:52+00:00\" \/>\n<meta property=\"article:modified_time\" content=\"2017-05-30T16:06:04+00:00\" \/>\n<meta property=\"og:image\" content=\"https:\/\/blog.solstis.ch\/wp-content\/uploads\/2017\/04\/Visuel-1-article-Solstis-avril-21081.jpg\" \/>\n\t<meta property=\"og:image:width\" content=\"1200\" \/>\n\t<meta property=\"og:image:height\" content=\"646\" \/>\n\t<meta property=\"og:image:type\" content=\"image\/jpeg\" \/>\n<meta name=\"author\" content=\"Solstis\" \/>\n<meta name=\"twitter:card\" content=\"summary_large_image\" \/>\n<meta name=\"twitter:label1\" content=\"\u00c9crit par\" \/>\n\t<meta name=\"twitter:data1\" content=\"Solstis\" \/>\n\t<meta name=\"twitter:label2\" content=\"Dur\u00e9e de lecture estim\u00e9e\" \/>\n\t<meta name=\"twitter:data2\" content=\"2 minutes\" \/>\n<script type=\"application\/ld+json\" class=\"yoast-schema-graph\">{\"@context\":\"https:\/\/schema.org\",\"@graph\":[{\"@type\":\"WebPage\",\"@id\":\"https:\/\/blog.solstis.ch\/index.php\/fr\/2017\/04\/27\/727\/\",\"url\":\"https:\/\/blog.solstis.ch\/index.php\/fr\/2017\/04\/27\/727\/\",\"name\":\"Tous producteurs d\u2019\u00e9nergie solaire avec Solstis ! - Solstis\",\"isPartOf\":{\"@id\":\"https:\/\/blog.solstis.ch\/#website\"},\"primaryImageOfPage\":{\"@id\":\"https:\/\/blog.solstis.ch\/index.php\/fr\/2017\/04\/27\/727\/#primaryimage\"},\"image\":{\"@id\":\"https:\/\/blog.solstis.ch\/index.php\/fr\/2017\/04\/27\/727\/#primaryimage\"},\"thumbnailUrl\":\"https:\/\/blog.solstis.ch\/wp-content\/uploads\/2017\/04\/Visuel-1-article-Solstis-avril-21081.jpg\",\"datePublished\":\"2017-04-27T09:54:52+00:00\",\"dateModified\":\"2017-05-30T16:06:04+00:00\",\"author\":{\"@id\":\"https:\/\/blog.solstis.ch\/#\/schema\/person\/b556469ff22d5ec922e45dae636f8cc3\"},\"breadcrumb\":{\"@id\":\"https:\/\/blog.solstis.ch\/index.php\/fr\/2017\/04\/27\/727\/#breadcrumb\"},\"inLanguage\":\"fr-FR\",\"potentialAction\":[{\"@type\":\"ReadAction\",\"target\":[\"https:\/\/blog.solstis.ch\/index.php\/fr\/2017\/04\/27\/727\/\"]}]},{\"@type\":\"ImageObject\",\"inLanguage\":\"fr-FR\",\"@id\":\"https:\/\/blog.solstis.ch\/index.php\/fr\/2017\/04\/27\/727\/#primaryimage\",\"url\":\"https:\/\/blog.solstis.ch\/wp-content\/uploads\/2017\/04\/Visuel-1-article-Solstis-avril-21081.jpg\",\"contentUrl\":\"https:\/\/blog.solstis.ch\/wp-content\/uploads\/2017\/04\/Visuel-1-article-Solstis-avril-21081.jpg\",\"width\":1200,\"height\":646,\"caption\":\"production energie solaire projet locataire article solstis\"},{\"@type\":\"BreadcrumbList\",\"@id\":\"https:\/\/blog.solstis.ch\/index.php\/fr\/2017\/04\/27\/727\/#breadcrumb\",\"itemListElement\":[{\"@type\":\"ListItem\",\"position\":1,\"name\":\"Accueil\",\"item\":\"https:\/\/blog.solstis.ch\/index.php\/fr\/blog\/\"},{\"@type\":\"ListItem\",\"position\":2,\"name\":\"Tous producteurs d\u2019\u00e9nergie solaire avec Solstis !\"}]},{\"@type\":\"WebSite\",\"@id\":\"https:\/\/blog.solstis.ch\/#website\",\"url\":\"https:\/\/blog.solstis.ch\/\",\"name\":\"Solstis\",\"description\":\"Solstis, donner au monde l&#039;\u00e9nergie d&#039;\u00eatre durable.\",\"potentialAction\":[{\"@type\":\"SearchAction\",\"target\":{\"@type\":\"EntryPoint\",\"urlTemplate\":\"https:\/\/blog.solstis.ch\/?s={search_term_string}\"},\"query-input\":{\"@type\":\"PropertyValueSpecification\",\"valueRequired\":true,\"valueName\":\"search_term_string\"}}],\"inLanguage\":\"fr-FR\"},{\"@type\":\"Person\",\"@id\":\"https:\/\/blog.solstis.ch\/#\/schema\/person\/b556469ff22d5ec922e45dae636f8cc3\",\"name\":\"Solstis\",\"image\":{\"@type\":\"ImageObject\",\"inLanguage\":\"fr-FR\",\"@id\":\"https:\/\/blog.solstis.ch\/#\/schema\/person\/image\/\",\"url\":\"https:\/\/secure.gravatar.com\/avatar\/1f706f57779184a0d1328041226868b0?s=96&d=mm&r=g\",\"contentUrl\":\"https:\/\/secure.gravatar.com\/avatar\/1f706f57779184a0d1328041226868b0?s=96&d=mm&r=g\",\"caption\":\"Solstis\"},\"url\":\"https:\/\/blog.solstis.ch\/index.php\/author\/cgrevot\/\"}]}<\/script>\n<!-- \/ Yoast SEO plugin. -->","yoast_head_json":{"title":"Tous producteurs d\u2019\u00e9nergie solaire avec Solstis ! - Solstis","robots":{"index":"index","follow":"follow","max-snippet":"max-snippet:-1","max-image-preview":"max-image-preview:large","max-video-preview":"max-video-preview:-1"},"canonical":"https:\/\/blog.solstis.ch\/index.php\/fr\/2017\/04\/27\/727\/","og_locale":"fr_FR","og_type":"article","og_title":"Tous producteurs d\u2019\u00e9nergie solaire avec Solstis ! - Solstis","og_description":"Si comme le dit l\u2019adage, \u00ab\u00a0le soleil brille pour tout le monde\u00a0\u00bb chacun devrait pouvoir profiter de son \u00e9nergie au [&hellip;]","og_url":"https:\/\/blog.solstis.ch\/index.php\/fr\/2017\/04\/27\/727\/","og_site_name":"Solstis","article_published_time":"2017-04-27T09:54:52+00:00","article_modified_time":"2017-05-30T16:06:04+00:00","og_image":[{"width":1200,"height":646,"url":"https:\/\/blog.solstis.ch\/wp-content\/uploads\/2017\/04\/Visuel-1-article-Solstis-avril-21081.jpg","type":"image\/jpeg"}],"author":"Solstis","twitter_card":"summary_large_image","twitter_misc":{"\u00c9crit par":"Solstis","Dur\u00e9e de lecture estim\u00e9e":"2 minutes"},"schema":{"@context":"https:\/\/schema.org","@graph":[{"@type":"WebPage","@id":"https:\/\/blog.solstis.ch\/index.php\/fr\/2017\/04\/27\/727\/","url":"https:\/\/blog.solstis.ch\/index.php\/fr\/2017\/04\/27\/727\/","name":"Tous producteurs d\u2019\u00e9nergie solaire avec Solstis ! - Solstis","isPartOf":{"@id":"https:\/\/blog.solstis.ch\/#website"},"primaryImageOfPage":{"@id":"https:\/\/blog.solstis.ch\/index.php\/fr\/2017\/04\/27\/727\/#primaryimage"},"image":{"@id":"https:\/\/blog.solstis.ch\/index.php\/fr\/2017\/04\/27\/727\/#primaryimage"},"thumbnailUrl":"https:\/\/blog.solstis.ch\/wp-content\/uploads\/2017\/04\/Visuel-1-article-Solstis-avril-21081.jpg","datePublished":"2017-04-27T09:54:52+00:00","dateModified":"2017-05-30T16:06:04+00:00","author":{"@id":"https:\/\/blog.solstis.ch\/#\/schema\/person\/b556469ff22d5ec922e45dae636f8cc3"},"breadcrumb":{"@id":"https:\/\/blog.solstis.ch\/index.php\/fr\/2017\/04\/27\/727\/#breadcrumb"},"inLanguage":"fr-FR","potentialAction":[{"@type":"ReadAction","target":["https:\/\/blog.solstis.ch\/index.php\/fr\/2017\/04\/27\/727\/"]}]},{"@type":"ImageObject","inLanguage":"fr-FR","@id":"https:\/\/blog.solstis.ch\/index.php\/fr\/2017\/04\/27\/727\/#primaryimage","url":"https:\/\/blog.solstis.ch\/wp-content\/uploads\/2017\/04\/Visuel-1-article-Solstis-avril-21081.jpg","contentUrl":"https:\/\/blog.solstis.ch\/wp-content\/uploads\/2017\/04\/Visuel-1-article-Solstis-avril-21081.jpg","width":1200,"height":646,"caption":"production energie solaire projet locataire article solstis"},{"@type":"BreadcrumbList","@id":"https:\/\/blog.solstis.ch\/index.php\/fr\/2017\/04\/27\/727\/#breadcrumb","itemListElement":[{"@type":"ListItem","position":1,"name":"Accueil","item":"https:\/\/blog.solstis.ch\/index.php\/fr\/blog\/"},{"@type":"ListItem","position":2,"name":"Tous producteurs d\u2019\u00e9nergie solaire avec Solstis !"}]},{"@type":"WebSite","@id":"https:\/\/blog.solstis.ch\/#website","url":"https:\/\/blog.solstis.ch\/","name":"Solstis","description":"Solstis, donner au monde l&#039;\u00e9nergie d&#039;\u00eatre durable.","potentialAction":[{"@type":"SearchAction","target":{"@type":"EntryPoint","urlTemplate":"https:\/\/blog.solstis.ch\/?s={search_term_string}"},"query-input":{"@type":"PropertyValueSpecification","valueRequired":true,"valueName":"search_term_string"}}],"inLanguage":"fr-FR"},{"@type":"Person","@id":"https:\/\/blog.solstis.ch\/#\/schema\/person\/b556469ff22d5ec922e45dae636f8cc3","name":"Solstis","image":{"@type":"ImageObject","inLanguage":"fr-FR","@id":"https:\/\/blog.solstis.ch\/#\/schema\/person\/image\/","url":"https:\/\/secure.gravatar.com\/avatar\/1f706f57779184a0d1328041226868b0?s=96&d=mm&r=g","contentUrl":"https:\/\/secure.gravatar.com\/avatar\/1f706f57779184a0d1328041226868b0?s=96&d=mm&r=g","caption":"Solstis"},"url":"https:\/\/blog.solstis.ch\/index.php\/author\/cgrevot\/"}]}},"jetpack_sharing_enabled":true,"jetpack_featured_media_url":"https:\/\/blog.solstis.ch\/wp-content\/uploads\/2017\/04\/Visuel-1-article-Solstis-avril-21081.jpg","jetpack_shortlink":"https:\/\/wp.me\/sa0tUs-727","_links":{"self":[{"href":"https:\/\/blog.solstis.ch\/index.php\/wp-json\/wp\/v2\/posts\/727","targetHints":{"allow":["GET"]}}],"collection":[{"href":"https:\/\/blog.solstis.ch\/index.php\/wp-json\/wp\/v2\/posts"}],"about":[{"href":"https:\/\/blog.solstis.ch\/index.php\/wp-json\/wp\/v2\/types\/post"}],"author":[{"embeddable":true,"href":"https:\/\/blog.solstis.ch\/index.php\/wp-json\/wp\/v2\/users\/3"}],"replies":[{"embeddable":true,"href":"https:\/\/blog.solstis.ch\/index.php\/wp-json\/wp\/v2\/comments?post=727"}],"version-history":[{"count":24,"href":"https:\/\/blog.solstis.ch\/index.php\/wp-json\/wp\/v2\/posts\/727\/revisions"}],"predecessor-version":[{"id":756,"href":"https:\/\/blog.solstis.ch\/index.php\/wp-json\/wp\/v2\/posts\/727\/revisions\/756"}],"wp:featuredmedia":[{"embeddable":true,"href":"https:\/\/blog.solstis.ch\/index.php\/wp-json\/wp\/v2\/media\/754"}],"wp:attachment":[{"href":"https:\/\/blog.solstis.ch\/index.php\/wp-json\/wp\/v2\/media?parent=727"}],"wp:term":[{"taxonomy":"category","embeddable":true,"href":"https:\/\/blog.solstis.ch\/index.php\/wp-json\/wp\/v2\/categories?post=727"},{"taxonomy":"post_tag","embeddable":true,"href":"https:\/\/blog.solstis.ch\/index.php\/wp-json\/wp\/v2\/tags?post=727"}],"curies":[{"name":"wp","href":"https:\/\/api.w.org\/{rel}","templated":true}]}}