{"id":724,"date":"2017-04-27T08:02:28","date_gmt":"2017-04-27T07:02:28","guid":{"rendered":"http:\/\/blog.solstis.ch\/?p=724"},"modified":"2018-09-17T12:50:18","modified_gmt":"2018-09-17T11:50:18","slug":"et-si-leurope-misait-sur-une-ile-artificielle-pour-salimenter-en-electricite","status":"publish","type":"post","link":"https:\/\/blog.solstis.ch\/index.php\/fr\/2017\/04\/27\/et-si-leurope-misait-sur-une-ile-artificielle-pour-salimenter-en-electricite\/","title":{"rendered":"Et si l\u2019Europe misait sur une \u00eele artificielle pour s\u2019alimenter en \u00e9lectricit\u00e9 ?"},"content":{"rendered":"<p><strong>Deux entreprises hollandaise et danoise veulent construire une \u00eele artificielle en pleine mer du Nord pour alimenter en \u00e9lectricit\u00e9 80 millions d&rsquo;Europ\u00e9ens gr\u00e2ce \u00e0 une combinaison de 7 000 \u00e9oliennes et de panneaux solaires. Un projet ambitieux qui doit encore convaincre les pays concern\u00e9s.<\/strong><\/p>\n<p>Tandis que la Chine et l\u2019Inde construisent de longues \u00e9tendues de panneaux photovolta\u00efques, et qu\u2019Elon Musk \u00e9quipe les \u00eeles hawa\u00efennes de centrales solaires Tesla, l\u2019Europe pourrait bient\u00f4t marquer un grand coup dans cette course \u00e0 l\u2019\u00e9nergie renouvelable.<\/p>\n<p>D\u00e9couvrez la suite de l\u2019article <a href=\"http:\/\/www.numerama.com\/sciences\/240494-et-si-leurope-misait-sur-une-ile-artificielle-pour-salimenter-en-electricite.html\" target=\"_blank\">ICI<\/a><br \/>\nSource\u00a0: numerama.com<br \/>\nCr\u00e9dit photo\u00a0: \u00a9numerama.com<\/p>\n","protected":false},"excerpt":{"rendered":"<p>Deux entreprises hollandaise et danoise veulent construire une \u00eele artificielle en pleine mer du Nord pour alimenter en \u00e9lectricit\u00e9 80 [&hellip;]<\/p>\n","protected":false},"author":3,"featured_media":726,"comment_status":"closed","ping_status":"open","sticky":false,"template":"","format":"standard","meta":{"jetpack_post_was_ever_published":false,"_jetpack_newsletter_access":"","_jetpack_dont_email_post_to_subs":false,"_jetpack_newsletter_tier_id":0,"_jetpack_memberships_contains_paywalled_content":false,"_jetpack_memberships_contains_paid_content":false,"footnotes":"","jetpack_publicize_message":"","jetpack_publicize_feature_enabled":true,"jetpack_social_post_already_shared":false,"jetpack_social_options":{"image_generator_settings":{"template":"highway","enabled":false},"version":2}},"categories":[33],"tags":[],"class_list":["post-724","post","type-post","status-publish","format-standard","has-post-thumbnail","hentry","category-energie"],"jetpack_publicize_connections":[],"yoast_head":"<!-- This site is optimized with the Yoast SEO plugin v23.8 - https:\/\/yoast.com\/wordpress\/plugins\/seo\/ -->\n<title>Et si l\u2019Europe misait sur une \u00eele artificielle pour s\u2019alimenter en \u00e9lectricit\u00e9 ? - Solstis<\/title>\n<meta name=\"robots\" content=\"index, follow, max-snippet:-1, max-image-preview:large, max-video-preview:-1\" \/>\n<link rel=\"canonical\" href=\"https:\/\/blog.solstis.ch\/index.php\/fr\/2017\/04\/27\/et-si-leurope-misait-sur-une-ile-artificielle-pour-salimenter-en-electricite\/\" \/>\n<meta property=\"og:locale\" content=\"fr_FR\" \/>\n<meta property=\"og:type\" content=\"article\" \/>\n<meta property=\"og:title\" content=\"Et si l\u2019Europe misait sur une \u00eele artificielle pour s\u2019alimenter en \u00e9lectricit\u00e9 ? - Solstis\" \/>\n<meta property=\"og:description\" content=\"Deux entreprises hollandaise et danoise veulent construire une \u00eele artificielle en pleine mer du Nord pour alimenter en \u00e9lectricit\u00e9 80 [&hellip;]\" \/>\n<meta property=\"og:url\" content=\"https:\/\/blog.solstis.ch\/index.php\/fr\/2017\/04\/27\/et-si-leurope-misait-sur-une-ile-artificielle-pour-salimenter-en-electricite\/\" \/>\n<meta property=\"og:site_name\" content=\"Solstis\" \/>\n<meta property=\"article:published_time\" content=\"2017-04-27T07:02:28+00:00\" \/>\n<meta property=\"article:modified_time\" content=\"2018-09-17T11:50:18+00:00\" \/>\n<meta property=\"og:image\" content=\"https:\/\/blog.solstis.ch\/wp-content\/uploads\/2017\/04\/capture-ile-artificielle.png\" \/>\n\t<meta property=\"og:image:width\" content=\"1200\" \/>\n\t<meta property=\"og:image:height\" content=\"636\" \/>\n\t<meta property=\"og:image:type\" content=\"image\/png\" \/>\n<meta name=\"author\" content=\"Solstis\" \/>\n<meta name=\"twitter:card\" content=\"summary_large_image\" \/>\n<meta name=\"twitter:label1\" content=\"\u00c9crit par\" \/>\n\t<meta name=\"twitter:data1\" content=\"Solstis\" \/>\n\t<meta name=\"twitter:label2\" content=\"Dur\u00e9e de lecture estim\u00e9e\" \/>\n\t<meta name=\"twitter:data2\" content=\"1 minute\" \/>\n<script type=\"application\/ld+json\" class=\"yoast-schema-graph\">{\"@context\":\"https:\/\/schema.org\",\"@graph\":[{\"@type\":\"WebPage\",\"@id\":\"https:\/\/blog.solstis.ch\/index.php\/fr\/2017\/04\/27\/et-si-leurope-misait-sur-une-ile-artificielle-pour-salimenter-en-electricite\/\",\"url\":\"https:\/\/blog.solstis.ch\/index.php\/fr\/2017\/04\/27\/et-si-leurope-misait-sur-une-ile-artificielle-pour-salimenter-en-electricite\/\",\"name\":\"Et si l\u2019Europe misait sur une \u00eele artificielle pour s\u2019alimenter en \u00e9lectricit\u00e9 ? - Solstis\",\"isPartOf\":{\"@id\":\"https:\/\/blog.solstis.ch\/#website\"},\"primaryImageOfPage\":{\"@id\":\"https:\/\/blog.solstis.ch\/index.php\/fr\/2017\/04\/27\/et-si-leurope-misait-sur-une-ile-artificielle-pour-salimenter-en-electricite\/#primaryimage\"},\"image\":{\"@id\":\"https:\/\/blog.solstis.ch\/index.php\/fr\/2017\/04\/27\/et-si-leurope-misait-sur-une-ile-artificielle-pour-salimenter-en-electricite\/#primaryimage\"},\"thumbnailUrl\":\"https:\/\/blog.solstis.ch\/wp-content\/uploads\/2017\/04\/capture-ile-artificielle.png\",\"datePublished\":\"2017-04-27T07:02:28+00:00\",\"dateModified\":\"2018-09-17T11:50:18+00:00\",\"author\":{\"@id\":\"https:\/\/blog.solstis.ch\/#\/schema\/person\/b556469ff22d5ec922e45dae636f8cc3\"},\"breadcrumb\":{\"@id\":\"https:\/\/blog.solstis.ch\/index.php\/fr\/2017\/04\/27\/et-si-leurope-misait-sur-une-ile-artificielle-pour-salimenter-en-electricite\/#breadcrumb\"},\"inLanguage\":\"fr-FR\",\"potentialAction\":[{\"@type\":\"ReadAction\",\"target\":[\"https:\/\/blog.solstis.ch\/index.php\/fr\/2017\/04\/27\/et-si-leurope-misait-sur-une-ile-artificielle-pour-salimenter-en-electricite\/\"]}]},{\"@type\":\"ImageObject\",\"inLanguage\":\"fr-FR\",\"@id\":\"https:\/\/blog.solstis.ch\/index.php\/fr\/2017\/04\/27\/et-si-leurope-misait-sur-une-ile-artificielle-pour-salimenter-en-electricite\/#primaryimage\",\"url\":\"https:\/\/blog.solstis.ch\/wp-content\/uploads\/2017\/04\/capture-ile-artificielle.png\",\"contentUrl\":\"https:\/\/blog.solstis.ch\/wp-content\/uploads\/2017\/04\/capture-ile-artificielle.png\",\"width\":1200,\"height\":636,\"caption\":\"europe ile artificielle electrique article veille\"},{\"@type\":\"BreadcrumbList\",\"@id\":\"https:\/\/blog.solstis.ch\/index.php\/fr\/2017\/04\/27\/et-si-leurope-misait-sur-une-ile-artificielle-pour-salimenter-en-electricite\/#breadcrumb\",\"itemListElement\":[{\"@type\":\"ListItem\",\"position\":1,\"name\":\"Accueil\",\"item\":\"https:\/\/blog.solstis.ch\/index.php\/fr\/blog\/\"},{\"@type\":\"ListItem\",\"position\":2,\"name\":\"Et si l\u2019Europe misait sur une \u00eele artificielle pour s\u2019alimenter en \u00e9lectricit\u00e9 ?\"}]},{\"@type\":\"WebSite\",\"@id\":\"https:\/\/blog.solstis.ch\/#website\",\"url\":\"https:\/\/blog.solstis.ch\/\",\"name\":\"Solstis\",\"description\":\"Solstis, donner au monde l&#039;\u00e9nergie d&#039;\u00eatre durable.\",\"potentialAction\":[{\"@type\":\"SearchAction\",\"target\":{\"@type\":\"EntryPoint\",\"urlTemplate\":\"https:\/\/blog.solstis.ch\/?s={search_term_string}\"},\"query-input\":{\"@type\":\"PropertyValueSpecification\",\"valueRequired\":true,\"valueName\":\"search_term_string\"}}],\"inLanguage\":\"fr-FR\"},{\"@type\":\"Person\",\"@id\":\"https:\/\/blog.solstis.ch\/#\/schema\/person\/b556469ff22d5ec922e45dae636f8cc3\",\"name\":\"Solstis\",\"image\":{\"@type\":\"ImageObject\",\"inLanguage\":\"fr-FR\",\"@id\":\"https:\/\/blog.solstis.ch\/#\/schema\/person\/image\/\",\"url\":\"https:\/\/secure.gravatar.com\/avatar\/1f706f57779184a0d1328041226868b0?s=96&d=mm&r=g\",\"contentUrl\":\"https:\/\/secure.gravatar.com\/avatar\/1f706f57779184a0d1328041226868b0?s=96&d=mm&r=g\",\"caption\":\"Solstis\"},\"url\":\"https:\/\/blog.solstis.ch\/index.php\/author\/cgrevot\/\"}]}<\/script>\n<!-- \/ Yoast SEO plugin. -->","yoast_head_json":{"title":"Et si l\u2019Europe misait sur une \u00eele artificielle pour s\u2019alimenter en \u00e9lectricit\u00e9 ? - Solstis","robots":{"index":"index","follow":"follow","max-snippet":"max-snippet:-1","max-image-preview":"max-image-preview:large","max-video-preview":"max-video-preview:-1"},"canonical":"https:\/\/blog.solstis.ch\/index.php\/fr\/2017\/04\/27\/et-si-leurope-misait-sur-une-ile-artificielle-pour-salimenter-en-electricite\/","og_locale":"fr_FR","og_type":"article","og_title":"Et si l\u2019Europe misait sur une \u00eele artificielle pour s\u2019alimenter en \u00e9lectricit\u00e9 ? - Solstis","og_description":"Deux entreprises hollandaise et danoise veulent construire une \u00eele artificielle en pleine mer du Nord pour alimenter en \u00e9lectricit\u00e9 80 [&hellip;]","og_url":"https:\/\/blog.solstis.ch\/index.php\/fr\/2017\/04\/27\/et-si-leurope-misait-sur-une-ile-artificielle-pour-salimenter-en-electricite\/","og_site_name":"Solstis","article_published_time":"2017-04-27T07:02:28+00:00","article_modified_time":"2018-09-17T11:50:18+00:00","og_image":[{"width":1200,"height":636,"url":"https:\/\/blog.solstis.ch\/wp-content\/uploads\/2017\/04\/capture-ile-artificielle.png","type":"image\/png"}],"author":"Solstis","twitter_card":"summary_large_image","twitter_misc":{"\u00c9crit par":"Solstis","Dur\u00e9e de lecture estim\u00e9e":"1 minute"},"schema":{"@context":"https:\/\/schema.org","@graph":[{"@type":"WebPage","@id":"https:\/\/blog.solstis.ch\/index.php\/fr\/2017\/04\/27\/et-si-leurope-misait-sur-une-ile-artificielle-pour-salimenter-en-electricite\/","url":"https:\/\/blog.solstis.ch\/index.php\/fr\/2017\/04\/27\/et-si-leurope-misait-sur-une-ile-artificielle-pour-salimenter-en-electricite\/","name":"Et si l\u2019Europe misait sur une \u00eele artificielle pour s\u2019alimenter en \u00e9lectricit\u00e9 ? - Solstis","isPartOf":{"@id":"https:\/\/blog.solstis.ch\/#website"},"primaryImageOfPage":{"@id":"https:\/\/blog.solstis.ch\/index.php\/fr\/2017\/04\/27\/et-si-leurope-misait-sur-une-ile-artificielle-pour-salimenter-en-electricite\/#primaryimage"},"image":{"@id":"https:\/\/blog.solstis.ch\/index.php\/fr\/2017\/04\/27\/et-si-leurope-misait-sur-une-ile-artificielle-pour-salimenter-en-electricite\/#primaryimage"},"thumbnailUrl":"https:\/\/blog.solstis.ch\/wp-content\/uploads\/2017\/04\/capture-ile-artificielle.png","datePublished":"2017-04-27T07:02:28+00:00","dateModified":"2018-09-17T11:50:18+00:00","author":{"@id":"https:\/\/blog.solstis.ch\/#\/schema\/person\/b556469ff22d5ec922e45dae636f8cc3"},"breadcrumb":{"@id":"https:\/\/blog.solstis.ch\/index.php\/fr\/2017\/04\/27\/et-si-leurope-misait-sur-une-ile-artificielle-pour-salimenter-en-electricite\/#breadcrumb"},"inLanguage":"fr-FR","potentialAction":[{"@type":"ReadAction","target":["https:\/\/blog.solstis.ch\/index.php\/fr\/2017\/04\/27\/et-si-leurope-misait-sur-une-ile-artificielle-pour-salimenter-en-electricite\/"]}]},{"@type":"ImageObject","inLanguage":"fr-FR","@id":"https:\/\/blog.solstis.ch\/index.php\/fr\/2017\/04\/27\/et-si-leurope-misait-sur-une-ile-artificielle-pour-salimenter-en-electricite\/#primaryimage","url":"https:\/\/blog.solstis.ch\/wp-content\/uploads\/2017\/04\/capture-ile-artificielle.png","contentUrl":"https:\/\/blog.solstis.ch\/wp-content\/uploads\/2017\/04\/capture-ile-artificielle.png","width":1200,"height":636,"caption":"europe ile artificielle electrique article veille"},{"@type":"BreadcrumbList","@id":"https:\/\/blog.solstis.ch\/index.php\/fr\/2017\/04\/27\/et-si-leurope-misait-sur-une-ile-artificielle-pour-salimenter-en-electricite\/#breadcrumb","itemListElement":[{"@type":"ListItem","position":1,"name":"Accueil","item":"https:\/\/blog.solstis.ch\/index.php\/fr\/blog\/"},{"@type":"ListItem","position":2,"name":"Et si l\u2019Europe misait sur une \u00eele artificielle pour s\u2019alimenter en \u00e9lectricit\u00e9 ?"}]},{"@type":"WebSite","@id":"https:\/\/blog.solstis.ch\/#website","url":"https:\/\/blog.solstis.ch\/","name":"Solstis","description":"Solstis, donner au monde l&#039;\u00e9nergie d&#039;\u00eatre durable.","potentialAction":[{"@type":"SearchAction","target":{"@type":"EntryPoint","urlTemplate":"https:\/\/blog.solstis.ch\/?s={search_term_string}"},"query-input":{"@type":"PropertyValueSpecification","valueRequired":true,"valueName":"search_term_string"}}],"inLanguage":"fr-FR"},{"@type":"Person","@id":"https:\/\/blog.solstis.ch\/#\/schema\/person\/b556469ff22d5ec922e45dae636f8cc3","name":"Solstis","image":{"@type":"ImageObject","inLanguage":"fr-FR","@id":"https:\/\/blog.solstis.ch\/#\/schema\/person\/image\/","url":"https:\/\/secure.gravatar.com\/avatar\/1f706f57779184a0d1328041226868b0?s=96&d=mm&r=g","contentUrl":"https:\/\/secure.gravatar.com\/avatar\/1f706f57779184a0d1328041226868b0?s=96&d=mm&r=g","caption":"Solstis"},"url":"https:\/\/blog.solstis.ch\/index.php\/author\/cgrevot\/"}]}},"jetpack_sharing_enabled":true,"jetpack_featured_media_url":"https:\/\/blog.solstis.ch\/wp-content\/uploads\/2017\/04\/capture-ile-artificielle.png","jetpack_shortlink":"https:\/\/wp.me\/pa0tUs-bG","_links":{"self":[{"href":"https:\/\/blog.solstis.ch\/index.php\/wp-json\/wp\/v2\/posts\/724","targetHints":{"allow":["GET"]}}],"collection":[{"href":"https:\/\/blog.solstis.ch\/index.php\/wp-json\/wp\/v2\/posts"}],"about":[{"href":"https:\/\/blog.solstis.ch\/index.php\/wp-json\/wp\/v2\/types\/post"}],"author":[{"embeddable":true,"href":"https:\/\/blog.solstis.ch\/index.php\/wp-json\/wp\/v2\/users\/3"}],"replies":[{"embeddable":true,"href":"https:\/\/blog.solstis.ch\/index.php\/wp-json\/wp\/v2\/comments?post=724"}],"version-history":[{"count":1,"href":"https:\/\/blog.solstis.ch\/index.php\/wp-json\/wp\/v2\/posts\/724\/revisions"}],"predecessor-version":[{"id":725,"href":"https:\/\/blog.solstis.ch\/index.php\/wp-json\/wp\/v2\/posts\/724\/revisions\/725"}],"wp:featuredmedia":[{"embeddable":true,"href":"https:\/\/blog.solstis.ch\/index.php\/wp-json\/wp\/v2\/media\/726"}],"wp:attachment":[{"href":"https:\/\/blog.solstis.ch\/index.php\/wp-json\/wp\/v2\/media?parent=724"}],"wp:term":[{"taxonomy":"category","embeddable":true,"href":"https:\/\/blog.solstis.ch\/index.php\/wp-json\/wp\/v2\/categories?post=724"},{"taxonomy":"post_tag","embeddable":true,"href":"https:\/\/blog.solstis.ch\/index.php\/wp-json\/wp\/v2\/tags?post=724"}],"curies":[{"name":"wp","href":"https:\/\/api.w.org\/{rel}","templated":true}]}}