{"id":716,"date":"2017-03-27T10:31:55","date_gmt":"2017-03-27T09:31:55","guid":{"rendered":"http:\/\/blog.solstis.ch\/?p=716"},"modified":"2017-04-27T13:16:31","modified_gmt":"2017-04-27T12:16:31","slug":"la-tendance-est-a-lenergie-locale","status":"publish","type":"post","link":"https:\/\/blog.solstis.ch\/index.php\/fr\/2017\/03\/27\/la-tendance-est-a-lenergie-locale\/","title":{"rendered":"La tendance est \u00e0 l\u2019\u00e9nergie locale"},"content":{"rendered":"<p><strong>Pour parvenir \u00e0 une soci\u00e9t\u00e9 \u00e0 2000 watts et se passer de l\u2019\u00e9nergie nucl\u00e9aire, la Suisse doit encore redoubler d\u2019efforts. Les solutions les plus innovantes pourraient \u00eatre trouv\u00e9es sur le plan local: plusieurs r\u00e9gions helv\u00e9tiques visent d\u00e9j\u00e0 l\u2019autosuffisance.<\/strong><\/p>\n<p>On connaissait d\u00e9j\u00e0 les \u00ablocalivores\u00bb, adeptes d\u2019une alimentation constitu\u00e9e uniquement de produits locaux, de mani\u00e8re \u00e0 diminuer leur empreinte \u00e9cologique. Aujourd\u2019hui, le mouvement englobe aussi l\u2019\u00e9nergie. C\u2019est le cas notamment de certaines communes et r\u00e9gions de Suisse visant l\u2019autosuffisance.<\/p>\n<p>D\u00e9couvrez la suite de l\u2019article <a href=\"https:\/\/www.migrosmagazine.ch\/societe\/environnement\/article\/la-tendance-est-a-l-energie-locale\" target=\"_blank\">ICI<\/a><br \/>\nSource\u00a0: migrosmagazine.ch<br \/>\nIllustration : \u00a9Am\u00e9lie Buri<\/p>\n","protected":false},"excerpt":{"rendered":"<p>Pour parvenir \u00e0 une soci\u00e9t\u00e9 \u00e0 2000 watts et se passer de l\u2019\u00e9nergie nucl\u00e9aire, la Suisse doit encore redoubler d\u2019efforts. [&hellip;]<\/p>\n","protected":false},"author":3,"featured_media":718,"comment_status":"open","ping_status":"open","sticky":false,"template":"","format":"standard","meta":{"jetpack_post_was_ever_published":false,"_jetpack_newsletter_access":"","_jetpack_dont_email_post_to_subs":false,"_jetpack_newsletter_tier_id":0,"_jetpack_memberships_contains_paywalled_content":false,"_jetpack_memberships_contains_paid_content":false,"footnotes":"","jetpack_publicize_message":"","jetpack_publicize_feature_enabled":true,"jetpack_social_post_already_shared":false,"jetpack_social_options":{"image_generator_settings":{"template":"highway","enabled":false},"version":2}},"categories":[33],"tags":[],"class_list":["post-716","post","type-post","status-publish","format-standard","has-post-thumbnail","hentry","category-energie"],"jetpack_publicize_connections":[],"yoast_head":"<!-- This site is optimized with the Yoast SEO plugin v23.8 - https:\/\/yoast.com\/wordpress\/plugins\/seo\/ -->\n<title>La tendance est \u00e0 l\u2019\u00e9nergie locale - Solstis<\/title>\n<meta name=\"robots\" content=\"index, follow, max-snippet:-1, max-image-preview:large, max-video-preview:-1\" \/>\n<link rel=\"canonical\" href=\"https:\/\/blog.solstis.ch\/index.php\/fr\/2017\/03\/27\/la-tendance-est-a-lenergie-locale\/\" \/>\n<meta property=\"og:locale\" content=\"fr_FR\" \/>\n<meta property=\"og:type\" content=\"article\" \/>\n<meta property=\"og:title\" content=\"La tendance est \u00e0 l\u2019\u00e9nergie locale - Solstis\" \/>\n<meta property=\"og:description\" content=\"Pour parvenir \u00e0 une soci\u00e9t\u00e9 \u00e0 2000 watts et se passer de l\u2019\u00e9nergie nucl\u00e9aire, la Suisse doit encore redoubler d\u2019efforts. [&hellip;]\" \/>\n<meta property=\"og:url\" content=\"https:\/\/blog.solstis.ch\/index.php\/fr\/2017\/03\/27\/la-tendance-est-a-lenergie-locale\/\" \/>\n<meta property=\"og:site_name\" content=\"Solstis\" \/>\n<meta property=\"article:published_time\" content=\"2017-03-27T09:31:55+00:00\" \/>\n<meta property=\"article:modified_time\" content=\"2017-04-27T12:16:31+00:00\" \/>\n<meta property=\"og:image\" content=\"https:\/\/blog.solstis.ch\/wp-content\/uploads\/2017\/03\/28907080.jpg\" \/>\n\t<meta property=\"og:image:width\" content=\"1200\" \/>\n\t<meta property=\"og:image:height\" content=\"646\" \/>\n\t<meta property=\"og:image:type\" content=\"image\/jpeg\" \/>\n<meta name=\"author\" content=\"Solstis\" \/>\n<meta name=\"twitter:card\" content=\"summary_large_image\" \/>\n<meta name=\"twitter:label1\" content=\"\u00c9crit par\" \/>\n\t<meta name=\"twitter:data1\" content=\"Solstis\" \/>\n\t<meta name=\"twitter:label2\" content=\"Dur\u00e9e de lecture estim\u00e9e\" \/>\n\t<meta name=\"twitter:data2\" content=\"1 minute\" \/>\n<script type=\"application\/ld+json\" class=\"yoast-schema-graph\">{\"@context\":\"https:\/\/schema.org\",\"@graph\":[{\"@type\":\"WebPage\",\"@id\":\"https:\/\/blog.solstis.ch\/index.php\/fr\/2017\/03\/27\/la-tendance-est-a-lenergie-locale\/\",\"url\":\"https:\/\/blog.solstis.ch\/index.php\/fr\/2017\/03\/27\/la-tendance-est-a-lenergie-locale\/\",\"name\":\"La tendance est \u00e0 l\u2019\u00e9nergie locale - Solstis\",\"isPartOf\":{\"@id\":\"https:\/\/blog.solstis.ch\/#website\"},\"primaryImageOfPage\":{\"@id\":\"https:\/\/blog.solstis.ch\/index.php\/fr\/2017\/03\/27\/la-tendance-est-a-lenergie-locale\/#primaryimage\"},\"image\":{\"@id\":\"https:\/\/blog.solstis.ch\/index.php\/fr\/2017\/03\/27\/la-tendance-est-a-lenergie-locale\/#primaryimage\"},\"thumbnailUrl\":\"https:\/\/blog.solstis.ch\/wp-content\/uploads\/2017\/03\/28907080.jpg\",\"datePublished\":\"2017-03-27T09:31:55+00:00\",\"dateModified\":\"2017-04-27T12:16:31+00:00\",\"author\":{\"@id\":\"https:\/\/blog.solstis.ch\/#\/schema\/person\/b556469ff22d5ec922e45dae636f8cc3\"},\"breadcrumb\":{\"@id\":\"https:\/\/blog.solstis.ch\/index.php\/fr\/2017\/03\/27\/la-tendance-est-a-lenergie-locale\/#breadcrumb\"},\"inLanguage\":\"fr-FR\",\"potentialAction\":[{\"@type\":\"ReadAction\",\"target\":[\"https:\/\/blog.solstis.ch\/index.php\/fr\/2017\/03\/27\/la-tendance-est-a-lenergie-locale\/\"]}]},{\"@type\":\"ImageObject\",\"inLanguage\":\"fr-FR\",\"@id\":\"https:\/\/blog.solstis.ch\/index.php\/fr\/2017\/03\/27\/la-tendance-est-a-lenergie-locale\/#primaryimage\",\"url\":\"https:\/\/blog.solstis.ch\/wp-content\/uploads\/2017\/03\/28907080.jpg\",\"contentUrl\":\"https:\/\/blog.solstis.ch\/wp-content\/uploads\/2017\/03\/28907080.jpg\",\"width\":1200,\"height\":646,\"caption\":\"tendance energie locale suisse energie durable\"},{\"@type\":\"BreadcrumbList\",\"@id\":\"https:\/\/blog.solstis.ch\/index.php\/fr\/2017\/03\/27\/la-tendance-est-a-lenergie-locale\/#breadcrumb\",\"itemListElement\":[{\"@type\":\"ListItem\",\"position\":1,\"name\":\"Accueil\",\"item\":\"https:\/\/blog.solstis.ch\/index.php\/fr\/blog\/\"},{\"@type\":\"ListItem\",\"position\":2,\"name\":\"La tendance est \u00e0 l\u2019\u00e9nergie locale\"}]},{\"@type\":\"WebSite\",\"@id\":\"https:\/\/blog.solstis.ch\/#website\",\"url\":\"https:\/\/blog.solstis.ch\/\",\"name\":\"Solstis\",\"description\":\"Solstis, donner au monde l&#039;\u00e9nergie d&#039;\u00eatre durable.\",\"potentialAction\":[{\"@type\":\"SearchAction\",\"target\":{\"@type\":\"EntryPoint\",\"urlTemplate\":\"https:\/\/blog.solstis.ch\/?s={search_term_string}\"},\"query-input\":{\"@type\":\"PropertyValueSpecification\",\"valueRequired\":true,\"valueName\":\"search_term_string\"}}],\"inLanguage\":\"fr-FR\"},{\"@type\":\"Person\",\"@id\":\"https:\/\/blog.solstis.ch\/#\/schema\/person\/b556469ff22d5ec922e45dae636f8cc3\",\"name\":\"Solstis\",\"image\":{\"@type\":\"ImageObject\",\"inLanguage\":\"fr-FR\",\"@id\":\"https:\/\/blog.solstis.ch\/#\/schema\/person\/image\/\",\"url\":\"https:\/\/secure.gravatar.com\/avatar\/1f706f57779184a0d1328041226868b0?s=96&d=mm&r=g\",\"contentUrl\":\"https:\/\/secure.gravatar.com\/avatar\/1f706f57779184a0d1328041226868b0?s=96&d=mm&r=g\",\"caption\":\"Solstis\"},\"url\":\"https:\/\/blog.solstis.ch\/index.php\/author\/cgrevot\/\"}]}<\/script>\n<!-- \/ Yoast SEO plugin. -->","yoast_head_json":{"title":"La tendance est \u00e0 l\u2019\u00e9nergie locale - Solstis","robots":{"index":"index","follow":"follow","max-snippet":"max-snippet:-1","max-image-preview":"max-image-preview:large","max-video-preview":"max-video-preview:-1"},"canonical":"https:\/\/blog.solstis.ch\/index.php\/fr\/2017\/03\/27\/la-tendance-est-a-lenergie-locale\/","og_locale":"fr_FR","og_type":"article","og_title":"La tendance est \u00e0 l\u2019\u00e9nergie locale - Solstis","og_description":"Pour parvenir \u00e0 une soci\u00e9t\u00e9 \u00e0 2000 watts et se passer de l\u2019\u00e9nergie nucl\u00e9aire, la Suisse doit encore redoubler d\u2019efforts. [&hellip;]","og_url":"https:\/\/blog.solstis.ch\/index.php\/fr\/2017\/03\/27\/la-tendance-est-a-lenergie-locale\/","og_site_name":"Solstis","article_published_time":"2017-03-27T09:31:55+00:00","article_modified_time":"2017-04-27T12:16:31+00:00","og_image":[{"width":1200,"height":646,"url":"https:\/\/blog.solstis.ch\/wp-content\/uploads\/2017\/03\/28907080.jpg","type":"image\/jpeg"}],"author":"Solstis","twitter_card":"summary_large_image","twitter_misc":{"\u00c9crit par":"Solstis","Dur\u00e9e de lecture estim\u00e9e":"1 minute"},"schema":{"@context":"https:\/\/schema.org","@graph":[{"@type":"WebPage","@id":"https:\/\/blog.solstis.ch\/index.php\/fr\/2017\/03\/27\/la-tendance-est-a-lenergie-locale\/","url":"https:\/\/blog.solstis.ch\/index.php\/fr\/2017\/03\/27\/la-tendance-est-a-lenergie-locale\/","name":"La tendance est \u00e0 l\u2019\u00e9nergie locale - Solstis","isPartOf":{"@id":"https:\/\/blog.solstis.ch\/#website"},"primaryImageOfPage":{"@id":"https:\/\/blog.solstis.ch\/index.php\/fr\/2017\/03\/27\/la-tendance-est-a-lenergie-locale\/#primaryimage"},"image":{"@id":"https:\/\/blog.solstis.ch\/index.php\/fr\/2017\/03\/27\/la-tendance-est-a-lenergie-locale\/#primaryimage"},"thumbnailUrl":"https:\/\/blog.solstis.ch\/wp-content\/uploads\/2017\/03\/28907080.jpg","datePublished":"2017-03-27T09:31:55+00:00","dateModified":"2017-04-27T12:16:31+00:00","author":{"@id":"https:\/\/blog.solstis.ch\/#\/schema\/person\/b556469ff22d5ec922e45dae636f8cc3"},"breadcrumb":{"@id":"https:\/\/blog.solstis.ch\/index.php\/fr\/2017\/03\/27\/la-tendance-est-a-lenergie-locale\/#breadcrumb"},"inLanguage":"fr-FR","potentialAction":[{"@type":"ReadAction","target":["https:\/\/blog.solstis.ch\/index.php\/fr\/2017\/03\/27\/la-tendance-est-a-lenergie-locale\/"]}]},{"@type":"ImageObject","inLanguage":"fr-FR","@id":"https:\/\/blog.solstis.ch\/index.php\/fr\/2017\/03\/27\/la-tendance-est-a-lenergie-locale\/#primaryimage","url":"https:\/\/blog.solstis.ch\/wp-content\/uploads\/2017\/03\/28907080.jpg","contentUrl":"https:\/\/blog.solstis.ch\/wp-content\/uploads\/2017\/03\/28907080.jpg","width":1200,"height":646,"caption":"tendance energie locale suisse energie durable"},{"@type":"BreadcrumbList","@id":"https:\/\/blog.solstis.ch\/index.php\/fr\/2017\/03\/27\/la-tendance-est-a-lenergie-locale\/#breadcrumb","itemListElement":[{"@type":"ListItem","position":1,"name":"Accueil","item":"https:\/\/blog.solstis.ch\/index.php\/fr\/blog\/"},{"@type":"ListItem","position":2,"name":"La tendance est \u00e0 l\u2019\u00e9nergie locale"}]},{"@type":"WebSite","@id":"https:\/\/blog.solstis.ch\/#website","url":"https:\/\/blog.solstis.ch\/","name":"Solstis","description":"Solstis, donner au monde l&#039;\u00e9nergie d&#039;\u00eatre durable.","potentialAction":[{"@type":"SearchAction","target":{"@type":"EntryPoint","urlTemplate":"https:\/\/blog.solstis.ch\/?s={search_term_string}"},"query-input":{"@type":"PropertyValueSpecification","valueRequired":true,"valueName":"search_term_string"}}],"inLanguage":"fr-FR"},{"@type":"Person","@id":"https:\/\/blog.solstis.ch\/#\/schema\/person\/b556469ff22d5ec922e45dae636f8cc3","name":"Solstis","image":{"@type":"ImageObject","inLanguage":"fr-FR","@id":"https:\/\/blog.solstis.ch\/#\/schema\/person\/image\/","url":"https:\/\/secure.gravatar.com\/avatar\/1f706f57779184a0d1328041226868b0?s=96&d=mm&r=g","contentUrl":"https:\/\/secure.gravatar.com\/avatar\/1f706f57779184a0d1328041226868b0?s=96&d=mm&r=g","caption":"Solstis"},"url":"https:\/\/blog.solstis.ch\/index.php\/author\/cgrevot\/"}]}},"jetpack_sharing_enabled":true,"jetpack_featured_media_url":"https:\/\/blog.solstis.ch\/wp-content\/uploads\/2017\/03\/28907080.jpg","jetpack_shortlink":"https:\/\/wp.me\/pa0tUs-by","_links":{"self":[{"href":"https:\/\/blog.solstis.ch\/index.php\/wp-json\/wp\/v2\/posts\/716","targetHints":{"allow":["GET"]}}],"collection":[{"href":"https:\/\/blog.solstis.ch\/index.php\/wp-json\/wp\/v2\/posts"}],"about":[{"href":"https:\/\/blog.solstis.ch\/index.php\/wp-json\/wp\/v2\/types\/post"}],"author":[{"embeddable":true,"href":"https:\/\/blog.solstis.ch\/index.php\/wp-json\/wp\/v2\/users\/3"}],"replies":[{"embeddable":true,"href":"https:\/\/blog.solstis.ch\/index.php\/wp-json\/wp\/v2\/comments?post=716"}],"version-history":[{"count":1,"href":"https:\/\/blog.solstis.ch\/index.php\/wp-json\/wp\/v2\/posts\/716\/revisions"}],"predecessor-version":[{"id":717,"href":"https:\/\/blog.solstis.ch\/index.php\/wp-json\/wp\/v2\/posts\/716\/revisions\/717"}],"wp:featuredmedia":[{"embeddable":true,"href":"https:\/\/blog.solstis.ch\/index.php\/wp-json\/wp\/v2\/media\/718"}],"wp:attachment":[{"href":"https:\/\/blog.solstis.ch\/index.php\/wp-json\/wp\/v2\/media?parent=716"}],"wp:term":[{"taxonomy":"category","embeddable":true,"href":"https:\/\/blog.solstis.ch\/index.php\/wp-json\/wp\/v2\/categories?post=716"},{"taxonomy":"post_tag","embeddable":true,"href":"https:\/\/blog.solstis.ch\/index.php\/wp-json\/wp\/v2\/tags?post=716"}],"curies":[{"name":"wp","href":"https:\/\/api.w.org\/{rel}","templated":true}]}}