{"id":697,"date":"2017-03-08T15:33:18","date_gmt":"2017-03-08T14:33:18","guid":{"rendered":"http:\/\/blog.solstis.ch\/?p=697"},"modified":"2017-05-30T17:06:28","modified_gmt":"2017-05-30T16:06:28","slug":"venez-nous-rencontrer-au-salon-habitat-jardin","status":"publish","type":"post","link":"https:\/\/blog.solstis.ch\/index.php\/fr\/2017\/03\/08\/venez-nous-rencontrer-au-salon-habitat-jardin\/","title":{"rendered":"Venez nous rencontrer au salon Habitat-Jardin !"},"content":{"rendered":"<p><strong>Du samedi 4 mars au dimanche 12 mars 2017, Solstis a le plaisir de vous accueillir sur son espace d\u00e9di\u00e9 au salon Habitat-Jardin et de vous faire d\u00e9couvrir l\u2019univers du solaire. Nos conseillers r\u00e9pondront \u00e0 toutes vos questions sur l\u2019autoconsommation et vous pr\u00e9senteront nos nouveaut\u00e9s\u00a0!<\/strong><\/p>\n<p><strong>Plus de 10 ans de pr\u00e9sence sur le salon<\/strong><br \/>\nNous participons \u00e0 cet \u00e9v\u00e9nement majeur depuis plus de dix ans. \u00c0 l\u2019\u00e9poque, nous \u00e9tions pratiquement les seuls \u00e0 proposer nos services dans le domaine de l\u2019\u00e9nergie solaire. Avec les ann\u00e9es, nous avons vu l\u2019offre s\u2019\u00e9tendre, nos installations prendre de l\u2019ampleur et se multiplier. Ce constat confirme la tendance de notre march\u00e9, qui conna\u00eet une belle croissance chaque ann\u00e9e. Nous sommes heureux de pr\u00e9senter pour cette nouvelle \u00e9dition nos activit\u00e9s en Suisse romande et de faire de nombreuses rencontres.<\/p>\n<p><strong>Une pr\u00e9paration m\u00fbrement r\u00e9fl\u00e9chie en \u00e9quipe<\/strong><br \/>\nNous pr\u00e9parions cet \u00e9v\u00e9nement depuis plusieurs mois d\u00e9j\u00e0. Nos \u00e9quipes ont dessin\u00e9 la configuration de notre stand, dont les diff\u00e9rents \u00e9l\u00e9ments ont \u00e9t\u00e9 ensuite r\u00e9alis\u00e9s par une soci\u00e9t\u00e9 externe.<br \/>\nNous avons \u00e9galement produit des maquettes pour expliquer le principe de l\u2019autoconsommation et les caract\u00e9ristiques des tuiles color\u00e9es. Il s\u2019agit d\u2019un travail qui prend du temps, mais nous sommes aujourd\u2019hui rompus \u00e0 l\u2019exercice gr\u00e2ce \u00e0 l\u2019exp\u00e9rience acquise.<br \/>\nDurant le salon, trois conseillers sont \u00e0 votre disposition le week-end et deux conseillers en semaine pour vous renseigner.<\/p>\n<p><strong>Quelques mots sur les nouveaut\u00e9s qui vous attendent<\/strong><br \/>\nSolstis a le plaisir cette ann\u00e9e de vous faire d\u00e9couvrir la tuile solaire terracotta\u00a0: il s\u2019agit d\u2019une tuile de couleur conventionnelle, ce qui lui permet de se fondre harmonieusement dans la toiture et de respecter l\u2019architecture du b\u00e2timent. Ce produit vous sera d\u00e9voil\u00e9 en d\u00e9tail, ainsi que toutes les possibilit\u00e9s qui existent sur le march\u00e9 et s\u2019offrent \u00e0 vous pour optimiser votre autoconsommation (batteries, pompes \u00e0 chaleur, gestion intelligente de la production\u2026).<\/p>\n<p><strong>Une pr\u00e9sence sur le salon qui exprime notre vision<\/strong><br \/>\nNous relevons chaque jour le d\u00e9fi de proposer des produits tr\u00e8s efficaces et comp\u00e9titifs, pour produire des \u00e9nergies \u00e0 des co\u00fbts ma\u00eetris\u00e9s tout en \u00e9tant esth\u00e9tiques et int\u00e9gr\u00e9s dans les b\u00e2timents. Notre objectif pour le salon Habitat-Jardin est de faire partager notre vision du march\u00e9 du solaire et de r\u00e9pondre \u00e0 vos interrogations et demandes avec notre solide expertise et la passion de notre m\u00e9tier.<br \/>\nLe march\u00e9 du solaire suscite grandement l\u2019int\u00e9r\u00eat et fait l\u2019objet de nombreux articles et reportages, il est donc important pour nous d\u2019\u00eatre \u00e0 vos c\u00f4t\u00e9s pour vous aider \u00e0 faire les meilleurs choix.<\/p>\n<p>Vous \u00eates les bienvenus sur notre stand au salon Habitat-Jardin \u00e0 l\u2019Expo Beaulieu de Lausanne jusqu\u2019au dimanche 12 mars inclus. Rendez-vous dans la Halle 42 \/ U147 et la Halle 17 \/ O305. Plus d&rsquo;informations sur <a href=\"https:\/\/www.habitat-jardin24.ch\/fr\/Installation-solaire-cl%C3%A9-en-main,p1335809\" target=\"_blank\">Salon Habitat-Jardin<\/a>.<\/p>\n<figure id=\"attachment_705\" aria-describedby=\"caption-attachment-705\" style=\"width: 723px\" class=\"wp-caption alignnone\"><a href=\"http:\/\/blog.solstis.ch\/wp-content\/uploads\/2017\/03\/solstis_habitat_jardin.jpg\"><img loading=\"lazy\" decoding=\"async\" class=\"wp-image-705 size-large\" src=\"http:\/\/blog.solstis.ch\/wp-content\/uploads\/2017\/03\/solstis_habitat_jardin-1024x768.jpg\" alt=\"solstis_habitat_jardin\" width=\"723\" height=\"542\" srcset=\"https:\/\/blog.solstis.ch\/wp-content\/uploads\/2017\/03\/solstis_habitat_jardin-1024x768.jpg 1024w, https:\/\/blog.solstis.ch\/wp-content\/uploads\/2017\/03\/solstis_habitat_jardin-300x225.jpg 300w, https:\/\/blog.solstis.ch\/wp-content\/uploads\/2017\/03\/solstis_habitat_jardin-400x300.jpg 400w, https:\/\/blog.solstis.ch\/wp-content\/uploads\/2017\/03\/solstis_habitat_jardin.jpg 1200w\" sizes=\"auto, (max-width: 723px) 100vw, 723px\" \/><\/a><figcaption id=\"caption-attachment-705\" class=\"wp-caption-text\">Accueil sur notre stand.<\/figcaption><\/figure>\n","protected":false},"excerpt":{"rendered":"<p>Du samedi 4 mars au dimanche 12 mars 2017, Solstis a le plaisir de vous accueillir sur son espace d\u00e9di\u00e9 [&hellip;]<\/p>\n","protected":false},"author":1,"featured_media":704,"comment_status":"open","ping_status":"open","sticky":false,"template":"","format":"standard","meta":{"jetpack_post_was_ever_published":false,"_jetpack_newsletter_access":"","_jetpack_dont_email_post_to_subs":false,"_jetpack_newsletter_tier_id":0,"_jetpack_memberships_contains_paywalled_content":false,"_jetpack_memberships_contains_paid_content":false,"footnotes":"","jetpack_publicize_message":"","jetpack_publicize_feature_enabled":true,"jetpack_social_post_already_shared":false,"jetpack_social_options":{"image_generator_settings":{"template":"highway","enabled":false},"version":2}},"categories":[224],"tags":[],"class_list":["post-697","post","type-post","status-publish","format-standard","has-post-thumbnail","hentry","category-solstis"],"jetpack_publicize_connections":[],"yoast_head":"<!-- This site is optimized with the Yoast SEO plugin v23.8 - https:\/\/yoast.com\/wordpress\/plugins\/seo\/ -->\n<title>Venez nous rencontrer au salon Habitat-Jardin ! - Solstis<\/title>\n<meta name=\"robots\" content=\"index, follow, max-snippet:-1, max-image-preview:large, max-video-preview:-1\" \/>\n<link rel=\"canonical\" href=\"https:\/\/blog.solstis.ch\/index.php\/fr\/2017\/03\/08\/venez-nous-rencontrer-au-salon-habitat-jardin\/\" \/>\n<meta property=\"og:locale\" content=\"fr_FR\" \/>\n<meta property=\"og:type\" content=\"article\" \/>\n<meta property=\"og:title\" content=\"Venez nous rencontrer au salon Habitat-Jardin ! - Solstis\" \/>\n<meta property=\"og:description\" content=\"Du samedi 4 mars au dimanche 12 mars 2017, Solstis a le plaisir de vous accueillir sur son espace d\u00e9di\u00e9 [&hellip;]\" \/>\n<meta property=\"og:url\" content=\"https:\/\/blog.solstis.ch\/index.php\/fr\/2017\/03\/08\/venez-nous-rencontrer-au-salon-habitat-jardin\/\" \/>\n<meta property=\"og:site_name\" content=\"Solstis\" \/>\n<meta property=\"article:published_time\" content=\"2017-03-08T14:33:18+00:00\" \/>\n<meta property=\"article:modified_time\" content=\"2017-05-30T16:06:28+00:00\" \/>\n<meta property=\"og:image\" content=\"https:\/\/blog.solstis.ch\/wp-content\/uploads\/2017\/03\/solstis_salon_habitat_jardin.jpg\" \/>\n\t<meta property=\"og:image:width\" content=\"1200\" \/>\n\t<meta property=\"og:image:height\" content=\"783\" \/>\n\t<meta property=\"og:image:type\" content=\"image\/jpeg\" \/>\n<meta name=\"author\" content=\"admin\" \/>\n<meta name=\"twitter:card\" content=\"summary_large_image\" \/>\n<meta name=\"twitter:label1\" content=\"\u00c9crit par\" \/>\n\t<meta name=\"twitter:data1\" content=\"admin\" \/>\n\t<meta name=\"twitter:label2\" content=\"Dur\u00e9e de lecture estim\u00e9e\" \/>\n\t<meta name=\"twitter:data2\" content=\"3 minutes\" \/>\n<script type=\"application\/ld+json\" class=\"yoast-schema-graph\">{\"@context\":\"https:\/\/schema.org\",\"@graph\":[{\"@type\":\"WebPage\",\"@id\":\"https:\/\/blog.solstis.ch\/index.php\/fr\/2017\/03\/08\/venez-nous-rencontrer-au-salon-habitat-jardin\/\",\"url\":\"https:\/\/blog.solstis.ch\/index.php\/fr\/2017\/03\/08\/venez-nous-rencontrer-au-salon-habitat-jardin\/\",\"name\":\"Venez nous rencontrer au salon Habitat-Jardin ! - Solstis\",\"isPartOf\":{\"@id\":\"https:\/\/blog.solstis.ch\/#website\"},\"primaryImageOfPage\":{\"@id\":\"https:\/\/blog.solstis.ch\/index.php\/fr\/2017\/03\/08\/venez-nous-rencontrer-au-salon-habitat-jardin\/#primaryimage\"},\"image\":{\"@id\":\"https:\/\/blog.solstis.ch\/index.php\/fr\/2017\/03\/08\/venez-nous-rencontrer-au-salon-habitat-jardin\/#primaryimage\"},\"thumbnailUrl\":\"https:\/\/blog.solstis.ch\/wp-content\/uploads\/2017\/03\/solstis_salon_habitat_jardin.jpg\",\"datePublished\":\"2017-03-08T14:33:18+00:00\",\"dateModified\":\"2017-05-30T16:06:28+00:00\",\"author\":{\"@id\":\"https:\/\/blog.solstis.ch\/#\/schema\/person\/5a9f5ef0a66b3e68c712ab62eeb4a1f9\"},\"breadcrumb\":{\"@id\":\"https:\/\/blog.solstis.ch\/index.php\/fr\/2017\/03\/08\/venez-nous-rencontrer-au-salon-habitat-jardin\/#breadcrumb\"},\"inLanguage\":\"fr-FR\",\"potentialAction\":[{\"@type\":\"ReadAction\",\"target\":[\"https:\/\/blog.solstis.ch\/index.php\/fr\/2017\/03\/08\/venez-nous-rencontrer-au-salon-habitat-jardin\/\"]}]},{\"@type\":\"ImageObject\",\"inLanguage\":\"fr-FR\",\"@id\":\"https:\/\/blog.solstis.ch\/index.php\/fr\/2017\/03\/08\/venez-nous-rencontrer-au-salon-habitat-jardin\/#primaryimage\",\"url\":\"https:\/\/blog.solstis.ch\/wp-content\/uploads\/2017\/03\/solstis_salon_habitat_jardin.jpg\",\"contentUrl\":\"https:\/\/blog.solstis.ch\/wp-content\/uploads\/2017\/03\/solstis_salon_habitat_jardin.jpg\",\"width\":1200,\"height\":783},{\"@type\":\"BreadcrumbList\",\"@id\":\"https:\/\/blog.solstis.ch\/index.php\/fr\/2017\/03\/08\/venez-nous-rencontrer-au-salon-habitat-jardin\/#breadcrumb\",\"itemListElement\":[{\"@type\":\"ListItem\",\"position\":1,\"name\":\"Accueil\",\"item\":\"https:\/\/blog.solstis.ch\/index.php\/fr\/blog\/\"},{\"@type\":\"ListItem\",\"position\":2,\"name\":\"Venez nous rencontrer au salon Habitat-Jardin !\"}]},{\"@type\":\"WebSite\",\"@id\":\"https:\/\/blog.solstis.ch\/#website\",\"url\":\"https:\/\/blog.solstis.ch\/\",\"name\":\"Solstis\",\"description\":\"Solstis, donner au monde l&#039;\u00e9nergie d&#039;\u00eatre durable.\",\"potentialAction\":[{\"@type\":\"SearchAction\",\"target\":{\"@type\":\"EntryPoint\",\"urlTemplate\":\"https:\/\/blog.solstis.ch\/?s={search_term_string}\"},\"query-input\":{\"@type\":\"PropertyValueSpecification\",\"valueRequired\":true,\"valueName\":\"search_term_string\"}}],\"inLanguage\":\"fr-FR\"},{\"@type\":\"Person\",\"@id\":\"https:\/\/blog.solstis.ch\/#\/schema\/person\/5a9f5ef0a66b3e68c712ab62eeb4a1f9\",\"name\":\"admin\",\"image\":{\"@type\":\"ImageObject\",\"inLanguage\":\"fr-FR\",\"@id\":\"https:\/\/blog.solstis.ch\/#\/schema\/person\/image\/\",\"url\":\"https:\/\/secure.gravatar.com\/avatar\/8ba8fd08281e45cafc408887276f0396?s=96&d=mm&r=g\",\"contentUrl\":\"https:\/\/secure.gravatar.com\/avatar\/8ba8fd08281e45cafc408887276f0396?s=96&d=mm&r=g\",\"caption\":\"admin\"},\"url\":\"https:\/\/blog.solstis.ch\/index.php\/author\/admin\/\"}]}<\/script>\n<!-- \/ Yoast SEO plugin. -->","yoast_head_json":{"title":"Venez nous rencontrer au salon Habitat-Jardin ! - Solstis","robots":{"index":"index","follow":"follow","max-snippet":"max-snippet:-1","max-image-preview":"max-image-preview:large","max-video-preview":"max-video-preview:-1"},"canonical":"https:\/\/blog.solstis.ch\/index.php\/fr\/2017\/03\/08\/venez-nous-rencontrer-au-salon-habitat-jardin\/","og_locale":"fr_FR","og_type":"article","og_title":"Venez nous rencontrer au salon Habitat-Jardin ! - Solstis","og_description":"Du samedi 4 mars au dimanche 12 mars 2017, Solstis a le plaisir de vous accueillir sur son espace d\u00e9di\u00e9 [&hellip;]","og_url":"https:\/\/blog.solstis.ch\/index.php\/fr\/2017\/03\/08\/venez-nous-rencontrer-au-salon-habitat-jardin\/","og_site_name":"Solstis","article_published_time":"2017-03-08T14:33:18+00:00","article_modified_time":"2017-05-30T16:06:28+00:00","og_image":[{"width":1200,"height":783,"url":"https:\/\/blog.solstis.ch\/wp-content\/uploads\/2017\/03\/solstis_salon_habitat_jardin.jpg","type":"image\/jpeg"}],"author":"admin","twitter_card":"summary_large_image","twitter_misc":{"\u00c9crit par":"admin","Dur\u00e9e de lecture estim\u00e9e":"3 minutes"},"schema":{"@context":"https:\/\/schema.org","@graph":[{"@type":"WebPage","@id":"https:\/\/blog.solstis.ch\/index.php\/fr\/2017\/03\/08\/venez-nous-rencontrer-au-salon-habitat-jardin\/","url":"https:\/\/blog.solstis.ch\/index.php\/fr\/2017\/03\/08\/venez-nous-rencontrer-au-salon-habitat-jardin\/","name":"Venez nous rencontrer au salon Habitat-Jardin ! - Solstis","isPartOf":{"@id":"https:\/\/blog.solstis.ch\/#website"},"primaryImageOfPage":{"@id":"https:\/\/blog.solstis.ch\/index.php\/fr\/2017\/03\/08\/venez-nous-rencontrer-au-salon-habitat-jardin\/#primaryimage"},"image":{"@id":"https:\/\/blog.solstis.ch\/index.php\/fr\/2017\/03\/08\/venez-nous-rencontrer-au-salon-habitat-jardin\/#primaryimage"},"thumbnailUrl":"https:\/\/blog.solstis.ch\/wp-content\/uploads\/2017\/03\/solstis_salon_habitat_jardin.jpg","datePublished":"2017-03-08T14:33:18+00:00","dateModified":"2017-05-30T16:06:28+00:00","author":{"@id":"https:\/\/blog.solstis.ch\/#\/schema\/person\/5a9f5ef0a66b3e68c712ab62eeb4a1f9"},"breadcrumb":{"@id":"https:\/\/blog.solstis.ch\/index.php\/fr\/2017\/03\/08\/venez-nous-rencontrer-au-salon-habitat-jardin\/#breadcrumb"},"inLanguage":"fr-FR","potentialAction":[{"@type":"ReadAction","target":["https:\/\/blog.solstis.ch\/index.php\/fr\/2017\/03\/08\/venez-nous-rencontrer-au-salon-habitat-jardin\/"]}]},{"@type":"ImageObject","inLanguage":"fr-FR","@id":"https:\/\/blog.solstis.ch\/index.php\/fr\/2017\/03\/08\/venez-nous-rencontrer-au-salon-habitat-jardin\/#primaryimage","url":"https:\/\/blog.solstis.ch\/wp-content\/uploads\/2017\/03\/solstis_salon_habitat_jardin.jpg","contentUrl":"https:\/\/blog.solstis.ch\/wp-content\/uploads\/2017\/03\/solstis_salon_habitat_jardin.jpg","width":1200,"height":783},{"@type":"BreadcrumbList","@id":"https:\/\/blog.solstis.ch\/index.php\/fr\/2017\/03\/08\/venez-nous-rencontrer-au-salon-habitat-jardin\/#breadcrumb","itemListElement":[{"@type":"ListItem","position":1,"name":"Accueil","item":"https:\/\/blog.solstis.ch\/index.php\/fr\/blog\/"},{"@type":"ListItem","position":2,"name":"Venez nous rencontrer au salon Habitat-Jardin !"}]},{"@type":"WebSite","@id":"https:\/\/blog.solstis.ch\/#website","url":"https:\/\/blog.solstis.ch\/","name":"Solstis","description":"Solstis, donner au monde l&#039;\u00e9nergie d&#039;\u00eatre durable.","potentialAction":[{"@type":"SearchAction","target":{"@type":"EntryPoint","urlTemplate":"https:\/\/blog.solstis.ch\/?s={search_term_string}"},"query-input":{"@type":"PropertyValueSpecification","valueRequired":true,"valueName":"search_term_string"}}],"inLanguage":"fr-FR"},{"@type":"Person","@id":"https:\/\/blog.solstis.ch\/#\/schema\/person\/5a9f5ef0a66b3e68c712ab62eeb4a1f9","name":"admin","image":{"@type":"ImageObject","inLanguage":"fr-FR","@id":"https:\/\/blog.solstis.ch\/#\/schema\/person\/image\/","url":"https:\/\/secure.gravatar.com\/avatar\/8ba8fd08281e45cafc408887276f0396?s=96&d=mm&r=g","contentUrl":"https:\/\/secure.gravatar.com\/avatar\/8ba8fd08281e45cafc408887276f0396?s=96&d=mm&r=g","caption":"admin"},"url":"https:\/\/blog.solstis.ch\/index.php\/author\/admin\/"}]}},"jetpack_sharing_enabled":true,"jetpack_featured_media_url":"https:\/\/blog.solstis.ch\/wp-content\/uploads\/2017\/03\/solstis_salon_habitat_jardin.jpg","jetpack_shortlink":"https:\/\/wp.me\/pa0tUs-bf","_links":{"self":[{"href":"https:\/\/blog.solstis.ch\/index.php\/wp-json\/wp\/v2\/posts\/697","targetHints":{"allow":["GET"]}}],"collection":[{"href":"https:\/\/blog.solstis.ch\/index.php\/wp-json\/wp\/v2\/posts"}],"about":[{"href":"https:\/\/blog.solstis.ch\/index.php\/wp-json\/wp\/v2\/types\/post"}],"author":[{"embeddable":true,"href":"https:\/\/blog.solstis.ch\/index.php\/wp-json\/wp\/v2\/users\/1"}],"replies":[{"embeddable":true,"href":"https:\/\/blog.solstis.ch\/index.php\/wp-json\/wp\/v2\/comments?post=697"}],"version-history":[{"count":6,"href":"https:\/\/blog.solstis.ch\/index.php\/wp-json\/wp\/v2\/posts\/697\/revisions"}],"predecessor-version":[{"id":710,"href":"https:\/\/blog.solstis.ch\/index.php\/wp-json\/wp\/v2\/posts\/697\/revisions\/710"}],"wp:featuredmedia":[{"embeddable":true,"href":"https:\/\/blog.solstis.ch\/index.php\/wp-json\/wp\/v2\/media\/704"}],"wp:attachment":[{"href":"https:\/\/blog.solstis.ch\/index.php\/wp-json\/wp\/v2\/media?parent=697"}],"wp:term":[{"taxonomy":"category","embeddable":true,"href":"https:\/\/blog.solstis.ch\/index.php\/wp-json\/wp\/v2\/categories?post=697"},{"taxonomy":"post_tag","embeddable":true,"href":"https:\/\/blog.solstis.ch\/index.php\/wp-json\/wp\/v2\/tags?post=697"}],"curies":[{"name":"wp","href":"https:\/\/api.w.org\/{rel}","templated":true}]}}