{"id":692,"date":"2017-03-08T09:42:17","date_gmt":"2017-03-08T08:42:17","guid":{"rendered":"http:\/\/blog.solstis.ch\/?p=692"},"modified":"2017-04-27T13:17:21","modified_gmt":"2017-04-27T12:17:21","slug":"oui-a-la-strategie-energetique-car-nous-en-beneficierons-tous","status":"publish","type":"post","link":"https:\/\/blog.solstis.ch\/index.php\/fr\/2017\/03\/08\/oui-a-la-strategie-energetique-car-nous-en-beneficierons-tous\/","title":{"rendered":"OUI \u00e0 la Strat\u00e9gie \u00e9nerg\u00e9tique, car nous en b\u00e9n\u00e9ficierons tous"},"content":{"rendered":"<p><strong>Gr\u00e2ce \u00e0 la Strat\u00e9gie \u00e9nerg\u00e9tique 2050, la Suisse va utiliser de l\u2019\u00e9nergie indig\u00e8ne et renouvelable. Elle ne d\u00e9pensera plus des milliards pour les importations de ressources fossiles, comme le p\u00e9trole et l\u2019uranium. <\/strong><br \/>\n<strong>Une grande partie de ces fonds restera en Suisse et sera investie dans les \u00e9nergies renouvelables de notre pays.<\/strong><\/p>\n<p>Cette strat\u00e9gie est en outre favorable \u00e0 notre \u00e9conomie, car des emplois seront cr\u00e9\u00e9s dans le secteur de l\u2019\u00e9nergie.<br \/>\nPar ailleurs, la d\u00e9pendance vis-\u00e0-vis de l\u2019\u00e9tranger va diminuer.<\/p>\n<p>Plus d\u2019informations <a href=\"http:\/\/www.agglotv.com\/?p=45963\" target=\"_blank\">ICI<\/a><br \/>\nSource\u00a0: agglotv.com<br \/>\nCr\u00e9dit photo\u00a0: \u00a9skeeze<\/p>\n","protected":false},"excerpt":{"rendered":"<p>Gr\u00e2ce \u00e0 la Strat\u00e9gie \u00e9nerg\u00e9tique 2050, la Suisse va utiliser de l\u2019\u00e9nergie indig\u00e8ne et renouvelable. Elle ne d\u00e9pensera plus des [&hellip;]<\/p>\n","protected":false},"author":1,"featured_media":694,"comment_status":"open","ping_status":"open","sticky":false,"template":"","format":"standard","meta":{"jetpack_post_was_ever_published":false,"_jetpack_newsletter_access":"","_jetpack_dont_email_post_to_subs":false,"_jetpack_newsletter_tier_id":0,"_jetpack_memberships_contains_paywalled_content":false,"_jetpack_memberships_contains_paid_content":false,"footnotes":"","jetpack_publicize_message":"","jetpack_publicize_feature_enabled":true,"jetpack_social_post_already_shared":false,"jetpack_social_options":{"image_generator_settings":{"template":"highway","enabled":false},"version":2}},"categories":[33],"tags":[],"class_list":["post-692","post","type-post","status-publish","format-standard","has-post-thumbnail","hentry","category-energie"],"jetpack_publicize_connections":[],"yoast_head":"<!-- This site is optimized with the Yoast SEO plugin v23.8 - https:\/\/yoast.com\/wordpress\/plugins\/seo\/ -->\n<title>OUI \u00e0 la Strat\u00e9gie \u00e9nerg\u00e9tique, car nous en b\u00e9n\u00e9ficierons tous - Solstis<\/title>\n<meta name=\"robots\" content=\"index, follow, max-snippet:-1, max-image-preview:large, max-video-preview:-1\" \/>\n<link rel=\"canonical\" href=\"https:\/\/blog.solstis.ch\/index.php\/fr\/2017\/03\/08\/oui-a-la-strategie-energetique-car-nous-en-beneficierons-tous\/\" \/>\n<meta property=\"og:locale\" content=\"fr_FR\" \/>\n<meta property=\"og:type\" content=\"article\" \/>\n<meta property=\"og:title\" content=\"OUI \u00e0 la Strat\u00e9gie \u00e9nerg\u00e9tique, car nous en b\u00e9n\u00e9ficierons tous - Solstis\" \/>\n<meta property=\"og:description\" content=\"Gr\u00e2ce \u00e0 la Strat\u00e9gie \u00e9nerg\u00e9tique 2050, la Suisse va utiliser de l\u2019\u00e9nergie indig\u00e8ne et renouvelable. Elle ne d\u00e9pensera plus des [&hellip;]\" \/>\n<meta property=\"og:url\" content=\"https:\/\/blog.solstis.ch\/index.php\/fr\/2017\/03\/08\/oui-a-la-strategie-energetique-car-nous-en-beneficierons-tous\/\" \/>\n<meta property=\"og:site_name\" content=\"Solstis\" \/>\n<meta property=\"article:published_time\" content=\"2017-03-08T08:42:17+00:00\" \/>\n<meta property=\"article:modified_time\" content=\"2017-04-27T12:17:21+00:00\" \/>\n<meta property=\"og:image\" content=\"https:\/\/blog.solstis.ch\/wp-content\/uploads\/2017\/03\/solar-panel-array-1591350_1280.jpg\" \/>\n\t<meta property=\"og:image:width\" content=\"1200\" \/>\n\t<meta property=\"og:image:height\" content=\"646\" \/>\n\t<meta property=\"og:image:type\" content=\"image\/jpeg\" \/>\n<meta name=\"author\" content=\"admin\" \/>\n<meta name=\"twitter:card\" content=\"summary_large_image\" \/>\n<meta name=\"twitter:label1\" content=\"\u00c9crit par\" \/>\n\t<meta name=\"twitter:data1\" content=\"admin\" \/>\n\t<meta name=\"twitter:label2\" content=\"Dur\u00e9e de lecture estim\u00e9e\" \/>\n\t<meta name=\"twitter:data2\" content=\"1 minute\" \/>\n<script type=\"application\/ld+json\" class=\"yoast-schema-graph\">{\"@context\":\"https:\/\/schema.org\",\"@graph\":[{\"@type\":\"WebPage\",\"@id\":\"https:\/\/blog.solstis.ch\/index.php\/fr\/2017\/03\/08\/oui-a-la-strategie-energetique-car-nous-en-beneficierons-tous\/\",\"url\":\"https:\/\/blog.solstis.ch\/index.php\/fr\/2017\/03\/08\/oui-a-la-strategie-energetique-car-nous-en-beneficierons-tous\/\",\"name\":\"OUI \u00e0 la Strat\u00e9gie \u00e9nerg\u00e9tique, car nous en b\u00e9n\u00e9ficierons tous - Solstis\",\"isPartOf\":{\"@id\":\"https:\/\/blog.solstis.ch\/#website\"},\"primaryImageOfPage\":{\"@id\":\"https:\/\/blog.solstis.ch\/index.php\/fr\/2017\/03\/08\/oui-a-la-strategie-energetique-car-nous-en-beneficierons-tous\/#primaryimage\"},\"image\":{\"@id\":\"https:\/\/blog.solstis.ch\/index.php\/fr\/2017\/03\/08\/oui-a-la-strategie-energetique-car-nous-en-beneficierons-tous\/#primaryimage\"},\"thumbnailUrl\":\"https:\/\/blog.solstis.ch\/wp-content\/uploads\/2017\/03\/solar-panel-array-1591350_1280.jpg\",\"datePublished\":\"2017-03-08T08:42:17+00:00\",\"dateModified\":\"2017-04-27T12:17:21+00:00\",\"author\":{\"@id\":\"https:\/\/blog.solstis.ch\/#\/schema\/person\/5a9f5ef0a66b3e68c712ab62eeb4a1f9\"},\"breadcrumb\":{\"@id\":\"https:\/\/blog.solstis.ch\/index.php\/fr\/2017\/03\/08\/oui-a-la-strategie-energetique-car-nous-en-beneficierons-tous\/#breadcrumb\"},\"inLanguage\":\"fr-FR\",\"potentialAction\":[{\"@type\":\"ReadAction\",\"target\":[\"https:\/\/blog.solstis.ch\/index.php\/fr\/2017\/03\/08\/oui-a-la-strategie-energetique-car-nous-en-beneficierons-tous\/\"]}]},{\"@type\":\"ImageObject\",\"inLanguage\":\"fr-FR\",\"@id\":\"https:\/\/blog.solstis.ch\/index.php\/fr\/2017\/03\/08\/oui-a-la-strategie-energetique-car-nous-en-beneficierons-tous\/#primaryimage\",\"url\":\"https:\/\/blog.solstis.ch\/wp-content\/uploads\/2017\/03\/solar-panel-array-1591350_1280.jpg\",\"contentUrl\":\"https:\/\/blog.solstis.ch\/wp-content\/uploads\/2017\/03\/solar-panel-array-1591350_1280.jpg\",\"width\":1200,\"height\":646,\"caption\":\"Strategie energetique suisse energie renouvelable\"},{\"@type\":\"BreadcrumbList\",\"@id\":\"https:\/\/blog.solstis.ch\/index.php\/fr\/2017\/03\/08\/oui-a-la-strategie-energetique-car-nous-en-beneficierons-tous\/#breadcrumb\",\"itemListElement\":[{\"@type\":\"ListItem\",\"position\":1,\"name\":\"Accueil\",\"item\":\"https:\/\/blog.solstis.ch\/index.php\/fr\/blog\/\"},{\"@type\":\"ListItem\",\"position\":2,\"name\":\"OUI \u00e0 la Strat\u00e9gie \u00e9nerg\u00e9tique, car nous en b\u00e9n\u00e9ficierons tous\"}]},{\"@type\":\"WebSite\",\"@id\":\"https:\/\/blog.solstis.ch\/#website\",\"url\":\"https:\/\/blog.solstis.ch\/\",\"name\":\"Solstis\",\"description\":\"Solstis, donner au monde l&#039;\u00e9nergie d&#039;\u00eatre durable.\",\"potentialAction\":[{\"@type\":\"SearchAction\",\"target\":{\"@type\":\"EntryPoint\",\"urlTemplate\":\"https:\/\/blog.solstis.ch\/?s={search_term_string}\"},\"query-input\":{\"@type\":\"PropertyValueSpecification\",\"valueRequired\":true,\"valueName\":\"search_term_string\"}}],\"inLanguage\":\"fr-FR\"},{\"@type\":\"Person\",\"@id\":\"https:\/\/blog.solstis.ch\/#\/schema\/person\/5a9f5ef0a66b3e68c712ab62eeb4a1f9\",\"name\":\"admin\",\"image\":{\"@type\":\"ImageObject\",\"inLanguage\":\"fr-FR\",\"@id\":\"https:\/\/blog.solstis.ch\/#\/schema\/person\/image\/\",\"url\":\"https:\/\/secure.gravatar.com\/avatar\/8ba8fd08281e45cafc408887276f0396?s=96&d=mm&r=g\",\"contentUrl\":\"https:\/\/secure.gravatar.com\/avatar\/8ba8fd08281e45cafc408887276f0396?s=96&d=mm&r=g\",\"caption\":\"admin\"},\"url\":\"https:\/\/blog.solstis.ch\/index.php\/author\/admin\/\"}]}<\/script>\n<!-- \/ Yoast SEO plugin. -->","yoast_head_json":{"title":"OUI \u00e0 la Strat\u00e9gie \u00e9nerg\u00e9tique, car nous en b\u00e9n\u00e9ficierons tous - Solstis","robots":{"index":"index","follow":"follow","max-snippet":"max-snippet:-1","max-image-preview":"max-image-preview:large","max-video-preview":"max-video-preview:-1"},"canonical":"https:\/\/blog.solstis.ch\/index.php\/fr\/2017\/03\/08\/oui-a-la-strategie-energetique-car-nous-en-beneficierons-tous\/","og_locale":"fr_FR","og_type":"article","og_title":"OUI \u00e0 la Strat\u00e9gie \u00e9nerg\u00e9tique, car nous en b\u00e9n\u00e9ficierons tous - Solstis","og_description":"Gr\u00e2ce \u00e0 la Strat\u00e9gie \u00e9nerg\u00e9tique 2050, la Suisse va utiliser de l\u2019\u00e9nergie indig\u00e8ne et renouvelable. Elle ne d\u00e9pensera plus des [&hellip;]","og_url":"https:\/\/blog.solstis.ch\/index.php\/fr\/2017\/03\/08\/oui-a-la-strategie-energetique-car-nous-en-beneficierons-tous\/","og_site_name":"Solstis","article_published_time":"2017-03-08T08:42:17+00:00","article_modified_time":"2017-04-27T12:17:21+00:00","og_image":[{"width":1200,"height":646,"url":"https:\/\/blog.solstis.ch\/wp-content\/uploads\/2017\/03\/solar-panel-array-1591350_1280.jpg","type":"image\/jpeg"}],"author":"admin","twitter_card":"summary_large_image","twitter_misc":{"\u00c9crit par":"admin","Dur\u00e9e de lecture estim\u00e9e":"1 minute"},"schema":{"@context":"https:\/\/schema.org","@graph":[{"@type":"WebPage","@id":"https:\/\/blog.solstis.ch\/index.php\/fr\/2017\/03\/08\/oui-a-la-strategie-energetique-car-nous-en-beneficierons-tous\/","url":"https:\/\/blog.solstis.ch\/index.php\/fr\/2017\/03\/08\/oui-a-la-strategie-energetique-car-nous-en-beneficierons-tous\/","name":"OUI \u00e0 la Strat\u00e9gie \u00e9nerg\u00e9tique, car nous en b\u00e9n\u00e9ficierons tous - Solstis","isPartOf":{"@id":"https:\/\/blog.solstis.ch\/#website"},"primaryImageOfPage":{"@id":"https:\/\/blog.solstis.ch\/index.php\/fr\/2017\/03\/08\/oui-a-la-strategie-energetique-car-nous-en-beneficierons-tous\/#primaryimage"},"image":{"@id":"https:\/\/blog.solstis.ch\/index.php\/fr\/2017\/03\/08\/oui-a-la-strategie-energetique-car-nous-en-beneficierons-tous\/#primaryimage"},"thumbnailUrl":"https:\/\/blog.solstis.ch\/wp-content\/uploads\/2017\/03\/solar-panel-array-1591350_1280.jpg","datePublished":"2017-03-08T08:42:17+00:00","dateModified":"2017-04-27T12:17:21+00:00","author":{"@id":"https:\/\/blog.solstis.ch\/#\/schema\/person\/5a9f5ef0a66b3e68c712ab62eeb4a1f9"},"breadcrumb":{"@id":"https:\/\/blog.solstis.ch\/index.php\/fr\/2017\/03\/08\/oui-a-la-strategie-energetique-car-nous-en-beneficierons-tous\/#breadcrumb"},"inLanguage":"fr-FR","potentialAction":[{"@type":"ReadAction","target":["https:\/\/blog.solstis.ch\/index.php\/fr\/2017\/03\/08\/oui-a-la-strategie-energetique-car-nous-en-beneficierons-tous\/"]}]},{"@type":"ImageObject","inLanguage":"fr-FR","@id":"https:\/\/blog.solstis.ch\/index.php\/fr\/2017\/03\/08\/oui-a-la-strategie-energetique-car-nous-en-beneficierons-tous\/#primaryimage","url":"https:\/\/blog.solstis.ch\/wp-content\/uploads\/2017\/03\/solar-panel-array-1591350_1280.jpg","contentUrl":"https:\/\/blog.solstis.ch\/wp-content\/uploads\/2017\/03\/solar-panel-array-1591350_1280.jpg","width":1200,"height":646,"caption":"Strategie energetique suisse energie renouvelable"},{"@type":"BreadcrumbList","@id":"https:\/\/blog.solstis.ch\/index.php\/fr\/2017\/03\/08\/oui-a-la-strategie-energetique-car-nous-en-beneficierons-tous\/#breadcrumb","itemListElement":[{"@type":"ListItem","position":1,"name":"Accueil","item":"https:\/\/blog.solstis.ch\/index.php\/fr\/blog\/"},{"@type":"ListItem","position":2,"name":"OUI \u00e0 la Strat\u00e9gie \u00e9nerg\u00e9tique, car nous en b\u00e9n\u00e9ficierons tous"}]},{"@type":"WebSite","@id":"https:\/\/blog.solstis.ch\/#website","url":"https:\/\/blog.solstis.ch\/","name":"Solstis","description":"Solstis, donner au monde l&#039;\u00e9nergie d&#039;\u00eatre durable.","potentialAction":[{"@type":"SearchAction","target":{"@type":"EntryPoint","urlTemplate":"https:\/\/blog.solstis.ch\/?s={search_term_string}"},"query-input":{"@type":"PropertyValueSpecification","valueRequired":true,"valueName":"search_term_string"}}],"inLanguage":"fr-FR"},{"@type":"Person","@id":"https:\/\/blog.solstis.ch\/#\/schema\/person\/5a9f5ef0a66b3e68c712ab62eeb4a1f9","name":"admin","image":{"@type":"ImageObject","inLanguage":"fr-FR","@id":"https:\/\/blog.solstis.ch\/#\/schema\/person\/image\/","url":"https:\/\/secure.gravatar.com\/avatar\/8ba8fd08281e45cafc408887276f0396?s=96&d=mm&r=g","contentUrl":"https:\/\/secure.gravatar.com\/avatar\/8ba8fd08281e45cafc408887276f0396?s=96&d=mm&r=g","caption":"admin"},"url":"https:\/\/blog.solstis.ch\/index.php\/author\/admin\/"}]}},"jetpack_sharing_enabled":true,"jetpack_featured_media_url":"https:\/\/blog.solstis.ch\/wp-content\/uploads\/2017\/03\/solar-panel-array-1591350_1280.jpg","jetpack_shortlink":"https:\/\/wp.me\/pa0tUs-ba","_links":{"self":[{"href":"https:\/\/blog.solstis.ch\/index.php\/wp-json\/wp\/v2\/posts\/692","targetHints":{"allow":["GET"]}}],"collection":[{"href":"https:\/\/blog.solstis.ch\/index.php\/wp-json\/wp\/v2\/posts"}],"about":[{"href":"https:\/\/blog.solstis.ch\/index.php\/wp-json\/wp\/v2\/types\/post"}],"author":[{"embeddable":true,"href":"https:\/\/blog.solstis.ch\/index.php\/wp-json\/wp\/v2\/users\/1"}],"replies":[{"embeddable":true,"href":"https:\/\/blog.solstis.ch\/index.php\/wp-json\/wp\/v2\/comments?post=692"}],"version-history":[{"count":3,"href":"https:\/\/blog.solstis.ch\/index.php\/wp-json\/wp\/v2\/posts\/692\/revisions"}],"predecessor-version":[{"id":696,"href":"https:\/\/blog.solstis.ch\/index.php\/wp-json\/wp\/v2\/posts\/692\/revisions\/696"}],"wp:featuredmedia":[{"embeddable":true,"href":"https:\/\/blog.solstis.ch\/index.php\/wp-json\/wp\/v2\/media\/694"}],"wp:attachment":[{"href":"https:\/\/blog.solstis.ch\/index.php\/wp-json\/wp\/v2\/media?parent=692"}],"wp:term":[{"taxonomy":"category","embeddable":true,"href":"https:\/\/blog.solstis.ch\/index.php\/wp-json\/wp\/v2\/categories?post=692"},{"taxonomy":"post_tag","embeddable":true,"href":"https:\/\/blog.solstis.ch\/index.php\/wp-json\/wp\/v2\/tags?post=692"}],"curies":[{"name":"wp","href":"https:\/\/api.w.org\/{rel}","templated":true}]}}