{"id":687,"date":"2017-02-28T09:02:54","date_gmt":"2017-02-28T08:02:54","guid":{"rendered":"http:\/\/blog.solstis.ch\/?p=687"},"modified":"2017-02-28T09:19:27","modified_gmt":"2017-02-28T08:19:27","slug":"la-chaine-logistique-solstis-sans-elle-rien-ne-serait-possible","status":"publish","type":"post","link":"https:\/\/blog.solstis.ch\/index.php\/fr\/2017\/02\/28\/la-chaine-logistique-solstis-sans-elle-rien-ne-serait-possible\/","title":{"rendered":"La cha\u00eene logistique Solstis : sans elle, rien ne serait possible"},"content":{"rendered":"<p><strong>Ils sont 4 collaborateurs \u00e0 assurer la gestion des achats et du stock. Ang\u00e9lique Tournier, responsable de la Supply Chain chez Solstis, nous relate le quotidien de cette fonction strat\u00e9gique.<\/strong><\/p>\n<p><strong>Ang\u00e9lique, quelle est la fonction de votre d\u00e9partement\u2009?<\/strong><br \/>\nNous avons la double responsabilit\u00e9 de fournir nos propres chantiers et ceux de nos clients installateurs. De nombreuses entreprises r\u00e9gionales ach\u00e8tent chez nous pour des raisons pratiques\u00a0; une partie du mat\u00e9riel provient d\u2019Asie et engendre des d\u00e9lais de livraison consid\u00e9rables. En quelque sorte, nous faisons office de distributeur r\u00e9gional.<\/p>\n<p><strong>Comment \u00eates-vous organis\u00e9s\u2009?<\/strong><br \/>\nNous avons fait le choix de centraliser notre stock \u00e0 Lausanne, aupr\u00e8s duquel nos \u00e9quipes neuch\u00e2teloises, lausannoises et genevoises s\u2019approvisionnent.<br \/>\nNous tenons un catalogue exhaustif, unique en Suisse romande, de tous les \u00e9l\u00e9ments constitutifs d\u2019une installation photovolta\u00efque\u00a0: panneaux, onduleurs, structures et accessoires.<\/p>\n<p><strong>Quelle est votre m\u00e9thode de gestion\u2009?<\/strong><br \/>\nC\u2019est une composante essentielle de notre travail. Nous devons anticiper le flux tendu, compte tenu notamment des d\u00e9lais de transport maritime g\u00e9n\u00e9r\u00e9s par les achats en Asie, d\u2019environ 6 semaines. Nous \u00e9valuons nos besoins en fonction de nos chantiers, mais \u00e9galement de nos r\u00e9sultats trimestriels et du volume de commandes provenant des installateurs ind\u00e9pendants.<br \/>\nIl faut savoir que le march\u00e9 du mat\u00e9riel photovolta\u00efque est soumis \u00e0 de fr\u00e9quentes variations de prix. Nous effectuons donc une surveillance assidue, tant pour nos propres affaires que pour nos confr\u00e8res se servant chez Solstis.<\/p>\n<p><strong>Pourquoi l\u2019Asie\u2009?<\/strong><br \/>\nNotre politique d\u2019achat privil\u00e9gie r\u00e9solument la Suisse et l\u2019Europe.<br \/>\nNous entretenons d\u2019excellentes relations commerciales avec l\u2019Allemagne, qui reste dans le domaine du photovolta\u00efque un partenaire commercial de premier ordre.<br \/>\nCertaines installations d\u2019envergure n\u00e9cessitent une extr\u00eame comp\u00e9titivit\u00e9. Nos partenaires asiatiques proposent dans ce cas des mat\u00e9riels de qualit\u00e9 \u00e0 des co\u00fbts plus \u00e9tudi\u00e9s sur la quantit\u00e9.<\/p>\n<p><strong>\u00a0Quelles sont vos lignes de force\u2009?<\/strong><br \/>\nElles se fondent sur 4 piliers\u00a0:<\/p>\n<ul>\n<li>du stock disponible<\/li>\n<li>une qualit\u00e9 irr\u00e9prochable<\/li>\n<li>des co\u00fbts ma\u00eetris\u00e9s<\/li>\n<li>de la r\u00e9activit\u00e9<\/li>\n<\/ul>\n<p>Pour cela, nous g\u00e9rons notre catalogue de tr\u00e8s pr\u00e8s. La stabilit\u00e9 financi\u00e8re de Solstis nous permet de commander en grande quantit\u00e9 \u00e0 des co\u00fbts attractifs.<br \/>\nPr\u00e9curseurs du solaire en Suisse, nous avons tiss\u00e9 en 20 ans des liens solides avec les meilleurs fournisseurs\u2009; nous garantissons la qualit\u00e9 de notre gamme.<br \/>\nEnfin, notre d\u00e9partement, occupant 4 personnes, est structur\u00e9 pour suivre les commandes et veiller \u00e0 l\u2019acheminement du mat\u00e9riel sur les chantiers ou chez nos clients professionnels. Cette disponibilit\u00e9 est appr\u00e9ci\u00e9e.<\/p>\n<p>La chaine de valeur Solstis repose sur un processus logistique sans faille. Nous nous y engageons\u00a0!<\/p>\n","protected":false},"excerpt":{"rendered":"<p>Ils sont 4 collaborateurs \u00e0 assurer la gestion des achats et du stock. Ang\u00e9lique Tournier, responsable de la Supply Chain [&hellip;]<\/p>\n","protected":false},"author":1,"featured_media":689,"comment_status":"open","ping_status":"open","sticky":false,"template":"","format":"standard","meta":{"jetpack_post_was_ever_published":false,"_jetpack_newsletter_access":"","_jetpack_dont_email_post_to_subs":false,"_jetpack_newsletter_tier_id":0,"_jetpack_memberships_contains_paywalled_content":false,"_jetpack_memberships_contains_paid_content":false,"footnotes":"","jetpack_publicize_message":"","jetpack_publicize_feature_enabled":true,"jetpack_social_post_already_shared":false,"jetpack_social_options":{"image_generator_settings":{"template":"highway","enabled":false},"version":2}},"categories":[197],"tags":[],"class_list":["post-687","post","type-post","status-publish","format-standard","has-post-thumbnail","hentry","category-interview"],"jetpack_publicize_connections":[],"yoast_head":"<!-- This site is optimized with the Yoast SEO plugin v23.8 - https:\/\/yoast.com\/wordpress\/plugins\/seo\/ -->\n<title>La cha\u00eene logistique Solstis : sans elle, rien ne serait possible - Solstis<\/title>\n<meta name=\"robots\" content=\"index, follow, max-snippet:-1, max-image-preview:large, max-video-preview:-1\" \/>\n<link rel=\"canonical\" href=\"https:\/\/blog.solstis.ch\/index.php\/fr\/2017\/02\/28\/la-chaine-logistique-solstis-sans-elle-rien-ne-serait-possible\/\" \/>\n<meta property=\"og:locale\" content=\"fr_FR\" \/>\n<meta property=\"og:type\" content=\"article\" \/>\n<meta property=\"og:title\" content=\"La cha\u00eene logistique Solstis : sans elle, rien ne serait possible - Solstis\" \/>\n<meta property=\"og:description\" content=\"Ils sont 4 collaborateurs \u00e0 assurer la gestion des achats et du stock. Ang\u00e9lique Tournier, responsable de la Supply Chain [&hellip;]\" \/>\n<meta property=\"og:url\" content=\"https:\/\/blog.solstis.ch\/index.php\/fr\/2017\/02\/28\/la-chaine-logistique-solstis-sans-elle-rien-ne-serait-possible\/\" \/>\n<meta property=\"og:site_name\" content=\"Solstis\" \/>\n<meta property=\"article:published_time\" content=\"2017-02-28T08:02:54+00:00\" \/>\n<meta property=\"article:modified_time\" content=\"2017-02-28T08:19:27+00:00\" \/>\n<meta property=\"og:image\" content=\"https:\/\/blog.solstis.ch\/wp-content\/uploads\/2017\/02\/Solstis_logistique.jpg\" \/>\n\t<meta property=\"og:image:width\" content=\"1255\" \/>\n\t<meta property=\"og:image:height\" content=\"836\" \/>\n\t<meta property=\"og:image:type\" content=\"image\/jpeg\" \/>\n<meta name=\"author\" content=\"admin\" \/>\n<meta name=\"twitter:card\" content=\"summary_large_image\" \/>\n<meta name=\"twitter:label1\" content=\"\u00c9crit par\" \/>\n\t<meta name=\"twitter:data1\" content=\"admin\" \/>\n\t<meta name=\"twitter:label2\" content=\"Dur\u00e9e de lecture estim\u00e9e\" \/>\n\t<meta name=\"twitter:data2\" content=\"2 minutes\" \/>\n<script type=\"application\/ld+json\" class=\"yoast-schema-graph\">{\"@context\":\"https:\/\/schema.org\",\"@graph\":[{\"@type\":\"WebPage\",\"@id\":\"https:\/\/blog.solstis.ch\/index.php\/fr\/2017\/02\/28\/la-chaine-logistique-solstis-sans-elle-rien-ne-serait-possible\/\",\"url\":\"https:\/\/blog.solstis.ch\/index.php\/fr\/2017\/02\/28\/la-chaine-logistique-solstis-sans-elle-rien-ne-serait-possible\/\",\"name\":\"La cha\u00eene logistique Solstis : sans elle, rien ne serait possible - Solstis\",\"isPartOf\":{\"@id\":\"https:\/\/blog.solstis.ch\/#website\"},\"primaryImageOfPage\":{\"@id\":\"https:\/\/blog.solstis.ch\/index.php\/fr\/2017\/02\/28\/la-chaine-logistique-solstis-sans-elle-rien-ne-serait-possible\/#primaryimage\"},\"image\":{\"@id\":\"https:\/\/blog.solstis.ch\/index.php\/fr\/2017\/02\/28\/la-chaine-logistique-solstis-sans-elle-rien-ne-serait-possible\/#primaryimage\"},\"thumbnailUrl\":\"https:\/\/blog.solstis.ch\/wp-content\/uploads\/2017\/02\/Solstis_logistique.jpg\",\"datePublished\":\"2017-02-28T08:02:54+00:00\",\"dateModified\":\"2017-02-28T08:19:27+00:00\",\"author\":{\"@id\":\"https:\/\/blog.solstis.ch\/#\/schema\/person\/5a9f5ef0a66b3e68c712ab62eeb4a1f9\"},\"breadcrumb\":{\"@id\":\"https:\/\/blog.solstis.ch\/index.php\/fr\/2017\/02\/28\/la-chaine-logistique-solstis-sans-elle-rien-ne-serait-possible\/#breadcrumb\"},\"inLanguage\":\"fr-FR\",\"potentialAction\":[{\"@type\":\"ReadAction\",\"target\":[\"https:\/\/blog.solstis.ch\/index.php\/fr\/2017\/02\/28\/la-chaine-logistique-solstis-sans-elle-rien-ne-serait-possible\/\"]}]},{\"@type\":\"ImageObject\",\"inLanguage\":\"fr-FR\",\"@id\":\"https:\/\/blog.solstis.ch\/index.php\/fr\/2017\/02\/28\/la-chaine-logistique-solstis-sans-elle-rien-ne-serait-possible\/#primaryimage\",\"url\":\"https:\/\/blog.solstis.ch\/wp-content\/uploads\/2017\/02\/Solstis_logistique.jpg\",\"contentUrl\":\"https:\/\/blog.solstis.ch\/wp-content\/uploads\/2017\/02\/Solstis_logistique.jpg\",\"width\":1255,\"height\":836,\"caption\":\"Closeup of photovoltaic solar panels in mountainous natural area, gathering sunlight. Sustainable resources, environmental conservation, alternative power source and generation, green energy concept.\"},{\"@type\":\"BreadcrumbList\",\"@id\":\"https:\/\/blog.solstis.ch\/index.php\/fr\/2017\/02\/28\/la-chaine-logistique-solstis-sans-elle-rien-ne-serait-possible\/#breadcrumb\",\"itemListElement\":[{\"@type\":\"ListItem\",\"position\":1,\"name\":\"Accueil\",\"item\":\"https:\/\/blog.solstis.ch\/index.php\/fr\/blog\/\"},{\"@type\":\"ListItem\",\"position\":2,\"name\":\"La cha\u00eene logistique Solstis : sans elle, rien ne serait possible\"}]},{\"@type\":\"WebSite\",\"@id\":\"https:\/\/blog.solstis.ch\/#website\",\"url\":\"https:\/\/blog.solstis.ch\/\",\"name\":\"Solstis\",\"description\":\"Solstis, donner au monde l&#039;\u00e9nergie d&#039;\u00eatre durable.\",\"potentialAction\":[{\"@type\":\"SearchAction\",\"target\":{\"@type\":\"EntryPoint\",\"urlTemplate\":\"https:\/\/blog.solstis.ch\/?s={search_term_string}\"},\"query-input\":{\"@type\":\"PropertyValueSpecification\",\"valueRequired\":true,\"valueName\":\"search_term_string\"}}],\"inLanguage\":\"fr-FR\"},{\"@type\":\"Person\",\"@id\":\"https:\/\/blog.solstis.ch\/#\/schema\/person\/5a9f5ef0a66b3e68c712ab62eeb4a1f9\",\"name\":\"admin\",\"image\":{\"@type\":\"ImageObject\",\"inLanguage\":\"fr-FR\",\"@id\":\"https:\/\/blog.solstis.ch\/#\/schema\/person\/image\/\",\"url\":\"https:\/\/secure.gravatar.com\/avatar\/8ba8fd08281e45cafc408887276f0396?s=96&d=mm&r=g\",\"contentUrl\":\"https:\/\/secure.gravatar.com\/avatar\/8ba8fd08281e45cafc408887276f0396?s=96&d=mm&r=g\",\"caption\":\"admin\"},\"url\":\"https:\/\/blog.solstis.ch\/index.php\/author\/admin\/\"}]}<\/script>\n<!-- \/ Yoast SEO plugin. -->","yoast_head_json":{"title":"La cha\u00eene logistique Solstis : sans elle, rien ne serait possible - Solstis","robots":{"index":"index","follow":"follow","max-snippet":"max-snippet:-1","max-image-preview":"max-image-preview:large","max-video-preview":"max-video-preview:-1"},"canonical":"https:\/\/blog.solstis.ch\/index.php\/fr\/2017\/02\/28\/la-chaine-logistique-solstis-sans-elle-rien-ne-serait-possible\/","og_locale":"fr_FR","og_type":"article","og_title":"La cha\u00eene logistique Solstis : sans elle, rien ne serait possible - Solstis","og_description":"Ils sont 4 collaborateurs \u00e0 assurer la gestion des achats et du stock. Ang\u00e9lique Tournier, responsable de la Supply Chain [&hellip;]","og_url":"https:\/\/blog.solstis.ch\/index.php\/fr\/2017\/02\/28\/la-chaine-logistique-solstis-sans-elle-rien-ne-serait-possible\/","og_site_name":"Solstis","article_published_time":"2017-02-28T08:02:54+00:00","article_modified_time":"2017-02-28T08:19:27+00:00","og_image":[{"width":1255,"height":836,"url":"https:\/\/blog.solstis.ch\/wp-content\/uploads\/2017\/02\/Solstis_logistique.jpg","type":"image\/jpeg"}],"author":"admin","twitter_card":"summary_large_image","twitter_misc":{"\u00c9crit par":"admin","Dur\u00e9e de lecture estim\u00e9e":"2 minutes"},"schema":{"@context":"https:\/\/schema.org","@graph":[{"@type":"WebPage","@id":"https:\/\/blog.solstis.ch\/index.php\/fr\/2017\/02\/28\/la-chaine-logistique-solstis-sans-elle-rien-ne-serait-possible\/","url":"https:\/\/blog.solstis.ch\/index.php\/fr\/2017\/02\/28\/la-chaine-logistique-solstis-sans-elle-rien-ne-serait-possible\/","name":"La cha\u00eene logistique Solstis : sans elle, rien ne serait possible - Solstis","isPartOf":{"@id":"https:\/\/blog.solstis.ch\/#website"},"primaryImageOfPage":{"@id":"https:\/\/blog.solstis.ch\/index.php\/fr\/2017\/02\/28\/la-chaine-logistique-solstis-sans-elle-rien-ne-serait-possible\/#primaryimage"},"image":{"@id":"https:\/\/blog.solstis.ch\/index.php\/fr\/2017\/02\/28\/la-chaine-logistique-solstis-sans-elle-rien-ne-serait-possible\/#primaryimage"},"thumbnailUrl":"https:\/\/blog.solstis.ch\/wp-content\/uploads\/2017\/02\/Solstis_logistique.jpg","datePublished":"2017-02-28T08:02:54+00:00","dateModified":"2017-02-28T08:19:27+00:00","author":{"@id":"https:\/\/blog.solstis.ch\/#\/schema\/person\/5a9f5ef0a66b3e68c712ab62eeb4a1f9"},"breadcrumb":{"@id":"https:\/\/blog.solstis.ch\/index.php\/fr\/2017\/02\/28\/la-chaine-logistique-solstis-sans-elle-rien-ne-serait-possible\/#breadcrumb"},"inLanguage":"fr-FR","potentialAction":[{"@type":"ReadAction","target":["https:\/\/blog.solstis.ch\/index.php\/fr\/2017\/02\/28\/la-chaine-logistique-solstis-sans-elle-rien-ne-serait-possible\/"]}]},{"@type":"ImageObject","inLanguage":"fr-FR","@id":"https:\/\/blog.solstis.ch\/index.php\/fr\/2017\/02\/28\/la-chaine-logistique-solstis-sans-elle-rien-ne-serait-possible\/#primaryimage","url":"https:\/\/blog.solstis.ch\/wp-content\/uploads\/2017\/02\/Solstis_logistique.jpg","contentUrl":"https:\/\/blog.solstis.ch\/wp-content\/uploads\/2017\/02\/Solstis_logistique.jpg","width":1255,"height":836,"caption":"Closeup of photovoltaic solar panels in mountainous natural area, gathering sunlight. Sustainable resources, environmental conservation, alternative power source and generation, green energy concept."},{"@type":"BreadcrumbList","@id":"https:\/\/blog.solstis.ch\/index.php\/fr\/2017\/02\/28\/la-chaine-logistique-solstis-sans-elle-rien-ne-serait-possible\/#breadcrumb","itemListElement":[{"@type":"ListItem","position":1,"name":"Accueil","item":"https:\/\/blog.solstis.ch\/index.php\/fr\/blog\/"},{"@type":"ListItem","position":2,"name":"La cha\u00eene logistique Solstis : sans elle, rien ne serait possible"}]},{"@type":"WebSite","@id":"https:\/\/blog.solstis.ch\/#website","url":"https:\/\/blog.solstis.ch\/","name":"Solstis","description":"Solstis, donner au monde l&#039;\u00e9nergie d&#039;\u00eatre durable.","potentialAction":[{"@type":"SearchAction","target":{"@type":"EntryPoint","urlTemplate":"https:\/\/blog.solstis.ch\/?s={search_term_string}"},"query-input":{"@type":"PropertyValueSpecification","valueRequired":true,"valueName":"search_term_string"}}],"inLanguage":"fr-FR"},{"@type":"Person","@id":"https:\/\/blog.solstis.ch\/#\/schema\/person\/5a9f5ef0a66b3e68c712ab62eeb4a1f9","name":"admin","image":{"@type":"ImageObject","inLanguage":"fr-FR","@id":"https:\/\/blog.solstis.ch\/#\/schema\/person\/image\/","url":"https:\/\/secure.gravatar.com\/avatar\/8ba8fd08281e45cafc408887276f0396?s=96&d=mm&r=g","contentUrl":"https:\/\/secure.gravatar.com\/avatar\/8ba8fd08281e45cafc408887276f0396?s=96&d=mm&r=g","caption":"admin"},"url":"https:\/\/blog.solstis.ch\/index.php\/author\/admin\/"}]}},"jetpack_sharing_enabled":true,"jetpack_featured_media_url":"https:\/\/blog.solstis.ch\/wp-content\/uploads\/2017\/02\/Solstis_logistique.jpg","jetpack_shortlink":"https:\/\/wp.me\/pa0tUs-b5","_links":{"self":[{"href":"https:\/\/blog.solstis.ch\/index.php\/wp-json\/wp\/v2\/posts\/687","targetHints":{"allow":["GET"]}}],"collection":[{"href":"https:\/\/blog.solstis.ch\/index.php\/wp-json\/wp\/v2\/posts"}],"about":[{"href":"https:\/\/blog.solstis.ch\/index.php\/wp-json\/wp\/v2\/types\/post"}],"author":[{"embeddable":true,"href":"https:\/\/blog.solstis.ch\/index.php\/wp-json\/wp\/v2\/users\/1"}],"replies":[{"embeddable":true,"href":"https:\/\/blog.solstis.ch\/index.php\/wp-json\/wp\/v2\/comments?post=687"}],"version-history":[{"count":2,"href":"https:\/\/blog.solstis.ch\/index.php\/wp-json\/wp\/v2\/posts\/687\/revisions"}],"predecessor-version":[{"id":690,"href":"https:\/\/blog.solstis.ch\/index.php\/wp-json\/wp\/v2\/posts\/687\/revisions\/690"}],"wp:featuredmedia":[{"embeddable":true,"href":"https:\/\/blog.solstis.ch\/index.php\/wp-json\/wp\/v2\/media\/689"}],"wp:attachment":[{"href":"https:\/\/blog.solstis.ch\/index.php\/wp-json\/wp\/v2\/media?parent=687"}],"wp:term":[{"taxonomy":"category","embeddable":true,"href":"https:\/\/blog.solstis.ch\/index.php\/wp-json\/wp\/v2\/categories?post=687"},{"taxonomy":"post_tag","embeddable":true,"href":"https:\/\/blog.solstis.ch\/index.php\/wp-json\/wp\/v2\/tags?post=687"}],"curies":[{"name":"wp","href":"https:\/\/api.w.org\/{rel}","templated":true}]}}