{"id":683,"date":"2017-02-23T16:55:26","date_gmt":"2017-02-23T15:55:26","guid":{"rendered":"http:\/\/blog.solstis.ch\/?p=683"},"modified":"2017-04-27T13:17:50","modified_gmt":"2017-04-27T12:17:50","slug":"la-suisse-creuse-son-retard-energetique","status":"publish","type":"post","link":"https:\/\/blog.solstis.ch\/index.php\/fr\/2017\/02\/23\/la-suisse-creuse-son-retard-energetique\/","title":{"rendered":"La Suisse creuse son retard \u00e9nerg\u00e9tique"},"content":{"rendered":"<p><strong>Avec plus de 36 000 demandes en attente de subvention, le renouvelable stagne. Eolien et photovolta\u00efque restent anecdotiques sur un march\u00e9 de l\u2019\u00e9lectricit\u00e9 aux prix historiquement bas.<\/strong><\/p>\n<p>La Suisse tarde, plus que d\u2019autres pays, \u00e0 se tourner vers les nouvelles \u00e9nergies renouvelables. Selon les statistiques de l\u2019Office f\u00e9d\u00e9ral de l\u2019environnement (OFEN), le pays produisait, en 2014, 1,3% de son \u00e9lectricit\u00e9 gr\u00e2ce au solaire et \u00e0 l\u2019\u00e9olien contre 11,7% en moyenne dans l\u2019Europe des Vingt-Huit \u2013 incluant l\u2019Allemagne \u00e0 pr\u00e8s de 16%.<\/p>\n<p>D\u00e9couvrez la suite de l\u2019article <a href=\"http:\/\/www.bilan.ch\/economie-plus-de-redaction\/suisse-creuse-retard-energetique\" target=\"_blank\">ICI<\/a><br \/>\nSource\u00a0: bilan.ch<br \/>\nCr\u00e9dit photo\u00a0: \u00a9JP Guinnard\/24h<\/p>\n","protected":false},"excerpt":{"rendered":"<p>Avec plus de 36 000 demandes en attente de subvention, le renouvelable stagne. Eolien et photovolta\u00efque restent anecdotiques sur un [&hellip;]<\/p>\n","protected":false},"author":1,"featured_media":685,"comment_status":"open","ping_status":"open","sticky":false,"template":"","format":"standard","meta":{"jetpack_post_was_ever_published":false,"_jetpack_newsletter_access":"","_jetpack_dont_email_post_to_subs":false,"_jetpack_newsletter_tier_id":0,"_jetpack_memberships_contains_paywalled_content":false,"_jetpack_memberships_contains_paid_content":false,"footnotes":"","jetpack_publicize_message":"","jetpack_publicize_feature_enabled":true,"jetpack_social_post_already_shared":false,"jetpack_social_options":{"image_generator_settings":{"template":"highway","enabled":false},"version":2}},"categories":[33],"tags":[],"class_list":["post-683","post","type-post","status-publish","format-standard","has-post-thumbnail","hentry","category-energie"],"jetpack_publicize_connections":[],"yoast_head":"<!-- This site is optimized with the Yoast SEO plugin v23.8 - https:\/\/yoast.com\/wordpress\/plugins\/seo\/ -->\n<title>La Suisse creuse son retard \u00e9nerg\u00e9tique - Solstis<\/title>\n<meta name=\"robots\" content=\"index, follow, max-snippet:-1, max-image-preview:large, max-video-preview:-1\" \/>\n<link rel=\"canonical\" href=\"https:\/\/blog.solstis.ch\/index.php\/fr\/2017\/02\/23\/la-suisse-creuse-son-retard-energetique\/\" \/>\n<meta property=\"og:locale\" content=\"fr_FR\" \/>\n<meta property=\"og:type\" content=\"article\" \/>\n<meta property=\"og:title\" content=\"La Suisse creuse son retard \u00e9nerg\u00e9tique - Solstis\" \/>\n<meta property=\"og:description\" content=\"Avec plus de 36 000 demandes en attente de subvention, le renouvelable stagne. Eolien et photovolta\u00efque restent anecdotiques sur un [&hellip;]\" \/>\n<meta property=\"og:url\" content=\"https:\/\/blog.solstis.ch\/index.php\/fr\/2017\/02\/23\/la-suisse-creuse-son-retard-energetique\/\" \/>\n<meta property=\"og:site_name\" content=\"Solstis\" \/>\n<meta property=\"article:published_time\" content=\"2017-02-23T15:55:26+00:00\" \/>\n<meta property=\"article:modified_time\" content=\"2017-04-27T12:17:50+00:00\" \/>\n<meta property=\"og:image\" content=\"https:\/\/blog.solstis.ch\/wp-content\/uploads\/2017\/02\/dji00147_1.jpg\" \/>\n\t<meta property=\"og:image:width\" content=\"1200\" \/>\n\t<meta property=\"og:image:height\" content=\"636\" \/>\n\t<meta property=\"og:image:type\" content=\"image\/jpeg\" \/>\n<meta name=\"author\" content=\"admin\" \/>\n<meta name=\"twitter:card\" content=\"summary_large_image\" \/>\n<meta name=\"twitter:label1\" content=\"\u00c9crit par\" \/>\n\t<meta name=\"twitter:data1\" content=\"admin\" \/>\n\t<meta name=\"twitter:label2\" content=\"Dur\u00e9e de lecture estim\u00e9e\" \/>\n\t<meta name=\"twitter:data2\" content=\"1 minute\" \/>\n<script type=\"application\/ld+json\" class=\"yoast-schema-graph\">{\"@context\":\"https:\/\/schema.org\",\"@graph\":[{\"@type\":\"WebPage\",\"@id\":\"https:\/\/blog.solstis.ch\/index.php\/fr\/2017\/02\/23\/la-suisse-creuse-son-retard-energetique\/\",\"url\":\"https:\/\/blog.solstis.ch\/index.php\/fr\/2017\/02\/23\/la-suisse-creuse-son-retard-energetique\/\",\"name\":\"La Suisse creuse son retard \u00e9nerg\u00e9tique - Solstis\",\"isPartOf\":{\"@id\":\"https:\/\/blog.solstis.ch\/#website\"},\"primaryImageOfPage\":{\"@id\":\"https:\/\/blog.solstis.ch\/index.php\/fr\/2017\/02\/23\/la-suisse-creuse-son-retard-energetique\/#primaryimage\"},\"image\":{\"@id\":\"https:\/\/blog.solstis.ch\/index.php\/fr\/2017\/02\/23\/la-suisse-creuse-son-retard-energetique\/#primaryimage\"},\"thumbnailUrl\":\"https:\/\/blog.solstis.ch\/wp-content\/uploads\/2017\/02\/dji00147_1.jpg\",\"datePublished\":\"2017-02-23T15:55:26+00:00\",\"dateModified\":\"2017-04-27T12:17:50+00:00\",\"author\":{\"@id\":\"https:\/\/blog.solstis.ch\/#\/schema\/person\/5a9f5ef0a66b3e68c712ab62eeb4a1f9\"},\"breadcrumb\":{\"@id\":\"https:\/\/blog.solstis.ch\/index.php\/fr\/2017\/02\/23\/la-suisse-creuse-son-retard-energetique\/#breadcrumb\"},\"inLanguage\":\"fr-FR\",\"potentialAction\":[{\"@type\":\"ReadAction\",\"target\":[\"https:\/\/blog.solstis.ch\/index.php\/fr\/2017\/02\/23\/la-suisse-creuse-son-retard-energetique\/\"]}]},{\"@type\":\"ImageObject\",\"inLanguage\":\"fr-FR\",\"@id\":\"https:\/\/blog.solstis.ch\/index.php\/fr\/2017\/02\/23\/la-suisse-creuse-son-retard-energetique\/#primaryimage\",\"url\":\"https:\/\/blog.solstis.ch\/wp-content\/uploads\/2017\/02\/dji00147_1.jpg\",\"contentUrl\":\"https:\/\/blog.solstis.ch\/wp-content\/uploads\/2017\/02\/dji00147_1.jpg\",\"width\":1200,\"height\":636,\"caption\":\"energetique eolien photovoltaique energies renouvelables\"},{\"@type\":\"BreadcrumbList\",\"@id\":\"https:\/\/blog.solstis.ch\/index.php\/fr\/2017\/02\/23\/la-suisse-creuse-son-retard-energetique\/#breadcrumb\",\"itemListElement\":[{\"@type\":\"ListItem\",\"position\":1,\"name\":\"Accueil\",\"item\":\"https:\/\/blog.solstis.ch\/index.php\/fr\/blog\/\"},{\"@type\":\"ListItem\",\"position\":2,\"name\":\"La Suisse creuse son retard \u00e9nerg\u00e9tique\"}]},{\"@type\":\"WebSite\",\"@id\":\"https:\/\/blog.solstis.ch\/#website\",\"url\":\"https:\/\/blog.solstis.ch\/\",\"name\":\"Solstis\",\"description\":\"Solstis, donner au monde l&#039;\u00e9nergie d&#039;\u00eatre durable.\",\"potentialAction\":[{\"@type\":\"SearchAction\",\"target\":{\"@type\":\"EntryPoint\",\"urlTemplate\":\"https:\/\/blog.solstis.ch\/?s={search_term_string}\"},\"query-input\":{\"@type\":\"PropertyValueSpecification\",\"valueRequired\":true,\"valueName\":\"search_term_string\"}}],\"inLanguage\":\"fr-FR\"},{\"@type\":\"Person\",\"@id\":\"https:\/\/blog.solstis.ch\/#\/schema\/person\/5a9f5ef0a66b3e68c712ab62eeb4a1f9\",\"name\":\"admin\",\"image\":{\"@type\":\"ImageObject\",\"inLanguage\":\"fr-FR\",\"@id\":\"https:\/\/blog.solstis.ch\/#\/schema\/person\/image\/\",\"url\":\"https:\/\/secure.gravatar.com\/avatar\/8ba8fd08281e45cafc408887276f0396?s=96&d=mm&r=g\",\"contentUrl\":\"https:\/\/secure.gravatar.com\/avatar\/8ba8fd08281e45cafc408887276f0396?s=96&d=mm&r=g\",\"caption\":\"admin\"},\"url\":\"https:\/\/blog.solstis.ch\/index.php\/author\/admin\/\"}]}<\/script>\n<!-- \/ Yoast SEO plugin. -->","yoast_head_json":{"title":"La Suisse creuse son retard \u00e9nerg\u00e9tique - Solstis","robots":{"index":"index","follow":"follow","max-snippet":"max-snippet:-1","max-image-preview":"max-image-preview:large","max-video-preview":"max-video-preview:-1"},"canonical":"https:\/\/blog.solstis.ch\/index.php\/fr\/2017\/02\/23\/la-suisse-creuse-son-retard-energetique\/","og_locale":"fr_FR","og_type":"article","og_title":"La Suisse creuse son retard \u00e9nerg\u00e9tique - Solstis","og_description":"Avec plus de 36 000 demandes en attente de subvention, le renouvelable stagne. Eolien et photovolta\u00efque restent anecdotiques sur un [&hellip;]","og_url":"https:\/\/blog.solstis.ch\/index.php\/fr\/2017\/02\/23\/la-suisse-creuse-son-retard-energetique\/","og_site_name":"Solstis","article_published_time":"2017-02-23T15:55:26+00:00","article_modified_time":"2017-04-27T12:17:50+00:00","og_image":[{"width":1200,"height":636,"url":"https:\/\/blog.solstis.ch\/wp-content\/uploads\/2017\/02\/dji00147_1.jpg","type":"image\/jpeg"}],"author":"admin","twitter_card":"summary_large_image","twitter_misc":{"\u00c9crit par":"admin","Dur\u00e9e de lecture estim\u00e9e":"1 minute"},"schema":{"@context":"https:\/\/schema.org","@graph":[{"@type":"WebPage","@id":"https:\/\/blog.solstis.ch\/index.php\/fr\/2017\/02\/23\/la-suisse-creuse-son-retard-energetique\/","url":"https:\/\/blog.solstis.ch\/index.php\/fr\/2017\/02\/23\/la-suisse-creuse-son-retard-energetique\/","name":"La Suisse creuse son retard \u00e9nerg\u00e9tique - Solstis","isPartOf":{"@id":"https:\/\/blog.solstis.ch\/#website"},"primaryImageOfPage":{"@id":"https:\/\/blog.solstis.ch\/index.php\/fr\/2017\/02\/23\/la-suisse-creuse-son-retard-energetique\/#primaryimage"},"image":{"@id":"https:\/\/blog.solstis.ch\/index.php\/fr\/2017\/02\/23\/la-suisse-creuse-son-retard-energetique\/#primaryimage"},"thumbnailUrl":"https:\/\/blog.solstis.ch\/wp-content\/uploads\/2017\/02\/dji00147_1.jpg","datePublished":"2017-02-23T15:55:26+00:00","dateModified":"2017-04-27T12:17:50+00:00","author":{"@id":"https:\/\/blog.solstis.ch\/#\/schema\/person\/5a9f5ef0a66b3e68c712ab62eeb4a1f9"},"breadcrumb":{"@id":"https:\/\/blog.solstis.ch\/index.php\/fr\/2017\/02\/23\/la-suisse-creuse-son-retard-energetique\/#breadcrumb"},"inLanguage":"fr-FR","potentialAction":[{"@type":"ReadAction","target":["https:\/\/blog.solstis.ch\/index.php\/fr\/2017\/02\/23\/la-suisse-creuse-son-retard-energetique\/"]}]},{"@type":"ImageObject","inLanguage":"fr-FR","@id":"https:\/\/blog.solstis.ch\/index.php\/fr\/2017\/02\/23\/la-suisse-creuse-son-retard-energetique\/#primaryimage","url":"https:\/\/blog.solstis.ch\/wp-content\/uploads\/2017\/02\/dji00147_1.jpg","contentUrl":"https:\/\/blog.solstis.ch\/wp-content\/uploads\/2017\/02\/dji00147_1.jpg","width":1200,"height":636,"caption":"energetique eolien photovoltaique energies renouvelables"},{"@type":"BreadcrumbList","@id":"https:\/\/blog.solstis.ch\/index.php\/fr\/2017\/02\/23\/la-suisse-creuse-son-retard-energetique\/#breadcrumb","itemListElement":[{"@type":"ListItem","position":1,"name":"Accueil","item":"https:\/\/blog.solstis.ch\/index.php\/fr\/blog\/"},{"@type":"ListItem","position":2,"name":"La Suisse creuse son retard \u00e9nerg\u00e9tique"}]},{"@type":"WebSite","@id":"https:\/\/blog.solstis.ch\/#website","url":"https:\/\/blog.solstis.ch\/","name":"Solstis","description":"Solstis, donner au monde l&#039;\u00e9nergie d&#039;\u00eatre durable.","potentialAction":[{"@type":"SearchAction","target":{"@type":"EntryPoint","urlTemplate":"https:\/\/blog.solstis.ch\/?s={search_term_string}"},"query-input":{"@type":"PropertyValueSpecification","valueRequired":true,"valueName":"search_term_string"}}],"inLanguage":"fr-FR"},{"@type":"Person","@id":"https:\/\/blog.solstis.ch\/#\/schema\/person\/5a9f5ef0a66b3e68c712ab62eeb4a1f9","name":"admin","image":{"@type":"ImageObject","inLanguage":"fr-FR","@id":"https:\/\/blog.solstis.ch\/#\/schema\/person\/image\/","url":"https:\/\/secure.gravatar.com\/avatar\/8ba8fd08281e45cafc408887276f0396?s=96&d=mm&r=g","contentUrl":"https:\/\/secure.gravatar.com\/avatar\/8ba8fd08281e45cafc408887276f0396?s=96&d=mm&r=g","caption":"admin"},"url":"https:\/\/blog.solstis.ch\/index.php\/author\/admin\/"}]}},"jetpack_sharing_enabled":true,"jetpack_featured_media_url":"https:\/\/blog.solstis.ch\/wp-content\/uploads\/2017\/02\/dji00147_1.jpg","jetpack_shortlink":"https:\/\/wp.me\/pa0tUs-b1","_links":{"self":[{"href":"https:\/\/blog.solstis.ch\/index.php\/wp-json\/wp\/v2\/posts\/683","targetHints":{"allow":["GET"]}}],"collection":[{"href":"https:\/\/blog.solstis.ch\/index.php\/wp-json\/wp\/v2\/posts"}],"about":[{"href":"https:\/\/blog.solstis.ch\/index.php\/wp-json\/wp\/v2\/types\/post"}],"author":[{"embeddable":true,"href":"https:\/\/blog.solstis.ch\/index.php\/wp-json\/wp\/v2\/users\/1"}],"replies":[{"embeddable":true,"href":"https:\/\/blog.solstis.ch\/index.php\/wp-json\/wp\/v2\/comments?post=683"}],"version-history":[{"count":2,"href":"https:\/\/blog.solstis.ch\/index.php\/wp-json\/wp\/v2\/posts\/683\/revisions"}],"predecessor-version":[{"id":686,"href":"https:\/\/blog.solstis.ch\/index.php\/wp-json\/wp\/v2\/posts\/683\/revisions\/686"}],"wp:featuredmedia":[{"embeddable":true,"href":"https:\/\/blog.solstis.ch\/index.php\/wp-json\/wp\/v2\/media\/685"}],"wp:attachment":[{"href":"https:\/\/blog.solstis.ch\/index.php\/wp-json\/wp\/v2\/media?parent=683"}],"wp:term":[{"taxonomy":"category","embeddable":true,"href":"https:\/\/blog.solstis.ch\/index.php\/wp-json\/wp\/v2\/categories?post=683"},{"taxonomy":"post_tag","embeddable":true,"href":"https:\/\/blog.solstis.ch\/index.php\/wp-json\/wp\/v2\/tags?post=683"}],"curies":[{"name":"wp","href":"https:\/\/api.w.org\/{rel}","templated":true}]}}