{"id":675,"date":"2017-01-31T09:42:41","date_gmt":"2017-01-31T08:42:41","guid":{"rendered":"http:\/\/blog.solstis.ch\/?p=675"},"modified":"2017-01-31T10:08:56","modified_gmt":"2017-01-31T09:08:56","slug":"solstis-sagrandit-a-geneve-des-le-mois-de-fevrier","status":"publish","type":"post","link":"https:\/\/blog.solstis.ch\/index.php\/fr\/2017\/01\/31\/solstis-sagrandit-a-geneve-des-le-mois-de-fevrier\/","title":{"rendered":"Solstis s\u2019agrandit \u00e0 Gen\u00e8ve d\u00e8s le mois de f\u00e9vrier\u2009!"},"content":{"rendered":"<p><strong>Avec sa nouvelle antenne genevoise, Solstis conforte sa position de leader du photovolta\u00efque en Suisse romande. Fr\u00e9d\u00e9ric Cizeron, notre responsable client\u00e8le pour la r\u00e9gion genevoise, vous dit tout sur cette nouvelle implantation.<\/strong><\/p>\n<p>Fr\u00e9d\u00e9ric Cizeron\u00a0: \u00ab\u2009Id\u00e9alement situ\u00e9 au Bachet-de-Pesay, notre bureau est \u00e0 proximit\u00e9 imm\u00e9diate de l\u2019autoroute, de la future gare du CEVA et du futur quartier du PAV. Cette localisation strat\u00e9gique va nous permettre de rayonner rapidement sur les deux rives du canton. De plus, nous nous rapprochons de certains clients et d\u2019importantes installations solaires r\u00e9alis\u00e9es par notre entreprise\u00a0: D\u00e9p\u00f4t des TPG, centre commercial de La Praille, Cycle d\u2019Orientation de Drize, Emma\u00fcs\u2026 nos installations photovolta\u00efques sont bien repr\u00e9sent\u00e9es dans ce secteur particuli\u00e8rement dynamique du canton. La proximit\u00e9 est d\u2019ailleurs au c\u0153ur de notre philosophie.<br \/>\nDans le choix du lieu, le but \u00e9tait de rassembler nos d\u00e9p\u00f4ts, atelier et bureaux au m\u00eame endroit. Ainsi, nous offrons une plus grande r\u00e9activit\u00e9 \u00e0 nos clients et disposons d\u2019un lieu de stockage et de machines pour la pr\u00e9paration de nos chantiers. Autre nouveaut\u00e9\u00a0: la cr\u00e9ation d\u2019une \u00e9quipe de montage suppl\u00e9mentaire bas\u00e9e sur le canton (en place depuis janvier 2017). Les effectifs ont ainsi \u00e9t\u00e9 doubl\u00e9s. Autre avantage pour nos clients, un showroom est mis \u00e0 leur disposition pour leur permettre de d\u00e9couvrir les diff\u00e9rentes gammes de panneaux solaires\u2009\u00bb.<\/p>\n<p><strong>Gen\u00e8ve\u00a0: \u00e0 la pointe du photovolta\u00efque.<\/strong><br \/>\nAvec une population dense et une \u00e9conomie dynamique, Gen\u00e8ve est propice au d\u00e9veloppement du march\u00e9 de la construction. L\u2019\u00e9nergie solaire y est exploit\u00e9e et pl\u00e9biscit\u00e9e depuis plusieurs ann\u00e9es. Fr\u00e9d\u00e9ric Cizeron\u00a0: \u00ab\u2009D\u2019une part, ce canton est naturellement ensoleill\u00e9. C\u2019est pourquoi le parc d\u2019installation solaire est important ici. Ensuite, on note une forte volont\u00e9 politique des autorit\u00e9s genevoises et des SIG pour le d\u00e9veloppement des \u00e9nergies renouvelables,\u00a0dont le solaire est un des piliers. Avec son parc photovolta\u00efque \u00e9tendu, Gen\u00e8ve pourra compter sur l\u2019expertise Solstis et son exp\u00e9rience unique de 21 ans. Pour tous vos projets, prenez rendez-vous avec nous\u2009! Nous vous accueillons \u00e0 Gen\u00e8ve, dans notre nouvelle antenne, d\u00e8s f\u00e9vrier\u00a0\u00bb.<\/p>\n<p>74 route de Saint Julien<br \/>\n1212 Grand-Lancy<br \/>\n022.786.37.00<br \/>\n079.434.14.00<\/p>\n","protected":false},"excerpt":{"rendered":"<p>Avec sa nouvelle antenne genevoise, Solstis conforte sa position de leader du photovolta\u00efque en Suisse romande. Fr\u00e9d\u00e9ric Cizeron, notre responsable [&hellip;]<\/p>\n","protected":false},"author":1,"featured_media":677,"comment_status":"open","ping_status":"open","sticky":false,"template":"","format":"standard","meta":{"jetpack_post_was_ever_published":false,"_jetpack_newsletter_access":"","_jetpack_dont_email_post_to_subs":false,"_jetpack_newsletter_tier_id":0,"_jetpack_memberships_contains_paywalled_content":false,"_jetpack_memberships_contains_paid_content":false,"footnotes":"","jetpack_publicize_message":"","jetpack_publicize_feature_enabled":true,"jetpack_social_post_already_shared":false,"jetpack_social_options":{"image_generator_settings":{"template":"highway","enabled":false},"version":2}},"categories":[197],"tags":[],"class_list":["post-675","post","type-post","status-publish","format-standard","has-post-thumbnail","hentry","category-interview"],"jetpack_publicize_connections":[],"yoast_head":"<!-- This site is optimized with the Yoast SEO plugin v23.8 - https:\/\/yoast.com\/wordpress\/plugins\/seo\/ -->\n<title>Solstis s\u2019agrandit \u00e0 Gen\u00e8ve d\u00e8s le mois de f\u00e9vrier\u2009! - Solstis<\/title>\n<meta name=\"robots\" content=\"index, follow, max-snippet:-1, max-image-preview:large, max-video-preview:-1\" \/>\n<link rel=\"canonical\" href=\"https:\/\/blog.solstis.ch\/index.php\/fr\/2017\/01\/31\/solstis-sagrandit-a-geneve-des-le-mois-de-fevrier\/\" \/>\n<meta property=\"og:locale\" content=\"fr_FR\" \/>\n<meta property=\"og:type\" content=\"article\" \/>\n<meta property=\"og:title\" content=\"Solstis s\u2019agrandit \u00e0 Gen\u00e8ve d\u00e8s le mois de f\u00e9vrier\u2009! - Solstis\" \/>\n<meta property=\"og:description\" content=\"Avec sa nouvelle antenne genevoise, Solstis conforte sa position de leader du photovolta\u00efque en Suisse romande. Fr\u00e9d\u00e9ric Cizeron, notre responsable [&hellip;]\" \/>\n<meta property=\"og:url\" content=\"https:\/\/blog.solstis.ch\/index.php\/fr\/2017\/01\/31\/solstis-sagrandit-a-geneve-des-le-mois-de-fevrier\/\" \/>\n<meta property=\"og:site_name\" content=\"Solstis\" \/>\n<meta property=\"article:published_time\" content=\"2017-01-31T08:42:41+00:00\" \/>\n<meta property=\"article:modified_time\" content=\"2017-01-31T09:08:56+00:00\" \/>\n<meta property=\"og:image\" content=\"https:\/\/blog.solstis.ch\/wp-content\/uploads\/2017\/01\/Antenne-genevoise-Solstis2.jpg\" \/>\n\t<meta property=\"og:image:width\" content=\"1200\" \/>\n\t<meta property=\"og:image:height\" content=\"739\" \/>\n\t<meta property=\"og:image:type\" content=\"image\/jpeg\" \/>\n<meta name=\"author\" content=\"admin\" \/>\n<meta name=\"twitter:card\" content=\"summary_large_image\" \/>\n<meta name=\"twitter:label1\" content=\"\u00c9crit par\" \/>\n\t<meta name=\"twitter:data1\" content=\"admin\" \/>\n\t<meta name=\"twitter:label2\" content=\"Dur\u00e9e de lecture estim\u00e9e\" \/>\n\t<meta name=\"twitter:data2\" content=\"2 minutes\" \/>\n<script type=\"application\/ld+json\" class=\"yoast-schema-graph\">{\"@context\":\"https:\/\/schema.org\",\"@graph\":[{\"@type\":\"WebPage\",\"@id\":\"https:\/\/blog.solstis.ch\/index.php\/fr\/2017\/01\/31\/solstis-sagrandit-a-geneve-des-le-mois-de-fevrier\/\",\"url\":\"https:\/\/blog.solstis.ch\/index.php\/fr\/2017\/01\/31\/solstis-sagrandit-a-geneve-des-le-mois-de-fevrier\/\",\"name\":\"Solstis s\u2019agrandit \u00e0 Gen\u00e8ve d\u00e8s le mois de f\u00e9vrier\u2009! - Solstis\",\"isPartOf\":{\"@id\":\"https:\/\/blog.solstis.ch\/#website\"},\"primaryImageOfPage\":{\"@id\":\"https:\/\/blog.solstis.ch\/index.php\/fr\/2017\/01\/31\/solstis-sagrandit-a-geneve-des-le-mois-de-fevrier\/#primaryimage\"},\"image\":{\"@id\":\"https:\/\/blog.solstis.ch\/index.php\/fr\/2017\/01\/31\/solstis-sagrandit-a-geneve-des-le-mois-de-fevrier\/#primaryimage\"},\"thumbnailUrl\":\"https:\/\/blog.solstis.ch\/wp-content\/uploads\/2017\/01\/Antenne-genevoise-Solstis2.jpg\",\"datePublished\":\"2017-01-31T08:42:41+00:00\",\"dateModified\":\"2017-01-31T09:08:56+00:00\",\"author\":{\"@id\":\"https:\/\/blog.solstis.ch\/#\/schema\/person\/5a9f5ef0a66b3e68c712ab62eeb4a1f9\"},\"breadcrumb\":{\"@id\":\"https:\/\/blog.solstis.ch\/index.php\/fr\/2017\/01\/31\/solstis-sagrandit-a-geneve-des-le-mois-de-fevrier\/#breadcrumb\"},\"inLanguage\":\"fr-FR\",\"potentialAction\":[{\"@type\":\"ReadAction\",\"target\":[\"https:\/\/blog.solstis.ch\/index.php\/fr\/2017\/01\/31\/solstis-sagrandit-a-geneve-des-le-mois-de-fevrier\/\"]}]},{\"@type\":\"ImageObject\",\"inLanguage\":\"fr-FR\",\"@id\":\"https:\/\/blog.solstis.ch\/index.php\/fr\/2017\/01\/31\/solstis-sagrandit-a-geneve-des-le-mois-de-fevrier\/#primaryimage\",\"url\":\"https:\/\/blog.solstis.ch\/wp-content\/uploads\/2017\/01\/Antenne-genevoise-Solstis2.jpg\",\"contentUrl\":\"https:\/\/blog.solstis.ch\/wp-content\/uploads\/2017\/01\/Antenne-genevoise-Solstis2.jpg\",\"width\":1200,\"height\":739},{\"@type\":\"BreadcrumbList\",\"@id\":\"https:\/\/blog.solstis.ch\/index.php\/fr\/2017\/01\/31\/solstis-sagrandit-a-geneve-des-le-mois-de-fevrier\/#breadcrumb\",\"itemListElement\":[{\"@type\":\"ListItem\",\"position\":1,\"name\":\"Accueil\",\"item\":\"https:\/\/blog.solstis.ch\/index.php\/fr\/blog\/\"},{\"@type\":\"ListItem\",\"position\":2,\"name\":\"Solstis s\u2019agrandit \u00e0 Gen\u00e8ve d\u00e8s le mois de f\u00e9vrier\u2009!\"}]},{\"@type\":\"WebSite\",\"@id\":\"https:\/\/blog.solstis.ch\/#website\",\"url\":\"https:\/\/blog.solstis.ch\/\",\"name\":\"Solstis\",\"description\":\"Solstis, donner au monde l&#039;\u00e9nergie d&#039;\u00eatre durable.\",\"potentialAction\":[{\"@type\":\"SearchAction\",\"target\":{\"@type\":\"EntryPoint\",\"urlTemplate\":\"https:\/\/blog.solstis.ch\/?s={search_term_string}\"},\"query-input\":{\"@type\":\"PropertyValueSpecification\",\"valueRequired\":true,\"valueName\":\"search_term_string\"}}],\"inLanguage\":\"fr-FR\"},{\"@type\":\"Person\",\"@id\":\"https:\/\/blog.solstis.ch\/#\/schema\/person\/5a9f5ef0a66b3e68c712ab62eeb4a1f9\",\"name\":\"admin\",\"image\":{\"@type\":\"ImageObject\",\"inLanguage\":\"fr-FR\",\"@id\":\"https:\/\/blog.solstis.ch\/#\/schema\/person\/image\/\",\"url\":\"https:\/\/secure.gravatar.com\/avatar\/8ba8fd08281e45cafc408887276f0396?s=96&d=mm&r=g\",\"contentUrl\":\"https:\/\/secure.gravatar.com\/avatar\/8ba8fd08281e45cafc408887276f0396?s=96&d=mm&r=g\",\"caption\":\"admin\"},\"url\":\"https:\/\/blog.solstis.ch\/index.php\/author\/admin\/\"}]}<\/script>\n<!-- \/ Yoast SEO plugin. -->","yoast_head_json":{"title":"Solstis s\u2019agrandit \u00e0 Gen\u00e8ve d\u00e8s le mois de f\u00e9vrier\u2009! - Solstis","robots":{"index":"index","follow":"follow","max-snippet":"max-snippet:-1","max-image-preview":"max-image-preview:large","max-video-preview":"max-video-preview:-1"},"canonical":"https:\/\/blog.solstis.ch\/index.php\/fr\/2017\/01\/31\/solstis-sagrandit-a-geneve-des-le-mois-de-fevrier\/","og_locale":"fr_FR","og_type":"article","og_title":"Solstis s\u2019agrandit \u00e0 Gen\u00e8ve d\u00e8s le mois de f\u00e9vrier\u2009! - Solstis","og_description":"Avec sa nouvelle antenne genevoise, Solstis conforte sa position de leader du photovolta\u00efque en Suisse romande. Fr\u00e9d\u00e9ric Cizeron, notre responsable [&hellip;]","og_url":"https:\/\/blog.solstis.ch\/index.php\/fr\/2017\/01\/31\/solstis-sagrandit-a-geneve-des-le-mois-de-fevrier\/","og_site_name":"Solstis","article_published_time":"2017-01-31T08:42:41+00:00","article_modified_time":"2017-01-31T09:08:56+00:00","og_image":[{"width":1200,"height":739,"url":"https:\/\/blog.solstis.ch\/wp-content\/uploads\/2017\/01\/Antenne-genevoise-Solstis2.jpg","type":"image\/jpeg"}],"author":"admin","twitter_card":"summary_large_image","twitter_misc":{"\u00c9crit par":"admin","Dur\u00e9e de lecture estim\u00e9e":"2 minutes"},"schema":{"@context":"https:\/\/schema.org","@graph":[{"@type":"WebPage","@id":"https:\/\/blog.solstis.ch\/index.php\/fr\/2017\/01\/31\/solstis-sagrandit-a-geneve-des-le-mois-de-fevrier\/","url":"https:\/\/blog.solstis.ch\/index.php\/fr\/2017\/01\/31\/solstis-sagrandit-a-geneve-des-le-mois-de-fevrier\/","name":"Solstis s\u2019agrandit \u00e0 Gen\u00e8ve d\u00e8s le mois de f\u00e9vrier\u2009! - Solstis","isPartOf":{"@id":"https:\/\/blog.solstis.ch\/#website"},"primaryImageOfPage":{"@id":"https:\/\/blog.solstis.ch\/index.php\/fr\/2017\/01\/31\/solstis-sagrandit-a-geneve-des-le-mois-de-fevrier\/#primaryimage"},"image":{"@id":"https:\/\/blog.solstis.ch\/index.php\/fr\/2017\/01\/31\/solstis-sagrandit-a-geneve-des-le-mois-de-fevrier\/#primaryimage"},"thumbnailUrl":"https:\/\/blog.solstis.ch\/wp-content\/uploads\/2017\/01\/Antenne-genevoise-Solstis2.jpg","datePublished":"2017-01-31T08:42:41+00:00","dateModified":"2017-01-31T09:08:56+00:00","author":{"@id":"https:\/\/blog.solstis.ch\/#\/schema\/person\/5a9f5ef0a66b3e68c712ab62eeb4a1f9"},"breadcrumb":{"@id":"https:\/\/blog.solstis.ch\/index.php\/fr\/2017\/01\/31\/solstis-sagrandit-a-geneve-des-le-mois-de-fevrier\/#breadcrumb"},"inLanguage":"fr-FR","potentialAction":[{"@type":"ReadAction","target":["https:\/\/blog.solstis.ch\/index.php\/fr\/2017\/01\/31\/solstis-sagrandit-a-geneve-des-le-mois-de-fevrier\/"]}]},{"@type":"ImageObject","inLanguage":"fr-FR","@id":"https:\/\/blog.solstis.ch\/index.php\/fr\/2017\/01\/31\/solstis-sagrandit-a-geneve-des-le-mois-de-fevrier\/#primaryimage","url":"https:\/\/blog.solstis.ch\/wp-content\/uploads\/2017\/01\/Antenne-genevoise-Solstis2.jpg","contentUrl":"https:\/\/blog.solstis.ch\/wp-content\/uploads\/2017\/01\/Antenne-genevoise-Solstis2.jpg","width":1200,"height":739},{"@type":"BreadcrumbList","@id":"https:\/\/blog.solstis.ch\/index.php\/fr\/2017\/01\/31\/solstis-sagrandit-a-geneve-des-le-mois-de-fevrier\/#breadcrumb","itemListElement":[{"@type":"ListItem","position":1,"name":"Accueil","item":"https:\/\/blog.solstis.ch\/index.php\/fr\/blog\/"},{"@type":"ListItem","position":2,"name":"Solstis s\u2019agrandit \u00e0 Gen\u00e8ve d\u00e8s le mois de f\u00e9vrier\u2009!"}]},{"@type":"WebSite","@id":"https:\/\/blog.solstis.ch\/#website","url":"https:\/\/blog.solstis.ch\/","name":"Solstis","description":"Solstis, donner au monde l&#039;\u00e9nergie d&#039;\u00eatre durable.","potentialAction":[{"@type":"SearchAction","target":{"@type":"EntryPoint","urlTemplate":"https:\/\/blog.solstis.ch\/?s={search_term_string}"},"query-input":{"@type":"PropertyValueSpecification","valueRequired":true,"valueName":"search_term_string"}}],"inLanguage":"fr-FR"},{"@type":"Person","@id":"https:\/\/blog.solstis.ch\/#\/schema\/person\/5a9f5ef0a66b3e68c712ab62eeb4a1f9","name":"admin","image":{"@type":"ImageObject","inLanguage":"fr-FR","@id":"https:\/\/blog.solstis.ch\/#\/schema\/person\/image\/","url":"https:\/\/secure.gravatar.com\/avatar\/8ba8fd08281e45cafc408887276f0396?s=96&d=mm&r=g","contentUrl":"https:\/\/secure.gravatar.com\/avatar\/8ba8fd08281e45cafc408887276f0396?s=96&d=mm&r=g","caption":"admin"},"url":"https:\/\/blog.solstis.ch\/index.php\/author\/admin\/"}]}},"jetpack_sharing_enabled":true,"jetpack_featured_media_url":"https:\/\/blog.solstis.ch\/wp-content\/uploads\/2017\/01\/Antenne-genevoise-Solstis2.jpg","jetpack_shortlink":"https:\/\/wp.me\/pa0tUs-aT","_links":{"self":[{"href":"https:\/\/blog.solstis.ch\/index.php\/wp-json\/wp\/v2\/posts\/675","targetHints":{"allow":["GET"]}}],"collection":[{"href":"https:\/\/blog.solstis.ch\/index.php\/wp-json\/wp\/v2\/posts"}],"about":[{"href":"https:\/\/blog.solstis.ch\/index.php\/wp-json\/wp\/v2\/types\/post"}],"author":[{"embeddable":true,"href":"https:\/\/blog.solstis.ch\/index.php\/wp-json\/wp\/v2\/users\/1"}],"replies":[{"embeddable":true,"href":"https:\/\/blog.solstis.ch\/index.php\/wp-json\/wp\/v2\/comments?post=675"}],"version-history":[{"count":1,"href":"https:\/\/blog.solstis.ch\/index.php\/wp-json\/wp\/v2\/posts\/675\/revisions"}],"predecessor-version":[{"id":676,"href":"https:\/\/blog.solstis.ch\/index.php\/wp-json\/wp\/v2\/posts\/675\/revisions\/676"}],"wp:featuredmedia":[{"embeddable":true,"href":"https:\/\/blog.solstis.ch\/index.php\/wp-json\/wp\/v2\/media\/677"}],"wp:attachment":[{"href":"https:\/\/blog.solstis.ch\/index.php\/wp-json\/wp\/v2\/media?parent=675"}],"wp:term":[{"taxonomy":"category","embeddable":true,"href":"https:\/\/blog.solstis.ch\/index.php\/wp-json\/wp\/v2\/categories?post=675"},{"taxonomy":"post_tag","embeddable":true,"href":"https:\/\/blog.solstis.ch\/index.php\/wp-json\/wp\/v2\/tags?post=675"}],"curies":[{"name":"wp","href":"https:\/\/api.w.org\/{rel}","templated":true}]}}