{"id":662,"date":"2017-01-26T16:20:57","date_gmt":"2017-01-26T15:20:57","guid":{"rendered":"http:\/\/blog.solstis.ch\/?p=662"},"modified":"2017-01-31T09:44:08","modified_gmt":"2017-01-31T08:44:08","slug":"25-millions-en-2017-en-faveur-de-lassainissement-energetique-des-batiments-et-des-energies-renouvelables","status":"publish","type":"post","link":"https:\/\/blog.solstis.ch\/index.php\/fr\/2017\/01\/26\/25-millions-en-2017-en-faveur-de-lassainissement-energetique-des-batiments-et-des-energies-renouvelables\/","title":{"rendered":"25 millions en 2017 en faveur de l&rsquo;assainissement \u00e9nerg\u00e9tique des b\u00e2timents et des \u00e9nergies renouvelables"},"content":{"rendered":"<p><strong>En 2017, Gen\u00e8ve disposera d&rsquo;environ 25 millions de francs pour favoriser les \u00e9conomies d&rsquo;\u00e9nergie et les \u00e9nergies renouvelables. Ce montant sans pr\u00e9c\u00e9dent permettra d&rsquo;apporter un coup d&rsquo;acc\u00e9l\u00e9rateur \u00e0 l&rsquo;assainissement \u00e9nerg\u00e9tique du parc immobilier, ainsi qu&rsquo;au d\u00e9veloppement des \u00e9nergies renouvelables.<br \/>\nLe programme de subventions 2017 \u2013 qui s&rsquo;inscrit dans le cadre des objectifs de la politique \u00e9nerg\u00e9tique genevoise visant \u00e0 atteindre une soci\u00e9t\u00e9 \u00e0 2000 Watts sans nucl\u00e9aire \u2013 constitue une r\u00e9elle opportunit\u00e9 pour tous les propri\u00e9taires du canton.<\/strong><\/p>\n<p>Une ann\u00e9e hors norme<br \/>\n\u00ab\u00a0Le montant disponible pour favoriser la r\u00e9novation \u00e9nerg\u00e9tique des b\u00e2timents et le remplacement d&rsquo;installations de chauffage avoisinera les 25 millions en 2017 \u00e0 Gen\u00e8ve, soit trois fois plus que l&rsquo;enveloppe 2016\u00a0\u00bb a annonc\u00e9 ce jour M. Antonio Hodgers, conseiller d&rsquo;Etat en charge du d\u00e9partement de l&rsquo;am\u00e9nagement, du logement et de l&rsquo;\u00e9nergie (DALE).<\/p>\n<p>D\u00e9couvrez la suite de l&rsquo;article <a href=\"http:\/\/www.sig-ge.ch\/nous-connaitre\/relations-medias\/20161206_25-millions-en-2017-en-faveur-de-l-assainissement-energetique-des-batiments-et-des-energies-renouvelables?&amp;rYear=&amp;rcurl=\/nous-connaitre\/relations-medias\/Pages\/home.aspx\" target=\"_blank\">ICI<\/a><br \/>\nSource: www.sig-ge.ch<br \/>\nCr\u00e9dit photo: @ Pixabay<\/p>\n","protected":false},"excerpt":{"rendered":"<p>En 2017, Gen\u00e8ve disposera d&rsquo;environ 25 millions de francs pour favoriser les \u00e9conomies d&rsquo;\u00e9nergie et les \u00e9nergies renouvelables. Ce montant [&hellip;]<\/p>\n","protected":false},"author":1,"featured_media":664,"comment_status":"open","ping_status":"open","sticky":false,"template":"","format":"standard","meta":{"jetpack_post_was_ever_published":false,"_jetpack_newsletter_access":"","_jetpack_dont_email_post_to_subs":false,"_jetpack_newsletter_tier_id":0,"_jetpack_memberships_contains_paywalled_content":false,"_jetpack_memberships_contains_paid_content":false,"footnotes":"","jetpack_publicize_message":"","jetpack_publicize_feature_enabled":true,"jetpack_social_post_already_shared":false,"jetpack_social_options":{"image_generator_settings":{"template":"highway","enabled":false},"version":2}},"categories":[33],"tags":[],"class_list":["post-662","post","type-post","status-publish","format-standard","has-post-thumbnail","hentry","category-energie"],"jetpack_publicize_connections":[],"yoast_head":"<!-- This site is optimized with the Yoast SEO plugin v23.8 - https:\/\/yoast.com\/wordpress\/plugins\/seo\/ -->\n<title>25 millions en 2017 en faveur de l&#039;assainissement \u00e9nerg\u00e9tique des b\u00e2timents et des \u00e9nergies renouvelables - Solstis<\/title>\n<meta name=\"robots\" content=\"index, follow, max-snippet:-1, max-image-preview:large, max-video-preview:-1\" \/>\n<link rel=\"canonical\" href=\"https:\/\/blog.solstis.ch\/index.php\/fr\/2017\/01\/26\/25-millions-en-2017-en-faveur-de-lassainissement-energetique-des-batiments-et-des-energies-renouvelables\/\" \/>\n<meta property=\"og:locale\" content=\"fr_FR\" \/>\n<meta property=\"og:type\" content=\"article\" \/>\n<meta property=\"og:title\" content=\"25 millions en 2017 en faveur de l&#039;assainissement \u00e9nerg\u00e9tique des b\u00e2timents et des \u00e9nergies renouvelables - Solstis\" \/>\n<meta property=\"og:description\" content=\"En 2017, Gen\u00e8ve disposera d&rsquo;environ 25 millions de francs pour favoriser les \u00e9conomies d&rsquo;\u00e9nergie et les \u00e9nergies renouvelables. Ce montant [&hellip;]\" \/>\n<meta property=\"og:url\" content=\"https:\/\/blog.solstis.ch\/index.php\/fr\/2017\/01\/26\/25-millions-en-2017-en-faveur-de-lassainissement-energetique-des-batiments-et-des-energies-renouvelables\/\" \/>\n<meta property=\"og:site_name\" content=\"Solstis\" \/>\n<meta property=\"article:published_time\" content=\"2017-01-26T15:20:57+00:00\" \/>\n<meta property=\"article:modified_time\" content=\"2017-01-31T08:44:08+00:00\" \/>\n<meta property=\"og:image\" content=\"https:\/\/blog.solstis.ch\/wp-content\/uploads\/2017\/01\/solstis-article-3-veille-janvier-2017.jpg\" \/>\n\t<meta property=\"og:image:width\" content=\"1200\" \/>\n\t<meta property=\"og:image:height\" content=\"796\" \/>\n\t<meta property=\"og:image:type\" content=\"image\/jpeg\" \/>\n<meta name=\"author\" content=\"admin\" \/>\n<meta name=\"twitter:card\" content=\"summary_large_image\" \/>\n<meta name=\"twitter:label1\" content=\"\u00c9crit par\" \/>\n\t<meta name=\"twitter:data1\" content=\"admin\" \/>\n\t<meta name=\"twitter:label2\" content=\"Dur\u00e9e de lecture estim\u00e9e\" \/>\n\t<meta name=\"twitter:data2\" content=\"1 minute\" \/>\n<script type=\"application\/ld+json\" class=\"yoast-schema-graph\">{\"@context\":\"https:\/\/schema.org\",\"@graph\":[{\"@type\":\"WebPage\",\"@id\":\"https:\/\/blog.solstis.ch\/index.php\/fr\/2017\/01\/26\/25-millions-en-2017-en-faveur-de-lassainissement-energetique-des-batiments-et-des-energies-renouvelables\/\",\"url\":\"https:\/\/blog.solstis.ch\/index.php\/fr\/2017\/01\/26\/25-millions-en-2017-en-faveur-de-lassainissement-energetique-des-batiments-et-des-energies-renouvelables\/\",\"name\":\"25 millions en 2017 en faveur de l'assainissement \u00e9nerg\u00e9tique des b\u00e2timents et des \u00e9nergies renouvelables - Solstis\",\"isPartOf\":{\"@id\":\"https:\/\/blog.solstis.ch\/#website\"},\"primaryImageOfPage\":{\"@id\":\"https:\/\/blog.solstis.ch\/index.php\/fr\/2017\/01\/26\/25-millions-en-2017-en-faveur-de-lassainissement-energetique-des-batiments-et-des-energies-renouvelables\/#primaryimage\"},\"image\":{\"@id\":\"https:\/\/blog.solstis.ch\/index.php\/fr\/2017\/01\/26\/25-millions-en-2017-en-faveur-de-lassainissement-energetique-des-batiments-et-des-energies-renouvelables\/#primaryimage\"},\"thumbnailUrl\":\"https:\/\/blog.solstis.ch\/wp-content\/uploads\/2017\/01\/solstis-article-3-veille-janvier-2017.jpg\",\"datePublished\":\"2017-01-26T15:20:57+00:00\",\"dateModified\":\"2017-01-31T08:44:08+00:00\",\"author\":{\"@id\":\"https:\/\/blog.solstis.ch\/#\/schema\/person\/5a9f5ef0a66b3e68c712ab62eeb4a1f9\"},\"breadcrumb\":{\"@id\":\"https:\/\/blog.solstis.ch\/index.php\/fr\/2017\/01\/26\/25-millions-en-2017-en-faveur-de-lassainissement-energetique-des-batiments-et-des-energies-renouvelables\/#breadcrumb\"},\"inLanguage\":\"fr-FR\",\"potentialAction\":[{\"@type\":\"ReadAction\",\"target\":[\"https:\/\/blog.solstis.ch\/index.php\/fr\/2017\/01\/26\/25-millions-en-2017-en-faveur-de-lassainissement-energetique-des-batiments-et-des-energies-renouvelables\/\"]}]},{\"@type\":\"ImageObject\",\"inLanguage\":\"fr-FR\",\"@id\":\"https:\/\/blog.solstis.ch\/index.php\/fr\/2017\/01\/26\/25-millions-en-2017-en-faveur-de-lassainissement-energetique-des-batiments-et-des-energies-renouvelables\/#primaryimage\",\"url\":\"https:\/\/blog.solstis.ch\/wp-content\/uploads\/2017\/01\/solstis-article-3-veille-janvier-2017.jpg\",\"contentUrl\":\"https:\/\/blog.solstis.ch\/wp-content\/uploads\/2017\/01\/solstis-article-3-veille-janvier-2017.jpg\",\"width\":1200,\"height\":796,\"caption\":\"geneve 2017 subventions assainissement energetique batiments energies renouvelables\"},{\"@type\":\"BreadcrumbList\",\"@id\":\"https:\/\/blog.solstis.ch\/index.php\/fr\/2017\/01\/26\/25-millions-en-2017-en-faveur-de-lassainissement-energetique-des-batiments-et-des-energies-renouvelables\/#breadcrumb\",\"itemListElement\":[{\"@type\":\"ListItem\",\"position\":1,\"name\":\"Accueil\",\"item\":\"https:\/\/blog.solstis.ch\/index.php\/fr\/blog\/\"},{\"@type\":\"ListItem\",\"position\":2,\"name\":\"25 millions en 2017 en faveur de l&rsquo;assainissement \u00e9nerg\u00e9tique des b\u00e2timents et des \u00e9nergies renouvelables\"}]},{\"@type\":\"WebSite\",\"@id\":\"https:\/\/blog.solstis.ch\/#website\",\"url\":\"https:\/\/blog.solstis.ch\/\",\"name\":\"Solstis\",\"description\":\"Solstis, donner au monde l&#039;\u00e9nergie d&#039;\u00eatre durable.\",\"potentialAction\":[{\"@type\":\"SearchAction\",\"target\":{\"@type\":\"EntryPoint\",\"urlTemplate\":\"https:\/\/blog.solstis.ch\/?s={search_term_string}\"},\"query-input\":{\"@type\":\"PropertyValueSpecification\",\"valueRequired\":true,\"valueName\":\"search_term_string\"}}],\"inLanguage\":\"fr-FR\"},{\"@type\":\"Person\",\"@id\":\"https:\/\/blog.solstis.ch\/#\/schema\/person\/5a9f5ef0a66b3e68c712ab62eeb4a1f9\",\"name\":\"admin\",\"image\":{\"@type\":\"ImageObject\",\"inLanguage\":\"fr-FR\",\"@id\":\"https:\/\/blog.solstis.ch\/#\/schema\/person\/image\/\",\"url\":\"https:\/\/secure.gravatar.com\/avatar\/8ba8fd08281e45cafc408887276f0396?s=96&d=mm&r=g\",\"contentUrl\":\"https:\/\/secure.gravatar.com\/avatar\/8ba8fd08281e45cafc408887276f0396?s=96&d=mm&r=g\",\"caption\":\"admin\"},\"url\":\"https:\/\/blog.solstis.ch\/index.php\/author\/admin\/\"}]}<\/script>\n<!-- \/ Yoast SEO plugin. -->","yoast_head_json":{"title":"25 millions en 2017 en faveur de l'assainissement \u00e9nerg\u00e9tique des b\u00e2timents et des \u00e9nergies renouvelables - Solstis","robots":{"index":"index","follow":"follow","max-snippet":"max-snippet:-1","max-image-preview":"max-image-preview:large","max-video-preview":"max-video-preview:-1"},"canonical":"https:\/\/blog.solstis.ch\/index.php\/fr\/2017\/01\/26\/25-millions-en-2017-en-faveur-de-lassainissement-energetique-des-batiments-et-des-energies-renouvelables\/","og_locale":"fr_FR","og_type":"article","og_title":"25 millions en 2017 en faveur de l'assainissement \u00e9nerg\u00e9tique des b\u00e2timents et des \u00e9nergies renouvelables - Solstis","og_description":"En 2017, Gen\u00e8ve disposera d&rsquo;environ 25 millions de francs pour favoriser les \u00e9conomies d&rsquo;\u00e9nergie et les \u00e9nergies renouvelables. Ce montant [&hellip;]","og_url":"https:\/\/blog.solstis.ch\/index.php\/fr\/2017\/01\/26\/25-millions-en-2017-en-faveur-de-lassainissement-energetique-des-batiments-et-des-energies-renouvelables\/","og_site_name":"Solstis","article_published_time":"2017-01-26T15:20:57+00:00","article_modified_time":"2017-01-31T08:44:08+00:00","og_image":[{"width":1200,"height":796,"url":"https:\/\/blog.solstis.ch\/wp-content\/uploads\/2017\/01\/solstis-article-3-veille-janvier-2017.jpg","type":"image\/jpeg"}],"author":"admin","twitter_card":"summary_large_image","twitter_misc":{"\u00c9crit par":"admin","Dur\u00e9e de lecture estim\u00e9e":"1 minute"},"schema":{"@context":"https:\/\/schema.org","@graph":[{"@type":"WebPage","@id":"https:\/\/blog.solstis.ch\/index.php\/fr\/2017\/01\/26\/25-millions-en-2017-en-faveur-de-lassainissement-energetique-des-batiments-et-des-energies-renouvelables\/","url":"https:\/\/blog.solstis.ch\/index.php\/fr\/2017\/01\/26\/25-millions-en-2017-en-faveur-de-lassainissement-energetique-des-batiments-et-des-energies-renouvelables\/","name":"25 millions en 2017 en faveur de l'assainissement \u00e9nerg\u00e9tique des b\u00e2timents et des \u00e9nergies renouvelables - Solstis","isPartOf":{"@id":"https:\/\/blog.solstis.ch\/#website"},"primaryImageOfPage":{"@id":"https:\/\/blog.solstis.ch\/index.php\/fr\/2017\/01\/26\/25-millions-en-2017-en-faveur-de-lassainissement-energetique-des-batiments-et-des-energies-renouvelables\/#primaryimage"},"image":{"@id":"https:\/\/blog.solstis.ch\/index.php\/fr\/2017\/01\/26\/25-millions-en-2017-en-faveur-de-lassainissement-energetique-des-batiments-et-des-energies-renouvelables\/#primaryimage"},"thumbnailUrl":"https:\/\/blog.solstis.ch\/wp-content\/uploads\/2017\/01\/solstis-article-3-veille-janvier-2017.jpg","datePublished":"2017-01-26T15:20:57+00:00","dateModified":"2017-01-31T08:44:08+00:00","author":{"@id":"https:\/\/blog.solstis.ch\/#\/schema\/person\/5a9f5ef0a66b3e68c712ab62eeb4a1f9"},"breadcrumb":{"@id":"https:\/\/blog.solstis.ch\/index.php\/fr\/2017\/01\/26\/25-millions-en-2017-en-faveur-de-lassainissement-energetique-des-batiments-et-des-energies-renouvelables\/#breadcrumb"},"inLanguage":"fr-FR","potentialAction":[{"@type":"ReadAction","target":["https:\/\/blog.solstis.ch\/index.php\/fr\/2017\/01\/26\/25-millions-en-2017-en-faveur-de-lassainissement-energetique-des-batiments-et-des-energies-renouvelables\/"]}]},{"@type":"ImageObject","inLanguage":"fr-FR","@id":"https:\/\/blog.solstis.ch\/index.php\/fr\/2017\/01\/26\/25-millions-en-2017-en-faveur-de-lassainissement-energetique-des-batiments-et-des-energies-renouvelables\/#primaryimage","url":"https:\/\/blog.solstis.ch\/wp-content\/uploads\/2017\/01\/solstis-article-3-veille-janvier-2017.jpg","contentUrl":"https:\/\/blog.solstis.ch\/wp-content\/uploads\/2017\/01\/solstis-article-3-veille-janvier-2017.jpg","width":1200,"height":796,"caption":"geneve 2017 subventions assainissement energetique batiments energies renouvelables"},{"@type":"BreadcrumbList","@id":"https:\/\/blog.solstis.ch\/index.php\/fr\/2017\/01\/26\/25-millions-en-2017-en-faveur-de-lassainissement-energetique-des-batiments-et-des-energies-renouvelables\/#breadcrumb","itemListElement":[{"@type":"ListItem","position":1,"name":"Accueil","item":"https:\/\/blog.solstis.ch\/index.php\/fr\/blog\/"},{"@type":"ListItem","position":2,"name":"25 millions en 2017 en faveur de l&rsquo;assainissement \u00e9nerg\u00e9tique des b\u00e2timents et des \u00e9nergies renouvelables"}]},{"@type":"WebSite","@id":"https:\/\/blog.solstis.ch\/#website","url":"https:\/\/blog.solstis.ch\/","name":"Solstis","description":"Solstis, donner au monde l&#039;\u00e9nergie d&#039;\u00eatre durable.","potentialAction":[{"@type":"SearchAction","target":{"@type":"EntryPoint","urlTemplate":"https:\/\/blog.solstis.ch\/?s={search_term_string}"},"query-input":{"@type":"PropertyValueSpecification","valueRequired":true,"valueName":"search_term_string"}}],"inLanguage":"fr-FR"},{"@type":"Person","@id":"https:\/\/blog.solstis.ch\/#\/schema\/person\/5a9f5ef0a66b3e68c712ab62eeb4a1f9","name":"admin","image":{"@type":"ImageObject","inLanguage":"fr-FR","@id":"https:\/\/blog.solstis.ch\/#\/schema\/person\/image\/","url":"https:\/\/secure.gravatar.com\/avatar\/8ba8fd08281e45cafc408887276f0396?s=96&d=mm&r=g","contentUrl":"https:\/\/secure.gravatar.com\/avatar\/8ba8fd08281e45cafc408887276f0396?s=96&d=mm&r=g","caption":"admin"},"url":"https:\/\/blog.solstis.ch\/index.php\/author\/admin\/"}]}},"jetpack_sharing_enabled":true,"jetpack_featured_media_url":"https:\/\/blog.solstis.ch\/wp-content\/uploads\/2017\/01\/solstis-article-3-veille-janvier-2017.jpg","jetpack_shortlink":"https:\/\/wp.me\/pa0tUs-aG","_links":{"self":[{"href":"https:\/\/blog.solstis.ch\/index.php\/wp-json\/wp\/v2\/posts\/662","targetHints":{"allow":["GET"]}}],"collection":[{"href":"https:\/\/blog.solstis.ch\/index.php\/wp-json\/wp\/v2\/posts"}],"about":[{"href":"https:\/\/blog.solstis.ch\/index.php\/wp-json\/wp\/v2\/types\/post"}],"author":[{"embeddable":true,"href":"https:\/\/blog.solstis.ch\/index.php\/wp-json\/wp\/v2\/users\/1"}],"replies":[{"embeddable":true,"href":"https:\/\/blog.solstis.ch\/index.php\/wp-json\/wp\/v2\/comments?post=662"}],"version-history":[{"count":2,"href":"https:\/\/blog.solstis.ch\/index.php\/wp-json\/wp\/v2\/posts\/662\/revisions"}],"predecessor-version":[{"id":665,"href":"https:\/\/blog.solstis.ch\/index.php\/wp-json\/wp\/v2\/posts\/662\/revisions\/665"}],"wp:featuredmedia":[{"embeddable":true,"href":"https:\/\/blog.solstis.ch\/index.php\/wp-json\/wp\/v2\/media\/664"}],"wp:attachment":[{"href":"https:\/\/blog.solstis.ch\/index.php\/wp-json\/wp\/v2\/media?parent=662"}],"wp:term":[{"taxonomy":"category","embeddable":true,"href":"https:\/\/blog.solstis.ch\/index.php\/wp-json\/wp\/v2\/categories?post=662"},{"taxonomy":"post_tag","embeddable":true,"href":"https:\/\/blog.solstis.ch\/index.php\/wp-json\/wp\/v2\/tags?post=662"}],"curies":[{"name":"wp","href":"https:\/\/api.w.org\/{rel}","templated":true}]}}