{"id":644,"date":"2017-01-12T16:48:03","date_gmt":"2017-01-12T15:48:03","guid":{"rendered":"http:\/\/blog.solstis.ch\/?p=644"},"modified":"2017-07-04T22:43:28","modified_gmt":"2017-07-04T21:43:28","slug":"les-panneaux-solaires-auront-compense-leur-empreinte-carbone-en-2018","status":"publish","type":"post","link":"https:\/\/blog.solstis.ch\/index.php\/fr\/2017\/01\/12\/les-panneaux-solaires-auront-compense-leur-empreinte-carbone-en-2018\/","title":{"rendered":"Les panneaux solaires auront compens\u00e9 leur empreinte carbone en 2018"},"content":{"rendered":"<p><strong>Gr\u00e2ce \u00e0 l&rsquo;\u00e9nergie propre et renouvelable qu&rsquo;ils produisent depuis 40 ans, les panneaux solaires devraient avoir compens\u00e9 d&rsquo;ici 2018 tous les gaz \u00e0 effet de serre \u00e9mis pour les produire.<\/strong><\/p>\n<p>La bonne nouvelle est tomb\u00e9e sous la forme d&rsquo;un article, <a href=\"http:\/\/www.nature.com\/articles\/ncomms13728#abstract\" target=\"_blank\">publi\u00e9 le 6 d\u00e9cembre 2016 dans le magazine Nature Communications<\/a>. Une \u00e9quipe de chercheurs des Pays Bas y a \u00e9tudi\u00e9 40 ans de d\u00e9ploiement progressif des panneaux photovolta\u00efques dans le monde, et \u00e9valu\u00e9 le rapport co\u00fbt &#8211; b\u00e9n\u00e9fices de ces derniers. Verdict : d&rsquo;ici deux ans,<br \/>\nles panneaux solaires auront permis d&rsquo;\u00e9viter de g\u00e9n\u00e9rer plus de CO2 qu&rsquo;il n&rsquo;en a fallu pour les fabriquer. En effet,<br \/>\nsi une fois en place les panneaux photovolta\u00efques permettent de limiter l&#8217;emploi des centrales \u00e9lectriques \u00e0 gaz ou au charbon, leur fabrication en revanche en g\u00e9n\u00e8re une certaine quantit\u00e9.<\/p>\n<p>Lisez la suite de l&rsquo;article <a href=\"http:\/\/www.sciencesetavenir.fr\/nature-environnement\/developpement-durable\/les-panneaux-solaires-auront-compense-leur-empreinte-carbone-en-2018_108699\" target=\"_blank\">ICI<\/a><br \/>\nSource:\u00a0www.sciencesetavenir.fr<br \/>\nCr\u00e9dit photo: Pixabay<\/p>\n","protected":false},"excerpt":{"rendered":"<p>Gr\u00e2ce \u00e0 l&rsquo;\u00e9nergie propre et renouvelable qu&rsquo;ils produisent depuis 40 ans, les panneaux solaires devraient avoir compens\u00e9 d&rsquo;ici 2018 tous [&hellip;]<\/p>\n","protected":false},"author":1,"featured_media":826,"comment_status":"open","ping_status":"open","sticky":false,"template":"","format":"standard","meta":{"jetpack_post_was_ever_published":false,"_jetpack_newsletter_access":"","_jetpack_dont_email_post_to_subs":false,"_jetpack_newsletter_tier_id":0,"_jetpack_memberships_contains_paywalled_content":false,"_jetpack_memberships_contains_paid_content":false,"footnotes":"","jetpack_publicize_message":"","jetpack_publicize_feature_enabled":true,"jetpack_social_post_already_shared":false,"jetpack_social_options":{"image_generator_settings":{"template":"highway","enabled":false},"version":2}},"categories":[40],"tags":[],"class_list":["post-644","post","type-post","status-publish","format-standard","has-post-thumbnail","hentry","category-ecologie"],"jetpack_publicize_connections":[],"yoast_head":"<!-- This site is optimized with the Yoast SEO plugin v23.8 - https:\/\/yoast.com\/wordpress\/plugins\/seo\/ -->\n<title>Les panneaux solaires auront compens\u00e9 leur empreinte carbone en 2018 - Solstis<\/title>\n<meta name=\"robots\" content=\"index, follow, max-snippet:-1, max-image-preview:large, max-video-preview:-1\" \/>\n<link rel=\"canonical\" href=\"https:\/\/blog.solstis.ch\/index.php\/fr\/2017\/01\/12\/les-panneaux-solaires-auront-compense-leur-empreinte-carbone-en-2018\/\" \/>\n<meta property=\"og:locale\" content=\"fr_FR\" \/>\n<meta property=\"og:type\" content=\"article\" \/>\n<meta property=\"og:title\" content=\"Les panneaux solaires auront compens\u00e9 leur empreinte carbone en 2018 - Solstis\" \/>\n<meta property=\"og:description\" content=\"Gr\u00e2ce \u00e0 l&rsquo;\u00e9nergie propre et renouvelable qu&rsquo;ils produisent depuis 40 ans, les panneaux solaires devraient avoir compens\u00e9 d&rsquo;ici 2018 tous [&hellip;]\" \/>\n<meta property=\"og:url\" content=\"https:\/\/blog.solstis.ch\/index.php\/fr\/2017\/01\/12\/les-panneaux-solaires-auront-compense-leur-empreinte-carbone-en-2018\/\" \/>\n<meta property=\"og:site_name\" content=\"Solstis\" \/>\n<meta property=\"article:published_time\" content=\"2017-01-12T15:48:03+00:00\" \/>\n<meta property=\"article:modified_time\" content=\"2017-07-04T21:43:28+00:00\" \/>\n<meta property=\"og:image\" content=\"https:\/\/blog.solstis.ch\/wp-content\/uploads\/2017\/01\/solar-panel-array-1916121_1280.jpg\" \/>\n\t<meta property=\"og:image:width\" content=\"1280\" \/>\n\t<meta property=\"og:image:height\" content=\"852\" \/>\n\t<meta property=\"og:image:type\" content=\"image\/jpeg\" \/>\n<meta name=\"author\" content=\"admin\" \/>\n<meta name=\"twitter:card\" content=\"summary_large_image\" \/>\n<meta name=\"twitter:label1\" content=\"\u00c9crit par\" \/>\n\t<meta name=\"twitter:data1\" content=\"admin\" \/>\n\t<meta name=\"twitter:label2\" content=\"Dur\u00e9e de lecture estim\u00e9e\" \/>\n\t<meta name=\"twitter:data2\" content=\"1 minute\" \/>\n<script type=\"application\/ld+json\" class=\"yoast-schema-graph\">{\"@context\":\"https:\/\/schema.org\",\"@graph\":[{\"@type\":\"WebPage\",\"@id\":\"https:\/\/blog.solstis.ch\/index.php\/fr\/2017\/01\/12\/les-panneaux-solaires-auront-compense-leur-empreinte-carbone-en-2018\/\",\"url\":\"https:\/\/blog.solstis.ch\/index.php\/fr\/2017\/01\/12\/les-panneaux-solaires-auront-compense-leur-empreinte-carbone-en-2018\/\",\"name\":\"Les panneaux solaires auront compens\u00e9 leur empreinte carbone en 2018 - Solstis\",\"isPartOf\":{\"@id\":\"https:\/\/blog.solstis.ch\/#website\"},\"primaryImageOfPage\":{\"@id\":\"https:\/\/blog.solstis.ch\/index.php\/fr\/2017\/01\/12\/les-panneaux-solaires-auront-compense-leur-empreinte-carbone-en-2018\/#primaryimage\"},\"image\":{\"@id\":\"https:\/\/blog.solstis.ch\/index.php\/fr\/2017\/01\/12\/les-panneaux-solaires-auront-compense-leur-empreinte-carbone-en-2018\/#primaryimage\"},\"thumbnailUrl\":\"https:\/\/blog.solstis.ch\/wp-content\/uploads\/2017\/01\/solar-panel-array-1916121_1280.jpg\",\"datePublished\":\"2017-01-12T15:48:03+00:00\",\"dateModified\":\"2017-07-04T21:43:28+00:00\",\"author\":{\"@id\":\"https:\/\/blog.solstis.ch\/#\/schema\/person\/5a9f5ef0a66b3e68c712ab62eeb4a1f9\"},\"breadcrumb\":{\"@id\":\"https:\/\/blog.solstis.ch\/index.php\/fr\/2017\/01\/12\/les-panneaux-solaires-auront-compense-leur-empreinte-carbone-en-2018\/#breadcrumb\"},\"inLanguage\":\"fr-FR\",\"potentialAction\":[{\"@type\":\"ReadAction\",\"target\":[\"https:\/\/blog.solstis.ch\/index.php\/fr\/2017\/01\/12\/les-panneaux-solaires-auront-compense-leur-empreinte-carbone-en-2018\/\"]}]},{\"@type\":\"ImageObject\",\"inLanguage\":\"fr-FR\",\"@id\":\"https:\/\/blog.solstis.ch\/index.php\/fr\/2017\/01\/12\/les-panneaux-solaires-auront-compense-leur-empreinte-carbone-en-2018\/#primaryimage\",\"url\":\"https:\/\/blog.solstis.ch\/wp-content\/uploads\/2017\/01\/solar-panel-array-1916121_1280.jpg\",\"contentUrl\":\"https:\/\/blog.solstis.ch\/wp-content\/uploads\/2017\/01\/solar-panel-array-1916121_1280.jpg\",\"width\":1280,\"height\":852},{\"@type\":\"BreadcrumbList\",\"@id\":\"https:\/\/blog.solstis.ch\/index.php\/fr\/2017\/01\/12\/les-panneaux-solaires-auront-compense-leur-empreinte-carbone-en-2018\/#breadcrumb\",\"itemListElement\":[{\"@type\":\"ListItem\",\"position\":1,\"name\":\"Accueil\",\"item\":\"https:\/\/blog.solstis.ch\/index.php\/fr\/blog\/\"},{\"@type\":\"ListItem\",\"position\":2,\"name\":\"Les panneaux solaires auront compens\u00e9 leur empreinte carbone en 2018\"}]},{\"@type\":\"WebSite\",\"@id\":\"https:\/\/blog.solstis.ch\/#website\",\"url\":\"https:\/\/blog.solstis.ch\/\",\"name\":\"Solstis\",\"description\":\"Solstis, donner au monde l&#039;\u00e9nergie d&#039;\u00eatre durable.\",\"potentialAction\":[{\"@type\":\"SearchAction\",\"target\":{\"@type\":\"EntryPoint\",\"urlTemplate\":\"https:\/\/blog.solstis.ch\/?s={search_term_string}\"},\"query-input\":{\"@type\":\"PropertyValueSpecification\",\"valueRequired\":true,\"valueName\":\"search_term_string\"}}],\"inLanguage\":\"fr-FR\"},{\"@type\":\"Person\",\"@id\":\"https:\/\/blog.solstis.ch\/#\/schema\/person\/5a9f5ef0a66b3e68c712ab62eeb4a1f9\",\"name\":\"admin\",\"image\":{\"@type\":\"ImageObject\",\"inLanguage\":\"fr-FR\",\"@id\":\"https:\/\/blog.solstis.ch\/#\/schema\/person\/image\/\",\"url\":\"https:\/\/secure.gravatar.com\/avatar\/8ba8fd08281e45cafc408887276f0396?s=96&d=mm&r=g\",\"contentUrl\":\"https:\/\/secure.gravatar.com\/avatar\/8ba8fd08281e45cafc408887276f0396?s=96&d=mm&r=g\",\"caption\":\"admin\"},\"url\":\"https:\/\/blog.solstis.ch\/index.php\/author\/admin\/\"}]}<\/script>\n<!-- \/ Yoast SEO plugin. -->","yoast_head_json":{"title":"Les panneaux solaires auront compens\u00e9 leur empreinte carbone en 2018 - Solstis","robots":{"index":"index","follow":"follow","max-snippet":"max-snippet:-1","max-image-preview":"max-image-preview:large","max-video-preview":"max-video-preview:-1"},"canonical":"https:\/\/blog.solstis.ch\/index.php\/fr\/2017\/01\/12\/les-panneaux-solaires-auront-compense-leur-empreinte-carbone-en-2018\/","og_locale":"fr_FR","og_type":"article","og_title":"Les panneaux solaires auront compens\u00e9 leur empreinte carbone en 2018 - Solstis","og_description":"Gr\u00e2ce \u00e0 l&rsquo;\u00e9nergie propre et renouvelable qu&rsquo;ils produisent depuis 40 ans, les panneaux solaires devraient avoir compens\u00e9 d&rsquo;ici 2018 tous [&hellip;]","og_url":"https:\/\/blog.solstis.ch\/index.php\/fr\/2017\/01\/12\/les-panneaux-solaires-auront-compense-leur-empreinte-carbone-en-2018\/","og_site_name":"Solstis","article_published_time":"2017-01-12T15:48:03+00:00","article_modified_time":"2017-07-04T21:43:28+00:00","og_image":[{"width":1280,"height":852,"url":"https:\/\/blog.solstis.ch\/wp-content\/uploads\/2017\/01\/solar-panel-array-1916121_1280.jpg","type":"image\/jpeg"}],"author":"admin","twitter_card":"summary_large_image","twitter_misc":{"\u00c9crit par":"admin","Dur\u00e9e de lecture estim\u00e9e":"1 minute"},"schema":{"@context":"https:\/\/schema.org","@graph":[{"@type":"WebPage","@id":"https:\/\/blog.solstis.ch\/index.php\/fr\/2017\/01\/12\/les-panneaux-solaires-auront-compense-leur-empreinte-carbone-en-2018\/","url":"https:\/\/blog.solstis.ch\/index.php\/fr\/2017\/01\/12\/les-panneaux-solaires-auront-compense-leur-empreinte-carbone-en-2018\/","name":"Les panneaux solaires auront compens\u00e9 leur empreinte carbone en 2018 - Solstis","isPartOf":{"@id":"https:\/\/blog.solstis.ch\/#website"},"primaryImageOfPage":{"@id":"https:\/\/blog.solstis.ch\/index.php\/fr\/2017\/01\/12\/les-panneaux-solaires-auront-compense-leur-empreinte-carbone-en-2018\/#primaryimage"},"image":{"@id":"https:\/\/blog.solstis.ch\/index.php\/fr\/2017\/01\/12\/les-panneaux-solaires-auront-compense-leur-empreinte-carbone-en-2018\/#primaryimage"},"thumbnailUrl":"https:\/\/blog.solstis.ch\/wp-content\/uploads\/2017\/01\/solar-panel-array-1916121_1280.jpg","datePublished":"2017-01-12T15:48:03+00:00","dateModified":"2017-07-04T21:43:28+00:00","author":{"@id":"https:\/\/blog.solstis.ch\/#\/schema\/person\/5a9f5ef0a66b3e68c712ab62eeb4a1f9"},"breadcrumb":{"@id":"https:\/\/blog.solstis.ch\/index.php\/fr\/2017\/01\/12\/les-panneaux-solaires-auront-compense-leur-empreinte-carbone-en-2018\/#breadcrumb"},"inLanguage":"fr-FR","potentialAction":[{"@type":"ReadAction","target":["https:\/\/blog.solstis.ch\/index.php\/fr\/2017\/01\/12\/les-panneaux-solaires-auront-compense-leur-empreinte-carbone-en-2018\/"]}]},{"@type":"ImageObject","inLanguage":"fr-FR","@id":"https:\/\/blog.solstis.ch\/index.php\/fr\/2017\/01\/12\/les-panneaux-solaires-auront-compense-leur-empreinte-carbone-en-2018\/#primaryimage","url":"https:\/\/blog.solstis.ch\/wp-content\/uploads\/2017\/01\/solar-panel-array-1916121_1280.jpg","contentUrl":"https:\/\/blog.solstis.ch\/wp-content\/uploads\/2017\/01\/solar-panel-array-1916121_1280.jpg","width":1280,"height":852},{"@type":"BreadcrumbList","@id":"https:\/\/blog.solstis.ch\/index.php\/fr\/2017\/01\/12\/les-panneaux-solaires-auront-compense-leur-empreinte-carbone-en-2018\/#breadcrumb","itemListElement":[{"@type":"ListItem","position":1,"name":"Accueil","item":"https:\/\/blog.solstis.ch\/index.php\/fr\/blog\/"},{"@type":"ListItem","position":2,"name":"Les panneaux solaires auront compens\u00e9 leur empreinte carbone en 2018"}]},{"@type":"WebSite","@id":"https:\/\/blog.solstis.ch\/#website","url":"https:\/\/blog.solstis.ch\/","name":"Solstis","description":"Solstis, donner au monde l&#039;\u00e9nergie d&#039;\u00eatre durable.","potentialAction":[{"@type":"SearchAction","target":{"@type":"EntryPoint","urlTemplate":"https:\/\/blog.solstis.ch\/?s={search_term_string}"},"query-input":{"@type":"PropertyValueSpecification","valueRequired":true,"valueName":"search_term_string"}}],"inLanguage":"fr-FR"},{"@type":"Person","@id":"https:\/\/blog.solstis.ch\/#\/schema\/person\/5a9f5ef0a66b3e68c712ab62eeb4a1f9","name":"admin","image":{"@type":"ImageObject","inLanguage":"fr-FR","@id":"https:\/\/blog.solstis.ch\/#\/schema\/person\/image\/","url":"https:\/\/secure.gravatar.com\/avatar\/8ba8fd08281e45cafc408887276f0396?s=96&d=mm&r=g","contentUrl":"https:\/\/secure.gravatar.com\/avatar\/8ba8fd08281e45cafc408887276f0396?s=96&d=mm&r=g","caption":"admin"},"url":"https:\/\/blog.solstis.ch\/index.php\/author\/admin\/"}]}},"jetpack_sharing_enabled":true,"jetpack_featured_media_url":"https:\/\/blog.solstis.ch\/wp-content\/uploads\/2017\/01\/solar-panel-array-1916121_1280.jpg","jetpack_shortlink":"https:\/\/wp.me\/pa0tUs-ao","_links":{"self":[{"href":"https:\/\/blog.solstis.ch\/index.php\/wp-json\/wp\/v2\/posts\/644","targetHints":{"allow":["GET"]}}],"collection":[{"href":"https:\/\/blog.solstis.ch\/index.php\/wp-json\/wp\/v2\/posts"}],"about":[{"href":"https:\/\/blog.solstis.ch\/index.php\/wp-json\/wp\/v2\/types\/post"}],"author":[{"embeddable":true,"href":"https:\/\/blog.solstis.ch\/index.php\/wp-json\/wp\/v2\/users\/1"}],"replies":[{"embeddable":true,"href":"https:\/\/blog.solstis.ch\/index.php\/wp-json\/wp\/v2\/comments?post=644"}],"version-history":[{"count":14,"href":"https:\/\/blog.solstis.ch\/index.php\/wp-json\/wp\/v2\/posts\/644\/revisions"}],"predecessor-version":[{"id":827,"href":"https:\/\/blog.solstis.ch\/index.php\/wp-json\/wp\/v2\/posts\/644\/revisions\/827"}],"wp:featuredmedia":[{"embeddable":true,"href":"https:\/\/blog.solstis.ch\/index.php\/wp-json\/wp\/v2\/media\/826"}],"wp:attachment":[{"href":"https:\/\/blog.solstis.ch\/index.php\/wp-json\/wp\/v2\/media?parent=644"}],"wp:term":[{"taxonomy":"category","embeddable":true,"href":"https:\/\/blog.solstis.ch\/index.php\/wp-json\/wp\/v2\/categories?post=644"},{"taxonomy":"post_tag","embeddable":true,"href":"https:\/\/blog.solstis.ch\/index.php\/wp-json\/wp\/v2\/tags?post=644"}],"curies":[{"name":"wp","href":"https:\/\/api.w.org\/{rel}","templated":true}]}}