{"id":582,"date":"2016-10-13T16:58:07","date_gmt":"2016-10-13T15:58:07","guid":{"rendered":"http:\/\/blog.solstis.ch\/?p=582"},"modified":"2016-12-06T16:45:53","modified_gmt":"2016-12-06T15:45:53","slug":"la-terre-est-elle-trop-petite-pour-les-energies-renouvelables","status":"publish","type":"post","link":"https:\/\/blog.solstis.ch\/index.php\/fr\/2016\/10\/13\/la-terre-est-elle-trop-petite-pour-les-energies-renouvelables\/","title":{"rendered":"La Terre est-elle trop petite pour les \u00e9nergies renouvelables ?"},"content":{"rendered":"<p><strong>LE CERCLE\/PROJECT SYNDICATE &#8211; Les parcs \u00e9oliens et solaires n\u00e9cessitent de vastes espaces terrestres.<\/strong><br \/>\n<strong>Y aurait-il assez de place sur Terre pour couvrir tous les besoins en \u00e9lectricit\u00e9 de la plan\u00e8te gr\u00e2ce aux \u00e9nergies vertes ?<\/strong><\/p>\n<p>Un appel d\u2019offres a eu lieu cet \u00e9t\u00e9 au Chili dans le domaine de l\u2019approvisionnement \u00e9lectrique. L\u2019ench\u00e8re a \u00e9t\u00e9 remport\u00e9e par des d\u00e9veloppeurs de projets \u00e9oliens, qui ont promis de fournir de l\u2019\u00e9lectricit\u00e9 \u00e0 un tarif de 0,04 $ par kilowatt-heure, ainsi que par des d\u00e9veloppeurs de projets solaires annon\u00e7ant un prix de 0,03 $ par kWh, tarifs qui l\u2019emportent ais\u00e9ment sur ceux de la concurrence op\u00e9rant dans le domaine des combustibles fossiles. Ce succ\u00e8s illustre une baisse consid\u00e9rable des co\u00fbts, qui en six ans ont chut\u00e9 d\u2019environ 70 % pour l\u2019\u00e9nergie solaire, et de plus de 30 % pour l\u2019\u00e9olien. Et il faut clairement s\u2019attendre \u00e0 de nouvelles baisses.<\/p>\n<p>D\u00e9couvrez la suite de l&rsquo;article <a href=\"http:\/\/www.lesechos.fr\/idees-debats\/cercle\/cercle-160648-la-terre-est-elle-assez-grande-pour-les-energies-renouvelables-2028763.php\" target=\"_blank\">ICI<\/a><br \/>\nSource: www.lesechos.fr<br \/>\nCr\u00e9dit photo: \u00a9 www.lesechos.fr<\/p>\n","protected":false},"excerpt":{"rendered":"<p>LE CERCLE\/PROJECT SYNDICATE &#8211; Les parcs \u00e9oliens et solaires n\u00e9cessitent de vastes espaces terrestres. Y aurait-il assez de place sur [&hellip;]<\/p>\n","protected":false},"author":1,"featured_media":585,"comment_status":"open","ping_status":"open","sticky":false,"template":"","format":"standard","meta":{"jetpack_post_was_ever_published":false,"_jetpack_newsletter_access":"","_jetpack_dont_email_post_to_subs":false,"_jetpack_newsletter_tier_id":0,"_jetpack_memberships_contains_paywalled_content":false,"_jetpack_memberships_contains_paid_content":false,"footnotes":"","jetpack_publicize_message":"","jetpack_publicize_feature_enabled":true,"jetpack_social_post_already_shared":false,"jetpack_social_options":{"image_generator_settings":{"template":"highway","enabled":false},"version":2}},"categories":[33],"tags":[],"class_list":["post-582","post","type-post","status-publish","format-standard","has-post-thumbnail","hentry","category-energie"],"jetpack_publicize_connections":[],"yoast_head":"<!-- This site is optimized with the Yoast SEO plugin v23.8 - https:\/\/yoast.com\/wordpress\/plugins\/seo\/ -->\n<title>La Terre est-elle trop petite pour les \u00e9nergies renouvelables ? - Solstis<\/title>\n<meta name=\"robots\" content=\"index, follow, max-snippet:-1, max-image-preview:large, max-video-preview:-1\" \/>\n<link rel=\"canonical\" href=\"https:\/\/blog.solstis.ch\/index.php\/fr\/2016\/10\/13\/la-terre-est-elle-trop-petite-pour-les-energies-renouvelables\/\" \/>\n<meta property=\"og:locale\" content=\"fr_FR\" \/>\n<meta property=\"og:type\" content=\"article\" \/>\n<meta property=\"og:title\" content=\"La Terre est-elle trop petite pour les \u00e9nergies renouvelables ? - Solstis\" \/>\n<meta property=\"og:description\" content=\"LE CERCLE\/PROJECT SYNDICATE &#8211; Les parcs \u00e9oliens et solaires n\u00e9cessitent de vastes espaces terrestres. Y aurait-il assez de place sur [&hellip;]\" \/>\n<meta property=\"og:url\" content=\"https:\/\/blog.solstis.ch\/index.php\/fr\/2016\/10\/13\/la-terre-est-elle-trop-petite-pour-les-energies-renouvelables\/\" \/>\n<meta property=\"og:site_name\" content=\"Solstis\" \/>\n<meta property=\"article:published_time\" content=\"2016-10-13T15:58:07+00:00\" \/>\n<meta property=\"article:modified_time\" content=\"2016-12-06T15:45:53+00:00\" \/>\n<meta property=\"og:image\" content=\"https:\/\/blog.solstis.ch\/wp-content\/uploads\/2016\/10\/solstis-article-2-veille-octobre.jpg\" \/>\n\t<meta property=\"og:image:width\" content=\"1100\" \/>\n\t<meta property=\"og:image:height\" content=\"619\" \/>\n\t<meta property=\"og:image:type\" content=\"image\/jpeg\" \/>\n<meta name=\"author\" content=\"admin\" \/>\n<meta name=\"twitter:card\" content=\"summary_large_image\" \/>\n<meta name=\"twitter:label1\" content=\"\u00c9crit par\" \/>\n\t<meta name=\"twitter:data1\" content=\"admin\" \/>\n\t<meta name=\"twitter:label2\" content=\"Dur\u00e9e de lecture estim\u00e9e\" \/>\n\t<meta name=\"twitter:data2\" content=\"1 minute\" \/>\n<script type=\"application\/ld+json\" class=\"yoast-schema-graph\">{\"@context\":\"https:\/\/schema.org\",\"@graph\":[{\"@type\":\"WebPage\",\"@id\":\"https:\/\/blog.solstis.ch\/index.php\/fr\/2016\/10\/13\/la-terre-est-elle-trop-petite-pour-les-energies-renouvelables\/\",\"url\":\"https:\/\/blog.solstis.ch\/index.php\/fr\/2016\/10\/13\/la-terre-est-elle-trop-petite-pour-les-energies-renouvelables\/\",\"name\":\"La Terre est-elle trop petite pour les \u00e9nergies renouvelables ? - Solstis\",\"isPartOf\":{\"@id\":\"https:\/\/blog.solstis.ch\/#website\"},\"primaryImageOfPage\":{\"@id\":\"https:\/\/blog.solstis.ch\/index.php\/fr\/2016\/10\/13\/la-terre-est-elle-trop-petite-pour-les-energies-renouvelables\/#primaryimage\"},\"image\":{\"@id\":\"https:\/\/blog.solstis.ch\/index.php\/fr\/2016\/10\/13\/la-terre-est-elle-trop-petite-pour-les-energies-renouvelables\/#primaryimage\"},\"thumbnailUrl\":\"https:\/\/blog.solstis.ch\/wp-content\/uploads\/2016\/10\/solstis-article-2-veille-octobre.jpg\",\"datePublished\":\"2016-10-13T15:58:07+00:00\",\"dateModified\":\"2016-12-06T15:45:53+00:00\",\"author\":{\"@id\":\"https:\/\/blog.solstis.ch\/#\/schema\/person\/5a9f5ef0a66b3e68c712ab62eeb4a1f9\"},\"breadcrumb\":{\"@id\":\"https:\/\/blog.solstis.ch\/index.php\/fr\/2016\/10\/13\/la-terre-est-elle-trop-petite-pour-les-energies-renouvelables\/#breadcrumb\"},\"inLanguage\":\"fr-FR\",\"potentialAction\":[{\"@type\":\"ReadAction\",\"target\":[\"https:\/\/blog.solstis.ch\/index.php\/fr\/2016\/10\/13\/la-terre-est-elle-trop-petite-pour-les-energies-renouvelables\/\"]}]},{\"@type\":\"ImageObject\",\"inLanguage\":\"fr-FR\",\"@id\":\"https:\/\/blog.solstis.ch\/index.php\/fr\/2016\/10\/13\/la-terre-est-elle-trop-petite-pour-les-energies-renouvelables\/#primaryimage\",\"url\":\"https:\/\/blog.solstis.ch\/wp-content\/uploads\/2016\/10\/solstis-article-2-veille-octobre.jpg\",\"contentUrl\":\"https:\/\/blog.solstis.ch\/wp-content\/uploads\/2016\/10\/solstis-article-2-veille-octobre.jpg\",\"width\":1100,\"height\":619,\"caption\":\"terre energies renouvelables\"},{\"@type\":\"BreadcrumbList\",\"@id\":\"https:\/\/blog.solstis.ch\/index.php\/fr\/2016\/10\/13\/la-terre-est-elle-trop-petite-pour-les-energies-renouvelables\/#breadcrumb\",\"itemListElement\":[{\"@type\":\"ListItem\",\"position\":1,\"name\":\"Accueil\",\"item\":\"https:\/\/blog.solstis.ch\/index.php\/fr\/blog\/\"},{\"@type\":\"ListItem\",\"position\":2,\"name\":\"La Terre est-elle trop petite pour les \u00e9nergies renouvelables ?\"}]},{\"@type\":\"WebSite\",\"@id\":\"https:\/\/blog.solstis.ch\/#website\",\"url\":\"https:\/\/blog.solstis.ch\/\",\"name\":\"Solstis\",\"description\":\"Solstis, donner au monde l&#039;\u00e9nergie d&#039;\u00eatre durable.\",\"potentialAction\":[{\"@type\":\"SearchAction\",\"target\":{\"@type\":\"EntryPoint\",\"urlTemplate\":\"https:\/\/blog.solstis.ch\/?s={search_term_string}\"},\"query-input\":{\"@type\":\"PropertyValueSpecification\",\"valueRequired\":true,\"valueName\":\"search_term_string\"}}],\"inLanguage\":\"fr-FR\"},{\"@type\":\"Person\",\"@id\":\"https:\/\/blog.solstis.ch\/#\/schema\/person\/5a9f5ef0a66b3e68c712ab62eeb4a1f9\",\"name\":\"admin\",\"image\":{\"@type\":\"ImageObject\",\"inLanguage\":\"fr-FR\",\"@id\":\"https:\/\/blog.solstis.ch\/#\/schema\/person\/image\/\",\"url\":\"https:\/\/secure.gravatar.com\/avatar\/8ba8fd08281e45cafc408887276f0396?s=96&d=mm&r=g\",\"contentUrl\":\"https:\/\/secure.gravatar.com\/avatar\/8ba8fd08281e45cafc408887276f0396?s=96&d=mm&r=g\",\"caption\":\"admin\"},\"url\":\"https:\/\/blog.solstis.ch\/index.php\/author\/admin\/\"}]}<\/script>\n<!-- \/ Yoast SEO plugin. -->","yoast_head_json":{"title":"La Terre est-elle trop petite pour les \u00e9nergies renouvelables ? - Solstis","robots":{"index":"index","follow":"follow","max-snippet":"max-snippet:-1","max-image-preview":"max-image-preview:large","max-video-preview":"max-video-preview:-1"},"canonical":"https:\/\/blog.solstis.ch\/index.php\/fr\/2016\/10\/13\/la-terre-est-elle-trop-petite-pour-les-energies-renouvelables\/","og_locale":"fr_FR","og_type":"article","og_title":"La Terre est-elle trop petite pour les \u00e9nergies renouvelables ? - Solstis","og_description":"LE CERCLE\/PROJECT SYNDICATE &#8211; Les parcs \u00e9oliens et solaires n\u00e9cessitent de vastes espaces terrestres. Y aurait-il assez de place sur [&hellip;]","og_url":"https:\/\/blog.solstis.ch\/index.php\/fr\/2016\/10\/13\/la-terre-est-elle-trop-petite-pour-les-energies-renouvelables\/","og_site_name":"Solstis","article_published_time":"2016-10-13T15:58:07+00:00","article_modified_time":"2016-12-06T15:45:53+00:00","og_image":[{"width":1100,"height":619,"url":"https:\/\/blog.solstis.ch\/wp-content\/uploads\/2016\/10\/solstis-article-2-veille-octobre.jpg","type":"image\/jpeg"}],"author":"admin","twitter_card":"summary_large_image","twitter_misc":{"\u00c9crit par":"admin","Dur\u00e9e de lecture estim\u00e9e":"1 minute"},"schema":{"@context":"https:\/\/schema.org","@graph":[{"@type":"WebPage","@id":"https:\/\/blog.solstis.ch\/index.php\/fr\/2016\/10\/13\/la-terre-est-elle-trop-petite-pour-les-energies-renouvelables\/","url":"https:\/\/blog.solstis.ch\/index.php\/fr\/2016\/10\/13\/la-terre-est-elle-trop-petite-pour-les-energies-renouvelables\/","name":"La Terre est-elle trop petite pour les \u00e9nergies renouvelables ? - Solstis","isPartOf":{"@id":"https:\/\/blog.solstis.ch\/#website"},"primaryImageOfPage":{"@id":"https:\/\/blog.solstis.ch\/index.php\/fr\/2016\/10\/13\/la-terre-est-elle-trop-petite-pour-les-energies-renouvelables\/#primaryimage"},"image":{"@id":"https:\/\/blog.solstis.ch\/index.php\/fr\/2016\/10\/13\/la-terre-est-elle-trop-petite-pour-les-energies-renouvelables\/#primaryimage"},"thumbnailUrl":"https:\/\/blog.solstis.ch\/wp-content\/uploads\/2016\/10\/solstis-article-2-veille-octobre.jpg","datePublished":"2016-10-13T15:58:07+00:00","dateModified":"2016-12-06T15:45:53+00:00","author":{"@id":"https:\/\/blog.solstis.ch\/#\/schema\/person\/5a9f5ef0a66b3e68c712ab62eeb4a1f9"},"breadcrumb":{"@id":"https:\/\/blog.solstis.ch\/index.php\/fr\/2016\/10\/13\/la-terre-est-elle-trop-petite-pour-les-energies-renouvelables\/#breadcrumb"},"inLanguage":"fr-FR","potentialAction":[{"@type":"ReadAction","target":["https:\/\/blog.solstis.ch\/index.php\/fr\/2016\/10\/13\/la-terre-est-elle-trop-petite-pour-les-energies-renouvelables\/"]}]},{"@type":"ImageObject","inLanguage":"fr-FR","@id":"https:\/\/blog.solstis.ch\/index.php\/fr\/2016\/10\/13\/la-terre-est-elle-trop-petite-pour-les-energies-renouvelables\/#primaryimage","url":"https:\/\/blog.solstis.ch\/wp-content\/uploads\/2016\/10\/solstis-article-2-veille-octobre.jpg","contentUrl":"https:\/\/blog.solstis.ch\/wp-content\/uploads\/2016\/10\/solstis-article-2-veille-octobre.jpg","width":1100,"height":619,"caption":"terre energies renouvelables"},{"@type":"BreadcrumbList","@id":"https:\/\/blog.solstis.ch\/index.php\/fr\/2016\/10\/13\/la-terre-est-elle-trop-petite-pour-les-energies-renouvelables\/#breadcrumb","itemListElement":[{"@type":"ListItem","position":1,"name":"Accueil","item":"https:\/\/blog.solstis.ch\/index.php\/fr\/blog\/"},{"@type":"ListItem","position":2,"name":"La Terre est-elle trop petite pour les \u00e9nergies renouvelables ?"}]},{"@type":"WebSite","@id":"https:\/\/blog.solstis.ch\/#website","url":"https:\/\/blog.solstis.ch\/","name":"Solstis","description":"Solstis, donner au monde l&#039;\u00e9nergie d&#039;\u00eatre durable.","potentialAction":[{"@type":"SearchAction","target":{"@type":"EntryPoint","urlTemplate":"https:\/\/blog.solstis.ch\/?s={search_term_string}"},"query-input":{"@type":"PropertyValueSpecification","valueRequired":true,"valueName":"search_term_string"}}],"inLanguage":"fr-FR"},{"@type":"Person","@id":"https:\/\/blog.solstis.ch\/#\/schema\/person\/5a9f5ef0a66b3e68c712ab62eeb4a1f9","name":"admin","image":{"@type":"ImageObject","inLanguage":"fr-FR","@id":"https:\/\/blog.solstis.ch\/#\/schema\/person\/image\/","url":"https:\/\/secure.gravatar.com\/avatar\/8ba8fd08281e45cafc408887276f0396?s=96&d=mm&r=g","contentUrl":"https:\/\/secure.gravatar.com\/avatar\/8ba8fd08281e45cafc408887276f0396?s=96&d=mm&r=g","caption":"admin"},"url":"https:\/\/blog.solstis.ch\/index.php\/author\/admin\/"}]}},"jetpack_sharing_enabled":true,"jetpack_featured_media_url":"https:\/\/blog.solstis.ch\/wp-content\/uploads\/2016\/10\/solstis-article-2-veille-octobre.jpg","jetpack_shortlink":"https:\/\/wp.me\/pa0tUs-9o","_links":{"self":[{"href":"https:\/\/blog.solstis.ch\/index.php\/wp-json\/wp\/v2\/posts\/582","targetHints":{"allow":["GET"]}}],"collection":[{"href":"https:\/\/blog.solstis.ch\/index.php\/wp-json\/wp\/v2\/posts"}],"about":[{"href":"https:\/\/blog.solstis.ch\/index.php\/wp-json\/wp\/v2\/types\/post"}],"author":[{"embeddable":true,"href":"https:\/\/blog.solstis.ch\/index.php\/wp-json\/wp\/v2\/users\/1"}],"replies":[{"embeddable":true,"href":"https:\/\/blog.solstis.ch\/index.php\/wp-json\/wp\/v2\/comments?post=582"}],"version-history":[{"count":4,"href":"https:\/\/blog.solstis.ch\/index.php\/wp-json\/wp\/v2\/posts\/582\/revisions"}],"predecessor-version":[{"id":587,"href":"https:\/\/blog.solstis.ch\/index.php\/wp-json\/wp\/v2\/posts\/582\/revisions\/587"}],"wp:featuredmedia":[{"embeddable":true,"href":"https:\/\/blog.solstis.ch\/index.php\/wp-json\/wp\/v2\/media\/585"}],"wp:attachment":[{"href":"https:\/\/blog.solstis.ch\/index.php\/wp-json\/wp\/v2\/media?parent=582"}],"wp:term":[{"taxonomy":"category","embeddable":true,"href":"https:\/\/blog.solstis.ch\/index.php\/wp-json\/wp\/v2\/categories?post=582"},{"taxonomy":"post_tag","embeddable":true,"href":"https:\/\/blog.solstis.ch\/index.php\/wp-json\/wp\/v2\/tags?post=582"}],"curies":[{"name":"wp","href":"https:\/\/api.w.org\/{rel}","templated":true}]}}