{"id":567,"date":"2016-10-06T11:24:51","date_gmt":"2016-10-06T10:24:51","guid":{"rendered":"http:\/\/blog.solstis.ch\/?p=567"},"modified":"2016-12-06T16:46:28","modified_gmt":"2016-12-06T15:46:28","slug":"solstis-ouvre-son-stand-permanent-a-i-life","status":"publish","type":"post","link":"https:\/\/blog.solstis.ch\/index.php\/fr\/2016\/10\/06\/solstis-ouvre-son-stand-permanent-a-i-life\/","title":{"rendered":"Solstis ouvre son stand permanent \u00e0 i-Life"},"content":{"rendered":"<p><strong>Nos sp\u00e9cialistes seront \u00e0 votre disposition pour vous faire d\u00e9couvrir les avantages et le potentiel exceptionnels de la technologie photovolta\u00efque.<\/strong><\/p>\n<p>C\u2019est nouveau\u2009! Solstis inaugure ce jeudi 6 octobre de 18\u00a0h \u00e0 21\u00a0h son stand permanent au sein de l\u2019espace multimarques i-Life. \u00c0 la pointe de l\u2019innovation en Suisse romande, le centre regroupe des acteurs cl\u00e9s du b\u00e2timent, de la r\u00e9novation, de l\u2019architecture, y compris int\u00e9rieure, du mobilier et de la d\u00e9coration. Nous repr\u00e9senterons l\u2019univers du solaire et r\u00e9pondrons aux questions des particuliers et des professionnels int\u00e9ress\u00e9s par cette extraordinaire source d\u2019\u00e9nergie. La mise en compl\u00e9mentarit\u00e9 de nos comp\u00e9tences avec celles de nos voisins et acteurs de la construction apporte une r\u00e9elle valeur ajout\u00e9e pratique.<\/p>\n<p><strong>Le stand i-Life<\/strong><strong>\u2009<\/strong><strong>; nouveau point de contact pour Solstis<\/strong><br \/>\nCette nouvelle implantation nous assure une pr\u00e9sence renforc\u00e9e sur la C\u00f4te et un point de contact pour nos clients particuliers r\u00e9sidant entre Lausanne et Gen\u00e8ve. Ceux-ci pourront \u00e9galement b\u00e9n\u00e9ficier de notre collaboration avec l\u2019entreprise Roda Toiture SA. Notre \u00ab\u00a0voisin de stand\u00a0\u00bb, au 2<sup>e<\/sup> \u00e9tage du b\u00e2timent i-Life est d\u00e9j\u00e0 l\u2019un de nos partenaires privil\u00e9gi\u00e9s pour la r\u00e9alisation de r\u00e9novations \u00e9nerg\u00e9tiques de toitures en Romandie. Gr\u00e2ce \u00e0 notre pr\u00e9sence au sein de i-Life d\u2019autres interactions se profilent avec des acteurs incontournables du b\u00e2timent.<\/p>\n<p><strong>Un accueil personnalis\u00e9 de notre client\u00e8le<\/strong><br \/>\nRendez-nous visite sur le stand Solstis\u2009! Nous sommes pr\u00e9sents tous les jeudis de 15\u00a0h \u00e0 18\u00a0h et le samedi, sur rendez-vous. Une permanence d\u2019accueil est assur\u00e9e le reste du temps pour la prise de contact et la distribution de brochures d\u00e9taill\u00e9es. Particuliers et professionnels du b\u00e2timent, n\u2019h\u00e9sitez pas \u00e0 nous pr\u00e9senter vos projets\u2009; nous vous conseillerons sur les meilleures options possibles et sur les performances \u00e9nerg\u00e9tiques de votre futur dispositif.<\/p>\n<p><strong>Un premier contact\u2009? Le samedi 8 octobre, c\u2019est journ\u00e9e \u00ab\u00a0Portes Ouvertes\u00a0\u00bb\u2009!<\/strong><\/p>\n<p><strong>Centre i-life, Littoral Parc, The Eye 2<sup>e<\/sup>, Route Suisse 8A 1136 Etoy<\/strong><\/p>\n<p>&nbsp;<\/p>\n","protected":false},"excerpt":{"rendered":"<p>Nos sp\u00e9cialistes seront \u00e0 votre disposition pour vous faire d\u00e9couvrir les avantages et le potentiel exceptionnels de la technologie photovolta\u00efque. [&hellip;]<\/p>\n","protected":false},"author":1,"featured_media":569,"comment_status":"open","ping_status":"open","sticky":false,"template":"","format":"standard","meta":{"jetpack_post_was_ever_published":false,"_jetpack_newsletter_access":"","_jetpack_dont_email_post_to_subs":false,"_jetpack_newsletter_tier_id":0,"_jetpack_memberships_contains_paywalled_content":false,"_jetpack_memberships_contains_paid_content":false,"footnotes":"","jetpack_publicize_message":"","jetpack_publicize_feature_enabled":true,"jetpack_social_post_already_shared":false,"jetpack_social_options":{"image_generator_settings":{"template":"highway","enabled":false},"version":2}},"categories":[1],"tags":[],"class_list":["post-567","post","type-post","status-publish","format-standard","has-post-thumbnail","hentry","category-divers"],"jetpack_publicize_connections":[],"yoast_head":"<!-- This site is optimized with the Yoast SEO plugin v23.8 - https:\/\/yoast.com\/wordpress\/plugins\/seo\/ -->\n<title>Solstis ouvre son stand permanent \u00e0 i-Life - Solstis<\/title>\n<meta name=\"robots\" content=\"index, follow, max-snippet:-1, max-image-preview:large, max-video-preview:-1\" \/>\n<link rel=\"canonical\" href=\"https:\/\/blog.solstis.ch\/index.php\/fr\/2016\/10\/06\/solstis-ouvre-son-stand-permanent-a-i-life\/\" \/>\n<meta property=\"og:locale\" content=\"fr_FR\" \/>\n<meta property=\"og:type\" content=\"article\" \/>\n<meta property=\"og:title\" content=\"Solstis ouvre son stand permanent \u00e0 i-Life - Solstis\" \/>\n<meta property=\"og:description\" content=\"Nos sp\u00e9cialistes seront \u00e0 votre disposition pour vous faire d\u00e9couvrir les avantages et le potentiel exceptionnels de la technologie photovolta\u00efque. [&hellip;]\" \/>\n<meta property=\"og:url\" content=\"https:\/\/blog.solstis.ch\/index.php\/fr\/2016\/10\/06\/solstis-ouvre-son-stand-permanent-a-i-life\/\" \/>\n<meta property=\"og:site_name\" content=\"Solstis\" \/>\n<meta property=\"article:published_time\" content=\"2016-10-06T10:24:51+00:00\" \/>\n<meta property=\"article:modified_time\" content=\"2016-12-06T15:46:28+00:00\" \/>\n<meta property=\"og:image\" content=\"https:\/\/blog.solstis.ch\/wp-content\/uploads\/2016\/10\/IMG-20161004-WA0006.jpg\" \/>\n\t<meta property=\"og:image:width\" content=\"1328\" \/>\n\t<meta property=\"og:image:height\" content=\"747\" \/>\n\t<meta property=\"og:image:type\" content=\"image\/jpeg\" \/>\n<meta name=\"author\" content=\"admin\" \/>\n<meta name=\"twitter:card\" content=\"summary_large_image\" \/>\n<meta name=\"twitter:label1\" content=\"\u00c9crit par\" \/>\n\t<meta name=\"twitter:data1\" content=\"admin\" \/>\n\t<meta name=\"twitter:label2\" content=\"Dur\u00e9e de lecture estim\u00e9e\" \/>\n\t<meta name=\"twitter:data2\" content=\"2 minutes\" \/>\n<script type=\"application\/ld+json\" class=\"yoast-schema-graph\">{\"@context\":\"https:\/\/schema.org\",\"@graph\":[{\"@type\":\"WebPage\",\"@id\":\"https:\/\/blog.solstis.ch\/index.php\/fr\/2016\/10\/06\/solstis-ouvre-son-stand-permanent-a-i-life\/\",\"url\":\"https:\/\/blog.solstis.ch\/index.php\/fr\/2016\/10\/06\/solstis-ouvre-son-stand-permanent-a-i-life\/\",\"name\":\"Solstis ouvre son stand permanent \u00e0 i-Life - Solstis\",\"isPartOf\":{\"@id\":\"https:\/\/blog.solstis.ch\/#website\"},\"primaryImageOfPage\":{\"@id\":\"https:\/\/blog.solstis.ch\/index.php\/fr\/2016\/10\/06\/solstis-ouvre-son-stand-permanent-a-i-life\/#primaryimage\"},\"image\":{\"@id\":\"https:\/\/blog.solstis.ch\/index.php\/fr\/2016\/10\/06\/solstis-ouvre-son-stand-permanent-a-i-life\/#primaryimage\"},\"thumbnailUrl\":\"https:\/\/blog.solstis.ch\/wp-content\/uploads\/2016\/10\/IMG-20161004-WA0006.jpg\",\"datePublished\":\"2016-10-06T10:24:51+00:00\",\"dateModified\":\"2016-12-06T15:46:28+00:00\",\"author\":{\"@id\":\"https:\/\/blog.solstis.ch\/#\/schema\/person\/5a9f5ef0a66b3e68c712ab62eeb4a1f9\"},\"breadcrumb\":{\"@id\":\"https:\/\/blog.solstis.ch\/index.php\/fr\/2016\/10\/06\/solstis-ouvre-son-stand-permanent-a-i-life\/#breadcrumb\"},\"inLanguage\":\"fr-FR\",\"potentialAction\":[{\"@type\":\"ReadAction\",\"target\":[\"https:\/\/blog.solstis.ch\/index.php\/fr\/2016\/10\/06\/solstis-ouvre-son-stand-permanent-a-i-life\/\"]}]},{\"@type\":\"ImageObject\",\"inLanguage\":\"fr-FR\",\"@id\":\"https:\/\/blog.solstis.ch\/index.php\/fr\/2016\/10\/06\/solstis-ouvre-son-stand-permanent-a-i-life\/#primaryimage\",\"url\":\"https:\/\/blog.solstis.ch\/wp-content\/uploads\/2016\/10\/IMG-20161004-WA0006.jpg\",\"contentUrl\":\"https:\/\/blog.solstis.ch\/wp-content\/uploads\/2016\/10\/IMG-20161004-WA0006.jpg\",\"width\":1328,\"height\":747},{\"@type\":\"BreadcrumbList\",\"@id\":\"https:\/\/blog.solstis.ch\/index.php\/fr\/2016\/10\/06\/solstis-ouvre-son-stand-permanent-a-i-life\/#breadcrumb\",\"itemListElement\":[{\"@type\":\"ListItem\",\"position\":1,\"name\":\"Accueil\",\"item\":\"https:\/\/blog.solstis.ch\/index.php\/fr\/blog\/\"},{\"@type\":\"ListItem\",\"position\":2,\"name\":\"Solstis ouvre son stand permanent \u00e0 i-Life\"}]},{\"@type\":\"WebSite\",\"@id\":\"https:\/\/blog.solstis.ch\/#website\",\"url\":\"https:\/\/blog.solstis.ch\/\",\"name\":\"Solstis\",\"description\":\"Solstis, donner au monde l&#039;\u00e9nergie d&#039;\u00eatre durable.\",\"potentialAction\":[{\"@type\":\"SearchAction\",\"target\":{\"@type\":\"EntryPoint\",\"urlTemplate\":\"https:\/\/blog.solstis.ch\/?s={search_term_string}\"},\"query-input\":{\"@type\":\"PropertyValueSpecification\",\"valueRequired\":true,\"valueName\":\"search_term_string\"}}],\"inLanguage\":\"fr-FR\"},{\"@type\":\"Person\",\"@id\":\"https:\/\/blog.solstis.ch\/#\/schema\/person\/5a9f5ef0a66b3e68c712ab62eeb4a1f9\",\"name\":\"admin\",\"image\":{\"@type\":\"ImageObject\",\"inLanguage\":\"fr-FR\",\"@id\":\"https:\/\/blog.solstis.ch\/#\/schema\/person\/image\/\",\"url\":\"https:\/\/secure.gravatar.com\/avatar\/8ba8fd08281e45cafc408887276f0396?s=96&d=mm&r=g\",\"contentUrl\":\"https:\/\/secure.gravatar.com\/avatar\/8ba8fd08281e45cafc408887276f0396?s=96&d=mm&r=g\",\"caption\":\"admin\"},\"url\":\"https:\/\/blog.solstis.ch\/index.php\/author\/admin\/\"}]}<\/script>\n<!-- \/ Yoast SEO plugin. -->","yoast_head_json":{"title":"Solstis ouvre son stand permanent \u00e0 i-Life - Solstis","robots":{"index":"index","follow":"follow","max-snippet":"max-snippet:-1","max-image-preview":"max-image-preview:large","max-video-preview":"max-video-preview:-1"},"canonical":"https:\/\/blog.solstis.ch\/index.php\/fr\/2016\/10\/06\/solstis-ouvre-son-stand-permanent-a-i-life\/","og_locale":"fr_FR","og_type":"article","og_title":"Solstis ouvre son stand permanent \u00e0 i-Life - Solstis","og_description":"Nos sp\u00e9cialistes seront \u00e0 votre disposition pour vous faire d\u00e9couvrir les avantages et le potentiel exceptionnels de la technologie photovolta\u00efque. [&hellip;]","og_url":"https:\/\/blog.solstis.ch\/index.php\/fr\/2016\/10\/06\/solstis-ouvre-son-stand-permanent-a-i-life\/","og_site_name":"Solstis","article_published_time":"2016-10-06T10:24:51+00:00","article_modified_time":"2016-12-06T15:46:28+00:00","og_image":[{"width":1328,"height":747,"url":"https:\/\/blog.solstis.ch\/wp-content\/uploads\/2016\/10\/IMG-20161004-WA0006.jpg","type":"image\/jpeg"}],"author":"admin","twitter_card":"summary_large_image","twitter_misc":{"\u00c9crit par":"admin","Dur\u00e9e de lecture estim\u00e9e":"2 minutes"},"schema":{"@context":"https:\/\/schema.org","@graph":[{"@type":"WebPage","@id":"https:\/\/blog.solstis.ch\/index.php\/fr\/2016\/10\/06\/solstis-ouvre-son-stand-permanent-a-i-life\/","url":"https:\/\/blog.solstis.ch\/index.php\/fr\/2016\/10\/06\/solstis-ouvre-son-stand-permanent-a-i-life\/","name":"Solstis ouvre son stand permanent \u00e0 i-Life - Solstis","isPartOf":{"@id":"https:\/\/blog.solstis.ch\/#website"},"primaryImageOfPage":{"@id":"https:\/\/blog.solstis.ch\/index.php\/fr\/2016\/10\/06\/solstis-ouvre-son-stand-permanent-a-i-life\/#primaryimage"},"image":{"@id":"https:\/\/blog.solstis.ch\/index.php\/fr\/2016\/10\/06\/solstis-ouvre-son-stand-permanent-a-i-life\/#primaryimage"},"thumbnailUrl":"https:\/\/blog.solstis.ch\/wp-content\/uploads\/2016\/10\/IMG-20161004-WA0006.jpg","datePublished":"2016-10-06T10:24:51+00:00","dateModified":"2016-12-06T15:46:28+00:00","author":{"@id":"https:\/\/blog.solstis.ch\/#\/schema\/person\/5a9f5ef0a66b3e68c712ab62eeb4a1f9"},"breadcrumb":{"@id":"https:\/\/blog.solstis.ch\/index.php\/fr\/2016\/10\/06\/solstis-ouvre-son-stand-permanent-a-i-life\/#breadcrumb"},"inLanguage":"fr-FR","potentialAction":[{"@type":"ReadAction","target":["https:\/\/blog.solstis.ch\/index.php\/fr\/2016\/10\/06\/solstis-ouvre-son-stand-permanent-a-i-life\/"]}]},{"@type":"ImageObject","inLanguage":"fr-FR","@id":"https:\/\/blog.solstis.ch\/index.php\/fr\/2016\/10\/06\/solstis-ouvre-son-stand-permanent-a-i-life\/#primaryimage","url":"https:\/\/blog.solstis.ch\/wp-content\/uploads\/2016\/10\/IMG-20161004-WA0006.jpg","contentUrl":"https:\/\/blog.solstis.ch\/wp-content\/uploads\/2016\/10\/IMG-20161004-WA0006.jpg","width":1328,"height":747},{"@type":"BreadcrumbList","@id":"https:\/\/blog.solstis.ch\/index.php\/fr\/2016\/10\/06\/solstis-ouvre-son-stand-permanent-a-i-life\/#breadcrumb","itemListElement":[{"@type":"ListItem","position":1,"name":"Accueil","item":"https:\/\/blog.solstis.ch\/index.php\/fr\/blog\/"},{"@type":"ListItem","position":2,"name":"Solstis ouvre son stand permanent \u00e0 i-Life"}]},{"@type":"WebSite","@id":"https:\/\/blog.solstis.ch\/#website","url":"https:\/\/blog.solstis.ch\/","name":"Solstis","description":"Solstis, donner au monde l&#039;\u00e9nergie d&#039;\u00eatre durable.","potentialAction":[{"@type":"SearchAction","target":{"@type":"EntryPoint","urlTemplate":"https:\/\/blog.solstis.ch\/?s={search_term_string}"},"query-input":{"@type":"PropertyValueSpecification","valueRequired":true,"valueName":"search_term_string"}}],"inLanguage":"fr-FR"},{"@type":"Person","@id":"https:\/\/blog.solstis.ch\/#\/schema\/person\/5a9f5ef0a66b3e68c712ab62eeb4a1f9","name":"admin","image":{"@type":"ImageObject","inLanguage":"fr-FR","@id":"https:\/\/blog.solstis.ch\/#\/schema\/person\/image\/","url":"https:\/\/secure.gravatar.com\/avatar\/8ba8fd08281e45cafc408887276f0396?s=96&d=mm&r=g","contentUrl":"https:\/\/secure.gravatar.com\/avatar\/8ba8fd08281e45cafc408887276f0396?s=96&d=mm&r=g","caption":"admin"},"url":"https:\/\/blog.solstis.ch\/index.php\/author\/admin\/"}]}},"jetpack_sharing_enabled":true,"jetpack_featured_media_url":"https:\/\/blog.solstis.ch\/wp-content\/uploads\/2016\/10\/IMG-20161004-WA0006.jpg","jetpack_shortlink":"https:\/\/wp.me\/pa0tUs-99","_links":{"self":[{"href":"https:\/\/blog.solstis.ch\/index.php\/wp-json\/wp\/v2\/posts\/567","targetHints":{"allow":["GET"]}}],"collection":[{"href":"https:\/\/blog.solstis.ch\/index.php\/wp-json\/wp\/v2\/posts"}],"about":[{"href":"https:\/\/blog.solstis.ch\/index.php\/wp-json\/wp\/v2\/types\/post"}],"author":[{"embeddable":true,"href":"https:\/\/blog.solstis.ch\/index.php\/wp-json\/wp\/v2\/users\/1"}],"replies":[{"embeddable":true,"href":"https:\/\/blog.solstis.ch\/index.php\/wp-json\/wp\/v2\/comments?post=567"}],"version-history":[{"count":3,"href":"https:\/\/blog.solstis.ch\/index.php\/wp-json\/wp\/v2\/posts\/567\/revisions"}],"predecessor-version":[{"id":572,"href":"https:\/\/blog.solstis.ch\/index.php\/wp-json\/wp\/v2\/posts\/567\/revisions\/572"}],"wp:featuredmedia":[{"embeddable":true,"href":"https:\/\/blog.solstis.ch\/index.php\/wp-json\/wp\/v2\/media\/569"}],"wp:attachment":[{"href":"https:\/\/blog.solstis.ch\/index.php\/wp-json\/wp\/v2\/media?parent=567"}],"wp:term":[{"taxonomy":"category","embeddable":true,"href":"https:\/\/blog.solstis.ch\/index.php\/wp-json\/wp\/v2\/categories?post=567"},{"taxonomy":"post_tag","embeddable":true,"href":"https:\/\/blog.solstis.ch\/index.php\/wp-json\/wp\/v2\/tags?post=567"}],"curies":[{"name":"wp","href":"https:\/\/api.w.org\/{rel}","templated":true}]}}