{"id":557,"date":"2016-09-22T16:11:28","date_gmt":"2016-09-22T15:11:28","guid":{"rendered":"http:\/\/blog.solstis.ch\/?p=557"},"modified":"2016-12-06T16:47:20","modified_gmt":"2016-12-06T15:47:20","slug":"la-ville-de-geneve-tourne-le-dos-aux-energies-fossiles","status":"publish","type":"post","link":"https:\/\/blog.solstis.ch\/index.php\/fr\/2016\/09\/22\/la-ville-de-geneve-tourne-le-dos-aux-energies-fossiles\/","title":{"rendered":"La ville de Gen\u00e8ve tourne le dos aux \u00e9nergies fossiles"},"content":{"rendered":"<p><strong>Comme la ville de Paris avant elle, l\u2019agglom\u00e9ration helv\u00e9tique a annonc\u00e9 cette semaine son ambition de renoncer aux combustibles fossiles et de privil\u00e9gier des sources d\u2019\u00e9nergie renouvelable pour son approvisionnement en \u00e9lectricit\u00e9. A compter de 2017, les Services industriels de Gen\u00e8ve (SIG) ne fourniront plus que de l\u2019\u00e9nergie verte produite essentiellement par les grands barrages hydro\u00e9lectriques suisses.<\/strong><\/p>\n<p>\u00ab Gen\u00e8ve tourne le dos aux \u00e9nergies fossiles pour son \u00e9lectricit\u00e9\u00a0\u00bb, s\u2019est r\u00e9joui mercredi Antonio Hodgers, conseiller d\u2019Etat et repr\u00e9sentant des SIG. La r\u00e9gie publique autonome profitera en effet de l\u2019\u00e9ch\u00e9ance, fin 2016, d\u2019un contrat avec une centrale \u00e0 gaz au Luxembourg pour passer au 100 % renouvelable.<\/p>\n<p>Lisez la suite de l&rsquo;article <a href=\"http:\/\/www.lenergiedavancer.com\/la-ville-de-geneve-tourne-le-dos-aux-energies-fossiles\/2016\/09\/02\/\" target=\"_blank\">ICI<\/a><br \/>\nSource:\u00a0www.lenergiedavancer.com<br \/>\nCr\u00e9dit photo: \u00a9 Yann<\/p>\n","protected":false},"excerpt":{"rendered":"<p>Comme la ville de Paris avant elle, l\u2019agglom\u00e9ration helv\u00e9tique a annonc\u00e9 cette semaine son ambition de renoncer aux combustibles fossiles [&hellip;]<\/p>\n","protected":false},"author":1,"featured_media":559,"comment_status":"open","ping_status":"open","sticky":false,"template":"","format":"standard","meta":{"jetpack_post_was_ever_published":false,"_jetpack_newsletter_access":"","_jetpack_dont_email_post_to_subs":false,"_jetpack_newsletter_tier_id":0,"_jetpack_memberships_contains_paywalled_content":false,"_jetpack_memberships_contains_paid_content":false,"footnotes":"","jetpack_publicize_message":"","jetpack_publicize_feature_enabled":true,"jetpack_social_post_already_shared":false,"jetpack_social_options":{"image_generator_settings":{"template":"highway","enabled":false},"version":2}},"categories":[1],"tags":[],"class_list":["post-557","post","type-post","status-publish","format-standard","has-post-thumbnail","hentry","category-divers"],"jetpack_publicize_connections":[],"yoast_head":"<!-- This site is optimized with the Yoast SEO plugin v23.8 - https:\/\/yoast.com\/wordpress\/plugins\/seo\/ -->\n<title>La ville de Gen\u00e8ve tourne le dos aux \u00e9nergies fossiles - Solstis<\/title>\n<meta name=\"robots\" content=\"index, follow, max-snippet:-1, max-image-preview:large, max-video-preview:-1\" \/>\n<link rel=\"canonical\" href=\"https:\/\/blog.solstis.ch\/index.php\/fr\/2016\/09\/22\/la-ville-de-geneve-tourne-le-dos-aux-energies-fossiles\/\" \/>\n<meta property=\"og:locale\" content=\"fr_FR\" \/>\n<meta property=\"og:type\" content=\"article\" \/>\n<meta property=\"og:title\" content=\"La ville de Gen\u00e8ve tourne le dos aux \u00e9nergies fossiles - Solstis\" \/>\n<meta property=\"og:description\" content=\"Comme la ville de Paris avant elle, l\u2019agglom\u00e9ration helv\u00e9tique a annonc\u00e9 cette semaine son ambition de renoncer aux combustibles fossiles [&hellip;]\" \/>\n<meta property=\"og:url\" content=\"https:\/\/blog.solstis.ch\/index.php\/fr\/2016\/09\/22\/la-ville-de-geneve-tourne-le-dos-aux-energies-fossiles\/\" \/>\n<meta property=\"og:site_name\" content=\"Solstis\" \/>\n<meta property=\"article:published_time\" content=\"2016-09-22T15:11:28+00:00\" \/>\n<meta property=\"article:modified_time\" content=\"2016-12-06T15:47:20+00:00\" \/>\n<meta property=\"og:image\" content=\"https:\/\/blog.solstis.ch\/wp-content\/uploads\/2016\/09\/article-solstis_semaine3_sept.jpg\" \/>\n\t<meta property=\"og:image:width\" content=\"800\" \/>\n\t<meta property=\"og:image:height\" content=\"571\" \/>\n\t<meta property=\"og:image:type\" content=\"image\/jpeg\" \/>\n<meta name=\"author\" content=\"admin\" \/>\n<meta name=\"twitter:card\" content=\"summary_large_image\" \/>\n<meta name=\"twitter:label1\" content=\"\u00c9crit par\" \/>\n\t<meta name=\"twitter:data1\" content=\"admin\" \/>\n\t<meta name=\"twitter:label2\" content=\"Dur\u00e9e de lecture estim\u00e9e\" \/>\n\t<meta name=\"twitter:data2\" content=\"1 minute\" \/>\n<script type=\"application\/ld+json\" class=\"yoast-schema-graph\">{\"@context\":\"https:\/\/schema.org\",\"@graph\":[{\"@type\":\"WebPage\",\"@id\":\"https:\/\/blog.solstis.ch\/index.php\/fr\/2016\/09\/22\/la-ville-de-geneve-tourne-le-dos-aux-energies-fossiles\/\",\"url\":\"https:\/\/blog.solstis.ch\/index.php\/fr\/2016\/09\/22\/la-ville-de-geneve-tourne-le-dos-aux-energies-fossiles\/\",\"name\":\"La ville de Gen\u00e8ve tourne le dos aux \u00e9nergies fossiles - Solstis\",\"isPartOf\":{\"@id\":\"https:\/\/blog.solstis.ch\/#website\"},\"primaryImageOfPage\":{\"@id\":\"https:\/\/blog.solstis.ch\/index.php\/fr\/2016\/09\/22\/la-ville-de-geneve-tourne-le-dos-aux-energies-fossiles\/#primaryimage\"},\"image\":{\"@id\":\"https:\/\/blog.solstis.ch\/index.php\/fr\/2016\/09\/22\/la-ville-de-geneve-tourne-le-dos-aux-energies-fossiles\/#primaryimage\"},\"thumbnailUrl\":\"https:\/\/blog.solstis.ch\/wp-content\/uploads\/2016\/09\/article-solstis_semaine3_sept.jpg\",\"datePublished\":\"2016-09-22T15:11:28+00:00\",\"dateModified\":\"2016-12-06T15:47:20+00:00\",\"author\":{\"@id\":\"https:\/\/blog.solstis.ch\/#\/schema\/person\/5a9f5ef0a66b3e68c712ab62eeb4a1f9\"},\"breadcrumb\":{\"@id\":\"https:\/\/blog.solstis.ch\/index.php\/fr\/2016\/09\/22\/la-ville-de-geneve-tourne-le-dos-aux-energies-fossiles\/#breadcrumb\"},\"inLanguage\":\"fr-FR\",\"potentialAction\":[{\"@type\":\"ReadAction\",\"target\":[\"https:\/\/blog.solstis.ch\/index.php\/fr\/2016\/09\/22\/la-ville-de-geneve-tourne-le-dos-aux-energies-fossiles\/\"]}]},{\"@type\":\"ImageObject\",\"inLanguage\":\"fr-FR\",\"@id\":\"https:\/\/blog.solstis.ch\/index.php\/fr\/2016\/09\/22\/la-ville-de-geneve-tourne-le-dos-aux-energies-fossiles\/#primaryimage\",\"url\":\"https:\/\/blog.solstis.ch\/wp-content\/uploads\/2016\/09\/article-solstis_semaine3_sept.jpg\",\"contentUrl\":\"https:\/\/blog.solstis.ch\/wp-content\/uploads\/2016\/09\/article-solstis_semaine3_sept.jpg\",\"width\":800,\"height\":571,\"caption\":\"\u00e9lectricit\u00e9 verte \u00e9nergies renouvelables\"},{\"@type\":\"BreadcrumbList\",\"@id\":\"https:\/\/blog.solstis.ch\/index.php\/fr\/2016\/09\/22\/la-ville-de-geneve-tourne-le-dos-aux-energies-fossiles\/#breadcrumb\",\"itemListElement\":[{\"@type\":\"ListItem\",\"position\":1,\"name\":\"Accueil\",\"item\":\"https:\/\/blog.solstis.ch\/index.php\/fr\/blog\/\"},{\"@type\":\"ListItem\",\"position\":2,\"name\":\"La ville de Gen\u00e8ve tourne le dos aux \u00e9nergies fossiles\"}]},{\"@type\":\"WebSite\",\"@id\":\"https:\/\/blog.solstis.ch\/#website\",\"url\":\"https:\/\/blog.solstis.ch\/\",\"name\":\"Solstis\",\"description\":\"Solstis, donner au monde l&#039;\u00e9nergie d&#039;\u00eatre durable.\",\"potentialAction\":[{\"@type\":\"SearchAction\",\"target\":{\"@type\":\"EntryPoint\",\"urlTemplate\":\"https:\/\/blog.solstis.ch\/?s={search_term_string}\"},\"query-input\":{\"@type\":\"PropertyValueSpecification\",\"valueRequired\":true,\"valueName\":\"search_term_string\"}}],\"inLanguage\":\"fr-FR\"},{\"@type\":\"Person\",\"@id\":\"https:\/\/blog.solstis.ch\/#\/schema\/person\/5a9f5ef0a66b3e68c712ab62eeb4a1f9\",\"name\":\"admin\",\"image\":{\"@type\":\"ImageObject\",\"inLanguage\":\"fr-FR\",\"@id\":\"https:\/\/blog.solstis.ch\/#\/schema\/person\/image\/\",\"url\":\"https:\/\/secure.gravatar.com\/avatar\/8ba8fd08281e45cafc408887276f0396?s=96&d=mm&r=g\",\"contentUrl\":\"https:\/\/secure.gravatar.com\/avatar\/8ba8fd08281e45cafc408887276f0396?s=96&d=mm&r=g\",\"caption\":\"admin\"},\"url\":\"https:\/\/blog.solstis.ch\/index.php\/author\/admin\/\"}]}<\/script>\n<!-- \/ Yoast SEO plugin. -->","yoast_head_json":{"title":"La ville de Gen\u00e8ve tourne le dos aux \u00e9nergies fossiles - Solstis","robots":{"index":"index","follow":"follow","max-snippet":"max-snippet:-1","max-image-preview":"max-image-preview:large","max-video-preview":"max-video-preview:-1"},"canonical":"https:\/\/blog.solstis.ch\/index.php\/fr\/2016\/09\/22\/la-ville-de-geneve-tourne-le-dos-aux-energies-fossiles\/","og_locale":"fr_FR","og_type":"article","og_title":"La ville de Gen\u00e8ve tourne le dos aux \u00e9nergies fossiles - Solstis","og_description":"Comme la ville de Paris avant elle, l\u2019agglom\u00e9ration helv\u00e9tique a annonc\u00e9 cette semaine son ambition de renoncer aux combustibles fossiles [&hellip;]","og_url":"https:\/\/blog.solstis.ch\/index.php\/fr\/2016\/09\/22\/la-ville-de-geneve-tourne-le-dos-aux-energies-fossiles\/","og_site_name":"Solstis","article_published_time":"2016-09-22T15:11:28+00:00","article_modified_time":"2016-12-06T15:47:20+00:00","og_image":[{"width":800,"height":571,"url":"https:\/\/blog.solstis.ch\/wp-content\/uploads\/2016\/09\/article-solstis_semaine3_sept.jpg","type":"image\/jpeg"}],"author":"admin","twitter_card":"summary_large_image","twitter_misc":{"\u00c9crit par":"admin","Dur\u00e9e de lecture estim\u00e9e":"1 minute"},"schema":{"@context":"https:\/\/schema.org","@graph":[{"@type":"WebPage","@id":"https:\/\/blog.solstis.ch\/index.php\/fr\/2016\/09\/22\/la-ville-de-geneve-tourne-le-dos-aux-energies-fossiles\/","url":"https:\/\/blog.solstis.ch\/index.php\/fr\/2016\/09\/22\/la-ville-de-geneve-tourne-le-dos-aux-energies-fossiles\/","name":"La ville de Gen\u00e8ve tourne le dos aux \u00e9nergies fossiles - Solstis","isPartOf":{"@id":"https:\/\/blog.solstis.ch\/#website"},"primaryImageOfPage":{"@id":"https:\/\/blog.solstis.ch\/index.php\/fr\/2016\/09\/22\/la-ville-de-geneve-tourne-le-dos-aux-energies-fossiles\/#primaryimage"},"image":{"@id":"https:\/\/blog.solstis.ch\/index.php\/fr\/2016\/09\/22\/la-ville-de-geneve-tourne-le-dos-aux-energies-fossiles\/#primaryimage"},"thumbnailUrl":"https:\/\/blog.solstis.ch\/wp-content\/uploads\/2016\/09\/article-solstis_semaine3_sept.jpg","datePublished":"2016-09-22T15:11:28+00:00","dateModified":"2016-12-06T15:47:20+00:00","author":{"@id":"https:\/\/blog.solstis.ch\/#\/schema\/person\/5a9f5ef0a66b3e68c712ab62eeb4a1f9"},"breadcrumb":{"@id":"https:\/\/blog.solstis.ch\/index.php\/fr\/2016\/09\/22\/la-ville-de-geneve-tourne-le-dos-aux-energies-fossiles\/#breadcrumb"},"inLanguage":"fr-FR","potentialAction":[{"@type":"ReadAction","target":["https:\/\/blog.solstis.ch\/index.php\/fr\/2016\/09\/22\/la-ville-de-geneve-tourne-le-dos-aux-energies-fossiles\/"]}]},{"@type":"ImageObject","inLanguage":"fr-FR","@id":"https:\/\/blog.solstis.ch\/index.php\/fr\/2016\/09\/22\/la-ville-de-geneve-tourne-le-dos-aux-energies-fossiles\/#primaryimage","url":"https:\/\/blog.solstis.ch\/wp-content\/uploads\/2016\/09\/article-solstis_semaine3_sept.jpg","contentUrl":"https:\/\/blog.solstis.ch\/wp-content\/uploads\/2016\/09\/article-solstis_semaine3_sept.jpg","width":800,"height":571,"caption":"\u00e9lectricit\u00e9 verte \u00e9nergies renouvelables"},{"@type":"BreadcrumbList","@id":"https:\/\/blog.solstis.ch\/index.php\/fr\/2016\/09\/22\/la-ville-de-geneve-tourne-le-dos-aux-energies-fossiles\/#breadcrumb","itemListElement":[{"@type":"ListItem","position":1,"name":"Accueil","item":"https:\/\/blog.solstis.ch\/index.php\/fr\/blog\/"},{"@type":"ListItem","position":2,"name":"La ville de Gen\u00e8ve tourne le dos aux \u00e9nergies fossiles"}]},{"@type":"WebSite","@id":"https:\/\/blog.solstis.ch\/#website","url":"https:\/\/blog.solstis.ch\/","name":"Solstis","description":"Solstis, donner au monde l&#039;\u00e9nergie d&#039;\u00eatre durable.","potentialAction":[{"@type":"SearchAction","target":{"@type":"EntryPoint","urlTemplate":"https:\/\/blog.solstis.ch\/?s={search_term_string}"},"query-input":{"@type":"PropertyValueSpecification","valueRequired":true,"valueName":"search_term_string"}}],"inLanguage":"fr-FR"},{"@type":"Person","@id":"https:\/\/blog.solstis.ch\/#\/schema\/person\/5a9f5ef0a66b3e68c712ab62eeb4a1f9","name":"admin","image":{"@type":"ImageObject","inLanguage":"fr-FR","@id":"https:\/\/blog.solstis.ch\/#\/schema\/person\/image\/","url":"https:\/\/secure.gravatar.com\/avatar\/8ba8fd08281e45cafc408887276f0396?s=96&d=mm&r=g","contentUrl":"https:\/\/secure.gravatar.com\/avatar\/8ba8fd08281e45cafc408887276f0396?s=96&d=mm&r=g","caption":"admin"},"url":"https:\/\/blog.solstis.ch\/index.php\/author\/admin\/"}]}},"jetpack_sharing_enabled":true,"jetpack_featured_media_url":"https:\/\/blog.solstis.ch\/wp-content\/uploads\/2016\/09\/article-solstis_semaine3_sept.jpg","jetpack_shortlink":"https:\/\/wp.me\/pa0tUs-8Z","_links":{"self":[{"href":"https:\/\/blog.solstis.ch\/index.php\/wp-json\/wp\/v2\/posts\/557","targetHints":{"allow":["GET"]}}],"collection":[{"href":"https:\/\/blog.solstis.ch\/index.php\/wp-json\/wp\/v2\/posts"}],"about":[{"href":"https:\/\/blog.solstis.ch\/index.php\/wp-json\/wp\/v2\/types\/post"}],"author":[{"embeddable":true,"href":"https:\/\/blog.solstis.ch\/index.php\/wp-json\/wp\/v2\/users\/1"}],"replies":[{"embeddable":true,"href":"https:\/\/blog.solstis.ch\/index.php\/wp-json\/wp\/v2\/comments?post=557"}],"version-history":[{"count":2,"href":"https:\/\/blog.solstis.ch\/index.php\/wp-json\/wp\/v2\/posts\/557\/revisions"}],"predecessor-version":[{"id":560,"href":"https:\/\/blog.solstis.ch\/index.php\/wp-json\/wp\/v2\/posts\/557\/revisions\/560"}],"wp:featuredmedia":[{"embeddable":true,"href":"https:\/\/blog.solstis.ch\/index.php\/wp-json\/wp\/v2\/media\/559"}],"wp:attachment":[{"href":"https:\/\/blog.solstis.ch\/index.php\/wp-json\/wp\/v2\/media?parent=557"}],"wp:term":[{"taxonomy":"category","embeddable":true,"href":"https:\/\/blog.solstis.ch\/index.php\/wp-json\/wp\/v2\/categories?post=557"},{"taxonomy":"post_tag","embeddable":true,"href":"https:\/\/blog.solstis.ch\/index.php\/wp-json\/wp\/v2\/tags?post=557"}],"curies":[{"name":"wp","href":"https:\/\/api.w.org\/{rel}","templated":true}]}}