{"id":552,"date":"2016-09-15T17:54:26","date_gmt":"2016-09-15T16:54:26","guid":{"rendered":"http:\/\/blog.solstis.ch\/?p=552"},"modified":"2016-12-06T16:47:37","modified_gmt":"2016-12-06T15:47:37","slug":"en-allemagne-ces-deux-immeubles-vont-produire-leur-energie-et-depolluer-lair","status":"publish","type":"post","link":"https:\/\/blog.solstis.ch\/index.php\/fr\/2016\/09\/15\/en-allemagne-ces-deux-immeubles-vont-produire-leur-energie-et-depolluer-lair\/","title":{"rendered":"En Allemagne, ces deux immeubles vont produire leur \u00e9nergie et d\u00e9polluer l&rsquo;air"},"content":{"rendered":"<p><strong>\u00c0 Heidelberg, en Allemagne, le quartier \u00ab\u00a0le plus propre du monde\u00a0\u00bb verra sortir de terre ses deux derniers b\u00e2timents en 2017. Panneaux solaires, peinture anti-pollution, v\u00e9g\u00e9talisation et mixit\u00e9 sociale sont les ingr\u00e9dients de ce complexe immobilier in\u00e9dit.<\/strong><\/p>\n<p>Deux fois le Vatican. C\u2019est la surface de l&rsquo;immense \u00e9coquartier dont la construction est en passe d&rsquo;\u00eatre achev\u00e9e \u00e0 Heidelberg, en Allemagne.<\/p>\n<p>Si 80 % de ses habitations sont d\u00e9j\u00e0 sorties de terre, son complexe le plus novateur est encore en cours de construction. Il doit voir le jour au printemps. Baptis\u00e9 Heidelberg Village, cet \u00eelot compos\u00e9 de deux immeubles, est d\u00e9crit comme \u00ab\u00a0le plus grand complexe passif au monde\u00a0\u00bb.<\/p>\n<p>En savoir plus sur ce complexe immobilier novateur\u00a0<a href=\"http:\/\/www.wedemain.fr\/En-Allemagne-ces-deux-immeubles-vont-produire-leur-energie-et-depolluer-l-air_a2108.html\" target=\"_blank\">ICI<\/a><br \/>\nSource:\u00a0www.wedemain.fr<br \/>\nCr\u00e9dit photo:\u00a0Frey Architekten<\/p>\n","protected":false},"excerpt":{"rendered":"<p>\u00c0 Heidelberg, en Allemagne, le quartier \u00ab\u00a0le plus propre du monde\u00a0\u00bb verra sortir de terre ses deux derniers b\u00e2timents en [&hellip;]<\/p>\n","protected":false},"author":1,"featured_media":554,"comment_status":"open","ping_status":"open","sticky":false,"template":"","format":"standard","meta":{"jetpack_post_was_ever_published":false,"_jetpack_newsletter_access":"","_jetpack_dont_email_post_to_subs":false,"_jetpack_newsletter_tier_id":0,"_jetpack_memberships_contains_paywalled_content":false,"_jetpack_memberships_contains_paid_content":false,"footnotes":"","jetpack_publicize_message":"","jetpack_publicize_feature_enabled":true,"jetpack_social_post_already_shared":false,"jetpack_social_options":{"image_generator_settings":{"template":"highway","enabled":false},"version":2}},"categories":[1],"tags":[],"class_list":["post-552","post","type-post","status-publish","format-standard","has-post-thumbnail","hentry","category-divers"],"jetpack_publicize_connections":[],"yoast_head":"<!-- This site is optimized with the Yoast SEO plugin v23.8 - https:\/\/yoast.com\/wordpress\/plugins\/seo\/ -->\n<title>En Allemagne, ces deux immeubles vont produire leur \u00e9nergie et d\u00e9polluer l&#039;air - Solstis<\/title>\n<meta name=\"robots\" content=\"index, follow, max-snippet:-1, max-image-preview:large, max-video-preview:-1\" \/>\n<link rel=\"canonical\" href=\"https:\/\/blog.solstis.ch\/index.php\/fr\/2016\/09\/15\/en-allemagne-ces-deux-immeubles-vont-produire-leur-energie-et-depolluer-lair\/\" \/>\n<meta property=\"og:locale\" content=\"fr_FR\" \/>\n<meta property=\"og:type\" content=\"article\" \/>\n<meta property=\"og:title\" content=\"En Allemagne, ces deux immeubles vont produire leur \u00e9nergie et d\u00e9polluer l&#039;air - Solstis\" \/>\n<meta property=\"og:description\" content=\"\u00c0 Heidelberg, en Allemagne, le quartier \u00ab\u00a0le plus propre du monde\u00a0\u00bb verra sortir de terre ses deux derniers b\u00e2timents en [&hellip;]\" \/>\n<meta property=\"og:url\" content=\"https:\/\/blog.solstis.ch\/index.php\/fr\/2016\/09\/15\/en-allemagne-ces-deux-immeubles-vont-produire-leur-energie-et-depolluer-lair\/\" \/>\n<meta property=\"og:site_name\" content=\"Solstis\" \/>\n<meta property=\"article:published_time\" content=\"2016-09-15T16:54:26+00:00\" \/>\n<meta property=\"article:modified_time\" content=\"2016-12-06T15:47:37+00:00\" \/>\n<meta property=\"og:image\" content=\"https:\/\/blog.solstis.ch\/wp-content\/uploads\/2016\/09\/Solstis_article-veille-2.jpg\" \/>\n\t<meta property=\"og:image:width\" content=\"598\" \/>\n\t<meta property=\"og:image:height\" content=\"337\" \/>\n\t<meta property=\"og:image:type\" content=\"image\/jpeg\" \/>\n<meta name=\"author\" content=\"admin\" \/>\n<meta name=\"twitter:card\" content=\"summary_large_image\" \/>\n<meta name=\"twitter:label1\" content=\"\u00c9crit par\" \/>\n\t<meta name=\"twitter:data1\" content=\"admin\" \/>\n\t<meta name=\"twitter:label2\" content=\"Dur\u00e9e de lecture estim\u00e9e\" \/>\n\t<meta name=\"twitter:data2\" content=\"1 minute\" \/>\n<script type=\"application\/ld+json\" class=\"yoast-schema-graph\">{\"@context\":\"https:\/\/schema.org\",\"@graph\":[{\"@type\":\"WebPage\",\"@id\":\"https:\/\/blog.solstis.ch\/index.php\/fr\/2016\/09\/15\/en-allemagne-ces-deux-immeubles-vont-produire-leur-energie-et-depolluer-lair\/\",\"url\":\"https:\/\/blog.solstis.ch\/index.php\/fr\/2016\/09\/15\/en-allemagne-ces-deux-immeubles-vont-produire-leur-energie-et-depolluer-lair\/\",\"name\":\"En Allemagne, ces deux immeubles vont produire leur \u00e9nergie et d\u00e9polluer l'air - Solstis\",\"isPartOf\":{\"@id\":\"https:\/\/blog.solstis.ch\/#website\"},\"primaryImageOfPage\":{\"@id\":\"https:\/\/blog.solstis.ch\/index.php\/fr\/2016\/09\/15\/en-allemagne-ces-deux-immeubles-vont-produire-leur-energie-et-depolluer-lair\/#primaryimage\"},\"image\":{\"@id\":\"https:\/\/blog.solstis.ch\/index.php\/fr\/2016\/09\/15\/en-allemagne-ces-deux-immeubles-vont-produire-leur-energie-et-depolluer-lair\/#primaryimage\"},\"thumbnailUrl\":\"https:\/\/blog.solstis.ch\/wp-content\/uploads\/2016\/09\/Solstis_article-veille-2.jpg\",\"datePublished\":\"2016-09-15T16:54:26+00:00\",\"dateModified\":\"2016-12-06T15:47:37+00:00\",\"author\":{\"@id\":\"https:\/\/blog.solstis.ch\/#\/schema\/person\/5a9f5ef0a66b3e68c712ab62eeb4a1f9\"},\"breadcrumb\":{\"@id\":\"https:\/\/blog.solstis.ch\/index.php\/fr\/2016\/09\/15\/en-allemagne-ces-deux-immeubles-vont-produire-leur-energie-et-depolluer-lair\/#breadcrumb\"},\"inLanguage\":\"fr-FR\",\"potentialAction\":[{\"@type\":\"ReadAction\",\"target\":[\"https:\/\/blog.solstis.ch\/index.php\/fr\/2016\/09\/15\/en-allemagne-ces-deux-immeubles-vont-produire-leur-energie-et-depolluer-lair\/\"]}]},{\"@type\":\"ImageObject\",\"inLanguage\":\"fr-FR\",\"@id\":\"https:\/\/blog.solstis.ch\/index.php\/fr\/2016\/09\/15\/en-allemagne-ces-deux-immeubles-vont-produire-leur-energie-et-depolluer-lair\/#primaryimage\",\"url\":\"https:\/\/blog.solstis.ch\/wp-content\/uploads\/2016\/09\/Solstis_article-veille-2.jpg\",\"contentUrl\":\"https:\/\/blog.solstis.ch\/wp-content\/uploads\/2016\/09\/Solstis_article-veille-2.jpg\",\"width\":598,\"height\":337,\"caption\":\"immeuble \u00e9coquartier Allemagne Heidelberg\"},{\"@type\":\"BreadcrumbList\",\"@id\":\"https:\/\/blog.solstis.ch\/index.php\/fr\/2016\/09\/15\/en-allemagne-ces-deux-immeubles-vont-produire-leur-energie-et-depolluer-lair\/#breadcrumb\",\"itemListElement\":[{\"@type\":\"ListItem\",\"position\":1,\"name\":\"Accueil\",\"item\":\"https:\/\/blog.solstis.ch\/index.php\/fr\/blog\/\"},{\"@type\":\"ListItem\",\"position\":2,\"name\":\"En Allemagne, ces deux immeubles vont produire leur \u00e9nergie et d\u00e9polluer l&rsquo;air\"}]},{\"@type\":\"WebSite\",\"@id\":\"https:\/\/blog.solstis.ch\/#website\",\"url\":\"https:\/\/blog.solstis.ch\/\",\"name\":\"Solstis\",\"description\":\"Solstis, donner au monde l&#039;\u00e9nergie d&#039;\u00eatre durable.\",\"potentialAction\":[{\"@type\":\"SearchAction\",\"target\":{\"@type\":\"EntryPoint\",\"urlTemplate\":\"https:\/\/blog.solstis.ch\/?s={search_term_string}\"},\"query-input\":{\"@type\":\"PropertyValueSpecification\",\"valueRequired\":true,\"valueName\":\"search_term_string\"}}],\"inLanguage\":\"fr-FR\"},{\"@type\":\"Person\",\"@id\":\"https:\/\/blog.solstis.ch\/#\/schema\/person\/5a9f5ef0a66b3e68c712ab62eeb4a1f9\",\"name\":\"admin\",\"image\":{\"@type\":\"ImageObject\",\"inLanguage\":\"fr-FR\",\"@id\":\"https:\/\/blog.solstis.ch\/#\/schema\/person\/image\/\",\"url\":\"https:\/\/secure.gravatar.com\/avatar\/8ba8fd08281e45cafc408887276f0396?s=96&d=mm&r=g\",\"contentUrl\":\"https:\/\/secure.gravatar.com\/avatar\/8ba8fd08281e45cafc408887276f0396?s=96&d=mm&r=g\",\"caption\":\"admin\"},\"url\":\"https:\/\/blog.solstis.ch\/index.php\/author\/admin\/\"}]}<\/script>\n<!-- \/ Yoast SEO plugin. -->","yoast_head_json":{"title":"En Allemagne, ces deux immeubles vont produire leur \u00e9nergie et d\u00e9polluer l'air - Solstis","robots":{"index":"index","follow":"follow","max-snippet":"max-snippet:-1","max-image-preview":"max-image-preview:large","max-video-preview":"max-video-preview:-1"},"canonical":"https:\/\/blog.solstis.ch\/index.php\/fr\/2016\/09\/15\/en-allemagne-ces-deux-immeubles-vont-produire-leur-energie-et-depolluer-lair\/","og_locale":"fr_FR","og_type":"article","og_title":"En Allemagne, ces deux immeubles vont produire leur \u00e9nergie et d\u00e9polluer l'air - Solstis","og_description":"\u00c0 Heidelberg, en Allemagne, le quartier \u00ab\u00a0le plus propre du monde\u00a0\u00bb verra sortir de terre ses deux derniers b\u00e2timents en [&hellip;]","og_url":"https:\/\/blog.solstis.ch\/index.php\/fr\/2016\/09\/15\/en-allemagne-ces-deux-immeubles-vont-produire-leur-energie-et-depolluer-lair\/","og_site_name":"Solstis","article_published_time":"2016-09-15T16:54:26+00:00","article_modified_time":"2016-12-06T15:47:37+00:00","og_image":[{"width":598,"height":337,"url":"https:\/\/blog.solstis.ch\/wp-content\/uploads\/2016\/09\/Solstis_article-veille-2.jpg","type":"image\/jpeg"}],"author":"admin","twitter_card":"summary_large_image","twitter_misc":{"\u00c9crit par":"admin","Dur\u00e9e de lecture estim\u00e9e":"1 minute"},"schema":{"@context":"https:\/\/schema.org","@graph":[{"@type":"WebPage","@id":"https:\/\/blog.solstis.ch\/index.php\/fr\/2016\/09\/15\/en-allemagne-ces-deux-immeubles-vont-produire-leur-energie-et-depolluer-lair\/","url":"https:\/\/blog.solstis.ch\/index.php\/fr\/2016\/09\/15\/en-allemagne-ces-deux-immeubles-vont-produire-leur-energie-et-depolluer-lair\/","name":"En Allemagne, ces deux immeubles vont produire leur \u00e9nergie et d\u00e9polluer l'air - Solstis","isPartOf":{"@id":"https:\/\/blog.solstis.ch\/#website"},"primaryImageOfPage":{"@id":"https:\/\/blog.solstis.ch\/index.php\/fr\/2016\/09\/15\/en-allemagne-ces-deux-immeubles-vont-produire-leur-energie-et-depolluer-lair\/#primaryimage"},"image":{"@id":"https:\/\/blog.solstis.ch\/index.php\/fr\/2016\/09\/15\/en-allemagne-ces-deux-immeubles-vont-produire-leur-energie-et-depolluer-lair\/#primaryimage"},"thumbnailUrl":"https:\/\/blog.solstis.ch\/wp-content\/uploads\/2016\/09\/Solstis_article-veille-2.jpg","datePublished":"2016-09-15T16:54:26+00:00","dateModified":"2016-12-06T15:47:37+00:00","author":{"@id":"https:\/\/blog.solstis.ch\/#\/schema\/person\/5a9f5ef0a66b3e68c712ab62eeb4a1f9"},"breadcrumb":{"@id":"https:\/\/blog.solstis.ch\/index.php\/fr\/2016\/09\/15\/en-allemagne-ces-deux-immeubles-vont-produire-leur-energie-et-depolluer-lair\/#breadcrumb"},"inLanguage":"fr-FR","potentialAction":[{"@type":"ReadAction","target":["https:\/\/blog.solstis.ch\/index.php\/fr\/2016\/09\/15\/en-allemagne-ces-deux-immeubles-vont-produire-leur-energie-et-depolluer-lair\/"]}]},{"@type":"ImageObject","inLanguage":"fr-FR","@id":"https:\/\/blog.solstis.ch\/index.php\/fr\/2016\/09\/15\/en-allemagne-ces-deux-immeubles-vont-produire-leur-energie-et-depolluer-lair\/#primaryimage","url":"https:\/\/blog.solstis.ch\/wp-content\/uploads\/2016\/09\/Solstis_article-veille-2.jpg","contentUrl":"https:\/\/blog.solstis.ch\/wp-content\/uploads\/2016\/09\/Solstis_article-veille-2.jpg","width":598,"height":337,"caption":"immeuble \u00e9coquartier Allemagne Heidelberg"},{"@type":"BreadcrumbList","@id":"https:\/\/blog.solstis.ch\/index.php\/fr\/2016\/09\/15\/en-allemagne-ces-deux-immeubles-vont-produire-leur-energie-et-depolluer-lair\/#breadcrumb","itemListElement":[{"@type":"ListItem","position":1,"name":"Accueil","item":"https:\/\/blog.solstis.ch\/index.php\/fr\/blog\/"},{"@type":"ListItem","position":2,"name":"En Allemagne, ces deux immeubles vont produire leur \u00e9nergie et d\u00e9polluer l&rsquo;air"}]},{"@type":"WebSite","@id":"https:\/\/blog.solstis.ch\/#website","url":"https:\/\/blog.solstis.ch\/","name":"Solstis","description":"Solstis, donner au monde l&#039;\u00e9nergie d&#039;\u00eatre durable.","potentialAction":[{"@type":"SearchAction","target":{"@type":"EntryPoint","urlTemplate":"https:\/\/blog.solstis.ch\/?s={search_term_string}"},"query-input":{"@type":"PropertyValueSpecification","valueRequired":true,"valueName":"search_term_string"}}],"inLanguage":"fr-FR"},{"@type":"Person","@id":"https:\/\/blog.solstis.ch\/#\/schema\/person\/5a9f5ef0a66b3e68c712ab62eeb4a1f9","name":"admin","image":{"@type":"ImageObject","inLanguage":"fr-FR","@id":"https:\/\/blog.solstis.ch\/#\/schema\/person\/image\/","url":"https:\/\/secure.gravatar.com\/avatar\/8ba8fd08281e45cafc408887276f0396?s=96&d=mm&r=g","contentUrl":"https:\/\/secure.gravatar.com\/avatar\/8ba8fd08281e45cafc408887276f0396?s=96&d=mm&r=g","caption":"admin"},"url":"https:\/\/blog.solstis.ch\/index.php\/author\/admin\/"}]}},"jetpack_sharing_enabled":true,"jetpack_featured_media_url":"https:\/\/blog.solstis.ch\/wp-content\/uploads\/2016\/09\/Solstis_article-veille-2.jpg","jetpack_shortlink":"https:\/\/wp.me\/pa0tUs-8U","_links":{"self":[{"href":"https:\/\/blog.solstis.ch\/index.php\/wp-json\/wp\/v2\/posts\/552","targetHints":{"allow":["GET"]}}],"collection":[{"href":"https:\/\/blog.solstis.ch\/index.php\/wp-json\/wp\/v2\/posts"}],"about":[{"href":"https:\/\/blog.solstis.ch\/index.php\/wp-json\/wp\/v2\/types\/post"}],"author":[{"embeddable":true,"href":"https:\/\/blog.solstis.ch\/index.php\/wp-json\/wp\/v2\/users\/1"}],"replies":[{"embeddable":true,"href":"https:\/\/blog.solstis.ch\/index.php\/wp-json\/wp\/v2\/comments?post=552"}],"version-history":[{"count":3,"href":"https:\/\/blog.solstis.ch\/index.php\/wp-json\/wp\/v2\/posts\/552\/revisions"}],"predecessor-version":[{"id":556,"href":"https:\/\/blog.solstis.ch\/index.php\/wp-json\/wp\/v2\/posts\/552\/revisions\/556"}],"wp:featuredmedia":[{"embeddable":true,"href":"https:\/\/blog.solstis.ch\/index.php\/wp-json\/wp\/v2\/media\/554"}],"wp:attachment":[{"href":"https:\/\/blog.solstis.ch\/index.php\/wp-json\/wp\/v2\/media?parent=552"}],"wp:term":[{"taxonomy":"category","embeddable":true,"href":"https:\/\/blog.solstis.ch\/index.php\/wp-json\/wp\/v2\/categories?post=552"},{"taxonomy":"post_tag","embeddable":true,"href":"https:\/\/blog.solstis.ch\/index.php\/wp-json\/wp\/v2\/tags?post=552"}],"curies":[{"name":"wp","href":"https:\/\/api.w.org\/{rel}","templated":true}]}}