{"id":544,"date":"2016-09-09T16:06:39","date_gmt":"2016-09-09T15:06:39","guid":{"rendered":"http:\/\/blog.solstis.ch\/?p=544"},"modified":"2017-07-04T22:50:14","modified_gmt":"2017-07-04T21:50:14","slug":"eolien-et-solaire-photovoltaique-la-prochaine-generation","status":"publish","type":"post","link":"https:\/\/blog.solstis.ch\/index.php\/fr\/2016\/09\/09\/eolien-et-solaire-photovoltaique-la-prochaine-generation\/","title":{"rendered":"\u00c9olien et solaire photovolta\u00efque : la \u00ab prochaine g\u00e9n\u00e9ration \u00bb"},"content":{"rendered":"<p><strong>L\u2019\u00e9olien et le solaire photovolta\u00efque sont les fili\u00e8res \u00e9lectriques qui se d\u00e9veloppent actuellement au rythme le plus \u00e9lev\u00e9 dans le monde.\u00a0Entre 2008 et 2015, les co\u00fbts moyens de l\u2019\u00e9olien terrestre et du photovolta\u00efque ont respectivement baiss\u00e9 d\u2019environ 35% et de presque 80%. Ces technologies devenues matures et comp\u00e9titives dans certaines r\u00e9gions du monde sont entr\u00e9es dans une nouvelle phase de d\u00e9veloppement selon l\u2019Agence internationale de l\u2019\u00e9nergie (AIE). La part croissante de ces \u00e9nergies dans les mix \u00e9lectriques pose toutefois de nouveaux d\u00e9fis.<\/strong><\/p>\n<p>Dans cette \u00e9tude en anglais publi\u00e9e cet \u00e9t\u00e9 <a href=\"http:\/\/www.iea.org\/publications\/freepublications\/publication\/NextGenerationWindandSolarPower.pdf\" target=\"_blank\">(1)<\/a>, l\u2019AIE \u00e9tudie les conditions et les cons\u00e9quences d\u2019un d\u00e9veloppement \u00e0 plus grande \u00e9chelle de l\u2019\u00e9olien et du solaire photovolta\u00efque dans nos syst\u00e8mes \u00e9lectriques.\u00a0Une int\u00e9gration efficace de ces \u00e9nergies renouvelables intermittentes (VRE pour \u00ab variable renewable energy \u00bb en anglais) dans les r\u00e9seaux d\u00e9pend en grande partie de la flexibilit\u00e9 du syst\u00e8me \u00e9lectrique, c\u2019est \u00e0 dire de sa facult\u00e9 \u00e0 r\u00e9pondre \u00e0 des fortes variations de production et de consommation (attendues ou non).<\/p>\n<p>D\u00e9couvrez la suite de cet article <a href=\"http:\/\/www.connaissancedesenergies.org\/eolien-et-solaire-photovoltaique-la-nouvelle-generation-160819\" target=\"_blank\">ICI<\/a><br \/>\nSource:\u00a0www.connaissancedesenergies.org<br \/>\nCr\u00e9dit photo:\u00a0Pixabay<\/p>\n","protected":false},"excerpt":{"rendered":"<p>L\u2019\u00e9olien et le solaire photovolta\u00efque sont les fili\u00e8res \u00e9lectriques qui se d\u00e9veloppent actuellement au rythme le plus \u00e9lev\u00e9 dans le [&hellip;]<\/p>\n","protected":false},"author":1,"featured_media":829,"comment_status":"open","ping_status":"open","sticky":false,"template":"","format":"standard","meta":{"jetpack_post_was_ever_published":false,"_jetpack_newsletter_access":"","_jetpack_dont_email_post_to_subs":false,"_jetpack_newsletter_tier_id":0,"_jetpack_memberships_contains_paywalled_content":false,"_jetpack_memberships_contains_paid_content":false,"footnotes":"","jetpack_publicize_message":"","jetpack_publicize_feature_enabled":true,"jetpack_social_post_already_shared":false,"jetpack_social_options":{"image_generator_settings":{"template":"highway","enabled":false},"version":2}},"categories":[33],"tags":[],"class_list":["post-544","post","type-post","status-publish","format-standard","has-post-thumbnail","hentry","category-energie"],"jetpack_publicize_connections":[],"yoast_head":"<!-- This site is optimized with the Yoast SEO plugin v23.8 - https:\/\/yoast.com\/wordpress\/plugins\/seo\/ -->\n<title>\u00c9olien et solaire photovolta\u00efque : la \u00ab prochaine g\u00e9n\u00e9ration \u00bb - Solstis<\/title>\n<meta name=\"robots\" content=\"index, follow, max-snippet:-1, max-image-preview:large, max-video-preview:-1\" \/>\n<link rel=\"canonical\" href=\"https:\/\/blog.solstis.ch\/index.php\/fr\/2016\/09\/09\/eolien-et-solaire-photovoltaique-la-prochaine-generation\/\" \/>\n<meta property=\"og:locale\" content=\"fr_FR\" \/>\n<meta property=\"og:type\" content=\"article\" \/>\n<meta property=\"og:title\" content=\"\u00c9olien et solaire photovolta\u00efque : la \u00ab prochaine g\u00e9n\u00e9ration \u00bb - Solstis\" \/>\n<meta property=\"og:description\" content=\"L\u2019\u00e9olien et le solaire photovolta\u00efque sont les fili\u00e8res \u00e9lectriques qui se d\u00e9veloppent actuellement au rythme le plus \u00e9lev\u00e9 dans le [&hellip;]\" \/>\n<meta property=\"og:url\" content=\"https:\/\/blog.solstis.ch\/index.php\/fr\/2016\/09\/09\/eolien-et-solaire-photovoltaique-la-prochaine-generation\/\" \/>\n<meta property=\"og:site_name\" content=\"Solstis\" \/>\n<meta property=\"article:published_time\" content=\"2016-09-09T15:06:39+00:00\" \/>\n<meta property=\"article:modified_time\" content=\"2017-07-04T21:50:14+00:00\" \/>\n<meta property=\"og:image\" content=\"https:\/\/blog.solstis.ch\/wp-content\/uploads\/2016\/09\/eolic-1632439_1280.jpg\" \/>\n\t<meta property=\"og:image:width\" content=\"1280\" \/>\n\t<meta property=\"og:image:height\" content=\"851\" \/>\n\t<meta property=\"og:image:type\" content=\"image\/jpeg\" \/>\n<meta name=\"author\" content=\"admin\" \/>\n<meta name=\"twitter:card\" content=\"summary_large_image\" \/>\n<meta name=\"twitter:label1\" content=\"\u00c9crit par\" \/>\n\t<meta name=\"twitter:data1\" content=\"admin\" \/>\n\t<meta name=\"twitter:label2\" content=\"Dur\u00e9e de lecture estim\u00e9e\" \/>\n\t<meta name=\"twitter:data2\" content=\"1 minute\" \/>\n<script type=\"application\/ld+json\" class=\"yoast-schema-graph\">{\"@context\":\"https:\/\/schema.org\",\"@graph\":[{\"@type\":\"WebPage\",\"@id\":\"https:\/\/blog.solstis.ch\/index.php\/fr\/2016\/09\/09\/eolien-et-solaire-photovoltaique-la-prochaine-generation\/\",\"url\":\"https:\/\/blog.solstis.ch\/index.php\/fr\/2016\/09\/09\/eolien-et-solaire-photovoltaique-la-prochaine-generation\/\",\"name\":\"\u00c9olien et solaire photovolta\u00efque : la \u00ab prochaine g\u00e9n\u00e9ration \u00bb - Solstis\",\"isPartOf\":{\"@id\":\"https:\/\/blog.solstis.ch\/#website\"},\"primaryImageOfPage\":{\"@id\":\"https:\/\/blog.solstis.ch\/index.php\/fr\/2016\/09\/09\/eolien-et-solaire-photovoltaique-la-prochaine-generation\/#primaryimage\"},\"image\":{\"@id\":\"https:\/\/blog.solstis.ch\/index.php\/fr\/2016\/09\/09\/eolien-et-solaire-photovoltaique-la-prochaine-generation\/#primaryimage\"},\"thumbnailUrl\":\"https:\/\/blog.solstis.ch\/wp-content\/uploads\/2016\/09\/eolic-1632439_1280.jpg\",\"datePublished\":\"2016-09-09T15:06:39+00:00\",\"dateModified\":\"2017-07-04T21:50:14+00:00\",\"author\":{\"@id\":\"https:\/\/blog.solstis.ch\/#\/schema\/person\/5a9f5ef0a66b3e68c712ab62eeb4a1f9\"},\"breadcrumb\":{\"@id\":\"https:\/\/blog.solstis.ch\/index.php\/fr\/2016\/09\/09\/eolien-et-solaire-photovoltaique-la-prochaine-generation\/#breadcrumb\"},\"inLanguage\":\"fr-FR\",\"potentialAction\":[{\"@type\":\"ReadAction\",\"target\":[\"https:\/\/blog.solstis.ch\/index.php\/fr\/2016\/09\/09\/eolien-et-solaire-photovoltaique-la-prochaine-generation\/\"]}]},{\"@type\":\"ImageObject\",\"inLanguage\":\"fr-FR\",\"@id\":\"https:\/\/blog.solstis.ch\/index.php\/fr\/2016\/09\/09\/eolien-et-solaire-photovoltaique-la-prochaine-generation\/#primaryimage\",\"url\":\"https:\/\/blog.solstis.ch\/wp-content\/uploads\/2016\/09\/eolic-1632439_1280.jpg\",\"contentUrl\":\"https:\/\/blog.solstis.ch\/wp-content\/uploads\/2016\/09\/eolic-1632439_1280.jpg\",\"width\":1280,\"height\":851},{\"@type\":\"BreadcrumbList\",\"@id\":\"https:\/\/blog.solstis.ch\/index.php\/fr\/2016\/09\/09\/eolien-et-solaire-photovoltaique-la-prochaine-generation\/#breadcrumb\",\"itemListElement\":[{\"@type\":\"ListItem\",\"position\":1,\"name\":\"Accueil\",\"item\":\"https:\/\/blog.solstis.ch\/index.php\/fr\/blog\/\"},{\"@type\":\"ListItem\",\"position\":2,\"name\":\"\u00c9olien et solaire photovolta\u00efque : la \u00ab prochaine g\u00e9n\u00e9ration \u00bb\"}]},{\"@type\":\"WebSite\",\"@id\":\"https:\/\/blog.solstis.ch\/#website\",\"url\":\"https:\/\/blog.solstis.ch\/\",\"name\":\"Solstis\",\"description\":\"Solstis, donner au monde l&#039;\u00e9nergie d&#039;\u00eatre durable.\",\"potentialAction\":[{\"@type\":\"SearchAction\",\"target\":{\"@type\":\"EntryPoint\",\"urlTemplate\":\"https:\/\/blog.solstis.ch\/?s={search_term_string}\"},\"query-input\":{\"@type\":\"PropertyValueSpecification\",\"valueRequired\":true,\"valueName\":\"search_term_string\"}}],\"inLanguage\":\"fr-FR\"},{\"@type\":\"Person\",\"@id\":\"https:\/\/blog.solstis.ch\/#\/schema\/person\/5a9f5ef0a66b3e68c712ab62eeb4a1f9\",\"name\":\"admin\",\"image\":{\"@type\":\"ImageObject\",\"inLanguage\":\"fr-FR\",\"@id\":\"https:\/\/blog.solstis.ch\/#\/schema\/person\/image\/\",\"url\":\"https:\/\/secure.gravatar.com\/avatar\/8ba8fd08281e45cafc408887276f0396?s=96&d=mm&r=g\",\"contentUrl\":\"https:\/\/secure.gravatar.com\/avatar\/8ba8fd08281e45cafc408887276f0396?s=96&d=mm&r=g\",\"caption\":\"admin\"},\"url\":\"https:\/\/blog.solstis.ch\/index.php\/author\/admin\/\"}]}<\/script>\n<!-- \/ Yoast SEO plugin. -->","yoast_head_json":{"title":"\u00c9olien et solaire photovolta\u00efque : la \u00ab prochaine g\u00e9n\u00e9ration \u00bb - Solstis","robots":{"index":"index","follow":"follow","max-snippet":"max-snippet:-1","max-image-preview":"max-image-preview:large","max-video-preview":"max-video-preview:-1"},"canonical":"https:\/\/blog.solstis.ch\/index.php\/fr\/2016\/09\/09\/eolien-et-solaire-photovoltaique-la-prochaine-generation\/","og_locale":"fr_FR","og_type":"article","og_title":"\u00c9olien et solaire photovolta\u00efque : la \u00ab prochaine g\u00e9n\u00e9ration \u00bb - Solstis","og_description":"L\u2019\u00e9olien et le solaire photovolta\u00efque sont les fili\u00e8res \u00e9lectriques qui se d\u00e9veloppent actuellement au rythme le plus \u00e9lev\u00e9 dans le [&hellip;]","og_url":"https:\/\/blog.solstis.ch\/index.php\/fr\/2016\/09\/09\/eolien-et-solaire-photovoltaique-la-prochaine-generation\/","og_site_name":"Solstis","article_published_time":"2016-09-09T15:06:39+00:00","article_modified_time":"2017-07-04T21:50:14+00:00","og_image":[{"width":1280,"height":851,"url":"https:\/\/blog.solstis.ch\/wp-content\/uploads\/2016\/09\/eolic-1632439_1280.jpg","type":"image\/jpeg"}],"author":"admin","twitter_card":"summary_large_image","twitter_misc":{"\u00c9crit par":"admin","Dur\u00e9e de lecture estim\u00e9e":"1 minute"},"schema":{"@context":"https:\/\/schema.org","@graph":[{"@type":"WebPage","@id":"https:\/\/blog.solstis.ch\/index.php\/fr\/2016\/09\/09\/eolien-et-solaire-photovoltaique-la-prochaine-generation\/","url":"https:\/\/blog.solstis.ch\/index.php\/fr\/2016\/09\/09\/eolien-et-solaire-photovoltaique-la-prochaine-generation\/","name":"\u00c9olien et solaire photovolta\u00efque : la \u00ab prochaine g\u00e9n\u00e9ration \u00bb - Solstis","isPartOf":{"@id":"https:\/\/blog.solstis.ch\/#website"},"primaryImageOfPage":{"@id":"https:\/\/blog.solstis.ch\/index.php\/fr\/2016\/09\/09\/eolien-et-solaire-photovoltaique-la-prochaine-generation\/#primaryimage"},"image":{"@id":"https:\/\/blog.solstis.ch\/index.php\/fr\/2016\/09\/09\/eolien-et-solaire-photovoltaique-la-prochaine-generation\/#primaryimage"},"thumbnailUrl":"https:\/\/blog.solstis.ch\/wp-content\/uploads\/2016\/09\/eolic-1632439_1280.jpg","datePublished":"2016-09-09T15:06:39+00:00","dateModified":"2017-07-04T21:50:14+00:00","author":{"@id":"https:\/\/blog.solstis.ch\/#\/schema\/person\/5a9f5ef0a66b3e68c712ab62eeb4a1f9"},"breadcrumb":{"@id":"https:\/\/blog.solstis.ch\/index.php\/fr\/2016\/09\/09\/eolien-et-solaire-photovoltaique-la-prochaine-generation\/#breadcrumb"},"inLanguage":"fr-FR","potentialAction":[{"@type":"ReadAction","target":["https:\/\/blog.solstis.ch\/index.php\/fr\/2016\/09\/09\/eolien-et-solaire-photovoltaique-la-prochaine-generation\/"]}]},{"@type":"ImageObject","inLanguage":"fr-FR","@id":"https:\/\/blog.solstis.ch\/index.php\/fr\/2016\/09\/09\/eolien-et-solaire-photovoltaique-la-prochaine-generation\/#primaryimage","url":"https:\/\/blog.solstis.ch\/wp-content\/uploads\/2016\/09\/eolic-1632439_1280.jpg","contentUrl":"https:\/\/blog.solstis.ch\/wp-content\/uploads\/2016\/09\/eolic-1632439_1280.jpg","width":1280,"height":851},{"@type":"BreadcrumbList","@id":"https:\/\/blog.solstis.ch\/index.php\/fr\/2016\/09\/09\/eolien-et-solaire-photovoltaique-la-prochaine-generation\/#breadcrumb","itemListElement":[{"@type":"ListItem","position":1,"name":"Accueil","item":"https:\/\/blog.solstis.ch\/index.php\/fr\/blog\/"},{"@type":"ListItem","position":2,"name":"\u00c9olien et solaire photovolta\u00efque : la \u00ab prochaine g\u00e9n\u00e9ration \u00bb"}]},{"@type":"WebSite","@id":"https:\/\/blog.solstis.ch\/#website","url":"https:\/\/blog.solstis.ch\/","name":"Solstis","description":"Solstis, donner au monde l&#039;\u00e9nergie d&#039;\u00eatre durable.","potentialAction":[{"@type":"SearchAction","target":{"@type":"EntryPoint","urlTemplate":"https:\/\/blog.solstis.ch\/?s={search_term_string}"},"query-input":{"@type":"PropertyValueSpecification","valueRequired":true,"valueName":"search_term_string"}}],"inLanguage":"fr-FR"},{"@type":"Person","@id":"https:\/\/blog.solstis.ch\/#\/schema\/person\/5a9f5ef0a66b3e68c712ab62eeb4a1f9","name":"admin","image":{"@type":"ImageObject","inLanguage":"fr-FR","@id":"https:\/\/blog.solstis.ch\/#\/schema\/person\/image\/","url":"https:\/\/secure.gravatar.com\/avatar\/8ba8fd08281e45cafc408887276f0396?s=96&d=mm&r=g","contentUrl":"https:\/\/secure.gravatar.com\/avatar\/8ba8fd08281e45cafc408887276f0396?s=96&d=mm&r=g","caption":"admin"},"url":"https:\/\/blog.solstis.ch\/index.php\/author\/admin\/"}]}},"jetpack_sharing_enabled":true,"jetpack_featured_media_url":"https:\/\/blog.solstis.ch\/wp-content\/uploads\/2016\/09\/eolic-1632439_1280.jpg","jetpack_shortlink":"https:\/\/wp.me\/pa0tUs-8M","_links":{"self":[{"href":"https:\/\/blog.solstis.ch\/index.php\/wp-json\/wp\/v2\/posts\/544","targetHints":{"allow":["GET"]}}],"collection":[{"href":"https:\/\/blog.solstis.ch\/index.php\/wp-json\/wp\/v2\/posts"}],"about":[{"href":"https:\/\/blog.solstis.ch\/index.php\/wp-json\/wp\/v2\/types\/post"}],"author":[{"embeddable":true,"href":"https:\/\/blog.solstis.ch\/index.php\/wp-json\/wp\/v2\/users\/1"}],"replies":[{"embeddable":true,"href":"https:\/\/blog.solstis.ch\/index.php\/wp-json\/wp\/v2\/comments?post=544"}],"version-history":[{"count":7,"href":"https:\/\/blog.solstis.ch\/index.php\/wp-json\/wp\/v2\/posts\/544\/revisions"}],"predecessor-version":[{"id":830,"href":"https:\/\/blog.solstis.ch\/index.php\/wp-json\/wp\/v2\/posts\/544\/revisions\/830"}],"wp:featuredmedia":[{"embeddable":true,"href":"https:\/\/blog.solstis.ch\/index.php\/wp-json\/wp\/v2\/media\/829"}],"wp:attachment":[{"href":"https:\/\/blog.solstis.ch\/index.php\/wp-json\/wp\/v2\/media?parent=544"}],"wp:term":[{"taxonomy":"category","embeddable":true,"href":"https:\/\/blog.solstis.ch\/index.php\/wp-json\/wp\/v2\/categories?post=544"},{"taxonomy":"post_tag","embeddable":true,"href":"https:\/\/blog.solstis.ch\/index.php\/wp-json\/wp\/v2\/tags?post=544"}],"curies":[{"name":"wp","href":"https:\/\/api.w.org\/{rel}","templated":true}]}}