{"id":539,"date":"2016-07-13T09:56:38","date_gmt":"2016-07-13T08:56:38","guid":{"rendered":"http:\/\/blog.solstis.ch\/?p=539"},"modified":"2016-07-13T09:57:53","modified_gmt":"2016-07-13T08:57:53","slug":"apercu-de-la-consommation-denergie-en-suisse-au-cours-de-lannee-2015","status":"publish","type":"post","link":"https:\/\/blog.solstis.ch\/index.php\/fr\/2016\/07\/13\/apercu-de-la-consommation-denergie-en-suisse-au-cours-de-lannee-2015\/","title":{"rendered":"Aper\u00e7u de la consommation d&rsquo;\u00e9nergie en Suisse au cours de l&rsquo;ann\u00e9e 2015"},"content":{"rendered":"<p><strong>Berne, 23.06.2016 &#8211; Par rapport \u00e0 2014, la consommation finale d&rsquo;\u00e9nergie en Suisse a augment\u00e9 de 1,5% en 2015 pour s&rsquo;\u00e9tablir \u00e0 838 360 t\u00e9rajoules (TJ). Des conditions m\u00e9t\u00e9orologiques plus fra\u00eeches par rapport \u00e0 l&rsquo;ann\u00e9e pr\u00e9c\u00e9dente sont notamment \u00e0 l&rsquo;origine de cette hausse. Malgr\u00e9 cette l\u00e9g\u00e8re augmentation, il s&rsquo;agit de la deuxi\u00e8me consommation \u00e9nerg\u00e9tique la plus basse enregistr\u00e9e au cours des 18 derni\u00e8res ann\u00e9es, juste apr\u00e8s 2014.<\/strong><\/p>\n<p>La hausse de la consommation \u00e9nerg\u00e9tique de 1,5% par rapport \u00e0 2014 est due avant tout \u00e0 des conditions m\u00e9t\u00e9orologiques quelque peu plus fra\u00eeches en 2015. Selon M\u00e9t\u00e9oSuisse, 2014 et 2011 ont \u00e9t\u00e9 les ann\u00e9es les plus chaudes depuis le d\u00e9but des relev\u00e9s en 1864. Les degr\u00e9s-jours de chauffage, indicateur important pour la consommation d&rsquo;\u00e9nergie \u00e0 des fins de chauffage, ont augment\u00e9 de 10,5% par rapport \u00e0 l&rsquo;ann\u00e9e pr\u00e9c\u00e9dente, restant cependant clairement en dessous de la moyenne pluriannuelle. L&rsquo;augmentation de la consommation d&rsquo;\u00e9nergie est aussi li\u00e9e \u00e0 des facteurs d\u00e9terminants \u00e0 long terme, qui sont tous en progression: population r\u00e9sidante permanente (+1,1%), produit int\u00e9rieur brut (+0,9%), flotte de v\u00e9hicules \u00e0 moteur (+1,8%), parc de logements (pour l&rsquo;instant, l&rsquo;Office f\u00e9d\u00e9ral de la statistique n&rsquo;a pas encore fourni de chiffres d\u00e9taill\u00e9s).<\/p>\n<p><strong>Hausse de la consommation d&rsquo;agents \u00e9nerg\u00e9tiques utilis\u00e9s pour le chauffage<\/strong><\/p>\n<p>La consommation d&rsquo;huile de chauffage extra-l\u00e9g\u00e8re a augment\u00e9 de 5,6% et celle de gaz naturel de 5,4%. La consommation d&rsquo;\u00e9lectricit\u00e9 a augment\u00e9 de 1,4% (cf. communiqu\u00e9 de presse de l&rsquo;OFEN du 19 avril 2016). En revanche, la valorisation \u00e9nerg\u00e9tique des d\u00e9chets industriels (-13,9%) et la consommation de charbon (-8,3%) ont baiss\u00e9. L&rsquo;utilisation d&rsquo;huiles de chauffage lourdes a chut\u00e9 de 32,4%, de m\u00eame que le recours au coke de p\u00e9trole qui a baiss\u00e9 de 35,5%.<\/p>\n<p><strong>Baisse de la consommation de carburant<\/strong><\/p>\n<p>De mani\u00e8re g\u00e9n\u00e9rale, la consommation de carburant a diminu\u00e9 (-2,6%) par rapport \u00e0 2014. La tendance \u00e0 remplacer l&rsquo;essence par le diesel continue de se confirmer: les ventes de diesel ont l\u00e9g\u00e8rement recul\u00e9 de 1,4%, alors que la consommation d&rsquo;essence \u00e9tait clairement en baisse de 7,3%. Le net recul des ventes de diesel et d&rsquo;essence r\u00e9sulte notamment de la chute du cours de l&rsquo;euro en janvier 2015, qui a entra\u00een\u00e9 un recul du tourisme \u00e0 la pompe: les consommateurs de l&rsquo;\u00e9tranger ach\u00e8tent moins d&rsquo;essence en Suisse tandis que les Suisses remplissent leurs r\u00e9servoirs de diesel \u00e0 l&rsquo;\u00e9tranger. La vente de carburant d&rsquo;aviation a augment\u00e9 de 3,3%.<\/p>\n<p><strong>Augmentation de la consommation \u00e9galement pour les \u00e9nergies renouvelables<\/strong><\/p>\n<p>Les conditions m\u00e9t\u00e9orologiques plus fra\u00eeches se sont aussi r\u00e9percut\u00e9es sur la consommation des agents \u00e9nerg\u00e9tiques renouvelables utilis\u00e9s pour le chauffage. La consommation de bois-\u00e9nergie a augment\u00e9 de 6,8%. L&rsquo;utilisation de la chaleur ambiante au moyen de pompes \u00e0 chaleur a aussi d\u00e9pass\u00e9 de 14,1% les valeurs de l&rsquo;ann\u00e9e pr\u00e9c\u00e9dente, tout comme le recours au chauffage \u00e0 distance (+12,3%) et la chaleur solaire (+6,8%).<\/p>\n<p>L&rsquo;utilisation directe du biogaz a l\u00e9g\u00e8rement baiss\u00e9 de 0,6%. Si l&rsquo;on tient compte du biogaz inject\u00e9 dans le r\u00e9seau de gaz naturel (enregistr\u00e9 dans les statistiques en tant que gaz naturel), il en r\u00e9sulte une augmentation de 6,1% de la consommation de biogaz.<\/p>\n<p>La consommation des biocarburants a \u00e0 nouveau sensiblement augment\u00e9 (+137,9%). Cette augmentation s&rsquo;explique du fait que les carburants biog\u00e8nes sont exon\u00e9r\u00e9s de l&rsquo;imp\u00f4t sur les huiles min\u00e9rales et qu&rsquo;ils peuvent \u00eatre utilis\u00e9s comme mesures de compensation du CO2.La Statistique globale de l&rsquo;\u00e9nergie 2015 sera disponible sur Internet \u00e0 partir de la mi-juillet 2016 et en version imprim\u00e9e au d\u00e9but du mois d&rsquo;ao\u00fbt. Une synth\u00e8se est disponible d\u00e8s \u00e0 pr\u00e9sent (en t\u00e9l\u00e9chargement ci-dessous). <\/p>\n","protected":false},"excerpt":{"rendered":"<p>Berne, 23.06.2016 &#8211; Par rapport \u00e0 2014, la consommation finale d&rsquo;\u00e9nergie en Suisse a augment\u00e9 de 1,5% en 2015 pour [&hellip;]<\/p>\n","protected":false},"author":1,"featured_media":541,"comment_status":"open","ping_status":"open","sticky":false,"template":"","format":"standard","meta":{"jetpack_post_was_ever_published":false,"_jetpack_newsletter_access":"","_jetpack_dont_email_post_to_subs":false,"_jetpack_newsletter_tier_id":0,"_jetpack_memberships_contains_paywalled_content":false,"_jetpack_memberships_contains_paid_content":false,"footnotes":"","jetpack_publicize_message":"","jetpack_publicize_feature_enabled":true,"jetpack_social_post_already_shared":false,"jetpack_social_options":{"image_generator_settings":{"template":"highway","enabled":false},"version":2}},"categories":[33],"tags":[],"class_list":["post-539","post","type-post","status-publish","format-standard","has-post-thumbnail","hentry","category-energie"],"jetpack_publicize_connections":[],"yoast_head":"<!-- This site is optimized with the Yoast SEO plugin v23.8 - https:\/\/yoast.com\/wordpress\/plugins\/seo\/ -->\n<title>Aper\u00e7u de la consommation d&#039;\u00e9nergie en Suisse au cours de l&#039;ann\u00e9e 2015 - Solstis<\/title>\n<meta name=\"robots\" content=\"index, follow, max-snippet:-1, max-image-preview:large, max-video-preview:-1\" \/>\n<link rel=\"canonical\" href=\"https:\/\/blog.solstis.ch\/index.php\/fr\/2016\/07\/13\/apercu-de-la-consommation-denergie-en-suisse-au-cours-de-lannee-2015\/\" \/>\n<meta property=\"og:locale\" content=\"fr_FR\" \/>\n<meta property=\"og:type\" content=\"article\" \/>\n<meta property=\"og:title\" content=\"Aper\u00e7u de la consommation d&#039;\u00e9nergie en Suisse au cours de l&#039;ann\u00e9e 2015 - Solstis\" \/>\n<meta property=\"og:description\" content=\"Berne, 23.06.2016 &#8211; Par rapport \u00e0 2014, la consommation finale d&rsquo;\u00e9nergie en Suisse a augment\u00e9 de 1,5% en 2015 pour [&hellip;]\" \/>\n<meta property=\"og:url\" content=\"https:\/\/blog.solstis.ch\/index.php\/fr\/2016\/07\/13\/apercu-de-la-consommation-denergie-en-suisse-au-cours-de-lannee-2015\/\" \/>\n<meta property=\"og:site_name\" content=\"Solstis\" \/>\n<meta property=\"article:published_time\" content=\"2016-07-13T08:56:38+00:00\" \/>\n<meta property=\"article:modified_time\" content=\"2016-07-13T08:57:53+00:00\" \/>\n<meta property=\"og:image\" content=\"https:\/\/blog.solstis.ch\/wp-content\/uploads\/2016\/07\/conso-energie-suisse.jpg\" \/>\n\t<meta property=\"og:image:width\" content=\"677\" \/>\n\t<meta property=\"og:image:height\" content=\"471\" \/>\n\t<meta property=\"og:image:type\" content=\"image\/jpeg\" \/>\n<meta name=\"author\" content=\"admin\" \/>\n<meta name=\"twitter:card\" content=\"summary_large_image\" \/>\n<meta name=\"twitter:label1\" content=\"\u00c9crit par\" \/>\n\t<meta name=\"twitter:data1\" content=\"admin\" \/>\n\t<meta name=\"twitter:label2\" content=\"Dur\u00e9e de lecture estim\u00e9e\" \/>\n\t<meta name=\"twitter:data2\" content=\"3 minutes\" \/>\n<script type=\"application\/ld+json\" class=\"yoast-schema-graph\">{\"@context\":\"https:\/\/schema.org\",\"@graph\":[{\"@type\":\"WebPage\",\"@id\":\"https:\/\/blog.solstis.ch\/index.php\/fr\/2016\/07\/13\/apercu-de-la-consommation-denergie-en-suisse-au-cours-de-lannee-2015\/\",\"url\":\"https:\/\/blog.solstis.ch\/index.php\/fr\/2016\/07\/13\/apercu-de-la-consommation-denergie-en-suisse-au-cours-de-lannee-2015\/\",\"name\":\"Aper\u00e7u de la consommation d'\u00e9nergie en Suisse au cours de l'ann\u00e9e 2015 - Solstis\",\"isPartOf\":{\"@id\":\"https:\/\/blog.solstis.ch\/#website\"},\"primaryImageOfPage\":{\"@id\":\"https:\/\/blog.solstis.ch\/index.php\/fr\/2016\/07\/13\/apercu-de-la-consommation-denergie-en-suisse-au-cours-de-lannee-2015\/#primaryimage\"},\"image\":{\"@id\":\"https:\/\/blog.solstis.ch\/index.php\/fr\/2016\/07\/13\/apercu-de-la-consommation-denergie-en-suisse-au-cours-de-lannee-2015\/#primaryimage\"},\"thumbnailUrl\":\"https:\/\/blog.solstis.ch\/wp-content\/uploads\/2016\/07\/conso-energie-suisse.jpg\",\"datePublished\":\"2016-07-13T08:56:38+00:00\",\"dateModified\":\"2016-07-13T08:57:53+00:00\",\"author\":{\"@id\":\"https:\/\/blog.solstis.ch\/#\/schema\/person\/5a9f5ef0a66b3e68c712ab62eeb4a1f9\"},\"breadcrumb\":{\"@id\":\"https:\/\/blog.solstis.ch\/index.php\/fr\/2016\/07\/13\/apercu-de-la-consommation-denergie-en-suisse-au-cours-de-lannee-2015\/#breadcrumb\"},\"inLanguage\":\"fr-FR\",\"potentialAction\":[{\"@type\":\"ReadAction\",\"target\":[\"https:\/\/blog.solstis.ch\/index.php\/fr\/2016\/07\/13\/apercu-de-la-consommation-denergie-en-suisse-au-cours-de-lannee-2015\/\"]}]},{\"@type\":\"ImageObject\",\"inLanguage\":\"fr-FR\",\"@id\":\"https:\/\/blog.solstis.ch\/index.php\/fr\/2016\/07\/13\/apercu-de-la-consommation-denergie-en-suisse-au-cours-de-lannee-2015\/#primaryimage\",\"url\":\"https:\/\/blog.solstis.ch\/wp-content\/uploads\/2016\/07\/conso-energie-suisse.jpg\",\"contentUrl\":\"https:\/\/blog.solstis.ch\/wp-content\/uploads\/2016\/07\/conso-energie-suisse.jpg\",\"width\":677,\"height\":471},{\"@type\":\"BreadcrumbList\",\"@id\":\"https:\/\/blog.solstis.ch\/index.php\/fr\/2016\/07\/13\/apercu-de-la-consommation-denergie-en-suisse-au-cours-de-lannee-2015\/#breadcrumb\",\"itemListElement\":[{\"@type\":\"ListItem\",\"position\":1,\"name\":\"Accueil\",\"item\":\"https:\/\/blog.solstis.ch\/index.php\/fr\/blog\/\"},{\"@type\":\"ListItem\",\"position\":2,\"name\":\"Aper\u00e7u de la consommation d&rsquo;\u00e9nergie en Suisse au cours de l&rsquo;ann\u00e9e 2015\"}]},{\"@type\":\"WebSite\",\"@id\":\"https:\/\/blog.solstis.ch\/#website\",\"url\":\"https:\/\/blog.solstis.ch\/\",\"name\":\"Solstis\",\"description\":\"Solstis, donner au monde l&#039;\u00e9nergie d&#039;\u00eatre durable.\",\"potentialAction\":[{\"@type\":\"SearchAction\",\"target\":{\"@type\":\"EntryPoint\",\"urlTemplate\":\"https:\/\/blog.solstis.ch\/?s={search_term_string}\"},\"query-input\":{\"@type\":\"PropertyValueSpecification\",\"valueRequired\":true,\"valueName\":\"search_term_string\"}}],\"inLanguage\":\"fr-FR\"},{\"@type\":\"Person\",\"@id\":\"https:\/\/blog.solstis.ch\/#\/schema\/person\/5a9f5ef0a66b3e68c712ab62eeb4a1f9\",\"name\":\"admin\",\"image\":{\"@type\":\"ImageObject\",\"inLanguage\":\"fr-FR\",\"@id\":\"https:\/\/blog.solstis.ch\/#\/schema\/person\/image\/\",\"url\":\"https:\/\/secure.gravatar.com\/avatar\/8ba8fd08281e45cafc408887276f0396?s=96&d=mm&r=g\",\"contentUrl\":\"https:\/\/secure.gravatar.com\/avatar\/8ba8fd08281e45cafc408887276f0396?s=96&d=mm&r=g\",\"caption\":\"admin\"},\"url\":\"https:\/\/blog.solstis.ch\/index.php\/author\/admin\/\"}]}<\/script>\n<!-- \/ Yoast SEO plugin. -->","yoast_head_json":{"title":"Aper\u00e7u de la consommation d'\u00e9nergie en Suisse au cours de l'ann\u00e9e 2015 - Solstis","robots":{"index":"index","follow":"follow","max-snippet":"max-snippet:-1","max-image-preview":"max-image-preview:large","max-video-preview":"max-video-preview:-1"},"canonical":"https:\/\/blog.solstis.ch\/index.php\/fr\/2016\/07\/13\/apercu-de-la-consommation-denergie-en-suisse-au-cours-de-lannee-2015\/","og_locale":"fr_FR","og_type":"article","og_title":"Aper\u00e7u de la consommation d'\u00e9nergie en Suisse au cours de l'ann\u00e9e 2015 - Solstis","og_description":"Berne, 23.06.2016 &#8211; Par rapport \u00e0 2014, la consommation finale d&rsquo;\u00e9nergie en Suisse a augment\u00e9 de 1,5% en 2015 pour [&hellip;]","og_url":"https:\/\/blog.solstis.ch\/index.php\/fr\/2016\/07\/13\/apercu-de-la-consommation-denergie-en-suisse-au-cours-de-lannee-2015\/","og_site_name":"Solstis","article_published_time":"2016-07-13T08:56:38+00:00","article_modified_time":"2016-07-13T08:57:53+00:00","og_image":[{"width":677,"height":471,"url":"https:\/\/blog.solstis.ch\/wp-content\/uploads\/2016\/07\/conso-energie-suisse.jpg","type":"image\/jpeg"}],"author":"admin","twitter_card":"summary_large_image","twitter_misc":{"\u00c9crit par":"admin","Dur\u00e9e de lecture estim\u00e9e":"3 minutes"},"schema":{"@context":"https:\/\/schema.org","@graph":[{"@type":"WebPage","@id":"https:\/\/blog.solstis.ch\/index.php\/fr\/2016\/07\/13\/apercu-de-la-consommation-denergie-en-suisse-au-cours-de-lannee-2015\/","url":"https:\/\/blog.solstis.ch\/index.php\/fr\/2016\/07\/13\/apercu-de-la-consommation-denergie-en-suisse-au-cours-de-lannee-2015\/","name":"Aper\u00e7u de la consommation d'\u00e9nergie en Suisse au cours de l'ann\u00e9e 2015 - Solstis","isPartOf":{"@id":"https:\/\/blog.solstis.ch\/#website"},"primaryImageOfPage":{"@id":"https:\/\/blog.solstis.ch\/index.php\/fr\/2016\/07\/13\/apercu-de-la-consommation-denergie-en-suisse-au-cours-de-lannee-2015\/#primaryimage"},"image":{"@id":"https:\/\/blog.solstis.ch\/index.php\/fr\/2016\/07\/13\/apercu-de-la-consommation-denergie-en-suisse-au-cours-de-lannee-2015\/#primaryimage"},"thumbnailUrl":"https:\/\/blog.solstis.ch\/wp-content\/uploads\/2016\/07\/conso-energie-suisse.jpg","datePublished":"2016-07-13T08:56:38+00:00","dateModified":"2016-07-13T08:57:53+00:00","author":{"@id":"https:\/\/blog.solstis.ch\/#\/schema\/person\/5a9f5ef0a66b3e68c712ab62eeb4a1f9"},"breadcrumb":{"@id":"https:\/\/blog.solstis.ch\/index.php\/fr\/2016\/07\/13\/apercu-de-la-consommation-denergie-en-suisse-au-cours-de-lannee-2015\/#breadcrumb"},"inLanguage":"fr-FR","potentialAction":[{"@type":"ReadAction","target":["https:\/\/blog.solstis.ch\/index.php\/fr\/2016\/07\/13\/apercu-de-la-consommation-denergie-en-suisse-au-cours-de-lannee-2015\/"]}]},{"@type":"ImageObject","inLanguage":"fr-FR","@id":"https:\/\/blog.solstis.ch\/index.php\/fr\/2016\/07\/13\/apercu-de-la-consommation-denergie-en-suisse-au-cours-de-lannee-2015\/#primaryimage","url":"https:\/\/blog.solstis.ch\/wp-content\/uploads\/2016\/07\/conso-energie-suisse.jpg","contentUrl":"https:\/\/blog.solstis.ch\/wp-content\/uploads\/2016\/07\/conso-energie-suisse.jpg","width":677,"height":471},{"@type":"BreadcrumbList","@id":"https:\/\/blog.solstis.ch\/index.php\/fr\/2016\/07\/13\/apercu-de-la-consommation-denergie-en-suisse-au-cours-de-lannee-2015\/#breadcrumb","itemListElement":[{"@type":"ListItem","position":1,"name":"Accueil","item":"https:\/\/blog.solstis.ch\/index.php\/fr\/blog\/"},{"@type":"ListItem","position":2,"name":"Aper\u00e7u de la consommation d&rsquo;\u00e9nergie en Suisse au cours de l&rsquo;ann\u00e9e 2015"}]},{"@type":"WebSite","@id":"https:\/\/blog.solstis.ch\/#website","url":"https:\/\/blog.solstis.ch\/","name":"Solstis","description":"Solstis, donner au monde l&#039;\u00e9nergie d&#039;\u00eatre durable.","potentialAction":[{"@type":"SearchAction","target":{"@type":"EntryPoint","urlTemplate":"https:\/\/blog.solstis.ch\/?s={search_term_string}"},"query-input":{"@type":"PropertyValueSpecification","valueRequired":true,"valueName":"search_term_string"}}],"inLanguage":"fr-FR"},{"@type":"Person","@id":"https:\/\/blog.solstis.ch\/#\/schema\/person\/5a9f5ef0a66b3e68c712ab62eeb4a1f9","name":"admin","image":{"@type":"ImageObject","inLanguage":"fr-FR","@id":"https:\/\/blog.solstis.ch\/#\/schema\/person\/image\/","url":"https:\/\/secure.gravatar.com\/avatar\/8ba8fd08281e45cafc408887276f0396?s=96&d=mm&r=g","contentUrl":"https:\/\/secure.gravatar.com\/avatar\/8ba8fd08281e45cafc408887276f0396?s=96&d=mm&r=g","caption":"admin"},"url":"https:\/\/blog.solstis.ch\/index.php\/author\/admin\/"}]}},"jetpack_sharing_enabled":true,"jetpack_featured_media_url":"https:\/\/blog.solstis.ch\/wp-content\/uploads\/2016\/07\/conso-energie-suisse.jpg","jetpack_shortlink":"https:\/\/wp.me\/pa0tUs-8H","_links":{"self":[{"href":"https:\/\/blog.solstis.ch\/index.php\/wp-json\/wp\/v2\/posts\/539","targetHints":{"allow":["GET"]}}],"collection":[{"href":"https:\/\/blog.solstis.ch\/index.php\/wp-json\/wp\/v2\/posts"}],"about":[{"href":"https:\/\/blog.solstis.ch\/index.php\/wp-json\/wp\/v2\/types\/post"}],"author":[{"embeddable":true,"href":"https:\/\/blog.solstis.ch\/index.php\/wp-json\/wp\/v2\/users\/1"}],"replies":[{"embeddable":true,"href":"https:\/\/blog.solstis.ch\/index.php\/wp-json\/wp\/v2\/comments?post=539"}],"version-history":[{"count":1,"href":"https:\/\/blog.solstis.ch\/index.php\/wp-json\/wp\/v2\/posts\/539\/revisions"}],"predecessor-version":[{"id":542,"href":"https:\/\/blog.solstis.ch\/index.php\/wp-json\/wp\/v2\/posts\/539\/revisions\/542"}],"wp:featuredmedia":[{"embeddable":true,"href":"https:\/\/blog.solstis.ch\/index.php\/wp-json\/wp\/v2\/media\/541"}],"wp:attachment":[{"href":"https:\/\/blog.solstis.ch\/index.php\/wp-json\/wp\/v2\/media?parent=539"}],"wp:term":[{"taxonomy":"category","embeddable":true,"href":"https:\/\/blog.solstis.ch\/index.php\/wp-json\/wp\/v2\/categories?post=539"},{"taxonomy":"post_tag","embeddable":true,"href":"https:\/\/blog.solstis.ch\/index.php\/wp-json\/wp\/v2\/tags?post=539"}],"curies":[{"name":"wp","href":"https:\/\/api.w.org\/{rel}","templated":true}]}}