{"id":513,"date":"2016-06-07T09:31:26","date_gmt":"2016-06-07T08:31:26","guid":{"rendered":"http:\/\/blog.solstis.ch\/?p=513"},"modified":"2016-06-07T09:31:26","modified_gmt":"2016-06-07T08:31:26","slug":"a-neuchatel-se-leve-le-solaire-de-demain","status":"publish","type":"post","link":"https:\/\/blog.solstis.ch\/index.php\/fr\/2016\/06\/07\/a-neuchatel-se-leve-le-solaire-de-demain\/","title":{"rendered":"A Neuch\u00e2tel se l\u00e8ve le solaire de demain"},"content":{"rendered":"<p>Au PV-center du CSEM, Christophe Ballif et son \u00e9quipe permettent \u00e0 l\u2019industrie photovolta\u00efque suisse de rester \u00e0 la pointe de l\u2019innovation. Les chercheurs disposent d\u00e9sormais d\u2019un laboratoire de haute technologie aseptis\u00e9 et d\u2019un banc d\u2019essai du cycle complet de fabrication de panneaux solaires.<\/p>\n<p>Tout commence par une fine plaque de silicium cristallin de moins de 0,2 millim\u00e8tre d\u2019\u00e9paisseur. Matthieu Despeisse, chef de secteur au centre photovolta\u00efque (PV-center) du CSEM \u00e0 Neuch\u00e2tel, tient d\u00e9licatement ce carr\u00e9 gris dans sa main gant\u00e9e de plastique bleu.\u00a0Habill\u00e9 en cosmonaute, il donne l\u2019impression de travailler dans une centrale nucl\u00e9aire. Il s\u2019occupe en effet d\u2019\u00e9nergie dans un milieu confin\u00e9, mais dans une tout autre direction. Sa passion, comme celle d\u2019une \u00e9quipe de 50 personnes sous la direction de Christophe Ballif, professeur \u00e0 l\u2019EPFL et directeur du PV-center, c\u2019est le photovolta\u00efque.\u00a0Plus d&rsquo;informations <a href=\"https:\/\/www.letemps.ch\/economie\/2016\/05\/20\/neuchatel-se-leve-solaire-demain\" target=\"_blank\">ICI<\/a><\/p>\n<p>Source: letemps.ch<\/p>\n<p>Cr\u00e9dit:\u00a0\u00a9antalthoma<\/p>\n","protected":false},"excerpt":{"rendered":"<p>Au PV-center du CSEM, Christophe Ballif et son \u00e9quipe permettent \u00e0 l\u2019industrie photovolta\u00efque suisse de rester \u00e0 la pointe de [&hellip;]<\/p>\n","protected":false},"author":1,"featured_media":514,"comment_status":"open","ping_status":"open","sticky":false,"template":"","format":"standard","meta":{"jetpack_post_was_ever_published":false,"_jetpack_newsletter_access":"","_jetpack_dont_email_post_to_subs":false,"_jetpack_newsletter_tier_id":0,"_jetpack_memberships_contains_paywalled_content":false,"_jetpack_memberships_contains_paid_content":false,"footnotes":"","jetpack_publicize_message":"","jetpack_publicize_feature_enabled":true,"jetpack_social_post_already_shared":false,"jetpack_social_options":{"image_generator_settings":{"template":"highway","enabled":false},"version":2}},"categories":[1],"tags":[],"class_list":["post-513","post","type-post","status-publish","format-standard","has-post-thumbnail","hentry","category-divers"],"jetpack_publicize_connections":[],"yoast_head":"<!-- This site is optimized with the Yoast SEO plugin v23.8 - https:\/\/yoast.com\/wordpress\/plugins\/seo\/ -->\n<title>A Neuch\u00e2tel se l\u00e8ve le solaire de demain - Solstis<\/title>\n<meta name=\"robots\" content=\"index, follow, max-snippet:-1, max-image-preview:large, max-video-preview:-1\" \/>\n<link rel=\"canonical\" href=\"https:\/\/blog.solstis.ch\/index.php\/fr\/2016\/06\/07\/a-neuchatel-se-leve-le-solaire-de-demain\/\" \/>\n<meta property=\"og:locale\" content=\"fr_FR\" \/>\n<meta property=\"og:type\" content=\"article\" \/>\n<meta property=\"og:title\" content=\"A Neuch\u00e2tel se l\u00e8ve le solaire de demain - Solstis\" \/>\n<meta property=\"og:description\" content=\"Au PV-center du CSEM, Christophe Ballif et son \u00e9quipe permettent \u00e0 l\u2019industrie photovolta\u00efque suisse de rester \u00e0 la pointe de [&hellip;]\" \/>\n<meta property=\"og:url\" content=\"https:\/\/blog.solstis.ch\/index.php\/fr\/2016\/06\/07\/a-neuchatel-se-leve-le-solaire-de-demain\/\" \/>\n<meta property=\"og:site_name\" content=\"Solstis\" \/>\n<meta property=\"article:published_time\" content=\"2016-06-07T08:31:26+00:00\" \/>\n<meta property=\"og:image\" content=\"https:\/\/blog.solstis.ch\/wp-content\/uploads\/2016\/06\/neuchatel-solaire.jpg\" \/>\n\t<meta property=\"og:image:width\" content=\"1280\" \/>\n\t<meta property=\"og:image:height\" content=\"505\" \/>\n\t<meta property=\"og:image:type\" content=\"image\/jpeg\" \/>\n<meta name=\"author\" content=\"admin\" \/>\n<meta name=\"twitter:card\" content=\"summary_large_image\" \/>\n<meta name=\"twitter:label1\" content=\"\u00c9crit par\" \/>\n\t<meta name=\"twitter:data1\" content=\"admin\" \/>\n\t<meta name=\"twitter:label2\" content=\"Dur\u00e9e de lecture estim\u00e9e\" \/>\n\t<meta name=\"twitter:data2\" content=\"1 minute\" \/>\n<script type=\"application\/ld+json\" class=\"yoast-schema-graph\">{\"@context\":\"https:\/\/schema.org\",\"@graph\":[{\"@type\":\"WebPage\",\"@id\":\"https:\/\/blog.solstis.ch\/index.php\/fr\/2016\/06\/07\/a-neuchatel-se-leve-le-solaire-de-demain\/\",\"url\":\"https:\/\/blog.solstis.ch\/index.php\/fr\/2016\/06\/07\/a-neuchatel-se-leve-le-solaire-de-demain\/\",\"name\":\"A Neuch\u00e2tel se l\u00e8ve le solaire de demain - Solstis\",\"isPartOf\":{\"@id\":\"https:\/\/blog.solstis.ch\/#website\"},\"primaryImageOfPage\":{\"@id\":\"https:\/\/blog.solstis.ch\/index.php\/fr\/2016\/06\/07\/a-neuchatel-se-leve-le-solaire-de-demain\/#primaryimage\"},\"image\":{\"@id\":\"https:\/\/blog.solstis.ch\/index.php\/fr\/2016\/06\/07\/a-neuchatel-se-leve-le-solaire-de-demain\/#primaryimage\"},\"thumbnailUrl\":\"https:\/\/blog.solstis.ch\/wp-content\/uploads\/2016\/06\/neuchatel-solaire.jpg\",\"datePublished\":\"2016-06-07T08:31:26+00:00\",\"dateModified\":\"2016-06-07T08:31:26+00:00\",\"author\":{\"@id\":\"https:\/\/blog.solstis.ch\/#\/schema\/person\/5a9f5ef0a66b3e68c712ab62eeb4a1f9\"},\"breadcrumb\":{\"@id\":\"https:\/\/blog.solstis.ch\/index.php\/fr\/2016\/06\/07\/a-neuchatel-se-leve-le-solaire-de-demain\/#breadcrumb\"},\"inLanguage\":\"fr-FR\",\"potentialAction\":[{\"@type\":\"ReadAction\",\"target\":[\"https:\/\/blog.solstis.ch\/index.php\/fr\/2016\/06\/07\/a-neuchatel-se-leve-le-solaire-de-demain\/\"]}]},{\"@type\":\"ImageObject\",\"inLanguage\":\"fr-FR\",\"@id\":\"https:\/\/blog.solstis.ch\/index.php\/fr\/2016\/06\/07\/a-neuchatel-se-leve-le-solaire-de-demain\/#primaryimage\",\"url\":\"https:\/\/blog.solstis.ch\/wp-content\/uploads\/2016\/06\/neuchatel-solaire.jpg\",\"contentUrl\":\"https:\/\/blog.solstis.ch\/wp-content\/uploads\/2016\/06\/neuchatel-solaire.jpg\",\"width\":1280,\"height\":505,\"caption\":\"neuchatel-solaire\"},{\"@type\":\"BreadcrumbList\",\"@id\":\"https:\/\/blog.solstis.ch\/index.php\/fr\/2016\/06\/07\/a-neuchatel-se-leve-le-solaire-de-demain\/#breadcrumb\",\"itemListElement\":[{\"@type\":\"ListItem\",\"position\":1,\"name\":\"Accueil\",\"item\":\"https:\/\/blog.solstis.ch\/index.php\/fr\/blog\/\"},{\"@type\":\"ListItem\",\"position\":2,\"name\":\"A Neuch\u00e2tel se l\u00e8ve le solaire de demain\"}]},{\"@type\":\"WebSite\",\"@id\":\"https:\/\/blog.solstis.ch\/#website\",\"url\":\"https:\/\/blog.solstis.ch\/\",\"name\":\"Solstis\",\"description\":\"Solstis, donner au monde l&#039;\u00e9nergie d&#039;\u00eatre durable.\",\"potentialAction\":[{\"@type\":\"SearchAction\",\"target\":{\"@type\":\"EntryPoint\",\"urlTemplate\":\"https:\/\/blog.solstis.ch\/?s={search_term_string}\"},\"query-input\":{\"@type\":\"PropertyValueSpecification\",\"valueRequired\":true,\"valueName\":\"search_term_string\"}}],\"inLanguage\":\"fr-FR\"},{\"@type\":\"Person\",\"@id\":\"https:\/\/blog.solstis.ch\/#\/schema\/person\/5a9f5ef0a66b3e68c712ab62eeb4a1f9\",\"name\":\"admin\",\"image\":{\"@type\":\"ImageObject\",\"inLanguage\":\"fr-FR\",\"@id\":\"https:\/\/blog.solstis.ch\/#\/schema\/person\/image\/\",\"url\":\"https:\/\/secure.gravatar.com\/avatar\/8ba8fd08281e45cafc408887276f0396?s=96&d=mm&r=g\",\"contentUrl\":\"https:\/\/secure.gravatar.com\/avatar\/8ba8fd08281e45cafc408887276f0396?s=96&d=mm&r=g\",\"caption\":\"admin\"},\"url\":\"https:\/\/blog.solstis.ch\/index.php\/author\/admin\/\"}]}<\/script>\n<!-- \/ Yoast SEO plugin. -->","yoast_head_json":{"title":"A Neuch\u00e2tel se l\u00e8ve le solaire de demain - Solstis","robots":{"index":"index","follow":"follow","max-snippet":"max-snippet:-1","max-image-preview":"max-image-preview:large","max-video-preview":"max-video-preview:-1"},"canonical":"https:\/\/blog.solstis.ch\/index.php\/fr\/2016\/06\/07\/a-neuchatel-se-leve-le-solaire-de-demain\/","og_locale":"fr_FR","og_type":"article","og_title":"A Neuch\u00e2tel se l\u00e8ve le solaire de demain - Solstis","og_description":"Au PV-center du CSEM, Christophe Ballif et son \u00e9quipe permettent \u00e0 l\u2019industrie photovolta\u00efque suisse de rester \u00e0 la pointe de [&hellip;]","og_url":"https:\/\/blog.solstis.ch\/index.php\/fr\/2016\/06\/07\/a-neuchatel-se-leve-le-solaire-de-demain\/","og_site_name":"Solstis","article_published_time":"2016-06-07T08:31:26+00:00","og_image":[{"width":1280,"height":505,"url":"https:\/\/blog.solstis.ch\/wp-content\/uploads\/2016\/06\/neuchatel-solaire.jpg","type":"image\/jpeg"}],"author":"admin","twitter_card":"summary_large_image","twitter_misc":{"\u00c9crit par":"admin","Dur\u00e9e de lecture estim\u00e9e":"1 minute"},"schema":{"@context":"https:\/\/schema.org","@graph":[{"@type":"WebPage","@id":"https:\/\/blog.solstis.ch\/index.php\/fr\/2016\/06\/07\/a-neuchatel-se-leve-le-solaire-de-demain\/","url":"https:\/\/blog.solstis.ch\/index.php\/fr\/2016\/06\/07\/a-neuchatel-se-leve-le-solaire-de-demain\/","name":"A Neuch\u00e2tel se l\u00e8ve le solaire de demain - Solstis","isPartOf":{"@id":"https:\/\/blog.solstis.ch\/#website"},"primaryImageOfPage":{"@id":"https:\/\/blog.solstis.ch\/index.php\/fr\/2016\/06\/07\/a-neuchatel-se-leve-le-solaire-de-demain\/#primaryimage"},"image":{"@id":"https:\/\/blog.solstis.ch\/index.php\/fr\/2016\/06\/07\/a-neuchatel-se-leve-le-solaire-de-demain\/#primaryimage"},"thumbnailUrl":"https:\/\/blog.solstis.ch\/wp-content\/uploads\/2016\/06\/neuchatel-solaire.jpg","datePublished":"2016-06-07T08:31:26+00:00","dateModified":"2016-06-07T08:31:26+00:00","author":{"@id":"https:\/\/blog.solstis.ch\/#\/schema\/person\/5a9f5ef0a66b3e68c712ab62eeb4a1f9"},"breadcrumb":{"@id":"https:\/\/blog.solstis.ch\/index.php\/fr\/2016\/06\/07\/a-neuchatel-se-leve-le-solaire-de-demain\/#breadcrumb"},"inLanguage":"fr-FR","potentialAction":[{"@type":"ReadAction","target":["https:\/\/blog.solstis.ch\/index.php\/fr\/2016\/06\/07\/a-neuchatel-se-leve-le-solaire-de-demain\/"]}]},{"@type":"ImageObject","inLanguage":"fr-FR","@id":"https:\/\/blog.solstis.ch\/index.php\/fr\/2016\/06\/07\/a-neuchatel-se-leve-le-solaire-de-demain\/#primaryimage","url":"https:\/\/blog.solstis.ch\/wp-content\/uploads\/2016\/06\/neuchatel-solaire.jpg","contentUrl":"https:\/\/blog.solstis.ch\/wp-content\/uploads\/2016\/06\/neuchatel-solaire.jpg","width":1280,"height":505,"caption":"neuchatel-solaire"},{"@type":"BreadcrumbList","@id":"https:\/\/blog.solstis.ch\/index.php\/fr\/2016\/06\/07\/a-neuchatel-se-leve-le-solaire-de-demain\/#breadcrumb","itemListElement":[{"@type":"ListItem","position":1,"name":"Accueil","item":"https:\/\/blog.solstis.ch\/index.php\/fr\/blog\/"},{"@type":"ListItem","position":2,"name":"A Neuch\u00e2tel se l\u00e8ve le solaire de demain"}]},{"@type":"WebSite","@id":"https:\/\/blog.solstis.ch\/#website","url":"https:\/\/blog.solstis.ch\/","name":"Solstis","description":"Solstis, donner au monde l&#039;\u00e9nergie d&#039;\u00eatre durable.","potentialAction":[{"@type":"SearchAction","target":{"@type":"EntryPoint","urlTemplate":"https:\/\/blog.solstis.ch\/?s={search_term_string}"},"query-input":{"@type":"PropertyValueSpecification","valueRequired":true,"valueName":"search_term_string"}}],"inLanguage":"fr-FR"},{"@type":"Person","@id":"https:\/\/blog.solstis.ch\/#\/schema\/person\/5a9f5ef0a66b3e68c712ab62eeb4a1f9","name":"admin","image":{"@type":"ImageObject","inLanguage":"fr-FR","@id":"https:\/\/blog.solstis.ch\/#\/schema\/person\/image\/","url":"https:\/\/secure.gravatar.com\/avatar\/8ba8fd08281e45cafc408887276f0396?s=96&d=mm&r=g","contentUrl":"https:\/\/secure.gravatar.com\/avatar\/8ba8fd08281e45cafc408887276f0396?s=96&d=mm&r=g","caption":"admin"},"url":"https:\/\/blog.solstis.ch\/index.php\/author\/admin\/"}]}},"jetpack_sharing_enabled":true,"jetpack_featured_media_url":"https:\/\/blog.solstis.ch\/wp-content\/uploads\/2016\/06\/neuchatel-solaire.jpg","jetpack_shortlink":"https:\/\/wp.me\/pa0tUs-8h","_links":{"self":[{"href":"https:\/\/blog.solstis.ch\/index.php\/wp-json\/wp\/v2\/posts\/513","targetHints":{"allow":["GET"]}}],"collection":[{"href":"https:\/\/blog.solstis.ch\/index.php\/wp-json\/wp\/v2\/posts"}],"about":[{"href":"https:\/\/blog.solstis.ch\/index.php\/wp-json\/wp\/v2\/types\/post"}],"author":[{"embeddable":true,"href":"https:\/\/blog.solstis.ch\/index.php\/wp-json\/wp\/v2\/users\/1"}],"replies":[{"embeddable":true,"href":"https:\/\/blog.solstis.ch\/index.php\/wp-json\/wp\/v2\/comments?post=513"}],"version-history":[{"count":1,"href":"https:\/\/blog.solstis.ch\/index.php\/wp-json\/wp\/v2\/posts\/513\/revisions"}],"predecessor-version":[{"id":515,"href":"https:\/\/blog.solstis.ch\/index.php\/wp-json\/wp\/v2\/posts\/513\/revisions\/515"}],"wp:featuredmedia":[{"embeddable":true,"href":"https:\/\/blog.solstis.ch\/index.php\/wp-json\/wp\/v2\/media\/514"}],"wp:attachment":[{"href":"https:\/\/blog.solstis.ch\/index.php\/wp-json\/wp\/v2\/media?parent=513"}],"wp:term":[{"taxonomy":"category","embeddable":true,"href":"https:\/\/blog.solstis.ch\/index.php\/wp-json\/wp\/v2\/categories?post=513"},{"taxonomy":"post_tag","embeddable":true,"href":"https:\/\/blog.solstis.ch\/index.php\/wp-json\/wp\/v2\/tags?post=513"}],"curies":[{"name":"wp","href":"https:\/\/api.w.org\/{rel}","templated":true}]}}