{"id":510,"date":"2016-06-01T16:26:39","date_gmt":"2016-06-01T15:26:39","guid":{"rendered":"http:\/\/blog.solstis.ch\/?p=510"},"modified":"2016-06-01T16:28:06","modified_gmt":"2016-06-01T15:28:06","slug":"un-physicien-suisse-prime-dans-le-photovoltaique","status":"publish","type":"post","link":"https:\/\/blog.solstis.ch\/index.php\/fr\/2016\/06\/01\/un-physicien-suisse-prime-dans-le-photovoltaique\/","title":{"rendered":"Un physicien suisse prim\u00e9 dans le photovolta\u00efque"},"content":{"rendered":"<p>Le physicien et professeur suisse Christophe Ballif, 46 ans, a re\u00e7u le prix Becquerel 2016. Une prestigieuse distinction qui r\u00e9compense son engagement d&rsquo;une vingtaine d&rsquo;ann\u00e9es au service de l&rsquo;\u00e9nergie solaire.<\/p>\n<p>Cr\u00e9\u00e9 par la Commission europ\u00e9enne en 1989, le prix Becquerel r\u00e9compense une personnalit\u00e9 pour ses contributions remarquables au d\u00e9veloppement du photovolta\u00efque. Cette ann\u00e9e, c&rsquo;est le professeur Christophe Ballif qui a s\u00e9duit le jury avec ses recherches sur les cellules cristallines \u00e0 h\u00e9t\u00e9rojonction \u00e0 haut rendement \u00e9nerg\u00e9tique, ainsi que sur les cellules \u00e0 jonction multiples. D\u00e9couvrez son portrait <a href=\"http:\/\/www.lematin.ch\/savoirs\/sciences\/Un-physicien-suisse-prime-dans-le-photovoltaique-\/story\/14143896\" target=\"_blank\">ICI<\/a>.<\/p>\n<p>Source: lematin.ch<\/p>\n<p>Cr\u00e9dit: Facebook@Christophe Ballif<\/p>\n","protected":false},"excerpt":{"rendered":"<p>Le physicien et professeur suisse Christophe Ballif, 46 ans, a re\u00e7u le prix Becquerel 2016. Une prestigieuse distinction qui r\u00e9compense [&hellip;]<\/p>\n","protected":false},"author":1,"featured_media":512,"comment_status":"open","ping_status":"open","sticky":false,"template":"","format":"standard","meta":{"jetpack_post_was_ever_published":false,"_jetpack_newsletter_access":"","_jetpack_dont_email_post_to_subs":false,"_jetpack_newsletter_tier_id":0,"_jetpack_memberships_contains_paywalled_content":false,"_jetpack_memberships_contains_paid_content":false,"footnotes":"","jetpack_publicize_message":"","jetpack_publicize_feature_enabled":true,"jetpack_social_post_already_shared":false,"jetpack_social_options":{"image_generator_settings":{"template":"highway","enabled":false},"version":2}},"categories":[115],"tags":[],"class_list":["post-510","post","type-post","status-publish","format-standard","has-post-thumbnail","hentry","category-actualite"],"jetpack_publicize_connections":[],"yoast_head":"<!-- This site is optimized with the Yoast SEO plugin v23.8 - https:\/\/yoast.com\/wordpress\/plugins\/seo\/ -->\n<title>Un physicien suisse prim\u00e9 dans le photovolta\u00efque - Solstis<\/title>\n<meta name=\"description\" content=\"Le physicien et professeur suisse Christophe Ballif a re\u00e7u la prestigieuse distinction du prix Becquerel 2016 pour son engagement dans le photovoltaique.\u00a0\" \/>\n<meta name=\"robots\" content=\"index, follow, max-snippet:-1, max-image-preview:large, max-video-preview:-1\" \/>\n<link rel=\"canonical\" href=\"https:\/\/blog.solstis.ch\/index.php\/fr\/2016\/06\/01\/un-physicien-suisse-prime-dans-le-photovoltaique\/\" \/>\n<meta property=\"og:locale\" content=\"fr_FR\" \/>\n<meta property=\"og:type\" content=\"article\" \/>\n<meta property=\"og:title\" content=\"Un physicien suisse prim\u00e9 dans le photovolta\u00efque - Solstis\" \/>\n<meta property=\"og:description\" content=\"Le physicien et professeur suisse Christophe Ballif a re\u00e7u la prestigieuse distinction du prix Becquerel 2016 pour son engagement dans le photovoltaique.\u00a0\" \/>\n<meta property=\"og:url\" content=\"https:\/\/blog.solstis.ch\/index.php\/fr\/2016\/06\/01\/un-physicien-suisse-prime-dans-le-photovoltaique\/\" \/>\n<meta property=\"og:site_name\" content=\"Solstis\" \/>\n<meta property=\"article:published_time\" content=\"2016-06-01T15:26:39+00:00\" \/>\n<meta property=\"article:modified_time\" content=\"2016-06-01T15:28:06+00:00\" \/>\n<meta property=\"og:image\" content=\"https:\/\/blog.solstis.ch\/wp-content\/uploads\/2016\/06\/christophe-ballif.jpg\" \/>\n\t<meta property=\"og:image:width\" content=\"640\" \/>\n\t<meta property=\"og:image:height\" content=\"426\" \/>\n\t<meta property=\"og:image:type\" content=\"image\/jpeg\" \/>\n<meta name=\"author\" content=\"admin\" \/>\n<meta name=\"twitter:card\" content=\"summary_large_image\" \/>\n<meta name=\"twitter:label1\" content=\"\u00c9crit par\" \/>\n\t<meta name=\"twitter:data1\" content=\"admin\" \/>\n\t<meta name=\"twitter:label2\" content=\"Dur\u00e9e de lecture estim\u00e9e\" \/>\n\t<meta name=\"twitter:data2\" content=\"1 minute\" \/>\n<script type=\"application\/ld+json\" class=\"yoast-schema-graph\">{\"@context\":\"https:\/\/schema.org\",\"@graph\":[{\"@type\":\"WebPage\",\"@id\":\"https:\/\/blog.solstis.ch\/index.php\/fr\/2016\/06\/01\/un-physicien-suisse-prime-dans-le-photovoltaique\/\",\"url\":\"https:\/\/blog.solstis.ch\/index.php\/fr\/2016\/06\/01\/un-physicien-suisse-prime-dans-le-photovoltaique\/\",\"name\":\"Un physicien suisse prim\u00e9 dans le photovolta\u00efque - Solstis\",\"isPartOf\":{\"@id\":\"https:\/\/blog.solstis.ch\/#website\"},\"primaryImageOfPage\":{\"@id\":\"https:\/\/blog.solstis.ch\/index.php\/fr\/2016\/06\/01\/un-physicien-suisse-prime-dans-le-photovoltaique\/#primaryimage\"},\"image\":{\"@id\":\"https:\/\/blog.solstis.ch\/index.php\/fr\/2016\/06\/01\/un-physicien-suisse-prime-dans-le-photovoltaique\/#primaryimage\"},\"thumbnailUrl\":\"https:\/\/blog.solstis.ch\/wp-content\/uploads\/2016\/06\/christophe-ballif.jpg\",\"datePublished\":\"2016-06-01T15:26:39+00:00\",\"dateModified\":\"2016-06-01T15:28:06+00:00\",\"author\":{\"@id\":\"https:\/\/blog.solstis.ch\/#\/schema\/person\/5a9f5ef0a66b3e68c712ab62eeb4a1f9\"},\"description\":\"Le physicien et professeur suisse Christophe Ballif a re\u00e7u la prestigieuse distinction du prix Becquerel 2016 pour son engagement dans le photovoltaique.\u00a0\",\"breadcrumb\":{\"@id\":\"https:\/\/blog.solstis.ch\/index.php\/fr\/2016\/06\/01\/un-physicien-suisse-prime-dans-le-photovoltaique\/#breadcrumb\"},\"inLanguage\":\"fr-FR\",\"potentialAction\":[{\"@type\":\"ReadAction\",\"target\":[\"https:\/\/blog.solstis.ch\/index.php\/fr\/2016\/06\/01\/un-physicien-suisse-prime-dans-le-photovoltaique\/\"]}]},{\"@type\":\"ImageObject\",\"inLanguage\":\"fr-FR\",\"@id\":\"https:\/\/blog.solstis.ch\/index.php\/fr\/2016\/06\/01\/un-physicien-suisse-prime-dans-le-photovoltaique\/#primaryimage\",\"url\":\"https:\/\/blog.solstis.ch\/wp-content\/uploads\/2016\/06\/christophe-ballif.jpg\",\"contentUrl\":\"https:\/\/blog.solstis.ch\/wp-content\/uploads\/2016\/06\/christophe-ballif.jpg\",\"width\":640,\"height\":426,\"caption\":\"christophe-ballif\"},{\"@type\":\"BreadcrumbList\",\"@id\":\"https:\/\/blog.solstis.ch\/index.php\/fr\/2016\/06\/01\/un-physicien-suisse-prime-dans-le-photovoltaique\/#breadcrumb\",\"itemListElement\":[{\"@type\":\"ListItem\",\"position\":1,\"name\":\"Accueil\",\"item\":\"https:\/\/blog.solstis.ch\/index.php\/fr\/blog\/\"},{\"@type\":\"ListItem\",\"position\":2,\"name\":\"Un physicien suisse prim\u00e9 dans le photovolta\u00efque\"}]},{\"@type\":\"WebSite\",\"@id\":\"https:\/\/blog.solstis.ch\/#website\",\"url\":\"https:\/\/blog.solstis.ch\/\",\"name\":\"Solstis\",\"description\":\"Solstis, donner au monde l&#039;\u00e9nergie d&#039;\u00eatre durable.\",\"potentialAction\":[{\"@type\":\"SearchAction\",\"target\":{\"@type\":\"EntryPoint\",\"urlTemplate\":\"https:\/\/blog.solstis.ch\/?s={search_term_string}\"},\"query-input\":{\"@type\":\"PropertyValueSpecification\",\"valueRequired\":true,\"valueName\":\"search_term_string\"}}],\"inLanguage\":\"fr-FR\"},{\"@type\":\"Person\",\"@id\":\"https:\/\/blog.solstis.ch\/#\/schema\/person\/5a9f5ef0a66b3e68c712ab62eeb4a1f9\",\"name\":\"admin\",\"image\":{\"@type\":\"ImageObject\",\"inLanguage\":\"fr-FR\",\"@id\":\"https:\/\/blog.solstis.ch\/#\/schema\/person\/image\/\",\"url\":\"https:\/\/secure.gravatar.com\/avatar\/8ba8fd08281e45cafc408887276f0396?s=96&d=mm&r=g\",\"contentUrl\":\"https:\/\/secure.gravatar.com\/avatar\/8ba8fd08281e45cafc408887276f0396?s=96&d=mm&r=g\",\"caption\":\"admin\"},\"url\":\"https:\/\/blog.solstis.ch\/index.php\/author\/admin\/\"}]}<\/script>\n<!-- \/ Yoast SEO plugin. -->","yoast_head_json":{"title":"Un physicien suisse prim\u00e9 dans le photovolta\u00efque - Solstis","description":"Le physicien et professeur suisse Christophe Ballif a re\u00e7u la prestigieuse distinction du prix Becquerel 2016 pour son engagement dans le photovoltaique.\u00a0","robots":{"index":"index","follow":"follow","max-snippet":"max-snippet:-1","max-image-preview":"max-image-preview:large","max-video-preview":"max-video-preview:-1"},"canonical":"https:\/\/blog.solstis.ch\/index.php\/fr\/2016\/06\/01\/un-physicien-suisse-prime-dans-le-photovoltaique\/","og_locale":"fr_FR","og_type":"article","og_title":"Un physicien suisse prim\u00e9 dans le photovolta\u00efque - Solstis","og_description":"Le physicien et professeur suisse Christophe Ballif a re\u00e7u la prestigieuse distinction du prix Becquerel 2016 pour son engagement dans le photovoltaique.\u00a0","og_url":"https:\/\/blog.solstis.ch\/index.php\/fr\/2016\/06\/01\/un-physicien-suisse-prime-dans-le-photovoltaique\/","og_site_name":"Solstis","article_published_time":"2016-06-01T15:26:39+00:00","article_modified_time":"2016-06-01T15:28:06+00:00","og_image":[{"width":640,"height":426,"url":"https:\/\/blog.solstis.ch\/wp-content\/uploads\/2016\/06\/christophe-ballif.jpg","type":"image\/jpeg"}],"author":"admin","twitter_card":"summary_large_image","twitter_misc":{"\u00c9crit par":"admin","Dur\u00e9e de lecture estim\u00e9e":"1 minute"},"schema":{"@context":"https:\/\/schema.org","@graph":[{"@type":"WebPage","@id":"https:\/\/blog.solstis.ch\/index.php\/fr\/2016\/06\/01\/un-physicien-suisse-prime-dans-le-photovoltaique\/","url":"https:\/\/blog.solstis.ch\/index.php\/fr\/2016\/06\/01\/un-physicien-suisse-prime-dans-le-photovoltaique\/","name":"Un physicien suisse prim\u00e9 dans le photovolta\u00efque - Solstis","isPartOf":{"@id":"https:\/\/blog.solstis.ch\/#website"},"primaryImageOfPage":{"@id":"https:\/\/blog.solstis.ch\/index.php\/fr\/2016\/06\/01\/un-physicien-suisse-prime-dans-le-photovoltaique\/#primaryimage"},"image":{"@id":"https:\/\/blog.solstis.ch\/index.php\/fr\/2016\/06\/01\/un-physicien-suisse-prime-dans-le-photovoltaique\/#primaryimage"},"thumbnailUrl":"https:\/\/blog.solstis.ch\/wp-content\/uploads\/2016\/06\/christophe-ballif.jpg","datePublished":"2016-06-01T15:26:39+00:00","dateModified":"2016-06-01T15:28:06+00:00","author":{"@id":"https:\/\/blog.solstis.ch\/#\/schema\/person\/5a9f5ef0a66b3e68c712ab62eeb4a1f9"},"description":"Le physicien et professeur suisse Christophe Ballif a re\u00e7u la prestigieuse distinction du prix Becquerel 2016 pour son engagement dans le photovoltaique.\u00a0","breadcrumb":{"@id":"https:\/\/blog.solstis.ch\/index.php\/fr\/2016\/06\/01\/un-physicien-suisse-prime-dans-le-photovoltaique\/#breadcrumb"},"inLanguage":"fr-FR","potentialAction":[{"@type":"ReadAction","target":["https:\/\/blog.solstis.ch\/index.php\/fr\/2016\/06\/01\/un-physicien-suisse-prime-dans-le-photovoltaique\/"]}]},{"@type":"ImageObject","inLanguage":"fr-FR","@id":"https:\/\/blog.solstis.ch\/index.php\/fr\/2016\/06\/01\/un-physicien-suisse-prime-dans-le-photovoltaique\/#primaryimage","url":"https:\/\/blog.solstis.ch\/wp-content\/uploads\/2016\/06\/christophe-ballif.jpg","contentUrl":"https:\/\/blog.solstis.ch\/wp-content\/uploads\/2016\/06\/christophe-ballif.jpg","width":640,"height":426,"caption":"christophe-ballif"},{"@type":"BreadcrumbList","@id":"https:\/\/blog.solstis.ch\/index.php\/fr\/2016\/06\/01\/un-physicien-suisse-prime-dans-le-photovoltaique\/#breadcrumb","itemListElement":[{"@type":"ListItem","position":1,"name":"Accueil","item":"https:\/\/blog.solstis.ch\/index.php\/fr\/blog\/"},{"@type":"ListItem","position":2,"name":"Un physicien suisse prim\u00e9 dans le photovolta\u00efque"}]},{"@type":"WebSite","@id":"https:\/\/blog.solstis.ch\/#website","url":"https:\/\/blog.solstis.ch\/","name":"Solstis","description":"Solstis, donner au monde l&#039;\u00e9nergie d&#039;\u00eatre durable.","potentialAction":[{"@type":"SearchAction","target":{"@type":"EntryPoint","urlTemplate":"https:\/\/blog.solstis.ch\/?s={search_term_string}"},"query-input":{"@type":"PropertyValueSpecification","valueRequired":true,"valueName":"search_term_string"}}],"inLanguage":"fr-FR"},{"@type":"Person","@id":"https:\/\/blog.solstis.ch\/#\/schema\/person\/5a9f5ef0a66b3e68c712ab62eeb4a1f9","name":"admin","image":{"@type":"ImageObject","inLanguage":"fr-FR","@id":"https:\/\/blog.solstis.ch\/#\/schema\/person\/image\/","url":"https:\/\/secure.gravatar.com\/avatar\/8ba8fd08281e45cafc408887276f0396?s=96&d=mm&r=g","contentUrl":"https:\/\/secure.gravatar.com\/avatar\/8ba8fd08281e45cafc408887276f0396?s=96&d=mm&r=g","caption":"admin"},"url":"https:\/\/blog.solstis.ch\/index.php\/author\/admin\/"}]}},"jetpack_sharing_enabled":true,"jetpack_featured_media_url":"https:\/\/blog.solstis.ch\/wp-content\/uploads\/2016\/06\/christophe-ballif.jpg","jetpack_shortlink":"https:\/\/wp.me\/pa0tUs-8e","_links":{"self":[{"href":"https:\/\/blog.solstis.ch\/index.php\/wp-json\/wp\/v2\/posts\/510","targetHints":{"allow":["GET"]}}],"collection":[{"href":"https:\/\/blog.solstis.ch\/index.php\/wp-json\/wp\/v2\/posts"}],"about":[{"href":"https:\/\/blog.solstis.ch\/index.php\/wp-json\/wp\/v2\/types\/post"}],"author":[{"embeddable":true,"href":"https:\/\/blog.solstis.ch\/index.php\/wp-json\/wp\/v2\/users\/1"}],"replies":[{"embeddable":true,"href":"https:\/\/blog.solstis.ch\/index.php\/wp-json\/wp\/v2\/comments?post=510"}],"version-history":[{"count":1,"href":"https:\/\/blog.solstis.ch\/index.php\/wp-json\/wp\/v2\/posts\/510\/revisions"}],"predecessor-version":[{"id":511,"href":"https:\/\/blog.solstis.ch\/index.php\/wp-json\/wp\/v2\/posts\/510\/revisions\/511"}],"wp:featuredmedia":[{"embeddable":true,"href":"https:\/\/blog.solstis.ch\/index.php\/wp-json\/wp\/v2\/media\/512"}],"wp:attachment":[{"href":"https:\/\/blog.solstis.ch\/index.php\/wp-json\/wp\/v2\/media?parent=510"}],"wp:term":[{"taxonomy":"category","embeddable":true,"href":"https:\/\/blog.solstis.ch\/index.php\/wp-json\/wp\/v2\/categories?post=510"},{"taxonomy":"post_tag","embeddable":true,"href":"https:\/\/blog.solstis.ch\/index.php\/wp-json\/wp\/v2\/tags?post=510"}],"curies":[{"name":"wp","href":"https:\/\/api.w.org\/{rel}","templated":true}]}}