{"id":501,"date":"2016-05-18T08:57:45","date_gmt":"2016-05-18T07:57:45","guid":{"rendered":"http:\/\/blog.solstis.ch\/?p=501"},"modified":"2016-05-19T14:26:18","modified_gmt":"2016-05-19T13:26:18","slug":"stockage-energie","status":"publish","type":"post","link":"https:\/\/blog.solstis.ch\/index.php\/fr\/2016\/05\/18\/stockage-energie\/","title":{"rendered":"L\u2019avenir du stockage de l\u2019\u00e9nergie"},"content":{"rendered":"<p><strong>Le parc de production d\u2019\u00e9lectricit\u00e9 est d\u00e9pass\u00e9\u00a0!<\/strong><\/p>\n<p>C\u2019est le constat \u00e9tabli par 64% des cadres dirigeants d&rsquo;op\u00e9rateurs d&rsquo;\u00e9lectricit\u00e9 en Europe et 45% dans le monde*. En cause\u00a0? Des probl\u00e8mes\u00a0li\u00e9s aux co\u00fbts de production \u00e0 l\u2019entretien des centrales nucl\u00e9aires. En effet, la pollution des centrales thermiques au charbon soul\u00e8ve de v\u00e9ritables inqui\u00e9tudes\u00a0! D\u2019apr\u00e8s cette \u00e9tude, donc, si le secteur de l&rsquo;\u00e9nergie n&rsquo;engage pas une profonde r\u00e9volution digitale, r\u00e9glementaire et op\u00e9rationnelle, la pression qui repose sur les \u00e9paules des gestionnaires de r\u00e9seaux ne va cesser de s\u2019accentuer.<\/p>\n<p><strong>Le stockage de l&rsquo;\u00e9nergie\u00a0: au coeur des enjeux de demain\u00a0<\/strong><\/p>\n<p>La multiplication des structures de production d\u00e9centralis\u00e9es constitue, depuis quelques ann\u00e9es, un d\u00e9fi majeur pour les distributeurs. Sur 85 cadres dirigeants interrog\u00e9s dans 19 pays, plus de la moiti\u00e9, soit 56%, anticipe une <strong>augmentation du nombre de dysfonctionnements<\/strong> affectant les r\u00e9seaux d&rsquo;ici \u00e0 2020. Le stockage de l&rsquo;\u00e9lectricit\u00e9 pourrait par ailleurs devenir un facteur de disruption majeur : 32% des dirigeants interrog\u00e9s s&rsquo;attendent \u00e0 ce qu&rsquo;il entra\u00eene une augmentation du nombre de d\u00e9faillances avec les programmes d\u2019\u00e9nergies renouvelables ou photovolta\u00efques.<\/p>\n<p><strong>Vers une baisse des co\u00fbts de stockage\u00a0?<\/strong><\/p>\n<p>La <strong>baisse des co\u00fbts de stockage<\/strong> pourrait renforcer l&rsquo;attractivit\u00e9 \u00e9conomique du photovolta\u00efque r\u00e9sidentiel dans les pays tels que l&rsquo;Espagne et l&rsquo;Allemagne ou encore en Californie o\u00f9 les op\u00e9rateurs pratiquent des prix \u00e9lev\u00e9s en p\u00e9riode de surconsommation. Un nouvel eldorado concurrentiel se profil \u00e0 l\u2019horizon des op\u00e9rateurs\u00a0dont 77% envisagent une baisse des co\u00fbts dans les 10 prochaines ann\u00e9es.<\/p>\n<p><strong>Un repositionnement capital<\/strong><\/p>\n<p>La r\u00e9ussite de ces transformations n\u00e9cessitera une collaboration plus \u00e9troite avec les r\u00e9gulateurs. Pour plus de 60% des dirigeants du secteur, il faudra un renforcer le r\u00f4le des entreprises de distribution et mettre en place un r\u00e9seau \u00e9lectrique intelligent.<\/p>\n<p><strong>Notre expertise\u00a0:\u00a0<\/strong><b><i>Solstis est d\u00e9sormais <\/i><\/b><span class=\"s1\"><b><i>\u00ab\u00a0authorized reseller\u00a0\u00bb <\/i><\/b><\/span><b><i>de la batterie <\/i><\/b><span class=\"s1\"><b><i>Powerwall de Tesla Energy <\/i><\/b><\/span><b><i>et offre \u00e9galement les marques Varta et Kostal, bas\u00e9es sur les deux approches du stockage\u00a0: stockage DC ou AC.<\/i><\/b><\/p>\n<p><em>* Selon la 3<sup>\u00e8me<\/sup> \u00e9dition de l\u2019\u00e9tude DigitallyEnabled Grid, publi\u00e9e par Accenture.<\/em><\/p>\n<p><em>L\u00e9gende photo:\u00a0Solstis vient de mettre en service sa premi\u00e8re installation raccord\u00e9e au r\u00e9seau avec batterie.<\/em><\/p>\n<p>&nbsp;<\/p>\n","protected":false},"excerpt":{"rendered":"<p>Le parc de production d\u2019\u00e9lectricit\u00e9 est d\u00e9pass\u00e9\u00a0! C\u2019est le constat \u00e9tabli par 64% des cadres dirigeants d&rsquo;op\u00e9rateurs d&rsquo;\u00e9lectricit\u00e9 en Europe [&hellip;]<\/p>\n","protected":false},"author":1,"featured_media":506,"comment_status":"open","ping_status":"open","sticky":false,"template":"","format":"standard","meta":{"jetpack_post_was_ever_published":false,"_jetpack_newsletter_access":"","_jetpack_dont_email_post_to_subs":false,"_jetpack_newsletter_tier_id":0,"_jetpack_memberships_contains_paywalled_content":false,"_jetpack_memberships_contains_paid_content":false,"footnotes":"","jetpack_publicize_message":"","jetpack_publicize_feature_enabled":true,"jetpack_social_post_already_shared":false,"jetpack_social_options":{"image_generator_settings":{"template":"highway","enabled":false},"version":2}},"categories":[33],"tags":[],"class_list":["post-501","post","type-post","status-publish","format-standard","has-post-thumbnail","hentry","category-energie"],"jetpack_publicize_connections":[],"yoast_head":"<!-- This site is optimized with the Yoast SEO plugin v23.8 - https:\/\/yoast.com\/wordpress\/plugins\/seo\/ -->\n<title>L\u2019avenir du stockage de l\u2019\u00e9nergie - Solstis<\/title>\n<meta name=\"description\" content=\"Le parc de production d\u2019\u00e9lectricit\u00e9 est d\u00e9pass\u00e9\u00a0!\u00a0C\u2019est le constat \u00e9tabli par 64% des cadres dirigeants d&#039;op\u00e9rateurs d&#039;\u00e9lectricit\u00e9 en Europe.\" \/>\n<meta name=\"robots\" content=\"index, follow, max-snippet:-1, max-image-preview:large, max-video-preview:-1\" \/>\n<link rel=\"canonical\" href=\"https:\/\/blog.solstis.ch\/index.php\/fr\/2016\/05\/18\/stockage-energie\/\" \/>\n<meta property=\"og:locale\" content=\"fr_FR\" \/>\n<meta property=\"og:type\" content=\"article\" \/>\n<meta property=\"og:title\" content=\"L\u2019avenir du stockage de l\u2019\u00e9nergie - Solstis\" \/>\n<meta property=\"og:description\" content=\"Le parc de production d\u2019\u00e9lectricit\u00e9 est d\u00e9pass\u00e9\u00a0!\u00a0C\u2019est le constat \u00e9tabli par 64% des cadres dirigeants d&#039;op\u00e9rateurs d&#039;\u00e9lectricit\u00e9 en Europe.\" \/>\n<meta property=\"og:url\" content=\"https:\/\/blog.solstis.ch\/index.php\/fr\/2016\/05\/18\/stockage-energie\/\" \/>\n<meta property=\"og:site_name\" content=\"Solstis\" \/>\n<meta property=\"article:published_time\" content=\"2016-05-18T07:57:45+00:00\" \/>\n<meta property=\"article:modified_time\" content=\"2016-05-19T13:26:18+00:00\" \/>\n<meta property=\"og:image\" content=\"https:\/\/blog.solstis.ch\/wp-content\/uploads\/2016\/05\/photo-batterie.jpg\" \/>\n\t<meta property=\"og:image:width\" content=\"1177\" \/>\n\t<meta property=\"og:image:height\" content=\"633\" \/>\n\t<meta property=\"og:image:type\" content=\"image\/jpeg\" \/>\n<meta name=\"author\" content=\"admin\" \/>\n<meta name=\"twitter:card\" content=\"summary_large_image\" \/>\n<meta name=\"twitter:label1\" content=\"\u00c9crit par\" \/>\n\t<meta name=\"twitter:data1\" content=\"admin\" \/>\n\t<meta name=\"twitter:label2\" content=\"Dur\u00e9e de lecture estim\u00e9e\" \/>\n\t<meta name=\"twitter:data2\" content=\"2 minutes\" \/>\n<script type=\"application\/ld+json\" class=\"yoast-schema-graph\">{\"@context\":\"https:\/\/schema.org\",\"@graph\":[{\"@type\":\"WebPage\",\"@id\":\"https:\/\/blog.solstis.ch\/index.php\/fr\/2016\/05\/18\/stockage-energie\/\",\"url\":\"https:\/\/blog.solstis.ch\/index.php\/fr\/2016\/05\/18\/stockage-energie\/\",\"name\":\"L\u2019avenir du stockage de l\u2019\u00e9nergie - Solstis\",\"isPartOf\":{\"@id\":\"https:\/\/blog.solstis.ch\/#website\"},\"primaryImageOfPage\":{\"@id\":\"https:\/\/blog.solstis.ch\/index.php\/fr\/2016\/05\/18\/stockage-energie\/#primaryimage\"},\"image\":{\"@id\":\"https:\/\/blog.solstis.ch\/index.php\/fr\/2016\/05\/18\/stockage-energie\/#primaryimage\"},\"thumbnailUrl\":\"https:\/\/blog.solstis.ch\/wp-content\/uploads\/2016\/05\/photo-batterie.jpg\",\"datePublished\":\"2016-05-18T07:57:45+00:00\",\"dateModified\":\"2016-05-19T13:26:18+00:00\",\"author\":{\"@id\":\"https:\/\/blog.solstis.ch\/#\/schema\/person\/5a9f5ef0a66b3e68c712ab62eeb4a1f9\"},\"description\":\"Le parc de production d\u2019\u00e9lectricit\u00e9 est d\u00e9pass\u00e9\u00a0!\u00a0C\u2019est le constat \u00e9tabli par 64% des cadres dirigeants d'op\u00e9rateurs d'\u00e9lectricit\u00e9 en Europe.\",\"breadcrumb\":{\"@id\":\"https:\/\/blog.solstis.ch\/index.php\/fr\/2016\/05\/18\/stockage-energie\/#breadcrumb\"},\"inLanguage\":\"fr-FR\",\"potentialAction\":[{\"@type\":\"ReadAction\",\"target\":[\"https:\/\/blog.solstis.ch\/index.php\/fr\/2016\/05\/18\/stockage-energie\/\"]}]},{\"@type\":\"ImageObject\",\"inLanguage\":\"fr-FR\",\"@id\":\"https:\/\/blog.solstis.ch\/index.php\/fr\/2016\/05\/18\/stockage-energie\/#primaryimage\",\"url\":\"https:\/\/blog.solstis.ch\/wp-content\/uploads\/2016\/05\/photo-batterie.jpg\",\"contentUrl\":\"https:\/\/blog.solstis.ch\/wp-content\/uploads\/2016\/05\/photo-batterie.jpg\",\"width\":1177,\"height\":633,\"caption\":\"batterie\"},{\"@type\":\"BreadcrumbList\",\"@id\":\"https:\/\/blog.solstis.ch\/index.php\/fr\/2016\/05\/18\/stockage-energie\/#breadcrumb\",\"itemListElement\":[{\"@type\":\"ListItem\",\"position\":1,\"name\":\"Accueil\",\"item\":\"https:\/\/blog.solstis.ch\/index.php\/fr\/blog\/\"},{\"@type\":\"ListItem\",\"position\":2,\"name\":\"L\u2019avenir du stockage de l\u2019\u00e9nergie\"}]},{\"@type\":\"WebSite\",\"@id\":\"https:\/\/blog.solstis.ch\/#website\",\"url\":\"https:\/\/blog.solstis.ch\/\",\"name\":\"Solstis\",\"description\":\"Solstis, donner au monde l&#039;\u00e9nergie d&#039;\u00eatre durable.\",\"potentialAction\":[{\"@type\":\"SearchAction\",\"target\":{\"@type\":\"EntryPoint\",\"urlTemplate\":\"https:\/\/blog.solstis.ch\/?s={search_term_string}\"},\"query-input\":{\"@type\":\"PropertyValueSpecification\",\"valueRequired\":true,\"valueName\":\"search_term_string\"}}],\"inLanguage\":\"fr-FR\"},{\"@type\":\"Person\",\"@id\":\"https:\/\/blog.solstis.ch\/#\/schema\/person\/5a9f5ef0a66b3e68c712ab62eeb4a1f9\",\"name\":\"admin\",\"image\":{\"@type\":\"ImageObject\",\"inLanguage\":\"fr-FR\",\"@id\":\"https:\/\/blog.solstis.ch\/#\/schema\/person\/image\/\",\"url\":\"https:\/\/secure.gravatar.com\/avatar\/8ba8fd08281e45cafc408887276f0396?s=96&d=mm&r=g\",\"contentUrl\":\"https:\/\/secure.gravatar.com\/avatar\/8ba8fd08281e45cafc408887276f0396?s=96&d=mm&r=g\",\"caption\":\"admin\"},\"url\":\"https:\/\/blog.solstis.ch\/index.php\/author\/admin\/\"}]}<\/script>\n<!-- \/ Yoast SEO plugin. -->","yoast_head_json":{"title":"L\u2019avenir du stockage de l\u2019\u00e9nergie - Solstis","description":"Le parc de production d\u2019\u00e9lectricit\u00e9 est d\u00e9pass\u00e9\u00a0!\u00a0C\u2019est le constat \u00e9tabli par 64% des cadres dirigeants d'op\u00e9rateurs d'\u00e9lectricit\u00e9 en Europe.","robots":{"index":"index","follow":"follow","max-snippet":"max-snippet:-1","max-image-preview":"max-image-preview:large","max-video-preview":"max-video-preview:-1"},"canonical":"https:\/\/blog.solstis.ch\/index.php\/fr\/2016\/05\/18\/stockage-energie\/","og_locale":"fr_FR","og_type":"article","og_title":"L\u2019avenir du stockage de l\u2019\u00e9nergie - Solstis","og_description":"Le parc de production d\u2019\u00e9lectricit\u00e9 est d\u00e9pass\u00e9\u00a0!\u00a0C\u2019est le constat \u00e9tabli par 64% des cadres dirigeants d'op\u00e9rateurs d'\u00e9lectricit\u00e9 en Europe.","og_url":"https:\/\/blog.solstis.ch\/index.php\/fr\/2016\/05\/18\/stockage-energie\/","og_site_name":"Solstis","article_published_time":"2016-05-18T07:57:45+00:00","article_modified_time":"2016-05-19T13:26:18+00:00","og_image":[{"width":1177,"height":633,"url":"https:\/\/blog.solstis.ch\/wp-content\/uploads\/2016\/05\/photo-batterie.jpg","type":"image\/jpeg"}],"author":"admin","twitter_card":"summary_large_image","twitter_misc":{"\u00c9crit par":"admin","Dur\u00e9e de lecture estim\u00e9e":"2 minutes"},"schema":{"@context":"https:\/\/schema.org","@graph":[{"@type":"WebPage","@id":"https:\/\/blog.solstis.ch\/index.php\/fr\/2016\/05\/18\/stockage-energie\/","url":"https:\/\/blog.solstis.ch\/index.php\/fr\/2016\/05\/18\/stockage-energie\/","name":"L\u2019avenir du stockage de l\u2019\u00e9nergie - Solstis","isPartOf":{"@id":"https:\/\/blog.solstis.ch\/#website"},"primaryImageOfPage":{"@id":"https:\/\/blog.solstis.ch\/index.php\/fr\/2016\/05\/18\/stockage-energie\/#primaryimage"},"image":{"@id":"https:\/\/blog.solstis.ch\/index.php\/fr\/2016\/05\/18\/stockage-energie\/#primaryimage"},"thumbnailUrl":"https:\/\/blog.solstis.ch\/wp-content\/uploads\/2016\/05\/photo-batterie.jpg","datePublished":"2016-05-18T07:57:45+00:00","dateModified":"2016-05-19T13:26:18+00:00","author":{"@id":"https:\/\/blog.solstis.ch\/#\/schema\/person\/5a9f5ef0a66b3e68c712ab62eeb4a1f9"},"description":"Le parc de production d\u2019\u00e9lectricit\u00e9 est d\u00e9pass\u00e9\u00a0!\u00a0C\u2019est le constat \u00e9tabli par 64% des cadres dirigeants d'op\u00e9rateurs d'\u00e9lectricit\u00e9 en Europe.","breadcrumb":{"@id":"https:\/\/blog.solstis.ch\/index.php\/fr\/2016\/05\/18\/stockage-energie\/#breadcrumb"},"inLanguage":"fr-FR","potentialAction":[{"@type":"ReadAction","target":["https:\/\/blog.solstis.ch\/index.php\/fr\/2016\/05\/18\/stockage-energie\/"]}]},{"@type":"ImageObject","inLanguage":"fr-FR","@id":"https:\/\/blog.solstis.ch\/index.php\/fr\/2016\/05\/18\/stockage-energie\/#primaryimage","url":"https:\/\/blog.solstis.ch\/wp-content\/uploads\/2016\/05\/photo-batterie.jpg","contentUrl":"https:\/\/blog.solstis.ch\/wp-content\/uploads\/2016\/05\/photo-batterie.jpg","width":1177,"height":633,"caption":"batterie"},{"@type":"BreadcrumbList","@id":"https:\/\/blog.solstis.ch\/index.php\/fr\/2016\/05\/18\/stockage-energie\/#breadcrumb","itemListElement":[{"@type":"ListItem","position":1,"name":"Accueil","item":"https:\/\/blog.solstis.ch\/index.php\/fr\/blog\/"},{"@type":"ListItem","position":2,"name":"L\u2019avenir du stockage de l\u2019\u00e9nergie"}]},{"@type":"WebSite","@id":"https:\/\/blog.solstis.ch\/#website","url":"https:\/\/blog.solstis.ch\/","name":"Solstis","description":"Solstis, donner au monde l&#039;\u00e9nergie d&#039;\u00eatre durable.","potentialAction":[{"@type":"SearchAction","target":{"@type":"EntryPoint","urlTemplate":"https:\/\/blog.solstis.ch\/?s={search_term_string}"},"query-input":{"@type":"PropertyValueSpecification","valueRequired":true,"valueName":"search_term_string"}}],"inLanguage":"fr-FR"},{"@type":"Person","@id":"https:\/\/blog.solstis.ch\/#\/schema\/person\/5a9f5ef0a66b3e68c712ab62eeb4a1f9","name":"admin","image":{"@type":"ImageObject","inLanguage":"fr-FR","@id":"https:\/\/blog.solstis.ch\/#\/schema\/person\/image\/","url":"https:\/\/secure.gravatar.com\/avatar\/8ba8fd08281e45cafc408887276f0396?s=96&d=mm&r=g","contentUrl":"https:\/\/secure.gravatar.com\/avatar\/8ba8fd08281e45cafc408887276f0396?s=96&d=mm&r=g","caption":"admin"},"url":"https:\/\/blog.solstis.ch\/index.php\/author\/admin\/"}]}},"jetpack_sharing_enabled":true,"jetpack_featured_media_url":"https:\/\/blog.solstis.ch\/wp-content\/uploads\/2016\/05\/photo-batterie.jpg","jetpack_shortlink":"https:\/\/wp.me\/pa0tUs-85","_links":{"self":[{"href":"https:\/\/blog.solstis.ch\/index.php\/wp-json\/wp\/v2\/posts\/501","targetHints":{"allow":["GET"]}}],"collection":[{"href":"https:\/\/blog.solstis.ch\/index.php\/wp-json\/wp\/v2\/posts"}],"about":[{"href":"https:\/\/blog.solstis.ch\/index.php\/wp-json\/wp\/v2\/types\/post"}],"author":[{"embeddable":true,"href":"https:\/\/blog.solstis.ch\/index.php\/wp-json\/wp\/v2\/users\/1"}],"replies":[{"embeddable":true,"href":"https:\/\/blog.solstis.ch\/index.php\/wp-json\/wp\/v2\/comments?post=501"}],"version-history":[{"count":5,"href":"https:\/\/blog.solstis.ch\/index.php\/wp-json\/wp\/v2\/posts\/501\/revisions"}],"predecessor-version":[{"id":508,"href":"https:\/\/blog.solstis.ch\/index.php\/wp-json\/wp\/v2\/posts\/501\/revisions\/508"}],"wp:featuredmedia":[{"embeddable":true,"href":"https:\/\/blog.solstis.ch\/index.php\/wp-json\/wp\/v2\/media\/506"}],"wp:attachment":[{"href":"https:\/\/blog.solstis.ch\/index.php\/wp-json\/wp\/v2\/media?parent=501"}],"wp:term":[{"taxonomy":"category","embeddable":true,"href":"https:\/\/blog.solstis.ch\/index.php\/wp-json\/wp\/v2\/categories?post=501"},{"taxonomy":"post_tag","embeddable":true,"href":"https:\/\/blog.solstis.ch\/index.php\/wp-json\/wp\/v2\/tags?post=501"}],"curies":[{"name":"wp","href":"https:\/\/api.w.org\/{rel}","templated":true}]}}