{"id":479,"date":"2016-04-18T08:49:43","date_gmt":"2016-04-18T07:49:43","guid":{"rendered":"http:\/\/blog.solstis.ch\/?p=479"},"modified":"2016-04-18T08:52:36","modified_gmt":"2016-04-18T07:52:36","slug":"salon-habitat-jardin","status":"publish","type":"post","link":"https:\/\/blog.solstis.ch\/index.php\/fr\/2016\/04\/18\/salon-habitat-jardin\/","title":{"rendered":"Un bilan positif pour Solstis au Salon Habitat &#038; Jardin 2016 !"},"content":{"rendered":"<p><strong>Du 12 au 20 mars dernier, Solstis a particip\u00e9 au <a href=\"http:\/\/www.habitat-jardin.ch\" target=\"_blank\">Salon Habitat &#038; Jardin<\/a>, le rendez-vous incontournable des propri\u00e9taires immobiliers \u00e0 Lausanne. Retour sur 9 jours d\u2019\u00e9changes et de nouveaut\u00e9s.<\/strong><\/p>\n<p>Au c\u0153ur de la Suisse Romande, le Salon Habitat &#038; Jardin est Le rendez-vous incontournable des actuels et futurs propri\u00e9taires de biens immobiliers ! Avec 78 000 visiteurs par an, l\u2019\u00e9v\u00e9nement constitue une formidable plateforme d\u2019\u00e9changes pour la concr\u00e9tisation des projets immobiliers des visiteurs ou leurs am\u00e9nagements ext\u00e9rieurs. Pour les conseiller : 500 exposants repr\u00e9sentant 12 secteurs compl\u00e9mentaires dans l\u2019immobilier sont pr\u00e9sents tout au long du salon. Acteur cl\u00e9 du photovolta\u00efque, nous y exposons depuis 2003 sur notre stand de 60m2 !<\/p>\n<p><strong>Un partenariat avec la ville !<\/strong><br \/>\nLe Salon Habitat &#038; Jardin nous a permis de c\u00e9l\u00e9brer notre partenariat avec les <a href=\"http:\/\/www.lausanne.ch\/energies-reseaux\/les-sil.html\" target=\"_blank\">Services industriels de Lausanne (SiL)<\/a> pour l\u2019offre photovolta\u00efque cl\u00e9 en mains \u00ab <a href=\"http:\/\/www.solanne.ch\" target=\"_blank\">Solanne <\/a>\u00bb. Celle-ci permet aux propri\u00e9taires de maisons individuelles de devenir producteur et consommateur d\u2019\u00e9nergie solaire et de jouer ainsi un r\u00f4le dans le d\u00e9veloppement des \u00e9nergies renouvelables.<\/p>\n<p><strong>200 \u00e9changes autour de nos nouveaut\u00e9s<\/strong><br \/>\nUne vingtaine de rencontres ont eu lieu chaque jour sur notre stand ! L\u2019occasion de pr\u00e9senter nos nouveaut\u00e9s comme le syst\u00e8me de stockage (Tesla et Varta) ou encore notre <a href=\"http:\/\/www.lerobot.ch\" target=\"_blank\">robot de nettoyage<\/a>. Cet outil robotis\u00e9 est destin\u00e9 aux toitures solaires ! Gr\u00e2ce \u00e0 une arriv\u00e9e d\u2019eau, une camionnette, un compresseur, une nacelle, une g\u00e9n\u00e9ratrice, un syst\u00e8me de chauffage de l\u2019eau et un osmoseur pour \u00f4ter le calcaire de l\u2019eau, le nettoyage se fait sans risque de devoir marcher sur les modules. Comment \u00e7a marche ? Malin, <a href=\"http:\/\/www.lerobot.ch\/\" target=\"_blank\">le robot laveur Gekko Solar<\/a>, muni de pattes \u00e0 ventouses, s\u2019agrippe \u00e0 la surface lisse et inclin\u00e9e des centrales solaires de toiture. Il effectue son nettoyage avec l\u2019aide d\u2019un c\u00e2ble flexible qui am\u00e8ne l\u2019eau d\u00e9min\u00e9ralis\u00e9e et le courant \u00e9lectrique n\u00e9cessaires \u00e0 son fonctionnement.<\/p>\n","protected":false},"excerpt":{"rendered":"<p>Du 12 au 20 mars dernier, Solstis a particip\u00e9 au Salon Habitat &#038; Jardin, le rendez-vous incontournable des propri\u00e9taires immobiliers [&hellip;]<\/p>\n","protected":false},"author":1,"featured_media":480,"comment_status":"open","ping_status":"open","sticky":false,"template":"","format":"standard","meta":{"jetpack_post_was_ever_published":false,"_jetpack_newsletter_access":"","_jetpack_dont_email_post_to_subs":false,"_jetpack_newsletter_tier_id":0,"_jetpack_memberships_contains_paywalled_content":false,"_jetpack_memberships_contains_paid_content":false,"footnotes":"","jetpack_publicize_message":"","jetpack_publicize_feature_enabled":true,"jetpack_social_post_already_shared":false,"jetpack_social_options":{"image_generator_settings":{"template":"highway","enabled":false},"version":2}},"categories":[115],"tags":[220],"class_list":["post-479","post","type-post","status-publish","format-standard","has-post-thumbnail","hentry","category-actualite","tag-salon"],"jetpack_publicize_connections":[],"yoast_head":"<!-- This site is optimized with the Yoast SEO plugin v23.8 - https:\/\/yoast.com\/wordpress\/plugins\/seo\/ -->\n<title>Un bilan positif pour Solstis au Salon Habitat &amp; Jardin 2016 ! - Solstis<\/title>\n<meta name=\"description\" content=\"Du 12 au 20 mars dernier, Solstis a particip\u00e9 au Salon Habitat &amp; Jardin, le rendez-vous incontournable des propri\u00e9taires immobiliers \u00e0 Lausanne.\" \/>\n<meta name=\"robots\" content=\"index, follow, max-snippet:-1, max-image-preview:large, max-video-preview:-1\" \/>\n<link rel=\"canonical\" href=\"https:\/\/blog.solstis.ch\/index.php\/fr\/2016\/04\/18\/salon-habitat-jardin\/\" \/>\n<meta property=\"og:locale\" content=\"fr_FR\" \/>\n<meta property=\"og:type\" content=\"article\" \/>\n<meta property=\"og:title\" content=\"Un bilan positif pour Solstis au Salon Habitat &amp; Jardin 2016 ! - Solstis\" \/>\n<meta property=\"og:description\" content=\"Du 12 au 20 mars dernier, Solstis a particip\u00e9 au Salon Habitat &amp; Jardin, le rendez-vous incontournable des propri\u00e9taires immobiliers \u00e0 Lausanne.\" \/>\n<meta property=\"og:url\" content=\"https:\/\/blog.solstis.ch\/index.php\/fr\/2016\/04\/18\/salon-habitat-jardin\/\" \/>\n<meta property=\"og:site_name\" content=\"Solstis\" \/>\n<meta property=\"article:published_time\" content=\"2016-04-18T07:49:43+00:00\" \/>\n<meta property=\"article:modified_time\" content=\"2016-04-18T07:52:36+00:00\" \/>\n<meta property=\"og:image\" content=\"https:\/\/blog.solstis.ch\/wp-content\/uploads\/2016\/04\/Solstis-salon-habitat-jardin.jpg\" \/>\n\t<meta property=\"og:image:width\" content=\"600\" \/>\n\t<meta property=\"og:image:height\" content=\"428\" \/>\n\t<meta property=\"og:image:type\" content=\"image\/jpeg\" \/>\n<meta name=\"author\" content=\"admin\" \/>\n<meta name=\"twitter:card\" content=\"summary_large_image\" \/>\n<meta name=\"twitter:label1\" content=\"\u00c9crit par\" \/>\n\t<meta name=\"twitter:data1\" content=\"admin\" \/>\n\t<meta name=\"twitter:label2\" content=\"Dur\u00e9e de lecture estim\u00e9e\" \/>\n\t<meta name=\"twitter:data2\" content=\"2 minutes\" \/>\n<script type=\"application\/ld+json\" class=\"yoast-schema-graph\">{\"@context\":\"https:\/\/schema.org\",\"@graph\":[{\"@type\":\"WebPage\",\"@id\":\"https:\/\/blog.solstis.ch\/index.php\/fr\/2016\/04\/18\/salon-habitat-jardin\/\",\"url\":\"https:\/\/blog.solstis.ch\/index.php\/fr\/2016\/04\/18\/salon-habitat-jardin\/\",\"name\":\"Un bilan positif pour Solstis au Salon Habitat & Jardin 2016 ! - Solstis\",\"isPartOf\":{\"@id\":\"https:\/\/blog.solstis.ch\/#website\"},\"primaryImageOfPage\":{\"@id\":\"https:\/\/blog.solstis.ch\/index.php\/fr\/2016\/04\/18\/salon-habitat-jardin\/#primaryimage\"},\"image\":{\"@id\":\"https:\/\/blog.solstis.ch\/index.php\/fr\/2016\/04\/18\/salon-habitat-jardin\/#primaryimage\"},\"thumbnailUrl\":\"https:\/\/blog.solstis.ch\/wp-content\/uploads\/2016\/04\/Solstis-salon-habitat-jardin.jpg\",\"datePublished\":\"2016-04-18T07:49:43+00:00\",\"dateModified\":\"2016-04-18T07:52:36+00:00\",\"author\":{\"@id\":\"https:\/\/blog.solstis.ch\/#\/schema\/person\/5a9f5ef0a66b3e68c712ab62eeb4a1f9\"},\"description\":\"Du 12 au 20 mars dernier, Solstis a particip\u00e9 au Salon Habitat & Jardin, le rendez-vous incontournable des propri\u00e9taires immobiliers \u00e0 Lausanne.\",\"breadcrumb\":{\"@id\":\"https:\/\/blog.solstis.ch\/index.php\/fr\/2016\/04\/18\/salon-habitat-jardin\/#breadcrumb\"},\"inLanguage\":\"fr-FR\",\"potentialAction\":[{\"@type\":\"ReadAction\",\"target\":[\"https:\/\/blog.solstis.ch\/index.php\/fr\/2016\/04\/18\/salon-habitat-jardin\/\"]}]},{\"@type\":\"ImageObject\",\"inLanguage\":\"fr-FR\",\"@id\":\"https:\/\/blog.solstis.ch\/index.php\/fr\/2016\/04\/18\/salon-habitat-jardin\/#primaryimage\",\"url\":\"https:\/\/blog.solstis.ch\/wp-content\/uploads\/2016\/04\/Solstis-salon-habitat-jardin.jpg\",\"contentUrl\":\"https:\/\/blog.solstis.ch\/wp-content\/uploads\/2016\/04\/Solstis-salon-habitat-jardin.jpg\",\"width\":600,\"height\":428,\"caption\":\"Solstis-salon-habitat-jardin\"},{\"@type\":\"BreadcrumbList\",\"@id\":\"https:\/\/blog.solstis.ch\/index.php\/fr\/2016\/04\/18\/salon-habitat-jardin\/#breadcrumb\",\"itemListElement\":[{\"@type\":\"ListItem\",\"position\":1,\"name\":\"Accueil\",\"item\":\"https:\/\/blog.solstis.ch\/index.php\/fr\/blog\/\"},{\"@type\":\"ListItem\",\"position\":2,\"name\":\"Un bilan positif pour Solstis au Salon Habitat &#038; Jardin 2016 !\"}]},{\"@type\":\"WebSite\",\"@id\":\"https:\/\/blog.solstis.ch\/#website\",\"url\":\"https:\/\/blog.solstis.ch\/\",\"name\":\"Solstis\",\"description\":\"Solstis, donner au monde l&#039;\u00e9nergie d&#039;\u00eatre durable.\",\"potentialAction\":[{\"@type\":\"SearchAction\",\"target\":{\"@type\":\"EntryPoint\",\"urlTemplate\":\"https:\/\/blog.solstis.ch\/?s={search_term_string}\"},\"query-input\":{\"@type\":\"PropertyValueSpecification\",\"valueRequired\":true,\"valueName\":\"search_term_string\"}}],\"inLanguage\":\"fr-FR\"},{\"@type\":\"Person\",\"@id\":\"https:\/\/blog.solstis.ch\/#\/schema\/person\/5a9f5ef0a66b3e68c712ab62eeb4a1f9\",\"name\":\"admin\",\"image\":{\"@type\":\"ImageObject\",\"inLanguage\":\"fr-FR\",\"@id\":\"https:\/\/blog.solstis.ch\/#\/schema\/person\/image\/\",\"url\":\"https:\/\/secure.gravatar.com\/avatar\/8ba8fd08281e45cafc408887276f0396?s=96&d=mm&r=g\",\"contentUrl\":\"https:\/\/secure.gravatar.com\/avatar\/8ba8fd08281e45cafc408887276f0396?s=96&d=mm&r=g\",\"caption\":\"admin\"},\"url\":\"https:\/\/blog.solstis.ch\/index.php\/author\/admin\/\"}]}<\/script>\n<!-- \/ Yoast SEO plugin. -->","yoast_head_json":{"title":"Un bilan positif pour Solstis au Salon Habitat & Jardin 2016 ! - Solstis","description":"Du 12 au 20 mars dernier, Solstis a particip\u00e9 au Salon Habitat & Jardin, le rendez-vous incontournable des propri\u00e9taires immobiliers \u00e0 Lausanne.","robots":{"index":"index","follow":"follow","max-snippet":"max-snippet:-1","max-image-preview":"max-image-preview:large","max-video-preview":"max-video-preview:-1"},"canonical":"https:\/\/blog.solstis.ch\/index.php\/fr\/2016\/04\/18\/salon-habitat-jardin\/","og_locale":"fr_FR","og_type":"article","og_title":"Un bilan positif pour Solstis au Salon Habitat & Jardin 2016 ! - Solstis","og_description":"Du 12 au 20 mars dernier, Solstis a particip\u00e9 au Salon Habitat & Jardin, le rendez-vous incontournable des propri\u00e9taires immobiliers \u00e0 Lausanne.","og_url":"https:\/\/blog.solstis.ch\/index.php\/fr\/2016\/04\/18\/salon-habitat-jardin\/","og_site_name":"Solstis","article_published_time":"2016-04-18T07:49:43+00:00","article_modified_time":"2016-04-18T07:52:36+00:00","og_image":[{"width":600,"height":428,"url":"https:\/\/blog.solstis.ch\/wp-content\/uploads\/2016\/04\/Solstis-salon-habitat-jardin.jpg","type":"image\/jpeg"}],"author":"admin","twitter_card":"summary_large_image","twitter_misc":{"\u00c9crit par":"admin","Dur\u00e9e de lecture estim\u00e9e":"2 minutes"},"schema":{"@context":"https:\/\/schema.org","@graph":[{"@type":"WebPage","@id":"https:\/\/blog.solstis.ch\/index.php\/fr\/2016\/04\/18\/salon-habitat-jardin\/","url":"https:\/\/blog.solstis.ch\/index.php\/fr\/2016\/04\/18\/salon-habitat-jardin\/","name":"Un bilan positif pour Solstis au Salon Habitat & Jardin 2016 ! - Solstis","isPartOf":{"@id":"https:\/\/blog.solstis.ch\/#website"},"primaryImageOfPage":{"@id":"https:\/\/blog.solstis.ch\/index.php\/fr\/2016\/04\/18\/salon-habitat-jardin\/#primaryimage"},"image":{"@id":"https:\/\/blog.solstis.ch\/index.php\/fr\/2016\/04\/18\/salon-habitat-jardin\/#primaryimage"},"thumbnailUrl":"https:\/\/blog.solstis.ch\/wp-content\/uploads\/2016\/04\/Solstis-salon-habitat-jardin.jpg","datePublished":"2016-04-18T07:49:43+00:00","dateModified":"2016-04-18T07:52:36+00:00","author":{"@id":"https:\/\/blog.solstis.ch\/#\/schema\/person\/5a9f5ef0a66b3e68c712ab62eeb4a1f9"},"description":"Du 12 au 20 mars dernier, Solstis a particip\u00e9 au Salon Habitat & Jardin, le rendez-vous incontournable des propri\u00e9taires immobiliers \u00e0 Lausanne.","breadcrumb":{"@id":"https:\/\/blog.solstis.ch\/index.php\/fr\/2016\/04\/18\/salon-habitat-jardin\/#breadcrumb"},"inLanguage":"fr-FR","potentialAction":[{"@type":"ReadAction","target":["https:\/\/blog.solstis.ch\/index.php\/fr\/2016\/04\/18\/salon-habitat-jardin\/"]}]},{"@type":"ImageObject","inLanguage":"fr-FR","@id":"https:\/\/blog.solstis.ch\/index.php\/fr\/2016\/04\/18\/salon-habitat-jardin\/#primaryimage","url":"https:\/\/blog.solstis.ch\/wp-content\/uploads\/2016\/04\/Solstis-salon-habitat-jardin.jpg","contentUrl":"https:\/\/blog.solstis.ch\/wp-content\/uploads\/2016\/04\/Solstis-salon-habitat-jardin.jpg","width":600,"height":428,"caption":"Solstis-salon-habitat-jardin"},{"@type":"BreadcrumbList","@id":"https:\/\/blog.solstis.ch\/index.php\/fr\/2016\/04\/18\/salon-habitat-jardin\/#breadcrumb","itemListElement":[{"@type":"ListItem","position":1,"name":"Accueil","item":"https:\/\/blog.solstis.ch\/index.php\/fr\/blog\/"},{"@type":"ListItem","position":2,"name":"Un bilan positif pour Solstis au Salon Habitat &#038; Jardin 2016 !"}]},{"@type":"WebSite","@id":"https:\/\/blog.solstis.ch\/#website","url":"https:\/\/blog.solstis.ch\/","name":"Solstis","description":"Solstis, donner au monde l&#039;\u00e9nergie d&#039;\u00eatre durable.","potentialAction":[{"@type":"SearchAction","target":{"@type":"EntryPoint","urlTemplate":"https:\/\/blog.solstis.ch\/?s={search_term_string}"},"query-input":{"@type":"PropertyValueSpecification","valueRequired":true,"valueName":"search_term_string"}}],"inLanguage":"fr-FR"},{"@type":"Person","@id":"https:\/\/blog.solstis.ch\/#\/schema\/person\/5a9f5ef0a66b3e68c712ab62eeb4a1f9","name":"admin","image":{"@type":"ImageObject","inLanguage":"fr-FR","@id":"https:\/\/blog.solstis.ch\/#\/schema\/person\/image\/","url":"https:\/\/secure.gravatar.com\/avatar\/8ba8fd08281e45cafc408887276f0396?s=96&d=mm&r=g","contentUrl":"https:\/\/secure.gravatar.com\/avatar\/8ba8fd08281e45cafc408887276f0396?s=96&d=mm&r=g","caption":"admin"},"url":"https:\/\/blog.solstis.ch\/index.php\/author\/admin\/"}]}},"jetpack_sharing_enabled":true,"jetpack_featured_media_url":"https:\/\/blog.solstis.ch\/wp-content\/uploads\/2016\/04\/Solstis-salon-habitat-jardin.jpg","jetpack_shortlink":"https:\/\/wp.me\/pa0tUs-7J","_links":{"self":[{"href":"https:\/\/blog.solstis.ch\/index.php\/wp-json\/wp\/v2\/posts\/479","targetHints":{"allow":["GET"]}}],"collection":[{"href":"https:\/\/blog.solstis.ch\/index.php\/wp-json\/wp\/v2\/posts"}],"about":[{"href":"https:\/\/blog.solstis.ch\/index.php\/wp-json\/wp\/v2\/types\/post"}],"author":[{"embeddable":true,"href":"https:\/\/blog.solstis.ch\/index.php\/wp-json\/wp\/v2\/users\/1"}],"replies":[{"embeddable":true,"href":"https:\/\/blog.solstis.ch\/index.php\/wp-json\/wp\/v2\/comments?post=479"}],"version-history":[{"count":5,"href":"https:\/\/blog.solstis.ch\/index.php\/wp-json\/wp\/v2\/posts\/479\/revisions"}],"predecessor-version":[{"id":485,"href":"https:\/\/blog.solstis.ch\/index.php\/wp-json\/wp\/v2\/posts\/479\/revisions\/485"}],"wp:featuredmedia":[{"embeddable":true,"href":"https:\/\/blog.solstis.ch\/index.php\/wp-json\/wp\/v2\/media\/480"}],"wp:attachment":[{"href":"https:\/\/blog.solstis.ch\/index.php\/wp-json\/wp\/v2\/media?parent=479"}],"wp:term":[{"taxonomy":"category","embeddable":true,"href":"https:\/\/blog.solstis.ch\/index.php\/wp-json\/wp\/v2\/categories?post=479"},{"taxonomy":"post_tag","embeddable":true,"href":"https:\/\/blog.solstis.ch\/index.php\/wp-json\/wp\/v2\/tags?post=479"}],"curies":[{"name":"wp","href":"https:\/\/api.w.org\/{rel}","templated":true}]}}