{"id":471,"date":"2016-03-21T11:51:18","date_gmt":"2016-03-21T10:51:18","guid":{"rendered":"http:\/\/blog.solstis.ch\/?p=471"},"modified":"2016-03-21T12:04:35","modified_gmt":"2016-03-21T11:04:35","slug":"14e-congres-photovoltaique-national-le-secteur-solaire-suisse-innove","status":"publish","type":"post","link":"https:\/\/blog.solstis.ch\/index.php\/fr\/2016\/03\/21\/14e-congres-photovoltaique-national-le-secteur-solaire-suisse-innove\/","title":{"rendered":"14e congr\u00e8s photovolta\u00efque national : le secteur solaire suisse innove"},"content":{"rendered":"<p>A l\u2019initiative de l\u2019Association des professionnels de l\u2019\u00e9nergie solaire <a href=\"http:\/\/www.swissolar.ch\/fr\/\" target=\"_blank\">Swissolar<\/a> dont Solstis est partenaire, et avec la collaboration de l\u2019Association des entreprises \u00e9lectriques suisses (AES) et de l\u2019Office f\u00e9d\u00e9ral de l\u2019\u00e9nergie (OFEN), s\u2019est tenu \u00e0 Berne du 22 au 23 f\u00e9vrier le <a href=\"http:\/\/www.swissolar.ch\/fileadmin\/user_upload\/Swissolar\/Agenda\/Def_Programm_PV_Tagung_franz.pdf\" target=\"_blank\">14e Congr\u00e8s photovolta\u00efque national<\/a>, d\u00e9sormais \u00e9tabli comme la plus importante r\u00e9union de l\u2019industrie photovolta\u00efque de Suisse. <\/p>\n<p>Les quelque 500 participants, chercheurs, praticiens, architectes, politiques ou repr\u00e9sentants du secteur de l\u2019\u00e9lectricit\u00e9, ont explor\u00e9 l\u2019actualit\u00e9 des multiples domaines d\u2019intervention et d\u2019innovation d\u2019un secteur o\u00f9 la recherche et l\u2019industrie suisses se sont positionn\u00e9es comme leaders. Les d\u00e9bats se sont articul\u00e9s autour de divers points de vue fondamentaux, notamment de l\u2019approvisionnement \u00e9nerg\u00e9tique, du march\u00e9, de la technologie ou de l\u2019int\u00e9gration au b\u00e2timent :<\/p>\n<p>\u2013 Les analyses d\u00e9velopp\u00e9es autour de l\u2019<strong>\u00e9volution globale de l\u2019approvisionnement \u00e9nerg\u00e9tique<\/strong> de la Suisse ou de l\u2019empreinte \u00e9cologique du courant PV ont vis\u00e9 \u00e0 mettre en lumi\u00e8re les nouveaux d\u00e9fis pour le photovolta\u00efque en regard de la Strat\u00e9gie \u00e9nerg\u00e9tique 2050.<\/p>\n<p>\u2013 Les champs d\u2019application pour la conception du march\u00e9 et le refinancement des \u00e9nergies renouvelables ont \u00e9t\u00e9 explor\u00e9s, de m\u00eame que l\u2019avenir de l\u2019\u00e9conomie solaire globale et ses cons\u00e9quences sur les entreprises et les id\u00e9es commerciales. Ainsi, dans le domaine de la production individuelle d\u00e9centralis\u00e9e, un rapport d\u2019expertise particuli\u00e8rement attendu mandat\u00e9 par Swissolar a r\u00e9v\u00e9l\u00e9 que de plus en plus de fournisseurs d\u2019\u00e9lectricit\u00e9 mettent un frein \u00e0 la pratique d\u2019autoconsommation.<\/p>\n<p>\u2013 La question de <strong>l\u2019\u00e9volution des techniques<\/strong> a \u00e9t\u00e9 abord\u00e9e par des sujets aussi divers que le d\u00e9veloppement des lignes pilotes \u00e0 technologie bifaciale, la recherche li\u00e9e \u00e0 l\u2019int\u00e9gration au r\u00e9seau, ou les d\u00e9fis et l\u2019efficience potentielle des cellules solaires tandem \u00e0 haut rendement en perovskite\/silicium.<\/p>\n<p>\u2013 Le <strong>r\u00f4le du photovolta\u00efque dans le concept \u00e9nerg\u00e9tique du b\u00e2timent<\/strong> a \u00e9t\u00e9 largement d\u00e9velopp\u00e9, sp\u00e9cialement \u00e0 travers les d\u00e9fis pos\u00e9s par les syst\u00e8mes de gestion \u00e9nerg\u00e9tiques dans le b\u00e2ti et l\u2019offre actuelle du march\u00e9 BIPV de solutions photovolta\u00efques int\u00e9gr\u00e9es au b\u00e2timent.<\/p>\n<p><strong>On l\u2019aura compris, le Congr\u00e8s photovolta\u00efque national constitue en d\u00e9finitive une excellente occasion, au regard de cette liste non exhaustive des d\u00e9bats, de mesurer le s\u00e9rieux, la vitalit\u00e9 et les perspectives prometteuses du secteur photovolta\u00efque Suisse.<br \/>\n<\/strong><\/p>\n","protected":false},"excerpt":{"rendered":"<p>A l\u2019initiative de l\u2019Association des professionnels de l\u2019\u00e9nergie solaire Swissolar dont Solstis est partenaire, et avec la collaboration de l\u2019Association [&hellip;]<\/p>\n","protected":false},"author":1,"featured_media":194,"comment_status":"open","ping_status":"open","sticky":false,"template":"","format":"standard","meta":{"jetpack_post_was_ever_published":false,"_jetpack_newsletter_access":"","_jetpack_dont_email_post_to_subs":false,"_jetpack_newsletter_tier_id":0,"_jetpack_memberships_contains_paywalled_content":false,"_jetpack_memberships_contains_paid_content":false,"footnotes":"","jetpack_publicize_message":"","jetpack_publicize_feature_enabled":true,"jetpack_social_post_already_shared":false,"jetpack_social_options":{"image_generator_settings":{"template":"highway","enabled":false},"version":2}},"categories":[33],"tags":[85],"class_list":["post-471","post","type-post","status-publish","format-standard","has-post-thumbnail","hentry","category-energie","tag-photovoltaique"],"jetpack_publicize_connections":[],"yoast_head":"<!-- This site is optimized with the Yoast SEO plugin v23.8 - https:\/\/yoast.com\/wordpress\/plugins\/seo\/ -->\n<title>14e congr\u00e8s photovolta\u00efque national : le secteur solaire suisse innove - Solstis<\/title>\n<meta name=\"description\" content=\"La plus importante r\u00e9union de l\u2019industrie photovolta\u00efque de Suisse\u00a0s\u2019est tenu \u00e0 Berne du 22 au 23 f\u00e9vrier. Petit r\u00e9sum\u00e9 de l&#039;\u00e9v\u00e9nement...\" \/>\n<meta name=\"robots\" content=\"index, follow, max-snippet:-1, max-image-preview:large, max-video-preview:-1\" \/>\n<link rel=\"canonical\" href=\"https:\/\/blog.solstis.ch\/index.php\/fr\/2016\/03\/21\/14e-congres-photovoltaique-national-le-secteur-solaire-suisse-innove\/\" \/>\n<meta property=\"og:locale\" content=\"fr_FR\" \/>\n<meta property=\"og:type\" content=\"article\" \/>\n<meta property=\"og:title\" content=\"14e congr\u00e8s photovolta\u00efque national : le secteur solaire suisse innove - Solstis\" \/>\n<meta property=\"og:description\" content=\"La plus importante r\u00e9union de l\u2019industrie photovolta\u00efque de Suisse\u00a0s\u2019est tenu \u00e0 Berne du 22 au 23 f\u00e9vrier. Petit r\u00e9sum\u00e9 de l&#039;\u00e9v\u00e9nement...\" \/>\n<meta property=\"og:url\" content=\"https:\/\/blog.solstis.ch\/index.php\/fr\/2016\/03\/21\/14e-congres-photovoltaique-national-le-secteur-solaire-suisse-innove\/\" \/>\n<meta property=\"og:site_name\" content=\"Solstis\" \/>\n<meta property=\"article:published_time\" content=\"2016-03-21T10:51:18+00:00\" \/>\n<meta property=\"article:modified_time\" content=\"2016-03-21T11:04:35+00:00\" \/>\n<meta property=\"og:image\" content=\"https:\/\/blog.solstis.ch\/wp-content\/uploads\/2015\/09\/zonne-energie.jpg\" \/>\n\t<meta property=\"og:image:width\" content=\"803\" \/>\n\t<meta property=\"og:image:height\" content=\"598\" \/>\n\t<meta property=\"og:image:type\" content=\"image\/jpeg\" \/>\n<meta name=\"author\" content=\"admin\" \/>\n<meta name=\"twitter:card\" content=\"summary_large_image\" \/>\n<meta name=\"twitter:label1\" content=\"\u00c9crit par\" \/>\n\t<meta name=\"twitter:data1\" content=\"admin\" \/>\n\t<meta name=\"twitter:label2\" content=\"Dur\u00e9e de lecture estim\u00e9e\" \/>\n\t<meta name=\"twitter:data2\" content=\"2 minutes\" \/>\n<script type=\"application\/ld+json\" class=\"yoast-schema-graph\">{\"@context\":\"https:\/\/schema.org\",\"@graph\":[{\"@type\":\"WebPage\",\"@id\":\"https:\/\/blog.solstis.ch\/index.php\/fr\/2016\/03\/21\/14e-congres-photovoltaique-national-le-secteur-solaire-suisse-innove\/\",\"url\":\"https:\/\/blog.solstis.ch\/index.php\/fr\/2016\/03\/21\/14e-congres-photovoltaique-national-le-secteur-solaire-suisse-innove\/\",\"name\":\"14e congr\u00e8s photovolta\u00efque national : le secteur solaire suisse innove - Solstis\",\"isPartOf\":{\"@id\":\"https:\/\/blog.solstis.ch\/#website\"},\"primaryImageOfPage\":{\"@id\":\"https:\/\/blog.solstis.ch\/index.php\/fr\/2016\/03\/21\/14e-congres-photovoltaique-national-le-secteur-solaire-suisse-innove\/#primaryimage\"},\"image\":{\"@id\":\"https:\/\/blog.solstis.ch\/index.php\/fr\/2016\/03\/21\/14e-congres-photovoltaique-national-le-secteur-solaire-suisse-innove\/#primaryimage\"},\"thumbnailUrl\":\"https:\/\/blog.solstis.ch\/wp-content\/uploads\/2015\/09\/zonne-energie.jpg\",\"datePublished\":\"2016-03-21T10:51:18+00:00\",\"dateModified\":\"2016-03-21T11:04:35+00:00\",\"author\":{\"@id\":\"https:\/\/blog.solstis.ch\/#\/schema\/person\/5a9f5ef0a66b3e68c712ab62eeb4a1f9\"},\"description\":\"La plus importante r\u00e9union de l\u2019industrie photovolta\u00efque de Suisse\u00a0s\u2019est tenu \u00e0 Berne du 22 au 23 f\u00e9vrier. Petit r\u00e9sum\u00e9 de l'\u00e9v\u00e9nement...\",\"breadcrumb\":{\"@id\":\"https:\/\/blog.solstis.ch\/index.php\/fr\/2016\/03\/21\/14e-congres-photovoltaique-national-le-secteur-solaire-suisse-innove\/#breadcrumb\"},\"inLanguage\":\"fr-FR\",\"potentialAction\":[{\"@type\":\"ReadAction\",\"target\":[\"https:\/\/blog.solstis.ch\/index.php\/fr\/2016\/03\/21\/14e-congres-photovoltaique-national-le-secteur-solaire-suisse-innove\/\"]}]},{\"@type\":\"ImageObject\",\"inLanguage\":\"fr-FR\",\"@id\":\"https:\/\/blog.solstis.ch\/index.php\/fr\/2016\/03\/21\/14e-congres-photovoltaique-national-le-secteur-solaire-suisse-innove\/#primaryimage\",\"url\":\"https:\/\/blog.solstis.ch\/wp-content\/uploads\/2015\/09\/zonne-energie.jpg\",\"contentUrl\":\"https:\/\/blog.solstis.ch\/wp-content\/uploads\/2015\/09\/zonne-energie.jpg\",\"width\":803,\"height\":598,\"caption\":\"photovoltaique\"},{\"@type\":\"BreadcrumbList\",\"@id\":\"https:\/\/blog.solstis.ch\/index.php\/fr\/2016\/03\/21\/14e-congres-photovoltaique-national-le-secteur-solaire-suisse-innove\/#breadcrumb\",\"itemListElement\":[{\"@type\":\"ListItem\",\"position\":1,\"name\":\"Accueil\",\"item\":\"https:\/\/blog.solstis.ch\/index.php\/fr\/blog\/\"},{\"@type\":\"ListItem\",\"position\":2,\"name\":\"14e congr\u00e8s photovolta\u00efque national : le secteur solaire suisse innove\"}]},{\"@type\":\"WebSite\",\"@id\":\"https:\/\/blog.solstis.ch\/#website\",\"url\":\"https:\/\/blog.solstis.ch\/\",\"name\":\"Solstis\",\"description\":\"Solstis, donner au monde l&#039;\u00e9nergie d&#039;\u00eatre durable.\",\"potentialAction\":[{\"@type\":\"SearchAction\",\"target\":{\"@type\":\"EntryPoint\",\"urlTemplate\":\"https:\/\/blog.solstis.ch\/?s={search_term_string}\"},\"query-input\":{\"@type\":\"PropertyValueSpecification\",\"valueRequired\":true,\"valueName\":\"search_term_string\"}}],\"inLanguage\":\"fr-FR\"},{\"@type\":\"Person\",\"@id\":\"https:\/\/blog.solstis.ch\/#\/schema\/person\/5a9f5ef0a66b3e68c712ab62eeb4a1f9\",\"name\":\"admin\",\"image\":{\"@type\":\"ImageObject\",\"inLanguage\":\"fr-FR\",\"@id\":\"https:\/\/blog.solstis.ch\/#\/schema\/person\/image\/\",\"url\":\"https:\/\/secure.gravatar.com\/avatar\/8ba8fd08281e45cafc408887276f0396?s=96&d=mm&r=g\",\"contentUrl\":\"https:\/\/secure.gravatar.com\/avatar\/8ba8fd08281e45cafc408887276f0396?s=96&d=mm&r=g\",\"caption\":\"admin\"},\"url\":\"https:\/\/blog.solstis.ch\/index.php\/author\/admin\/\"}]}<\/script>\n<!-- \/ Yoast SEO plugin. -->","yoast_head_json":{"title":"14e congr\u00e8s photovolta\u00efque national : le secteur solaire suisse innove - Solstis","description":"La plus importante r\u00e9union de l\u2019industrie photovolta\u00efque de Suisse\u00a0s\u2019est tenu \u00e0 Berne du 22 au 23 f\u00e9vrier. Petit r\u00e9sum\u00e9 de l'\u00e9v\u00e9nement...","robots":{"index":"index","follow":"follow","max-snippet":"max-snippet:-1","max-image-preview":"max-image-preview:large","max-video-preview":"max-video-preview:-1"},"canonical":"https:\/\/blog.solstis.ch\/index.php\/fr\/2016\/03\/21\/14e-congres-photovoltaique-national-le-secteur-solaire-suisse-innove\/","og_locale":"fr_FR","og_type":"article","og_title":"14e congr\u00e8s photovolta\u00efque national : le secteur solaire suisse innove - Solstis","og_description":"La plus importante r\u00e9union de l\u2019industrie photovolta\u00efque de Suisse\u00a0s\u2019est tenu \u00e0 Berne du 22 au 23 f\u00e9vrier. Petit r\u00e9sum\u00e9 de l'\u00e9v\u00e9nement...","og_url":"https:\/\/blog.solstis.ch\/index.php\/fr\/2016\/03\/21\/14e-congres-photovoltaique-national-le-secteur-solaire-suisse-innove\/","og_site_name":"Solstis","article_published_time":"2016-03-21T10:51:18+00:00","article_modified_time":"2016-03-21T11:04:35+00:00","og_image":[{"width":803,"height":598,"url":"https:\/\/blog.solstis.ch\/wp-content\/uploads\/2015\/09\/zonne-energie.jpg","type":"image\/jpeg"}],"author":"admin","twitter_card":"summary_large_image","twitter_misc":{"\u00c9crit par":"admin","Dur\u00e9e de lecture estim\u00e9e":"2 minutes"},"schema":{"@context":"https:\/\/schema.org","@graph":[{"@type":"WebPage","@id":"https:\/\/blog.solstis.ch\/index.php\/fr\/2016\/03\/21\/14e-congres-photovoltaique-national-le-secteur-solaire-suisse-innove\/","url":"https:\/\/blog.solstis.ch\/index.php\/fr\/2016\/03\/21\/14e-congres-photovoltaique-national-le-secteur-solaire-suisse-innove\/","name":"14e congr\u00e8s photovolta\u00efque national : le secteur solaire suisse innove - Solstis","isPartOf":{"@id":"https:\/\/blog.solstis.ch\/#website"},"primaryImageOfPage":{"@id":"https:\/\/blog.solstis.ch\/index.php\/fr\/2016\/03\/21\/14e-congres-photovoltaique-national-le-secteur-solaire-suisse-innove\/#primaryimage"},"image":{"@id":"https:\/\/blog.solstis.ch\/index.php\/fr\/2016\/03\/21\/14e-congres-photovoltaique-national-le-secteur-solaire-suisse-innove\/#primaryimage"},"thumbnailUrl":"https:\/\/blog.solstis.ch\/wp-content\/uploads\/2015\/09\/zonne-energie.jpg","datePublished":"2016-03-21T10:51:18+00:00","dateModified":"2016-03-21T11:04:35+00:00","author":{"@id":"https:\/\/blog.solstis.ch\/#\/schema\/person\/5a9f5ef0a66b3e68c712ab62eeb4a1f9"},"description":"La plus importante r\u00e9union de l\u2019industrie photovolta\u00efque de Suisse\u00a0s\u2019est tenu \u00e0 Berne du 22 au 23 f\u00e9vrier. Petit r\u00e9sum\u00e9 de l'\u00e9v\u00e9nement...","breadcrumb":{"@id":"https:\/\/blog.solstis.ch\/index.php\/fr\/2016\/03\/21\/14e-congres-photovoltaique-national-le-secteur-solaire-suisse-innove\/#breadcrumb"},"inLanguage":"fr-FR","potentialAction":[{"@type":"ReadAction","target":["https:\/\/blog.solstis.ch\/index.php\/fr\/2016\/03\/21\/14e-congres-photovoltaique-national-le-secteur-solaire-suisse-innove\/"]}]},{"@type":"ImageObject","inLanguage":"fr-FR","@id":"https:\/\/blog.solstis.ch\/index.php\/fr\/2016\/03\/21\/14e-congres-photovoltaique-national-le-secteur-solaire-suisse-innove\/#primaryimage","url":"https:\/\/blog.solstis.ch\/wp-content\/uploads\/2015\/09\/zonne-energie.jpg","contentUrl":"https:\/\/blog.solstis.ch\/wp-content\/uploads\/2015\/09\/zonne-energie.jpg","width":803,"height":598,"caption":"photovoltaique"},{"@type":"BreadcrumbList","@id":"https:\/\/blog.solstis.ch\/index.php\/fr\/2016\/03\/21\/14e-congres-photovoltaique-national-le-secteur-solaire-suisse-innove\/#breadcrumb","itemListElement":[{"@type":"ListItem","position":1,"name":"Accueil","item":"https:\/\/blog.solstis.ch\/index.php\/fr\/blog\/"},{"@type":"ListItem","position":2,"name":"14e congr\u00e8s photovolta\u00efque national : le secteur solaire suisse innove"}]},{"@type":"WebSite","@id":"https:\/\/blog.solstis.ch\/#website","url":"https:\/\/blog.solstis.ch\/","name":"Solstis","description":"Solstis, donner au monde l&#039;\u00e9nergie d&#039;\u00eatre durable.","potentialAction":[{"@type":"SearchAction","target":{"@type":"EntryPoint","urlTemplate":"https:\/\/blog.solstis.ch\/?s={search_term_string}"},"query-input":{"@type":"PropertyValueSpecification","valueRequired":true,"valueName":"search_term_string"}}],"inLanguage":"fr-FR"},{"@type":"Person","@id":"https:\/\/blog.solstis.ch\/#\/schema\/person\/5a9f5ef0a66b3e68c712ab62eeb4a1f9","name":"admin","image":{"@type":"ImageObject","inLanguage":"fr-FR","@id":"https:\/\/blog.solstis.ch\/#\/schema\/person\/image\/","url":"https:\/\/secure.gravatar.com\/avatar\/8ba8fd08281e45cafc408887276f0396?s=96&d=mm&r=g","contentUrl":"https:\/\/secure.gravatar.com\/avatar\/8ba8fd08281e45cafc408887276f0396?s=96&d=mm&r=g","caption":"admin"},"url":"https:\/\/blog.solstis.ch\/index.php\/author\/admin\/"}]}},"jetpack_sharing_enabled":true,"jetpack_featured_media_url":"https:\/\/blog.solstis.ch\/wp-content\/uploads\/2015\/09\/zonne-energie.jpg","jetpack_shortlink":"https:\/\/wp.me\/pa0tUs-7B","_links":{"self":[{"href":"https:\/\/blog.solstis.ch\/index.php\/wp-json\/wp\/v2\/posts\/471","targetHints":{"allow":["GET"]}}],"collection":[{"href":"https:\/\/blog.solstis.ch\/index.php\/wp-json\/wp\/v2\/posts"}],"about":[{"href":"https:\/\/blog.solstis.ch\/index.php\/wp-json\/wp\/v2\/types\/post"}],"author":[{"embeddable":true,"href":"https:\/\/blog.solstis.ch\/index.php\/wp-json\/wp\/v2\/users\/1"}],"replies":[{"embeddable":true,"href":"https:\/\/blog.solstis.ch\/index.php\/wp-json\/wp\/v2\/comments?post=471"}],"version-history":[{"count":3,"href":"https:\/\/blog.solstis.ch\/index.php\/wp-json\/wp\/v2\/posts\/471\/revisions"}],"predecessor-version":[{"id":474,"href":"https:\/\/blog.solstis.ch\/index.php\/wp-json\/wp\/v2\/posts\/471\/revisions\/474"}],"wp:featuredmedia":[{"embeddable":true,"href":"https:\/\/blog.solstis.ch\/index.php\/wp-json\/wp\/v2\/media\/194"}],"wp:attachment":[{"href":"https:\/\/blog.solstis.ch\/index.php\/wp-json\/wp\/v2\/media?parent=471"}],"wp:term":[{"taxonomy":"category","embeddable":true,"href":"https:\/\/blog.solstis.ch\/index.php\/wp-json\/wp\/v2\/categories?post=471"},{"taxonomy":"post_tag","embeddable":true,"href":"https:\/\/blog.solstis.ch\/index.php\/wp-json\/wp\/v2\/tags?post=471"}],"curies":[{"name":"wp","href":"https:\/\/api.w.org\/{rel}","templated":true}]}}