{"id":447,"date":"2016-02-10T14:56:42","date_gmt":"2016-02-10T13:56:42","guid":{"rendered":"http:\/\/blog.solstis.ch\/?p=447"},"modified":"2016-02-24T15:15:47","modified_gmt":"2016-02-24T14:15:47","slug":"tremblement-de-terre-en-france-en-matiere-de-photovoltaique","status":"publish","type":"post","link":"https:\/\/blog.solstis.ch\/index.php\/fr\/2016\/02\/10\/tremblement-de-terre-en-france-en-matiere-de-photovoltaique\/","title":{"rendered":"Tremblement de terre en France en mati\u00e8re de photovolta\u00efque"},"content":{"rendered":"<p class=\"p2\">Le mercredi 3 f\u00e9vrier lors d\u2019une conf\u00e9rence \u00e0 Londres (Solar Finance and Investissement et relay\u00e9e par PV Tech), le pr\u00e9sident de SolaireDirect Thierry Lepercq n\u2019y est pas all\u00e9 par quatre chemins. Il a affirm\u00e9 que la baisse des prix du photovolta\u00efque condamnait \u00e0 court terme les installations au charbon, les centrales nucl\u00e9aires, celles au gaz car le prix de revient de l\u2019\u00e9lectricit\u00e9 des grandes centrales solaires est d\u00e9sormais comp\u00e9titif (entre 0,07 et 0,11 \u20ac le kWh selon Xerfi). La baisse des prix des panneaux et des \u00e9quipements entra\u00eene m\u00e9caniquement l\u2019obsolescence du charbon et du nucl\u00e9aire au profit de la nouvelle \u00e9nergie et cela bien plus vite qu\u2019on ne l\u2019envisageait il y a quelques semestres encore. Il a m\u00eame affirm\u00e9 que les compagnies d\u2019\u00e9lectricit\u00e9 \u00e9taient en faillite du fait de leurs installations inadapt\u00e9es. Elles \u00e9taient encore valables il y a une d\u00e9cennie, mais elles fournissaient d\u00e9sormais de l\u2019\u00e9nergie \u00e0 un prix trop \u00e9lev\u00e9 par rapport au photovolta\u00efque. Il ajoute que cette tendance allait s\u2019accentuer dans les trimestres \u00e0 venir.<\/p>\n<p class=\"p2\">Comme pour confirmer la pertinence de cette opinion, il a indiqu\u00e9 qu\u2019Engie (ex-GDF-Suez) allait d\u2019ici la fin du mois annoncer son abandon progressif du charbon et du gaz pour se concentrer sur la production d\u2019\u00e9nergies renouvelables. La t\u00e2che est importante, car les EnR ne repr\u00e9sentent que 1 GW de ce groupe, alors qu\u2019Engie dispose d\u2019un volume de g\u00e9n\u00e9rateurs d\u2019\u00e9nergie de 115 GW. Il a affirm\u00e9 que la transition \u00e9nerg\u00e9tique \u00e9tait d\u00e9cid\u00e9e et que la priorit\u00e9 \u00e9tait de fournir de l\u2019\u00e9nergie aux consommateurs \u00e0 un prix comp\u00e9titif.<\/p>\n<p class=\"p2\">Cette mutation a \u00e9t\u00e9 d\u00e9j\u00e0 engag\u00e9e en Allemagne avec la scission d\u2019E.On entre \u00e9nergies anciennes et \u00e9nergies renouvelables, ou encore par RWE.<\/p>\n<p class=\"p2\">M. Lepercq n\u2019a pas tard\u00e9 apr\u00e8s le rachat de SolaireDirect par Engie \u00e0 convaincre la direction de sa n\u00e9cessit\u00e9 de changer de cap.<\/p>\n<p class=\"p2\">L\u2019annonce officielle qui sera faite par le pr\u00e9sident d\u2019Engie, fera l\u2019effet d\u2019un coup de tonnerre ou encore d\u2019un tremblement de terre dans le petit monde fran\u00e7ais de l\u2019\u00e9nergie. Que pensera la ministre de l\u2019Ecologie qui aura d\u2019un c\u00f4t\u00e9 le repr\u00e9sentant du nucl\u00e9aire et de l\u2019autre l\u2019ardent d\u00e9fenseur des \u00e9nergies renouvelables ? Une telle annonce changera l\u2019approche des autorit\u00e9s envers le photovolta\u00efque. On ne pourra plus dire que le solaire est marginal, trop co\u00fbteux, trop subventionn\u00e9 lorsque le plus important producteur d\u2019\u00e9nergie ind\u00e9pendant dans le monde annonce sa mutation. Cette proclamation devrait entrainer les ind\u00e9cis lorsqu\u2019un groupe de cette taille et de cette notori\u00e9t\u00e9 annoncera que le nucl\u00e9aire, le charbon, et m\u00eame le gaz sont du pass\u00e9. L\u2019effet d\u2019entrainement de cette d\u00e9cision est encore incalculable, mais tr\u00e8s positive pour les \u00e9nergies renouvelables au sens large et pour le photovolta\u00efque sp\u00e9cifiquement.<\/p>\n<p class=\"p2\">Source :\u00a0actu-solaire.fr\/<\/p>\n","protected":false},"excerpt":{"rendered":"<p>Le mercredi 3 f\u00e9vrier lors d\u2019une conf\u00e9rence \u00e0 Londres (Solar Finance and Investissement et relay\u00e9e par PV Tech), le pr\u00e9sident [&hellip;]<\/p>\n","protected":false},"author":1,"featured_media":449,"comment_status":"open","ping_status":"open","sticky":false,"template":"","format":"standard","meta":{"jetpack_post_was_ever_published":false,"_jetpack_newsletter_access":"","_jetpack_dont_email_post_to_subs":false,"_jetpack_newsletter_tier_id":0,"_jetpack_memberships_contains_paywalled_content":false,"_jetpack_memberships_contains_paid_content":false,"footnotes":"","jetpack_publicize_message":"","jetpack_publicize_feature_enabled":true,"jetpack_social_post_already_shared":false,"jetpack_social_options":{"image_generator_settings":{"template":"highway","enabled":false},"version":2}},"categories":[1],"tags":[121,215,109],"class_list":["post-447","post","type-post","status-publish","format-standard","has-post-thumbnail","hentry","category-divers","tag-energie","tag-engie","tag-solaire-fr"],"jetpack_publicize_connections":[],"yoast_head":"<!-- This site is optimized with the Yoast SEO plugin v23.8 - https:\/\/yoast.com\/wordpress\/plugins\/seo\/ -->\n<title>Tremblement de terre en France en mati\u00e8re de photovolta\u00efque<\/title>\n<meta name=\"description\" content=\"Le mercredi 3 f\u00e9vrier lors d\u2019une conf\u00e9rence \u00e0 Londres, le pr\u00e9sident de SolaireDirect Thierry Lepercq n\u2019y est pas all\u00e9 par quatre chemins.\" \/>\n<meta name=\"robots\" content=\"index, follow, max-snippet:-1, max-image-preview:large, max-video-preview:-1\" \/>\n<link rel=\"canonical\" href=\"https:\/\/blog.solstis.ch\/index.php\/fr\/2016\/02\/10\/tremblement-de-terre-en-france-en-matiere-de-photovoltaique\/\" \/>\n<meta property=\"og:locale\" content=\"fr_FR\" \/>\n<meta property=\"og:type\" content=\"article\" \/>\n<meta property=\"og:title\" content=\"Tremblement de terre en France en mati\u00e8re de photovolta\u00efque\" \/>\n<meta property=\"og:description\" content=\"Le mercredi 3 f\u00e9vrier lors d\u2019une conf\u00e9rence \u00e0 Londres, le pr\u00e9sident de SolaireDirect Thierry Lepercq n\u2019y est pas all\u00e9 par quatre chemins.\" \/>\n<meta property=\"og:url\" content=\"https:\/\/blog.solstis.ch\/index.php\/fr\/2016\/02\/10\/tremblement-de-terre-en-france-en-matiere-de-photovoltaique\/\" \/>\n<meta property=\"og:site_name\" content=\"Solstis\" \/>\n<meta property=\"article:published_time\" content=\"2016-02-10T13:56:42+00:00\" \/>\n<meta property=\"article:modified_time\" content=\"2016-02-24T14:15:47+00:00\" \/>\n<meta property=\"og:image\" content=\"https:\/\/blog.solstis.ch\/wp-content\/uploads\/2016\/02\/Engie_Logo.jpg\" \/>\n\t<meta property=\"og:image:width\" content=\"1506\" \/>\n\t<meta property=\"og:image:height\" content=\"754\" \/>\n\t<meta property=\"og:image:type\" content=\"image\/jpeg\" \/>\n<meta name=\"author\" content=\"admin\" \/>\n<meta name=\"twitter:card\" content=\"summary_large_image\" \/>\n<meta name=\"twitter:label1\" content=\"\u00c9crit par\" \/>\n\t<meta name=\"twitter:data1\" content=\"admin\" \/>\n\t<meta name=\"twitter:label2\" content=\"Dur\u00e9e de lecture estim\u00e9e\" \/>\n\t<meta name=\"twitter:data2\" content=\"3 minutes\" \/>\n<script type=\"application\/ld+json\" class=\"yoast-schema-graph\">{\"@context\":\"https:\/\/schema.org\",\"@graph\":[{\"@type\":\"WebPage\",\"@id\":\"https:\/\/blog.solstis.ch\/index.php\/fr\/2016\/02\/10\/tremblement-de-terre-en-france-en-matiere-de-photovoltaique\/\",\"url\":\"https:\/\/blog.solstis.ch\/index.php\/fr\/2016\/02\/10\/tremblement-de-terre-en-france-en-matiere-de-photovoltaique\/\",\"name\":\"Tremblement de terre en France en mati\u00e8re de photovolta\u00efque\",\"isPartOf\":{\"@id\":\"https:\/\/blog.solstis.ch\/#website\"},\"primaryImageOfPage\":{\"@id\":\"https:\/\/blog.solstis.ch\/index.php\/fr\/2016\/02\/10\/tremblement-de-terre-en-france-en-matiere-de-photovoltaique\/#primaryimage\"},\"image\":{\"@id\":\"https:\/\/blog.solstis.ch\/index.php\/fr\/2016\/02\/10\/tremblement-de-terre-en-france-en-matiere-de-photovoltaique\/#primaryimage\"},\"thumbnailUrl\":\"https:\/\/blog.solstis.ch\/wp-content\/uploads\/2016\/02\/Engie_Logo.jpg\",\"datePublished\":\"2016-02-10T13:56:42+00:00\",\"dateModified\":\"2016-02-24T14:15:47+00:00\",\"author\":{\"@id\":\"https:\/\/blog.solstis.ch\/#\/schema\/person\/5a9f5ef0a66b3e68c712ab62eeb4a1f9\"},\"description\":\"Le mercredi 3 f\u00e9vrier lors d\u2019une conf\u00e9rence \u00e0 Londres, le pr\u00e9sident de SolaireDirect Thierry Lepercq n\u2019y est pas all\u00e9 par quatre chemins.\",\"breadcrumb\":{\"@id\":\"https:\/\/blog.solstis.ch\/index.php\/fr\/2016\/02\/10\/tremblement-de-terre-en-france-en-matiere-de-photovoltaique\/#breadcrumb\"},\"inLanguage\":\"fr-FR\",\"potentialAction\":[{\"@type\":\"ReadAction\",\"target\":[\"https:\/\/blog.solstis.ch\/index.php\/fr\/2016\/02\/10\/tremblement-de-terre-en-france-en-matiere-de-photovoltaique\/\"]}]},{\"@type\":\"ImageObject\",\"inLanguage\":\"fr-FR\",\"@id\":\"https:\/\/blog.solstis.ch\/index.php\/fr\/2016\/02\/10\/tremblement-de-terre-en-france-en-matiere-de-photovoltaique\/#primaryimage\",\"url\":\"https:\/\/blog.solstis.ch\/wp-content\/uploads\/2016\/02\/Engie_Logo.jpg\",\"contentUrl\":\"https:\/\/blog.solstis.ch\/wp-content\/uploads\/2016\/02\/Engie_Logo.jpg\",\"width\":1506,\"height\":754,\"caption\":\"Engie logo\"},{\"@type\":\"BreadcrumbList\",\"@id\":\"https:\/\/blog.solstis.ch\/index.php\/fr\/2016\/02\/10\/tremblement-de-terre-en-france-en-matiere-de-photovoltaique\/#breadcrumb\",\"itemListElement\":[{\"@type\":\"ListItem\",\"position\":1,\"name\":\"Accueil\",\"item\":\"https:\/\/blog.solstis.ch\/index.php\/fr\/blog\/\"},{\"@type\":\"ListItem\",\"position\":2,\"name\":\"Tremblement de terre en France en mati\u00e8re de photovolta\u00efque\"}]},{\"@type\":\"WebSite\",\"@id\":\"https:\/\/blog.solstis.ch\/#website\",\"url\":\"https:\/\/blog.solstis.ch\/\",\"name\":\"Solstis\",\"description\":\"Solstis, donner au monde l&#039;\u00e9nergie d&#039;\u00eatre durable.\",\"potentialAction\":[{\"@type\":\"SearchAction\",\"target\":{\"@type\":\"EntryPoint\",\"urlTemplate\":\"https:\/\/blog.solstis.ch\/?s={search_term_string}\"},\"query-input\":{\"@type\":\"PropertyValueSpecification\",\"valueRequired\":true,\"valueName\":\"search_term_string\"}}],\"inLanguage\":\"fr-FR\"},{\"@type\":\"Person\",\"@id\":\"https:\/\/blog.solstis.ch\/#\/schema\/person\/5a9f5ef0a66b3e68c712ab62eeb4a1f9\",\"name\":\"admin\",\"image\":{\"@type\":\"ImageObject\",\"inLanguage\":\"fr-FR\",\"@id\":\"https:\/\/blog.solstis.ch\/#\/schema\/person\/image\/\",\"url\":\"https:\/\/secure.gravatar.com\/avatar\/8ba8fd08281e45cafc408887276f0396?s=96&d=mm&r=g\",\"contentUrl\":\"https:\/\/secure.gravatar.com\/avatar\/8ba8fd08281e45cafc408887276f0396?s=96&d=mm&r=g\",\"caption\":\"admin\"},\"url\":\"https:\/\/blog.solstis.ch\/index.php\/author\/admin\/\"}]}<\/script>\n<!-- \/ Yoast SEO plugin. -->","yoast_head_json":{"title":"Tremblement de terre en France en mati\u00e8re de photovolta\u00efque","description":"Le mercredi 3 f\u00e9vrier lors d\u2019une conf\u00e9rence \u00e0 Londres, le pr\u00e9sident de SolaireDirect Thierry Lepercq n\u2019y est pas all\u00e9 par quatre chemins.","robots":{"index":"index","follow":"follow","max-snippet":"max-snippet:-1","max-image-preview":"max-image-preview:large","max-video-preview":"max-video-preview:-1"},"canonical":"https:\/\/blog.solstis.ch\/index.php\/fr\/2016\/02\/10\/tremblement-de-terre-en-france-en-matiere-de-photovoltaique\/","og_locale":"fr_FR","og_type":"article","og_title":"Tremblement de terre en France en mati\u00e8re de photovolta\u00efque","og_description":"Le mercredi 3 f\u00e9vrier lors d\u2019une conf\u00e9rence \u00e0 Londres, le pr\u00e9sident de SolaireDirect Thierry Lepercq n\u2019y est pas all\u00e9 par quatre chemins.","og_url":"https:\/\/blog.solstis.ch\/index.php\/fr\/2016\/02\/10\/tremblement-de-terre-en-france-en-matiere-de-photovoltaique\/","og_site_name":"Solstis","article_published_time":"2016-02-10T13:56:42+00:00","article_modified_time":"2016-02-24T14:15:47+00:00","og_image":[{"width":1506,"height":754,"url":"https:\/\/blog.solstis.ch\/wp-content\/uploads\/2016\/02\/Engie_Logo.jpg","type":"image\/jpeg"}],"author":"admin","twitter_card":"summary_large_image","twitter_misc":{"\u00c9crit par":"admin","Dur\u00e9e de lecture estim\u00e9e":"3 minutes"},"schema":{"@context":"https:\/\/schema.org","@graph":[{"@type":"WebPage","@id":"https:\/\/blog.solstis.ch\/index.php\/fr\/2016\/02\/10\/tremblement-de-terre-en-france-en-matiere-de-photovoltaique\/","url":"https:\/\/blog.solstis.ch\/index.php\/fr\/2016\/02\/10\/tremblement-de-terre-en-france-en-matiere-de-photovoltaique\/","name":"Tremblement de terre en France en mati\u00e8re de photovolta\u00efque","isPartOf":{"@id":"https:\/\/blog.solstis.ch\/#website"},"primaryImageOfPage":{"@id":"https:\/\/blog.solstis.ch\/index.php\/fr\/2016\/02\/10\/tremblement-de-terre-en-france-en-matiere-de-photovoltaique\/#primaryimage"},"image":{"@id":"https:\/\/blog.solstis.ch\/index.php\/fr\/2016\/02\/10\/tremblement-de-terre-en-france-en-matiere-de-photovoltaique\/#primaryimage"},"thumbnailUrl":"https:\/\/blog.solstis.ch\/wp-content\/uploads\/2016\/02\/Engie_Logo.jpg","datePublished":"2016-02-10T13:56:42+00:00","dateModified":"2016-02-24T14:15:47+00:00","author":{"@id":"https:\/\/blog.solstis.ch\/#\/schema\/person\/5a9f5ef0a66b3e68c712ab62eeb4a1f9"},"description":"Le mercredi 3 f\u00e9vrier lors d\u2019une conf\u00e9rence \u00e0 Londres, le pr\u00e9sident de SolaireDirect Thierry Lepercq n\u2019y est pas all\u00e9 par quatre chemins.","breadcrumb":{"@id":"https:\/\/blog.solstis.ch\/index.php\/fr\/2016\/02\/10\/tremblement-de-terre-en-france-en-matiere-de-photovoltaique\/#breadcrumb"},"inLanguage":"fr-FR","potentialAction":[{"@type":"ReadAction","target":["https:\/\/blog.solstis.ch\/index.php\/fr\/2016\/02\/10\/tremblement-de-terre-en-france-en-matiere-de-photovoltaique\/"]}]},{"@type":"ImageObject","inLanguage":"fr-FR","@id":"https:\/\/blog.solstis.ch\/index.php\/fr\/2016\/02\/10\/tremblement-de-terre-en-france-en-matiere-de-photovoltaique\/#primaryimage","url":"https:\/\/blog.solstis.ch\/wp-content\/uploads\/2016\/02\/Engie_Logo.jpg","contentUrl":"https:\/\/blog.solstis.ch\/wp-content\/uploads\/2016\/02\/Engie_Logo.jpg","width":1506,"height":754,"caption":"Engie logo"},{"@type":"BreadcrumbList","@id":"https:\/\/blog.solstis.ch\/index.php\/fr\/2016\/02\/10\/tremblement-de-terre-en-france-en-matiere-de-photovoltaique\/#breadcrumb","itemListElement":[{"@type":"ListItem","position":1,"name":"Accueil","item":"https:\/\/blog.solstis.ch\/index.php\/fr\/blog\/"},{"@type":"ListItem","position":2,"name":"Tremblement de terre en France en mati\u00e8re de photovolta\u00efque"}]},{"@type":"WebSite","@id":"https:\/\/blog.solstis.ch\/#website","url":"https:\/\/blog.solstis.ch\/","name":"Solstis","description":"Solstis, donner au monde l&#039;\u00e9nergie d&#039;\u00eatre durable.","potentialAction":[{"@type":"SearchAction","target":{"@type":"EntryPoint","urlTemplate":"https:\/\/blog.solstis.ch\/?s={search_term_string}"},"query-input":{"@type":"PropertyValueSpecification","valueRequired":true,"valueName":"search_term_string"}}],"inLanguage":"fr-FR"},{"@type":"Person","@id":"https:\/\/blog.solstis.ch\/#\/schema\/person\/5a9f5ef0a66b3e68c712ab62eeb4a1f9","name":"admin","image":{"@type":"ImageObject","inLanguage":"fr-FR","@id":"https:\/\/blog.solstis.ch\/#\/schema\/person\/image\/","url":"https:\/\/secure.gravatar.com\/avatar\/8ba8fd08281e45cafc408887276f0396?s=96&d=mm&r=g","contentUrl":"https:\/\/secure.gravatar.com\/avatar\/8ba8fd08281e45cafc408887276f0396?s=96&d=mm&r=g","caption":"admin"},"url":"https:\/\/blog.solstis.ch\/index.php\/author\/admin\/"}]}},"jetpack_sharing_enabled":true,"jetpack_featured_media_url":"https:\/\/blog.solstis.ch\/wp-content\/uploads\/2016\/02\/Engie_Logo.jpg","jetpack_shortlink":"https:\/\/wp.me\/pa0tUs-7d","_links":{"self":[{"href":"https:\/\/blog.solstis.ch\/index.php\/wp-json\/wp\/v2\/posts\/447","targetHints":{"allow":["GET"]}}],"collection":[{"href":"https:\/\/blog.solstis.ch\/index.php\/wp-json\/wp\/v2\/posts"}],"about":[{"href":"https:\/\/blog.solstis.ch\/index.php\/wp-json\/wp\/v2\/types\/post"}],"author":[{"embeddable":true,"href":"https:\/\/blog.solstis.ch\/index.php\/wp-json\/wp\/v2\/users\/1"}],"replies":[{"embeddable":true,"href":"https:\/\/blog.solstis.ch\/index.php\/wp-json\/wp\/v2\/comments?post=447"}],"version-history":[{"count":1,"href":"https:\/\/blog.solstis.ch\/index.php\/wp-json\/wp\/v2\/posts\/447\/revisions"}],"predecessor-version":[{"id":450,"href":"https:\/\/blog.solstis.ch\/index.php\/wp-json\/wp\/v2\/posts\/447\/revisions\/450"}],"wp:featuredmedia":[{"embeddable":true,"href":"https:\/\/blog.solstis.ch\/index.php\/wp-json\/wp\/v2\/media\/449"}],"wp:attachment":[{"href":"https:\/\/blog.solstis.ch\/index.php\/wp-json\/wp\/v2\/media?parent=447"}],"wp:term":[{"taxonomy":"category","embeddable":true,"href":"https:\/\/blog.solstis.ch\/index.php\/wp-json\/wp\/v2\/categories?post=447"},{"taxonomy":"post_tag","embeddable":true,"href":"https:\/\/blog.solstis.ch\/index.php\/wp-json\/wp\/v2\/tags?post=447"}],"curies":[{"name":"wp","href":"https:\/\/api.w.org\/{rel}","templated":true}]}}