{"id":440,"date":"2016-02-02T08:37:51","date_gmt":"2016-02-02T07:37:51","guid":{"rendered":"http:\/\/blog.solstis.ch\/?p=440"},"modified":"2016-02-18T08:50:07","modified_gmt":"2016-02-18T07:50:07","slug":"apres-cop21-les-premieres-actions-concretes-pour-le-climat","status":"publish","type":"post","link":"https:\/\/blog.solstis.ch\/index.php\/fr\/2016\/02\/02\/apres-cop21-les-premieres-actions-concretes-pour-le-climat\/","title":{"rendered":"Apr\u00e8s COP21 : les premi\u00e8res actions concr\u00e8tes pour le climat"},"content":{"rendered":"<p><strong>Les annonces et mesures en faveur de la transition \u00e9nerg\u00e9tique\u00a0semblent se multiplier\u00a0un peu partout dans le monde, avec davantage d\u2019investissement vers les fili\u00e8res \u00e9nerg\u00e9tiques d\u00e9carbon\u00e9es. Une tendance qui\u00a0permettra peut-\u00eatre de transformer\u00a0intelligemment\u00a0l\u2019essai de la COP21\u00a0dans les ann\u00e9es \u00e0 venir. Plus d&rsquo;informations <a href=\"http:\/\/www.contrepoints.org\/2016\/02\/10\/238360-apres-cop21-les-premieres-actions-concretes-pour-le-climat\" target=\"_blank\">ICI<\/a>.<\/strong><\/p>\n<p>Source :\u00a0www.contrepoints.org<\/p>\n<p>Cr\u00e9dit photo:\u00a0Lollie Pop licence Creative Commons<\/p>\n","protected":false},"excerpt":{"rendered":"<p>Les annonces et mesures en faveur de la transition \u00e9nerg\u00e9tique\u00a0semblent se multiplier\u00a0un peu partout dans le monde, avec davantage d\u2019investissement [&hellip;]<\/p>\n","protected":false},"author":1,"featured_media":441,"comment_status":"open","ping_status":"open","sticky":false,"template":"","format":"standard","meta":{"jetpack_post_was_ever_published":false,"_jetpack_newsletter_access":"","_jetpack_dont_email_post_to_subs":false,"_jetpack_newsletter_tier_id":0,"_jetpack_memberships_contains_paywalled_content":false,"_jetpack_memberships_contains_paid_content":false,"footnotes":"","jetpack_publicize_message":"","jetpack_publicize_feature_enabled":true,"jetpack_social_post_already_shared":false,"jetpack_social_options":{"image_generator_settings":{"template":"highway","enabled":false},"version":2}},"categories":[40],"tags":[],"class_list":["post-440","post","type-post","status-publish","format-standard","has-post-thumbnail","hentry","category-ecologie"],"jetpack_publicize_connections":[],"yoast_head":"<!-- This site is optimized with the Yoast SEO plugin v23.8 - https:\/\/yoast.com\/wordpress\/plugins\/seo\/ -->\n<title>Apr\u00e8s COP21 : les premi\u00e8res actions concr\u00e8tes pour le climat - Solstis<\/title>\n<meta name=\"description\" content=\"Suite \u00e0 la\u00a0COP21 organis\u00e9e \u00e0 Paris en d\u00e9cembre 2015, les annonces et mesures en faveur de la transition \u00e9nerg\u00e9tique\u00a0semblent se multiplier.\" \/>\n<meta name=\"robots\" content=\"index, follow, max-snippet:-1, max-image-preview:large, max-video-preview:-1\" \/>\n<link rel=\"canonical\" href=\"https:\/\/blog.solstis.ch\/index.php\/fr\/2016\/02\/02\/apres-cop21-les-premieres-actions-concretes-pour-le-climat\/\" \/>\n<meta property=\"og:locale\" content=\"fr_FR\" \/>\n<meta property=\"og:type\" content=\"article\" \/>\n<meta property=\"og:title\" content=\"Apr\u00e8s COP21 : les premi\u00e8res actions concr\u00e8tes pour le climat - Solstis\" \/>\n<meta property=\"og:description\" content=\"Suite \u00e0 la\u00a0COP21 organis\u00e9e \u00e0 Paris en d\u00e9cembre 2015, les annonces et mesures en faveur de la transition \u00e9nerg\u00e9tique\u00a0semblent se multiplier.\" \/>\n<meta property=\"og:url\" content=\"https:\/\/blog.solstis.ch\/index.php\/fr\/2016\/02\/02\/apres-cop21-les-premieres-actions-concretes-pour-le-climat\/\" \/>\n<meta property=\"og:site_name\" content=\"Solstis\" \/>\n<meta property=\"article:published_time\" content=\"2016-02-02T07:37:51+00:00\" \/>\n<meta property=\"article:modified_time\" content=\"2016-02-18T07:50:07+00:00\" \/>\n<meta property=\"og:image\" content=\"https:\/\/blog.solstis.ch\/wp-content\/uploads\/2016\/02\/Eoliennne-Cre\u0301dits-Lollie-Pop-licence-Creative-Commons-660x495.jpg\" \/>\n\t<meta property=\"og:image:width\" content=\"660\" \/>\n\t<meta property=\"og:image:height\" content=\"495\" \/>\n\t<meta property=\"og:image:type\" content=\"image\/jpeg\" \/>\n<meta name=\"author\" content=\"admin\" \/>\n<meta name=\"twitter:card\" content=\"summary_large_image\" \/>\n<meta name=\"twitter:label1\" content=\"\u00c9crit par\" \/>\n\t<meta name=\"twitter:data1\" content=\"admin\" \/>\n<script type=\"application\/ld+json\" class=\"yoast-schema-graph\">{\"@context\":\"https:\/\/schema.org\",\"@graph\":[{\"@type\":\"WebPage\",\"@id\":\"https:\/\/blog.solstis.ch\/index.php\/fr\/2016\/02\/02\/apres-cop21-les-premieres-actions-concretes-pour-le-climat\/\",\"url\":\"https:\/\/blog.solstis.ch\/index.php\/fr\/2016\/02\/02\/apres-cop21-les-premieres-actions-concretes-pour-le-climat\/\",\"name\":\"Apr\u00e8s COP21 : les premi\u00e8res actions concr\u00e8tes pour le climat - Solstis\",\"isPartOf\":{\"@id\":\"https:\/\/blog.solstis.ch\/#website\"},\"primaryImageOfPage\":{\"@id\":\"https:\/\/blog.solstis.ch\/index.php\/fr\/2016\/02\/02\/apres-cop21-les-premieres-actions-concretes-pour-le-climat\/#primaryimage\"},\"image\":{\"@id\":\"https:\/\/blog.solstis.ch\/index.php\/fr\/2016\/02\/02\/apres-cop21-les-premieres-actions-concretes-pour-le-climat\/#primaryimage\"},\"thumbnailUrl\":\"https:\/\/blog.solstis.ch\/wp-content\/uploads\/2016\/02\/Eoliennne-Cre\u0301dits-Lollie-Pop-licence-Creative-Commons-660x495.jpg\",\"datePublished\":\"2016-02-02T07:37:51+00:00\",\"dateModified\":\"2016-02-18T07:50:07+00:00\",\"author\":{\"@id\":\"https:\/\/blog.solstis.ch\/#\/schema\/person\/5a9f5ef0a66b3e68c712ab62eeb4a1f9\"},\"description\":\"Suite \u00e0 la\u00a0COP21 organis\u00e9e \u00e0 Paris en d\u00e9cembre 2015, les annonces et mesures en faveur de la transition \u00e9nerg\u00e9tique\u00a0semblent se multiplier.\",\"breadcrumb\":{\"@id\":\"https:\/\/blog.solstis.ch\/index.php\/fr\/2016\/02\/02\/apres-cop21-les-premieres-actions-concretes-pour-le-climat\/#breadcrumb\"},\"inLanguage\":\"fr-FR\",\"potentialAction\":[{\"@type\":\"ReadAction\",\"target\":[\"https:\/\/blog.solstis.ch\/index.php\/fr\/2016\/02\/02\/apres-cop21-les-premieres-actions-concretes-pour-le-climat\/\"]}]},{\"@type\":\"ImageObject\",\"inLanguage\":\"fr-FR\",\"@id\":\"https:\/\/blog.solstis.ch\/index.php\/fr\/2016\/02\/02\/apres-cop21-les-premieres-actions-concretes-pour-le-climat\/#primaryimage\",\"url\":\"https:\/\/blog.solstis.ch\/wp-content\/uploads\/2016\/02\/Eoliennne-Cre\u0301dits-Lollie-Pop-licence-Creative-Commons-660x495.jpg\",\"contentUrl\":\"https:\/\/blog.solstis.ch\/wp-content\/uploads\/2016\/02\/Eoliennne-Cre\u0301dits-Lollie-Pop-licence-Creative-Commons-660x495.jpg\",\"width\":660,\"height\":495},{\"@type\":\"BreadcrumbList\",\"@id\":\"https:\/\/blog.solstis.ch\/index.php\/fr\/2016\/02\/02\/apres-cop21-les-premieres-actions-concretes-pour-le-climat\/#breadcrumb\",\"itemListElement\":[{\"@type\":\"ListItem\",\"position\":1,\"name\":\"Accueil\",\"item\":\"https:\/\/blog.solstis.ch\/index.php\/fr\/blog\/\"},{\"@type\":\"ListItem\",\"position\":2,\"name\":\"Apr\u00e8s COP21 : les premi\u00e8res actions concr\u00e8tes pour le climat\"}]},{\"@type\":\"WebSite\",\"@id\":\"https:\/\/blog.solstis.ch\/#website\",\"url\":\"https:\/\/blog.solstis.ch\/\",\"name\":\"Solstis\",\"description\":\"Solstis, donner au monde l&#039;\u00e9nergie d&#039;\u00eatre durable.\",\"potentialAction\":[{\"@type\":\"SearchAction\",\"target\":{\"@type\":\"EntryPoint\",\"urlTemplate\":\"https:\/\/blog.solstis.ch\/?s={search_term_string}\"},\"query-input\":{\"@type\":\"PropertyValueSpecification\",\"valueRequired\":true,\"valueName\":\"search_term_string\"}}],\"inLanguage\":\"fr-FR\"},{\"@type\":\"Person\",\"@id\":\"https:\/\/blog.solstis.ch\/#\/schema\/person\/5a9f5ef0a66b3e68c712ab62eeb4a1f9\",\"name\":\"admin\",\"image\":{\"@type\":\"ImageObject\",\"inLanguage\":\"fr-FR\",\"@id\":\"https:\/\/blog.solstis.ch\/#\/schema\/person\/image\/\",\"url\":\"https:\/\/secure.gravatar.com\/avatar\/8ba8fd08281e45cafc408887276f0396?s=96&d=mm&r=g\",\"contentUrl\":\"https:\/\/secure.gravatar.com\/avatar\/8ba8fd08281e45cafc408887276f0396?s=96&d=mm&r=g\",\"caption\":\"admin\"},\"url\":\"https:\/\/blog.solstis.ch\/index.php\/author\/admin\/\"}]}<\/script>\n<!-- \/ Yoast SEO plugin. -->","yoast_head_json":{"title":"Apr\u00e8s COP21 : les premi\u00e8res actions concr\u00e8tes pour le climat - Solstis","description":"Suite \u00e0 la\u00a0COP21 organis\u00e9e \u00e0 Paris en d\u00e9cembre 2015, les annonces et mesures en faveur de la transition \u00e9nerg\u00e9tique\u00a0semblent se multiplier.","robots":{"index":"index","follow":"follow","max-snippet":"max-snippet:-1","max-image-preview":"max-image-preview:large","max-video-preview":"max-video-preview:-1"},"canonical":"https:\/\/blog.solstis.ch\/index.php\/fr\/2016\/02\/02\/apres-cop21-les-premieres-actions-concretes-pour-le-climat\/","og_locale":"fr_FR","og_type":"article","og_title":"Apr\u00e8s COP21 : les premi\u00e8res actions concr\u00e8tes pour le climat - Solstis","og_description":"Suite \u00e0 la\u00a0COP21 organis\u00e9e \u00e0 Paris en d\u00e9cembre 2015, les annonces et mesures en faveur de la transition \u00e9nerg\u00e9tique\u00a0semblent se multiplier.","og_url":"https:\/\/blog.solstis.ch\/index.php\/fr\/2016\/02\/02\/apres-cop21-les-premieres-actions-concretes-pour-le-climat\/","og_site_name":"Solstis","article_published_time":"2016-02-02T07:37:51+00:00","article_modified_time":"2016-02-18T07:50:07+00:00","og_image":[{"width":660,"height":495,"url":"https:\/\/blog.solstis.ch\/wp-content\/uploads\/2016\/02\/Eoliennne-Cre\u0301dits-Lollie-Pop-licence-Creative-Commons-660x495.jpg","type":"image\/jpeg"}],"author":"admin","twitter_card":"summary_large_image","twitter_misc":{"\u00c9crit par":"admin"},"schema":{"@context":"https:\/\/schema.org","@graph":[{"@type":"WebPage","@id":"https:\/\/blog.solstis.ch\/index.php\/fr\/2016\/02\/02\/apres-cop21-les-premieres-actions-concretes-pour-le-climat\/","url":"https:\/\/blog.solstis.ch\/index.php\/fr\/2016\/02\/02\/apres-cop21-les-premieres-actions-concretes-pour-le-climat\/","name":"Apr\u00e8s COP21 : les premi\u00e8res actions concr\u00e8tes pour le climat - Solstis","isPartOf":{"@id":"https:\/\/blog.solstis.ch\/#website"},"primaryImageOfPage":{"@id":"https:\/\/blog.solstis.ch\/index.php\/fr\/2016\/02\/02\/apres-cop21-les-premieres-actions-concretes-pour-le-climat\/#primaryimage"},"image":{"@id":"https:\/\/blog.solstis.ch\/index.php\/fr\/2016\/02\/02\/apres-cop21-les-premieres-actions-concretes-pour-le-climat\/#primaryimage"},"thumbnailUrl":"https:\/\/blog.solstis.ch\/wp-content\/uploads\/2016\/02\/Eoliennne-Cre\u0301dits-Lollie-Pop-licence-Creative-Commons-660x495.jpg","datePublished":"2016-02-02T07:37:51+00:00","dateModified":"2016-02-18T07:50:07+00:00","author":{"@id":"https:\/\/blog.solstis.ch\/#\/schema\/person\/5a9f5ef0a66b3e68c712ab62eeb4a1f9"},"description":"Suite \u00e0 la\u00a0COP21 organis\u00e9e \u00e0 Paris en d\u00e9cembre 2015, les annonces et mesures en faveur de la transition \u00e9nerg\u00e9tique\u00a0semblent se multiplier.","breadcrumb":{"@id":"https:\/\/blog.solstis.ch\/index.php\/fr\/2016\/02\/02\/apres-cop21-les-premieres-actions-concretes-pour-le-climat\/#breadcrumb"},"inLanguage":"fr-FR","potentialAction":[{"@type":"ReadAction","target":["https:\/\/blog.solstis.ch\/index.php\/fr\/2016\/02\/02\/apres-cop21-les-premieres-actions-concretes-pour-le-climat\/"]}]},{"@type":"ImageObject","inLanguage":"fr-FR","@id":"https:\/\/blog.solstis.ch\/index.php\/fr\/2016\/02\/02\/apres-cop21-les-premieres-actions-concretes-pour-le-climat\/#primaryimage","url":"https:\/\/blog.solstis.ch\/wp-content\/uploads\/2016\/02\/Eoliennne-Cre\u0301dits-Lollie-Pop-licence-Creative-Commons-660x495.jpg","contentUrl":"https:\/\/blog.solstis.ch\/wp-content\/uploads\/2016\/02\/Eoliennne-Cre\u0301dits-Lollie-Pop-licence-Creative-Commons-660x495.jpg","width":660,"height":495},{"@type":"BreadcrumbList","@id":"https:\/\/blog.solstis.ch\/index.php\/fr\/2016\/02\/02\/apres-cop21-les-premieres-actions-concretes-pour-le-climat\/#breadcrumb","itemListElement":[{"@type":"ListItem","position":1,"name":"Accueil","item":"https:\/\/blog.solstis.ch\/index.php\/fr\/blog\/"},{"@type":"ListItem","position":2,"name":"Apr\u00e8s COP21 : les premi\u00e8res actions concr\u00e8tes pour le climat"}]},{"@type":"WebSite","@id":"https:\/\/blog.solstis.ch\/#website","url":"https:\/\/blog.solstis.ch\/","name":"Solstis","description":"Solstis, donner au monde l&#039;\u00e9nergie d&#039;\u00eatre durable.","potentialAction":[{"@type":"SearchAction","target":{"@type":"EntryPoint","urlTemplate":"https:\/\/blog.solstis.ch\/?s={search_term_string}"},"query-input":{"@type":"PropertyValueSpecification","valueRequired":true,"valueName":"search_term_string"}}],"inLanguage":"fr-FR"},{"@type":"Person","@id":"https:\/\/blog.solstis.ch\/#\/schema\/person\/5a9f5ef0a66b3e68c712ab62eeb4a1f9","name":"admin","image":{"@type":"ImageObject","inLanguage":"fr-FR","@id":"https:\/\/blog.solstis.ch\/#\/schema\/person\/image\/","url":"https:\/\/secure.gravatar.com\/avatar\/8ba8fd08281e45cafc408887276f0396?s=96&d=mm&r=g","contentUrl":"https:\/\/secure.gravatar.com\/avatar\/8ba8fd08281e45cafc408887276f0396?s=96&d=mm&r=g","caption":"admin"},"url":"https:\/\/blog.solstis.ch\/index.php\/author\/admin\/"}]}},"jetpack_sharing_enabled":true,"jetpack_featured_media_url":"https:\/\/blog.solstis.ch\/wp-content\/uploads\/2016\/02\/Eoliennne-Cre\u0301dits-Lollie-Pop-licence-Creative-Commons-660x495.jpg","jetpack_shortlink":"https:\/\/wp.me\/pa0tUs-76","_links":{"self":[{"href":"https:\/\/blog.solstis.ch\/index.php\/wp-json\/wp\/v2\/posts\/440","targetHints":{"allow":["GET"]}}],"collection":[{"href":"https:\/\/blog.solstis.ch\/index.php\/wp-json\/wp\/v2\/posts"}],"about":[{"href":"https:\/\/blog.solstis.ch\/index.php\/wp-json\/wp\/v2\/types\/post"}],"author":[{"embeddable":true,"href":"https:\/\/blog.solstis.ch\/index.php\/wp-json\/wp\/v2\/users\/1"}],"replies":[{"embeddable":true,"href":"https:\/\/blog.solstis.ch\/index.php\/wp-json\/wp\/v2\/comments?post=440"}],"version-history":[{"count":1,"href":"https:\/\/blog.solstis.ch\/index.php\/wp-json\/wp\/v2\/posts\/440\/revisions"}],"predecessor-version":[{"id":442,"href":"https:\/\/blog.solstis.ch\/index.php\/wp-json\/wp\/v2\/posts\/440\/revisions\/442"}],"wp:featuredmedia":[{"embeddable":true,"href":"https:\/\/blog.solstis.ch\/index.php\/wp-json\/wp\/v2\/media\/441"}],"wp:attachment":[{"href":"https:\/\/blog.solstis.ch\/index.php\/wp-json\/wp\/v2\/media?parent=440"}],"wp:term":[{"taxonomy":"category","embeddable":true,"href":"https:\/\/blog.solstis.ch\/index.php\/wp-json\/wp\/v2\/categories?post=440"},{"taxonomy":"post_tag","embeddable":true,"href":"https:\/\/blog.solstis.ch\/index.php\/wp-json\/wp\/v2\/tags?post=440"}],"curies":[{"name":"wp","href":"https:\/\/api.w.org\/{rel}","templated":true}]}}