{"id":406,"date":"2016-01-26T08:40:18","date_gmt":"2016-01-26T07:40:18","guid":{"rendered":"http:\/\/blog.solstis.ch\/?p=406"},"modified":"2016-01-28T08:48:16","modified_gmt":"2016-01-28T07:48:16","slug":"des-fermes-solaires-dans-le-ciel-qui-produiront-de-lelectricite","status":"publish","type":"post","link":"https:\/\/blog.solstis.ch\/index.php\/fr\/2016\/01\/26\/des-fermes-solaires-dans-le-ciel-qui-produiront-de-lelectricite\/","title":{"rendered":"Des fermes solaires dans le ciel qui produiront de l&rsquo;\u00e9lectricit\u00e9"},"content":{"rendered":"<p>Des chercheurs du CNRS r\u00e9fl\u00e9chissent \u00e0 l&rsquo;installation dans le ciel de fermes solaires qui produiraient de l&rsquo;\u00e9lectricit\u00e9.<br \/>\nD&rsquo;ici quelques ann\u00e9es, on verra peut-\u00eatre au-dessus de nos t\u00eates des gros ballons captifs reli\u00e9s \u00e0 un long c\u00e2ble. Ils seront recouverts de cellules solaires et fourniront de l\u2019\u00e9lectricit\u00e9. L&rsquo;id\u00e9e des chercheurs qui travaillent sur ce projet est de produire de l&rsquo;\u00e9nergie propre avec un meilleur rendement que les panneaux photovolta\u00efques classiques. Perch\u00e9s \u00e0 environ 5 kilom\u00e8tres d&rsquo;altitude, ces ballons seraient au-dessus des nuages et capteraient plus longtemps &#8211; du matin au soir &#8211; et mieux les rayons du soleil. Le rendement serait cinq fois sup\u00e9rieur. Ils pourraient aussi stocker l&rsquo;\u00e9nergie produite en trop pendant la journ\u00e9e afin de l&rsquo;utiliser la nuit.<\/p>\n<p>On sait qu&rsquo;\u00e0 l&rsquo;avenir, si on veut respecter les d\u00e9cisions de la COP21, il faudra produire de plus en plus des \u00e9nergies propres et un des buts de ce projet, serait de lib\u00e9rer de l&rsquo;espace au sol. On n&rsquo;aurait plus besoin de construire de grandes fermes photovolta\u00efques sur des terres agricoles.<\/p>\n<p>Pour lire la suite et \u00e9couter le reportage, cliquer <a href=\"http:\/\/www.rtl.fr\/actu\/sciences-environnement\/des-fermes-solaires-dans-le-ciel-qui-produiront-de-l-electricite-7781389274\" target=\"_blank\">ICI<\/a><\/p>\n<p>Source : <a href=\"http:\/\/www.rtl.fr\/\" target=\"_blank\">www.rtl.fr<br \/>\n<\/a><span class=\"credit\">Cr\u00e9dit M\u00e9dia : Sophie Joussellin<\/span><\/p>\n","protected":false},"excerpt":{"rendered":"<p>Des chercheurs du CNRS r\u00e9fl\u00e9chissent \u00e0 l&rsquo;installation dans le ciel de fermes solaires qui produiraient de l&rsquo;\u00e9lectricit\u00e9. D&rsquo;ici quelques ann\u00e9es, [&hellip;]<\/p>\n","protected":false},"author":1,"featured_media":407,"comment_status":"open","ping_status":"open","sticky":false,"template":"","format":"standard","meta":{"jetpack_post_was_ever_published":false,"_jetpack_newsletter_access":"","_jetpack_dont_email_post_to_subs":false,"_jetpack_newsletter_tier_id":0,"_jetpack_memberships_contains_paywalled_content":false,"_jetpack_memberships_contains_paid_content":false,"footnotes":"","jetpack_publicize_message":"","jetpack_publicize_feature_enabled":true,"jetpack_social_post_already_shared":false,"jetpack_social_options":{"image_generator_settings":{"template":"highway","enabled":false},"version":2}},"categories":[115,40,33],"tags":[203,205,191,201,143,151],"class_list":["post-406","post","type-post","status-publish","format-standard","has-post-thumbnail","hentry","category-actualite","category-ecologie","category-energie","tag-cnrs","tag-cop21","tag-energie-solaire","tag-fermes-solaires","tag-panneaux-photovoltaiques","tag-solstis"],"jetpack_publicize_connections":[],"yoast_head":"<!-- This site is optimized with the Yoast SEO plugin v23.8 - https:\/\/yoast.com\/wordpress\/plugins\/seo\/ -->\n<title>Des fermes solaires dans le ciel qui produiront de l&#039;\u00e9lectricit\u00e9 - Solstis<\/title>\n<meta name=\"robots\" content=\"index, follow, max-snippet:-1, max-image-preview:large, max-video-preview:-1\" \/>\n<link rel=\"canonical\" href=\"https:\/\/blog.solstis.ch\/index.php\/fr\/2016\/01\/26\/des-fermes-solaires-dans-le-ciel-qui-produiront-de-lelectricite\/\" \/>\n<meta property=\"og:locale\" content=\"fr_FR\" \/>\n<meta property=\"og:type\" content=\"article\" \/>\n<meta property=\"og:title\" content=\"Des fermes solaires dans le ciel qui produiront de l&#039;\u00e9lectricit\u00e9 - Solstis\" \/>\n<meta property=\"og:description\" content=\"Des chercheurs du CNRS r\u00e9fl\u00e9chissent \u00e0 l&rsquo;installation dans le ciel de fermes solaires qui produiraient de l&rsquo;\u00e9lectricit\u00e9. D&rsquo;ici quelques ann\u00e9es, [&hellip;]\" \/>\n<meta property=\"og:url\" content=\"https:\/\/blog.solstis.ch\/index.php\/fr\/2016\/01\/26\/des-fermes-solaires-dans-le-ciel-qui-produiront-de-lelectricite\/\" \/>\n<meta property=\"og:site_name\" content=\"Solstis\" \/>\n<meta property=\"article:published_time\" content=\"2016-01-26T07:40:18+00:00\" \/>\n<meta property=\"article:modified_time\" content=\"2016-01-28T07:48:16+00:00\" \/>\n<meta property=\"og:image\" content=\"https:\/\/blog.solstis.ch\/wp-content\/uploads\/2016\/01\/Fermes-solaires.png\" \/>\n\t<meta property=\"og:image:width\" content=\"792\" \/>\n\t<meta property=\"og:image:height\" content=\"486\" \/>\n\t<meta property=\"og:image:type\" content=\"image\/png\" \/>\n<meta name=\"author\" content=\"admin\" \/>\n<meta name=\"twitter:card\" content=\"summary_large_image\" \/>\n<meta name=\"twitter:label1\" content=\"\u00c9crit par\" \/>\n\t<meta name=\"twitter:data1\" content=\"admin\" \/>\n\t<meta name=\"twitter:label2\" content=\"Dur\u00e9e de lecture estim\u00e9e\" \/>\n\t<meta name=\"twitter:data2\" content=\"1 minute\" \/>\n<script type=\"application\/ld+json\" class=\"yoast-schema-graph\">{\"@context\":\"https:\/\/schema.org\",\"@graph\":[{\"@type\":\"WebPage\",\"@id\":\"https:\/\/blog.solstis.ch\/index.php\/fr\/2016\/01\/26\/des-fermes-solaires-dans-le-ciel-qui-produiront-de-lelectricite\/\",\"url\":\"https:\/\/blog.solstis.ch\/index.php\/fr\/2016\/01\/26\/des-fermes-solaires-dans-le-ciel-qui-produiront-de-lelectricite\/\",\"name\":\"Des fermes solaires dans le ciel qui produiront de l'\u00e9lectricit\u00e9 - Solstis\",\"isPartOf\":{\"@id\":\"https:\/\/blog.solstis.ch\/#website\"},\"primaryImageOfPage\":{\"@id\":\"https:\/\/blog.solstis.ch\/index.php\/fr\/2016\/01\/26\/des-fermes-solaires-dans-le-ciel-qui-produiront-de-lelectricite\/#primaryimage\"},\"image\":{\"@id\":\"https:\/\/blog.solstis.ch\/index.php\/fr\/2016\/01\/26\/des-fermes-solaires-dans-le-ciel-qui-produiront-de-lelectricite\/#primaryimage\"},\"thumbnailUrl\":\"https:\/\/blog.solstis.ch\/wp-content\/uploads\/2016\/01\/Fermes-solaires.png\",\"datePublished\":\"2016-01-26T07:40:18+00:00\",\"dateModified\":\"2016-01-28T07:48:16+00:00\",\"author\":{\"@id\":\"https:\/\/blog.solstis.ch\/#\/schema\/person\/5a9f5ef0a66b3e68c712ab62eeb4a1f9\"},\"breadcrumb\":{\"@id\":\"https:\/\/blog.solstis.ch\/index.php\/fr\/2016\/01\/26\/des-fermes-solaires-dans-le-ciel-qui-produiront-de-lelectricite\/#breadcrumb\"},\"inLanguage\":\"fr-FR\",\"potentialAction\":[{\"@type\":\"ReadAction\",\"target\":[\"https:\/\/blog.solstis.ch\/index.php\/fr\/2016\/01\/26\/des-fermes-solaires-dans-le-ciel-qui-produiront-de-lelectricite\/\"]}]},{\"@type\":\"ImageObject\",\"inLanguage\":\"fr-FR\",\"@id\":\"https:\/\/blog.solstis.ch\/index.php\/fr\/2016\/01\/26\/des-fermes-solaires-dans-le-ciel-qui-produiront-de-lelectricite\/#primaryimage\",\"url\":\"https:\/\/blog.solstis.ch\/wp-content\/uploads\/2016\/01\/Fermes-solaires.png\",\"contentUrl\":\"https:\/\/blog.solstis.ch\/wp-content\/uploads\/2016\/01\/Fermes-solaires.png\",\"width\":792,\"height\":486},{\"@type\":\"BreadcrumbList\",\"@id\":\"https:\/\/blog.solstis.ch\/index.php\/fr\/2016\/01\/26\/des-fermes-solaires-dans-le-ciel-qui-produiront-de-lelectricite\/#breadcrumb\",\"itemListElement\":[{\"@type\":\"ListItem\",\"position\":1,\"name\":\"Accueil\",\"item\":\"https:\/\/blog.solstis.ch\/index.php\/fr\/blog\/\"},{\"@type\":\"ListItem\",\"position\":2,\"name\":\"Des fermes solaires dans le ciel qui produiront de l&rsquo;\u00e9lectricit\u00e9\"}]},{\"@type\":\"WebSite\",\"@id\":\"https:\/\/blog.solstis.ch\/#website\",\"url\":\"https:\/\/blog.solstis.ch\/\",\"name\":\"Solstis\",\"description\":\"Solstis, donner au monde l&#039;\u00e9nergie d&#039;\u00eatre durable.\",\"potentialAction\":[{\"@type\":\"SearchAction\",\"target\":{\"@type\":\"EntryPoint\",\"urlTemplate\":\"https:\/\/blog.solstis.ch\/?s={search_term_string}\"},\"query-input\":{\"@type\":\"PropertyValueSpecification\",\"valueRequired\":true,\"valueName\":\"search_term_string\"}}],\"inLanguage\":\"fr-FR\"},{\"@type\":\"Person\",\"@id\":\"https:\/\/blog.solstis.ch\/#\/schema\/person\/5a9f5ef0a66b3e68c712ab62eeb4a1f9\",\"name\":\"admin\",\"image\":{\"@type\":\"ImageObject\",\"inLanguage\":\"fr-FR\",\"@id\":\"https:\/\/blog.solstis.ch\/#\/schema\/person\/image\/\",\"url\":\"https:\/\/secure.gravatar.com\/avatar\/8ba8fd08281e45cafc408887276f0396?s=96&d=mm&r=g\",\"contentUrl\":\"https:\/\/secure.gravatar.com\/avatar\/8ba8fd08281e45cafc408887276f0396?s=96&d=mm&r=g\",\"caption\":\"admin\"},\"url\":\"https:\/\/blog.solstis.ch\/index.php\/author\/admin\/\"}]}<\/script>\n<!-- \/ Yoast SEO plugin. -->","yoast_head_json":{"title":"Des fermes solaires dans le ciel qui produiront de l'\u00e9lectricit\u00e9 - Solstis","robots":{"index":"index","follow":"follow","max-snippet":"max-snippet:-1","max-image-preview":"max-image-preview:large","max-video-preview":"max-video-preview:-1"},"canonical":"https:\/\/blog.solstis.ch\/index.php\/fr\/2016\/01\/26\/des-fermes-solaires-dans-le-ciel-qui-produiront-de-lelectricite\/","og_locale":"fr_FR","og_type":"article","og_title":"Des fermes solaires dans le ciel qui produiront de l'\u00e9lectricit\u00e9 - Solstis","og_description":"Des chercheurs du CNRS r\u00e9fl\u00e9chissent \u00e0 l&rsquo;installation dans le ciel de fermes solaires qui produiraient de l&rsquo;\u00e9lectricit\u00e9. D&rsquo;ici quelques ann\u00e9es, [&hellip;]","og_url":"https:\/\/blog.solstis.ch\/index.php\/fr\/2016\/01\/26\/des-fermes-solaires-dans-le-ciel-qui-produiront-de-lelectricite\/","og_site_name":"Solstis","article_published_time":"2016-01-26T07:40:18+00:00","article_modified_time":"2016-01-28T07:48:16+00:00","og_image":[{"width":792,"height":486,"url":"https:\/\/blog.solstis.ch\/wp-content\/uploads\/2016\/01\/Fermes-solaires.png","type":"image\/png"}],"author":"admin","twitter_card":"summary_large_image","twitter_misc":{"\u00c9crit par":"admin","Dur\u00e9e de lecture estim\u00e9e":"1 minute"},"schema":{"@context":"https:\/\/schema.org","@graph":[{"@type":"WebPage","@id":"https:\/\/blog.solstis.ch\/index.php\/fr\/2016\/01\/26\/des-fermes-solaires-dans-le-ciel-qui-produiront-de-lelectricite\/","url":"https:\/\/blog.solstis.ch\/index.php\/fr\/2016\/01\/26\/des-fermes-solaires-dans-le-ciel-qui-produiront-de-lelectricite\/","name":"Des fermes solaires dans le ciel qui produiront de l'\u00e9lectricit\u00e9 - Solstis","isPartOf":{"@id":"https:\/\/blog.solstis.ch\/#website"},"primaryImageOfPage":{"@id":"https:\/\/blog.solstis.ch\/index.php\/fr\/2016\/01\/26\/des-fermes-solaires-dans-le-ciel-qui-produiront-de-lelectricite\/#primaryimage"},"image":{"@id":"https:\/\/blog.solstis.ch\/index.php\/fr\/2016\/01\/26\/des-fermes-solaires-dans-le-ciel-qui-produiront-de-lelectricite\/#primaryimage"},"thumbnailUrl":"https:\/\/blog.solstis.ch\/wp-content\/uploads\/2016\/01\/Fermes-solaires.png","datePublished":"2016-01-26T07:40:18+00:00","dateModified":"2016-01-28T07:48:16+00:00","author":{"@id":"https:\/\/blog.solstis.ch\/#\/schema\/person\/5a9f5ef0a66b3e68c712ab62eeb4a1f9"},"breadcrumb":{"@id":"https:\/\/blog.solstis.ch\/index.php\/fr\/2016\/01\/26\/des-fermes-solaires-dans-le-ciel-qui-produiront-de-lelectricite\/#breadcrumb"},"inLanguage":"fr-FR","potentialAction":[{"@type":"ReadAction","target":["https:\/\/blog.solstis.ch\/index.php\/fr\/2016\/01\/26\/des-fermes-solaires-dans-le-ciel-qui-produiront-de-lelectricite\/"]}]},{"@type":"ImageObject","inLanguage":"fr-FR","@id":"https:\/\/blog.solstis.ch\/index.php\/fr\/2016\/01\/26\/des-fermes-solaires-dans-le-ciel-qui-produiront-de-lelectricite\/#primaryimage","url":"https:\/\/blog.solstis.ch\/wp-content\/uploads\/2016\/01\/Fermes-solaires.png","contentUrl":"https:\/\/blog.solstis.ch\/wp-content\/uploads\/2016\/01\/Fermes-solaires.png","width":792,"height":486},{"@type":"BreadcrumbList","@id":"https:\/\/blog.solstis.ch\/index.php\/fr\/2016\/01\/26\/des-fermes-solaires-dans-le-ciel-qui-produiront-de-lelectricite\/#breadcrumb","itemListElement":[{"@type":"ListItem","position":1,"name":"Accueil","item":"https:\/\/blog.solstis.ch\/index.php\/fr\/blog\/"},{"@type":"ListItem","position":2,"name":"Des fermes solaires dans le ciel qui produiront de l&rsquo;\u00e9lectricit\u00e9"}]},{"@type":"WebSite","@id":"https:\/\/blog.solstis.ch\/#website","url":"https:\/\/blog.solstis.ch\/","name":"Solstis","description":"Solstis, donner au monde l&#039;\u00e9nergie d&#039;\u00eatre durable.","potentialAction":[{"@type":"SearchAction","target":{"@type":"EntryPoint","urlTemplate":"https:\/\/blog.solstis.ch\/?s={search_term_string}"},"query-input":{"@type":"PropertyValueSpecification","valueRequired":true,"valueName":"search_term_string"}}],"inLanguage":"fr-FR"},{"@type":"Person","@id":"https:\/\/blog.solstis.ch\/#\/schema\/person\/5a9f5ef0a66b3e68c712ab62eeb4a1f9","name":"admin","image":{"@type":"ImageObject","inLanguage":"fr-FR","@id":"https:\/\/blog.solstis.ch\/#\/schema\/person\/image\/","url":"https:\/\/secure.gravatar.com\/avatar\/8ba8fd08281e45cafc408887276f0396?s=96&d=mm&r=g","contentUrl":"https:\/\/secure.gravatar.com\/avatar\/8ba8fd08281e45cafc408887276f0396?s=96&d=mm&r=g","caption":"admin"},"url":"https:\/\/blog.solstis.ch\/index.php\/author\/admin\/"}]}},"jetpack_sharing_enabled":true,"jetpack_featured_media_url":"https:\/\/blog.solstis.ch\/wp-content\/uploads\/2016\/01\/Fermes-solaires.png","jetpack_shortlink":"https:\/\/wp.me\/pa0tUs-6y","_links":{"self":[{"href":"https:\/\/blog.solstis.ch\/index.php\/wp-json\/wp\/v2\/posts\/406","targetHints":{"allow":["GET"]}}],"collection":[{"href":"https:\/\/blog.solstis.ch\/index.php\/wp-json\/wp\/v2\/posts"}],"about":[{"href":"https:\/\/blog.solstis.ch\/index.php\/wp-json\/wp\/v2\/types\/post"}],"author":[{"embeddable":true,"href":"https:\/\/blog.solstis.ch\/index.php\/wp-json\/wp\/v2\/users\/1"}],"replies":[{"embeddable":true,"href":"https:\/\/blog.solstis.ch\/index.php\/wp-json\/wp\/v2\/comments?post=406"}],"version-history":[{"count":1,"href":"https:\/\/blog.solstis.ch\/index.php\/wp-json\/wp\/v2\/posts\/406\/revisions"}],"predecessor-version":[{"id":408,"href":"https:\/\/blog.solstis.ch\/index.php\/wp-json\/wp\/v2\/posts\/406\/revisions\/408"}],"wp:featuredmedia":[{"embeddable":true,"href":"https:\/\/blog.solstis.ch\/index.php\/wp-json\/wp\/v2\/media\/407"}],"wp:attachment":[{"href":"https:\/\/blog.solstis.ch\/index.php\/wp-json\/wp\/v2\/media?parent=406"}],"wp:term":[{"taxonomy":"category","embeddable":true,"href":"https:\/\/blog.solstis.ch\/index.php\/wp-json\/wp\/v2\/categories?post=406"},{"taxonomy":"post_tag","embeddable":true,"href":"https:\/\/blog.solstis.ch\/index.php\/wp-json\/wp\/v2\/tags?post=406"}],"curies":[{"name":"wp","href":"https:\/\/api.w.org\/{rel}","templated":true}]}}