{"id":394,"date":"2016-01-27T17:04:21","date_gmt":"2016-01-27T16:04:21","guid":{"rendered":"http:\/\/blog.solstis.ch\/?p=394"},"modified":"2016-01-28T09:34:10","modified_gmt":"2016-01-28T08:34:10","slug":"energie-solaire-une-valeur-ajoutee-bien-comprise","status":"publish","type":"post","link":"https:\/\/blog.solstis.ch\/index.php\/fr\/2016\/01\/27\/energie-solaire-une-valeur-ajoutee-bien-comprise\/","title":{"rendered":"\u00c9nergie solaire\u00a0: une valeur ajout\u00e9e bien comprise"},"content":{"rendered":"<p><em>Fr\u00e9d\u00e9ric Cizeron, responsable client\u00e8le Solstis pour la r\u00e9gion Genevoise, r\u00e9pond \u00e0 nos questions sur le march\u00e9 photovolta\u00efque et de l&rsquo;\u00e9nergie solaire du bout du lac.<\/em><\/p>\n<p><strong>Fr\u00e9d\u00e9ric, quelle offre d\u00e9ployez-vous \u00e0 Gen\u00e8ve\u2009?<\/strong><br \/>\nNous proposons des <a href=\"http:\/\/www.solstis.ch\/fr\/votre-projet-solaire\/concept-cle-en-main\" target=\"_blank\">installations photovolta\u00efques<\/a> cl\u00e9s en main \u00e0 tous types d\u2019utilisateurs, entreprises, institutions, communes et propri\u00e9taires priv\u00e9s, avec pr\u00e8s de 60\u00a0% du volume d\u2019affaires g\u00e9n\u00e9r\u00e9 par ces derniers. Si le march\u00e9 des villas occupe une grande partie de mon agenda, celui des entreprises s\u2019affirme progressivement en raison de la parfaite concordance entre la captation d\u2019\u00e9nergie et sa consommation.<\/p>\n<p><strong>Ce qui n\u2019est pas le cas des installations pour les particuliers\u2009?<\/strong><br \/>\nChaque jour, les panneaux solaires captent l\u2019\u00e9nergie, de 9,00 \u00e0 17,00, ce qui permet une redistribution imm\u00e9diate de la ressource. Les entreprises d\u00e9veloppent leur activit\u00e9 dans la m\u00eame tranche horaire. C\u2019est ce qui rend la technologie photovolta\u00efque sp\u00e9cifiquement adapt\u00e9e \u00e0 l\u2019univers professionnel.<\/p>\n<p>Pour les particuliers, les pics de consommation se situent \u00e0 deux moments de la journ\u00e9e\u00a0: de 7,00 \u00e0 9,00 et de 18,00 \u00e0 20,00. L\u2019\u00e9nergie \u00e9tant capt\u00e9e par les panneaux solaires entre 9,00 et 17,00, il y avait jusqu\u2019\u00e0 aujourd\u2019hui un d\u00e9calage captation\/consommation, que l\u2019installation de batteries va dor\u00e9navant compenser. Nous sommes les premiers \u00e0 installer ce type de syst\u00e8mes en Suisse romande.<\/p>\n<p><strong>Quelles sont les motivations amenant \u00e0 choisir l\u2019\u00e9nergie solaire\u2009?<\/strong><br \/>\nLa volont\u00e9 de r\u00e9duire la <a href=\"http:\/\/www.solstis.ch\/fr\/votre-projet-solaire\/avantages\" target=\"_blank\">facture \u00e9nerg\u00e9tique\u2009<\/a>; mais aussi une pr\u00e9occupation \u00e9co-responsable. Souvent, nos clients sont attir\u00e9s par les avantages offerts par l\u2019\u00c9tat, en particulier la d\u00e9duction fiscale int\u00e9grale de l\u2019investissement et une subvention de 25\u00a0% sur la facture globale.<br \/>\nLes clients investissent pour 15 ou 20 ans\u2009; notre expertise est un support d\u00e9terminant dans leur r\u00e9flexion et la pertinence de leur choix.<\/p>\n<p><strong>Comment se dessine le march\u00e9\u2009?<\/strong><br \/>\nFort bien, notamment avec l\u2019annonce r\u00e9cente de la capacit\u00e9 d\u2019autoconsommation, qui permet aux propri\u00e9taires de consommer l\u2019\u00e9nergie produite par leur installation et de continuer \u00e0 vendre l\u2019\u00e9nergie non directement utilis\u00e9e.<br \/>\nLa 4<sup>e<\/sup> r\u00e9volution industrielle apporte \u00e9galement de nombreux progr\u00e8s, avec des installations intelligentes g\u00e9r\u00e9es par des applications tr\u00e8s s\u00e9curisantes et efficientes, et la perspective de boucler la boucle avec les v\u00e9hicules \u00e9lectriques\u00a0!<\/p>\n","protected":false},"excerpt":{"rendered":"<p>Fr\u00e9d\u00e9ric Cizeron, responsable client\u00e8le Solstis pour la r\u00e9gion Genevoise, r\u00e9pond \u00e0 nos questions sur le march\u00e9 photovolta\u00efque et de l&rsquo;\u00e9nergie [&hellip;]<\/p>\n","protected":false},"author":1,"featured_media":403,"comment_status":"open","ping_status":"open","sticky":false,"template":"","format":"standard","meta":{"jetpack_post_was_ever_published":false,"_jetpack_newsletter_access":"","_jetpack_dont_email_post_to_subs":false,"_jetpack_newsletter_tier_id":0,"_jetpack_memberships_contains_paywalled_content":false,"_jetpack_memberships_contains_paid_content":false,"footnotes":"","jetpack_publicize_message":"","jetpack_publicize_feature_enabled":true,"jetpack_social_post_already_shared":false,"jetpack_social_options":{"image_generator_settings":{"template":"highway","enabled":false},"version":2}},"categories":[40,197],"tags":[191,199,143,183,151],"class_list":["post-394","post","type-post","status-publish","format-standard","has-post-thumbnail","hentry","category-ecologie","category-interview","tag-energie-solaire","tag-installations-photovoltaiques","tag-panneaux-photovoltaiques","tag-panneaux-solaires","tag-solstis"],"jetpack_publicize_connections":[],"yoast_head":"<!-- This site is optimized with the Yoast SEO plugin v23.8 - https:\/\/yoast.com\/wordpress\/plugins\/seo\/ -->\n<title>\u00c9nergie solaire\u00a0: une valeur ajout\u00e9e bien comprise - Solstis<\/title>\n<meta name=\"robots\" content=\"index, follow, max-snippet:-1, max-image-preview:large, max-video-preview:-1\" \/>\n<link rel=\"canonical\" href=\"https:\/\/blog.solstis.ch\/index.php\/fr\/2016\/01\/27\/energie-solaire-une-valeur-ajoutee-bien-comprise\/\" \/>\n<meta property=\"og:locale\" content=\"fr_FR\" \/>\n<meta property=\"og:type\" content=\"article\" \/>\n<meta property=\"og:title\" content=\"\u00c9nergie solaire\u00a0: une valeur ajout\u00e9e bien comprise - Solstis\" \/>\n<meta property=\"og:description\" content=\"Fr\u00e9d\u00e9ric Cizeron, responsable client\u00e8le Solstis pour la r\u00e9gion Genevoise, r\u00e9pond \u00e0 nos questions sur le march\u00e9 photovolta\u00efque et de l&rsquo;\u00e9nergie [&hellip;]\" \/>\n<meta property=\"og:url\" content=\"https:\/\/blog.solstis.ch\/index.php\/fr\/2016\/01\/27\/energie-solaire-une-valeur-ajoutee-bien-comprise\/\" \/>\n<meta property=\"og:site_name\" content=\"Solstis\" \/>\n<meta property=\"article:published_time\" content=\"2016-01-27T16:04:21+00:00\" \/>\n<meta property=\"article:modified_time\" content=\"2016-01-28T08:34:10+00:00\" \/>\n<meta property=\"og:image\" content=\"https:\/\/blog.solstis.ch\/wp-content\/uploads\/2016\/01\/cizeron-frederic-Solstis4.jpg\" \/>\n\t<meta property=\"og:image:width\" content=\"2004\" \/>\n\t<meta property=\"og:image:height\" content=\"1200\" \/>\n\t<meta property=\"og:image:type\" content=\"image\/jpeg\" \/>\n<meta name=\"author\" content=\"admin\" \/>\n<meta name=\"twitter:card\" content=\"summary_large_image\" \/>\n<meta name=\"twitter:label1\" content=\"\u00c9crit par\" \/>\n\t<meta name=\"twitter:data1\" content=\"admin\" \/>\n\t<meta name=\"twitter:label2\" content=\"Dur\u00e9e de lecture estim\u00e9e\" \/>\n\t<meta name=\"twitter:data2\" content=\"2 minutes\" \/>\n<script type=\"application\/ld+json\" class=\"yoast-schema-graph\">{\"@context\":\"https:\/\/schema.org\",\"@graph\":[{\"@type\":\"WebPage\",\"@id\":\"https:\/\/blog.solstis.ch\/index.php\/fr\/2016\/01\/27\/energie-solaire-une-valeur-ajoutee-bien-comprise\/\",\"url\":\"https:\/\/blog.solstis.ch\/index.php\/fr\/2016\/01\/27\/energie-solaire-une-valeur-ajoutee-bien-comprise\/\",\"name\":\"\u00c9nergie solaire\u00a0: une valeur ajout\u00e9e bien comprise - Solstis\",\"isPartOf\":{\"@id\":\"https:\/\/blog.solstis.ch\/#website\"},\"primaryImageOfPage\":{\"@id\":\"https:\/\/blog.solstis.ch\/index.php\/fr\/2016\/01\/27\/energie-solaire-une-valeur-ajoutee-bien-comprise\/#primaryimage\"},\"image\":{\"@id\":\"https:\/\/blog.solstis.ch\/index.php\/fr\/2016\/01\/27\/energie-solaire-une-valeur-ajoutee-bien-comprise\/#primaryimage\"},\"thumbnailUrl\":\"https:\/\/blog.solstis.ch\/wp-content\/uploads\/2016\/01\/cizeron-frederic-Solstis4.jpg\",\"datePublished\":\"2016-01-27T16:04:21+00:00\",\"dateModified\":\"2016-01-28T08:34:10+00:00\",\"author\":{\"@id\":\"https:\/\/blog.solstis.ch\/#\/schema\/person\/5a9f5ef0a66b3e68c712ab62eeb4a1f9\"},\"breadcrumb\":{\"@id\":\"https:\/\/blog.solstis.ch\/index.php\/fr\/2016\/01\/27\/energie-solaire-une-valeur-ajoutee-bien-comprise\/#breadcrumb\"},\"inLanguage\":\"fr-FR\",\"potentialAction\":[{\"@type\":\"ReadAction\",\"target\":[\"https:\/\/blog.solstis.ch\/index.php\/fr\/2016\/01\/27\/energie-solaire-une-valeur-ajoutee-bien-comprise\/\"]}]},{\"@type\":\"ImageObject\",\"inLanguage\":\"fr-FR\",\"@id\":\"https:\/\/blog.solstis.ch\/index.php\/fr\/2016\/01\/27\/energie-solaire-une-valeur-ajoutee-bien-comprise\/#primaryimage\",\"url\":\"https:\/\/blog.solstis.ch\/wp-content\/uploads\/2016\/01\/cizeron-frederic-Solstis4.jpg\",\"contentUrl\":\"https:\/\/blog.solstis.ch\/wp-content\/uploads\/2016\/01\/cizeron-frederic-Solstis4.jpg\",\"width\":2004,\"height\":1200,\"caption\":\"frederic-cizeron-solstis\"},{\"@type\":\"BreadcrumbList\",\"@id\":\"https:\/\/blog.solstis.ch\/index.php\/fr\/2016\/01\/27\/energie-solaire-une-valeur-ajoutee-bien-comprise\/#breadcrumb\",\"itemListElement\":[{\"@type\":\"ListItem\",\"position\":1,\"name\":\"Accueil\",\"item\":\"https:\/\/blog.solstis.ch\/index.php\/fr\/blog\/\"},{\"@type\":\"ListItem\",\"position\":2,\"name\":\"\u00c9nergie solaire\u00a0: une valeur ajout\u00e9e bien comprise\"}]},{\"@type\":\"WebSite\",\"@id\":\"https:\/\/blog.solstis.ch\/#website\",\"url\":\"https:\/\/blog.solstis.ch\/\",\"name\":\"Solstis\",\"description\":\"Solstis, donner au monde l&#039;\u00e9nergie d&#039;\u00eatre durable.\",\"potentialAction\":[{\"@type\":\"SearchAction\",\"target\":{\"@type\":\"EntryPoint\",\"urlTemplate\":\"https:\/\/blog.solstis.ch\/?s={search_term_string}\"},\"query-input\":{\"@type\":\"PropertyValueSpecification\",\"valueRequired\":true,\"valueName\":\"search_term_string\"}}],\"inLanguage\":\"fr-FR\"},{\"@type\":\"Person\",\"@id\":\"https:\/\/blog.solstis.ch\/#\/schema\/person\/5a9f5ef0a66b3e68c712ab62eeb4a1f9\",\"name\":\"admin\",\"image\":{\"@type\":\"ImageObject\",\"inLanguage\":\"fr-FR\",\"@id\":\"https:\/\/blog.solstis.ch\/#\/schema\/person\/image\/\",\"url\":\"https:\/\/secure.gravatar.com\/avatar\/8ba8fd08281e45cafc408887276f0396?s=96&d=mm&r=g\",\"contentUrl\":\"https:\/\/secure.gravatar.com\/avatar\/8ba8fd08281e45cafc408887276f0396?s=96&d=mm&r=g\",\"caption\":\"admin\"},\"url\":\"https:\/\/blog.solstis.ch\/index.php\/author\/admin\/\"}]}<\/script>\n<!-- \/ Yoast SEO plugin. -->","yoast_head_json":{"title":"\u00c9nergie solaire\u00a0: une valeur ajout\u00e9e bien comprise - Solstis","robots":{"index":"index","follow":"follow","max-snippet":"max-snippet:-1","max-image-preview":"max-image-preview:large","max-video-preview":"max-video-preview:-1"},"canonical":"https:\/\/blog.solstis.ch\/index.php\/fr\/2016\/01\/27\/energie-solaire-une-valeur-ajoutee-bien-comprise\/","og_locale":"fr_FR","og_type":"article","og_title":"\u00c9nergie solaire\u00a0: une valeur ajout\u00e9e bien comprise - Solstis","og_description":"Fr\u00e9d\u00e9ric Cizeron, responsable client\u00e8le Solstis pour la r\u00e9gion Genevoise, r\u00e9pond \u00e0 nos questions sur le march\u00e9 photovolta\u00efque et de l&rsquo;\u00e9nergie [&hellip;]","og_url":"https:\/\/blog.solstis.ch\/index.php\/fr\/2016\/01\/27\/energie-solaire-une-valeur-ajoutee-bien-comprise\/","og_site_name":"Solstis","article_published_time":"2016-01-27T16:04:21+00:00","article_modified_time":"2016-01-28T08:34:10+00:00","og_image":[{"width":2004,"height":1200,"url":"https:\/\/blog.solstis.ch\/wp-content\/uploads\/2016\/01\/cizeron-frederic-Solstis4.jpg","type":"image\/jpeg"}],"author":"admin","twitter_card":"summary_large_image","twitter_misc":{"\u00c9crit par":"admin","Dur\u00e9e de lecture estim\u00e9e":"2 minutes"},"schema":{"@context":"https:\/\/schema.org","@graph":[{"@type":"WebPage","@id":"https:\/\/blog.solstis.ch\/index.php\/fr\/2016\/01\/27\/energie-solaire-une-valeur-ajoutee-bien-comprise\/","url":"https:\/\/blog.solstis.ch\/index.php\/fr\/2016\/01\/27\/energie-solaire-une-valeur-ajoutee-bien-comprise\/","name":"\u00c9nergie solaire\u00a0: une valeur ajout\u00e9e bien comprise - Solstis","isPartOf":{"@id":"https:\/\/blog.solstis.ch\/#website"},"primaryImageOfPage":{"@id":"https:\/\/blog.solstis.ch\/index.php\/fr\/2016\/01\/27\/energie-solaire-une-valeur-ajoutee-bien-comprise\/#primaryimage"},"image":{"@id":"https:\/\/blog.solstis.ch\/index.php\/fr\/2016\/01\/27\/energie-solaire-une-valeur-ajoutee-bien-comprise\/#primaryimage"},"thumbnailUrl":"https:\/\/blog.solstis.ch\/wp-content\/uploads\/2016\/01\/cizeron-frederic-Solstis4.jpg","datePublished":"2016-01-27T16:04:21+00:00","dateModified":"2016-01-28T08:34:10+00:00","author":{"@id":"https:\/\/blog.solstis.ch\/#\/schema\/person\/5a9f5ef0a66b3e68c712ab62eeb4a1f9"},"breadcrumb":{"@id":"https:\/\/blog.solstis.ch\/index.php\/fr\/2016\/01\/27\/energie-solaire-une-valeur-ajoutee-bien-comprise\/#breadcrumb"},"inLanguage":"fr-FR","potentialAction":[{"@type":"ReadAction","target":["https:\/\/blog.solstis.ch\/index.php\/fr\/2016\/01\/27\/energie-solaire-une-valeur-ajoutee-bien-comprise\/"]}]},{"@type":"ImageObject","inLanguage":"fr-FR","@id":"https:\/\/blog.solstis.ch\/index.php\/fr\/2016\/01\/27\/energie-solaire-une-valeur-ajoutee-bien-comprise\/#primaryimage","url":"https:\/\/blog.solstis.ch\/wp-content\/uploads\/2016\/01\/cizeron-frederic-Solstis4.jpg","contentUrl":"https:\/\/blog.solstis.ch\/wp-content\/uploads\/2016\/01\/cizeron-frederic-Solstis4.jpg","width":2004,"height":1200,"caption":"frederic-cizeron-solstis"},{"@type":"BreadcrumbList","@id":"https:\/\/blog.solstis.ch\/index.php\/fr\/2016\/01\/27\/energie-solaire-une-valeur-ajoutee-bien-comprise\/#breadcrumb","itemListElement":[{"@type":"ListItem","position":1,"name":"Accueil","item":"https:\/\/blog.solstis.ch\/index.php\/fr\/blog\/"},{"@type":"ListItem","position":2,"name":"\u00c9nergie solaire\u00a0: une valeur ajout\u00e9e bien comprise"}]},{"@type":"WebSite","@id":"https:\/\/blog.solstis.ch\/#website","url":"https:\/\/blog.solstis.ch\/","name":"Solstis","description":"Solstis, donner au monde l&#039;\u00e9nergie d&#039;\u00eatre durable.","potentialAction":[{"@type":"SearchAction","target":{"@type":"EntryPoint","urlTemplate":"https:\/\/blog.solstis.ch\/?s={search_term_string}"},"query-input":{"@type":"PropertyValueSpecification","valueRequired":true,"valueName":"search_term_string"}}],"inLanguage":"fr-FR"},{"@type":"Person","@id":"https:\/\/blog.solstis.ch\/#\/schema\/person\/5a9f5ef0a66b3e68c712ab62eeb4a1f9","name":"admin","image":{"@type":"ImageObject","inLanguage":"fr-FR","@id":"https:\/\/blog.solstis.ch\/#\/schema\/person\/image\/","url":"https:\/\/secure.gravatar.com\/avatar\/8ba8fd08281e45cafc408887276f0396?s=96&d=mm&r=g","contentUrl":"https:\/\/secure.gravatar.com\/avatar\/8ba8fd08281e45cafc408887276f0396?s=96&d=mm&r=g","caption":"admin"},"url":"https:\/\/blog.solstis.ch\/index.php\/author\/admin\/"}]}},"jetpack_sharing_enabled":true,"jetpack_featured_media_url":"https:\/\/blog.solstis.ch\/wp-content\/uploads\/2016\/01\/cizeron-frederic-Solstis4.jpg","jetpack_shortlink":"https:\/\/wp.me\/pa0tUs-6m","_links":{"self":[{"href":"https:\/\/blog.solstis.ch\/index.php\/wp-json\/wp\/v2\/posts\/394","targetHints":{"allow":["GET"]}}],"collection":[{"href":"https:\/\/blog.solstis.ch\/index.php\/wp-json\/wp\/v2\/posts"}],"about":[{"href":"https:\/\/blog.solstis.ch\/index.php\/wp-json\/wp\/v2\/types\/post"}],"author":[{"embeddable":true,"href":"https:\/\/blog.solstis.ch\/index.php\/wp-json\/wp\/v2\/users\/1"}],"replies":[{"embeddable":true,"href":"https:\/\/blog.solstis.ch\/index.php\/wp-json\/wp\/v2\/comments?post=394"}],"version-history":[{"count":3,"href":"https:\/\/blog.solstis.ch\/index.php\/wp-json\/wp\/v2\/posts\/394\/revisions"}],"predecessor-version":[{"id":397,"href":"https:\/\/blog.solstis.ch\/index.php\/wp-json\/wp\/v2\/posts\/394\/revisions\/397"}],"wp:featuredmedia":[{"embeddable":true,"href":"https:\/\/blog.solstis.ch\/index.php\/wp-json\/wp\/v2\/media\/403"}],"wp:attachment":[{"href":"https:\/\/blog.solstis.ch\/index.php\/wp-json\/wp\/v2\/media?parent=394"}],"wp:term":[{"taxonomy":"category","embeddable":true,"href":"https:\/\/blog.solstis.ch\/index.php\/wp-json\/wp\/v2\/categories?post=394"},{"taxonomy":"post_tag","embeddable":true,"href":"https:\/\/blog.solstis.ch\/index.php\/wp-json\/wp\/v2\/tags?post=394"}],"curies":[{"name":"wp","href":"https:\/\/api.w.org\/{rel}","templated":true}]}}