{"id":392,"date":"2016-01-28T07:52:28","date_gmt":"2016-01-28T06:52:28","guid":{"rendered":"http:\/\/blog.solstis.ch\/?p=392"},"modified":"2016-01-28T08:34:53","modified_gmt":"2016-01-28T07:34:53","slug":"du-soleil-dans-nos-vies","status":"publish","type":"post","link":"https:\/\/blog.solstis.ch\/index.php\/fr\/2016\/01\/28\/du-soleil-dans-nos-vies\/","title":{"rendered":"Du soleil dans nos vies"},"content":{"rendered":"<p>Dans le canton de Vaud, <a href=\"http:\/\/www.solstis.ch\/fr\/votre-projet-solaire\/lois-et-subventions?id=2507\" target=\"_blank\">depuis le 1<sup>er<\/sup>\u00a0juillet 2014<\/a>, l\u2019\u00e9nergie renouvelable doit couvrir au moins 20\u00a0% des besoins en \u00e9lectricit\u00e9 de toute nouvelle construction priv\u00e9e.\u00a0Ainsi, l\u2019\u00e9lectricit\u00e9 solaire est-elle entr\u00e9e de plain-pied dans la pens\u00e9e de l\u2019habitat. La contribution financi\u00e8re de l\u2019\u00c9tat, notamment fiscale, est renforc\u00e9e par l\u2019autorisation d\u2019une auto consommation qui all\u00e8ge les co\u00fbts \u00e9nerg\u00e9tiques des familles. Le photovolta\u00efque ajoute ainsi \u00e0 la dimension \u00e9cologique celle de la citoyennet\u00e9, avec la mobilisation \u00e9co-responsable du politique et l\u2019engouement des propri\u00e9taires.<\/p>\n<p>La ma\u00eetrise acquise durant 20 ans fixe Solstis en r\u00e9f\u00e9rent de ce march\u00e9 dynamique, face \u00e0 de nouveaux acteurs parfois plus opportunistes qu\u2019exp\u00e9riment\u00e9s. Pour nous, le photovolta\u00efque est une affaire s\u00e9rieuse, qui m\u00e9rite une r\u00e9flexion fond\u00e9e sur la contingence technique et une n\u00e9cessaire p\u00e9dagogie.<\/p>\n<p>Pour 2016, nous poursuivrons nos efforts d\u2019optimisation du rapport qualit\u00e9-prix, sans transiger sur ce qui fait le succ\u00e8s de notre marque\/entreprise\u00a0: une fiabilit\u00e9 exceptionnelle et des m\u00e9thodes d\u2019installation respectueuses de chaque typologie de b\u00e2timent.<\/p>\n<p>Nos prix sont scrupuleusement ajust\u00e9s\u2009; ils correspondent \u00e0 la pr\u00e9occupation des propri\u00e9taires de disposer d\u2019un ensemble photovolta\u00efque de haute qualit\u00e9, pour un budget rendant possible son amortissement.<\/p>\n<p>Solstis, c\u2019est exactement cela.<\/p>\n","protected":false},"excerpt":{"rendered":"<p>Dans le canton de Vaud, depuis le 1er\u00a0juillet 2014, l\u2019\u00e9nergie renouvelable doit couvrir au moins 20\u00a0% des besoins en \u00e9lectricit\u00e9 [&hellip;]<\/p>\n","protected":false},"author":1,"featured_media":405,"comment_status":"open","ping_status":"open","sticky":false,"template":"","format":"standard","meta":{"jetpack_post_was_ever_published":false,"_jetpack_newsletter_access":"","_jetpack_dont_email_post_to_subs":false,"_jetpack_newsletter_tier_id":0,"_jetpack_memberships_contains_paywalled_content":false,"_jetpack_memberships_contains_paid_content":false,"footnotes":"","jetpack_publicize_message":"","jetpack_publicize_feature_enabled":true,"jetpack_social_post_already_shared":false,"jetpack_social_options":{"image_generator_settings":{"template":"highway","enabled":false},"version":2}},"categories":[115],"tags":[191,143,183,151,193],"class_list":["post-392","post","type-post","status-publish","format-standard","has-post-thumbnail","hentry","category-actualite","tag-energie-solaire","tag-panneaux-photovoltaiques","tag-panneaux-solaires","tag-solstis","tag-vaud"],"jetpack_publicize_connections":[],"yoast_head":"<!-- This site is optimized with the Yoast SEO plugin v23.8 - https:\/\/yoast.com\/wordpress\/plugins\/seo\/ -->\n<title>Du soleil dans nos vies - Solstis<\/title>\n<meta name=\"description\" content=\"Dans le canton de Vaud, depuis 2014, l\u2019\u00e9nergie renouvelable doit couvrir au moins 20\u00a0% des besoins en \u00e9lectricit\u00e9 des nouvelles constructions.\u00a0\" \/>\n<meta name=\"robots\" content=\"index, follow, max-snippet:-1, max-image-preview:large, max-video-preview:-1\" \/>\n<link rel=\"canonical\" href=\"https:\/\/blog.solstis.ch\/index.php\/fr\/2016\/01\/28\/du-soleil-dans-nos-vies\/\" \/>\n<meta property=\"og:locale\" content=\"fr_FR\" \/>\n<meta property=\"og:type\" content=\"article\" \/>\n<meta property=\"og:title\" content=\"Du soleil dans nos vies - Solstis\" \/>\n<meta property=\"og:description\" content=\"Dans le canton de Vaud, depuis 2014, l\u2019\u00e9nergie renouvelable doit couvrir au moins 20\u00a0% des besoins en \u00e9lectricit\u00e9 des nouvelles constructions.\u00a0\" \/>\n<meta property=\"og:url\" content=\"https:\/\/blog.solstis.ch\/index.php\/fr\/2016\/01\/28\/du-soleil-dans-nos-vies\/\" \/>\n<meta property=\"og:site_name\" content=\"Solstis\" \/>\n<meta property=\"article:published_time\" content=\"2016-01-28T06:52:28+00:00\" \/>\n<meta property=\"article:modified_time\" content=\"2016-01-28T07:34:53+00:00\" \/>\n<meta property=\"og:image\" content=\"https:\/\/blog.solstis.ch\/wp-content\/uploads\/2016\/01\/iStock_000015731935_Full1.jpg\" \/>\n\t<meta property=\"og:image:width\" content=\"1000\" \/>\n\t<meta property=\"og:image:height\" content=\"609\" \/>\n\t<meta property=\"og:image:type\" content=\"image\/jpeg\" \/>\n<meta name=\"author\" content=\"admin\" \/>\n<meta name=\"twitter:card\" content=\"summary_large_image\" \/>\n<meta name=\"twitter:label1\" content=\"\u00c9crit par\" \/>\n\t<meta name=\"twitter:data1\" content=\"admin\" \/>\n\t<meta name=\"twitter:label2\" content=\"Dur\u00e9e de lecture estim\u00e9e\" \/>\n\t<meta name=\"twitter:data2\" content=\"1 minute\" \/>\n<script type=\"application\/ld+json\" class=\"yoast-schema-graph\">{\"@context\":\"https:\/\/schema.org\",\"@graph\":[{\"@type\":\"WebPage\",\"@id\":\"https:\/\/blog.solstis.ch\/index.php\/fr\/2016\/01\/28\/du-soleil-dans-nos-vies\/\",\"url\":\"https:\/\/blog.solstis.ch\/index.php\/fr\/2016\/01\/28\/du-soleil-dans-nos-vies\/\",\"name\":\"Du soleil dans nos vies - Solstis\",\"isPartOf\":{\"@id\":\"https:\/\/blog.solstis.ch\/#website\"},\"primaryImageOfPage\":{\"@id\":\"https:\/\/blog.solstis.ch\/index.php\/fr\/2016\/01\/28\/du-soleil-dans-nos-vies\/#primaryimage\"},\"image\":{\"@id\":\"https:\/\/blog.solstis.ch\/index.php\/fr\/2016\/01\/28\/du-soleil-dans-nos-vies\/#primaryimage\"},\"thumbnailUrl\":\"https:\/\/blog.solstis.ch\/wp-content\/uploads\/2016\/01\/iStock_000015731935_Full1.jpg\",\"datePublished\":\"2016-01-28T06:52:28+00:00\",\"dateModified\":\"2016-01-28T07:34:53+00:00\",\"author\":{\"@id\":\"https:\/\/blog.solstis.ch\/#\/schema\/person\/5a9f5ef0a66b3e68c712ab62eeb4a1f9\"},\"description\":\"Dans le canton de Vaud, depuis 2014, l\u2019\u00e9nergie renouvelable doit couvrir au moins 20\u00a0% des besoins en \u00e9lectricit\u00e9 des nouvelles constructions.\u00a0\",\"breadcrumb\":{\"@id\":\"https:\/\/blog.solstis.ch\/index.php\/fr\/2016\/01\/28\/du-soleil-dans-nos-vies\/#breadcrumb\"},\"inLanguage\":\"fr-FR\",\"potentialAction\":[{\"@type\":\"ReadAction\",\"target\":[\"https:\/\/blog.solstis.ch\/index.php\/fr\/2016\/01\/28\/du-soleil-dans-nos-vies\/\"]}]},{\"@type\":\"ImageObject\",\"inLanguage\":\"fr-FR\",\"@id\":\"https:\/\/blog.solstis.ch\/index.php\/fr\/2016\/01\/28\/du-soleil-dans-nos-vies\/#primaryimage\",\"url\":\"https:\/\/blog.solstis.ch\/wp-content\/uploads\/2016\/01\/iStock_000015731935_Full1.jpg\",\"contentUrl\":\"https:\/\/blog.solstis.ch\/wp-content\/uploads\/2016\/01\/iStock_000015731935_Full1.jpg\",\"width\":1000,\"height\":609,\"caption\":\"energie-solaire-solstis\"},{\"@type\":\"BreadcrumbList\",\"@id\":\"https:\/\/blog.solstis.ch\/index.php\/fr\/2016\/01\/28\/du-soleil-dans-nos-vies\/#breadcrumb\",\"itemListElement\":[{\"@type\":\"ListItem\",\"position\":1,\"name\":\"Accueil\",\"item\":\"https:\/\/blog.solstis.ch\/index.php\/fr\/blog\/\"},{\"@type\":\"ListItem\",\"position\":2,\"name\":\"Du soleil dans nos vies\"}]},{\"@type\":\"WebSite\",\"@id\":\"https:\/\/blog.solstis.ch\/#website\",\"url\":\"https:\/\/blog.solstis.ch\/\",\"name\":\"Solstis\",\"description\":\"Solstis, donner au monde l&#039;\u00e9nergie d&#039;\u00eatre durable.\",\"potentialAction\":[{\"@type\":\"SearchAction\",\"target\":{\"@type\":\"EntryPoint\",\"urlTemplate\":\"https:\/\/blog.solstis.ch\/?s={search_term_string}\"},\"query-input\":{\"@type\":\"PropertyValueSpecification\",\"valueRequired\":true,\"valueName\":\"search_term_string\"}}],\"inLanguage\":\"fr-FR\"},{\"@type\":\"Person\",\"@id\":\"https:\/\/blog.solstis.ch\/#\/schema\/person\/5a9f5ef0a66b3e68c712ab62eeb4a1f9\",\"name\":\"admin\",\"image\":{\"@type\":\"ImageObject\",\"inLanguage\":\"fr-FR\",\"@id\":\"https:\/\/blog.solstis.ch\/#\/schema\/person\/image\/\",\"url\":\"https:\/\/secure.gravatar.com\/avatar\/8ba8fd08281e45cafc408887276f0396?s=96&d=mm&r=g\",\"contentUrl\":\"https:\/\/secure.gravatar.com\/avatar\/8ba8fd08281e45cafc408887276f0396?s=96&d=mm&r=g\",\"caption\":\"admin\"},\"url\":\"https:\/\/blog.solstis.ch\/index.php\/author\/admin\/\"}]}<\/script>\n<!-- \/ Yoast SEO plugin. -->","yoast_head_json":{"title":"Du soleil dans nos vies - Solstis","description":"Dans le canton de Vaud, depuis 2014, l\u2019\u00e9nergie renouvelable doit couvrir au moins 20\u00a0% des besoins en \u00e9lectricit\u00e9 des nouvelles constructions.\u00a0","robots":{"index":"index","follow":"follow","max-snippet":"max-snippet:-1","max-image-preview":"max-image-preview:large","max-video-preview":"max-video-preview:-1"},"canonical":"https:\/\/blog.solstis.ch\/index.php\/fr\/2016\/01\/28\/du-soleil-dans-nos-vies\/","og_locale":"fr_FR","og_type":"article","og_title":"Du soleil dans nos vies - Solstis","og_description":"Dans le canton de Vaud, depuis 2014, l\u2019\u00e9nergie renouvelable doit couvrir au moins 20\u00a0% des besoins en \u00e9lectricit\u00e9 des nouvelles constructions.\u00a0","og_url":"https:\/\/blog.solstis.ch\/index.php\/fr\/2016\/01\/28\/du-soleil-dans-nos-vies\/","og_site_name":"Solstis","article_published_time":"2016-01-28T06:52:28+00:00","article_modified_time":"2016-01-28T07:34:53+00:00","og_image":[{"width":1000,"height":609,"url":"https:\/\/blog.solstis.ch\/wp-content\/uploads\/2016\/01\/iStock_000015731935_Full1.jpg","type":"image\/jpeg"}],"author":"admin","twitter_card":"summary_large_image","twitter_misc":{"\u00c9crit par":"admin","Dur\u00e9e de lecture estim\u00e9e":"1 minute"},"schema":{"@context":"https:\/\/schema.org","@graph":[{"@type":"WebPage","@id":"https:\/\/blog.solstis.ch\/index.php\/fr\/2016\/01\/28\/du-soleil-dans-nos-vies\/","url":"https:\/\/blog.solstis.ch\/index.php\/fr\/2016\/01\/28\/du-soleil-dans-nos-vies\/","name":"Du soleil dans nos vies - Solstis","isPartOf":{"@id":"https:\/\/blog.solstis.ch\/#website"},"primaryImageOfPage":{"@id":"https:\/\/blog.solstis.ch\/index.php\/fr\/2016\/01\/28\/du-soleil-dans-nos-vies\/#primaryimage"},"image":{"@id":"https:\/\/blog.solstis.ch\/index.php\/fr\/2016\/01\/28\/du-soleil-dans-nos-vies\/#primaryimage"},"thumbnailUrl":"https:\/\/blog.solstis.ch\/wp-content\/uploads\/2016\/01\/iStock_000015731935_Full1.jpg","datePublished":"2016-01-28T06:52:28+00:00","dateModified":"2016-01-28T07:34:53+00:00","author":{"@id":"https:\/\/blog.solstis.ch\/#\/schema\/person\/5a9f5ef0a66b3e68c712ab62eeb4a1f9"},"description":"Dans le canton de Vaud, depuis 2014, l\u2019\u00e9nergie renouvelable doit couvrir au moins 20\u00a0% des besoins en \u00e9lectricit\u00e9 des nouvelles constructions.\u00a0","breadcrumb":{"@id":"https:\/\/blog.solstis.ch\/index.php\/fr\/2016\/01\/28\/du-soleil-dans-nos-vies\/#breadcrumb"},"inLanguage":"fr-FR","potentialAction":[{"@type":"ReadAction","target":["https:\/\/blog.solstis.ch\/index.php\/fr\/2016\/01\/28\/du-soleil-dans-nos-vies\/"]}]},{"@type":"ImageObject","inLanguage":"fr-FR","@id":"https:\/\/blog.solstis.ch\/index.php\/fr\/2016\/01\/28\/du-soleil-dans-nos-vies\/#primaryimage","url":"https:\/\/blog.solstis.ch\/wp-content\/uploads\/2016\/01\/iStock_000015731935_Full1.jpg","contentUrl":"https:\/\/blog.solstis.ch\/wp-content\/uploads\/2016\/01\/iStock_000015731935_Full1.jpg","width":1000,"height":609,"caption":"energie-solaire-solstis"},{"@type":"BreadcrumbList","@id":"https:\/\/blog.solstis.ch\/index.php\/fr\/2016\/01\/28\/du-soleil-dans-nos-vies\/#breadcrumb","itemListElement":[{"@type":"ListItem","position":1,"name":"Accueil","item":"https:\/\/blog.solstis.ch\/index.php\/fr\/blog\/"},{"@type":"ListItem","position":2,"name":"Du soleil dans nos vies"}]},{"@type":"WebSite","@id":"https:\/\/blog.solstis.ch\/#website","url":"https:\/\/blog.solstis.ch\/","name":"Solstis","description":"Solstis, donner au monde l&#039;\u00e9nergie d&#039;\u00eatre durable.","potentialAction":[{"@type":"SearchAction","target":{"@type":"EntryPoint","urlTemplate":"https:\/\/blog.solstis.ch\/?s={search_term_string}"},"query-input":{"@type":"PropertyValueSpecification","valueRequired":true,"valueName":"search_term_string"}}],"inLanguage":"fr-FR"},{"@type":"Person","@id":"https:\/\/blog.solstis.ch\/#\/schema\/person\/5a9f5ef0a66b3e68c712ab62eeb4a1f9","name":"admin","image":{"@type":"ImageObject","inLanguage":"fr-FR","@id":"https:\/\/blog.solstis.ch\/#\/schema\/person\/image\/","url":"https:\/\/secure.gravatar.com\/avatar\/8ba8fd08281e45cafc408887276f0396?s=96&d=mm&r=g","contentUrl":"https:\/\/secure.gravatar.com\/avatar\/8ba8fd08281e45cafc408887276f0396?s=96&d=mm&r=g","caption":"admin"},"url":"https:\/\/blog.solstis.ch\/index.php\/author\/admin\/"}]}},"jetpack_sharing_enabled":true,"jetpack_featured_media_url":"https:\/\/blog.solstis.ch\/wp-content\/uploads\/2016\/01\/iStock_000015731935_Full1.jpg","jetpack_shortlink":"https:\/\/wp.me\/pa0tUs-6k","_links":{"self":[{"href":"https:\/\/blog.solstis.ch\/index.php\/wp-json\/wp\/v2\/posts\/392","targetHints":{"allow":["GET"]}}],"collection":[{"href":"https:\/\/blog.solstis.ch\/index.php\/wp-json\/wp\/v2\/posts"}],"about":[{"href":"https:\/\/blog.solstis.ch\/index.php\/wp-json\/wp\/v2\/types\/post"}],"author":[{"embeddable":true,"href":"https:\/\/blog.solstis.ch\/index.php\/wp-json\/wp\/v2\/users\/1"}],"replies":[{"embeddable":true,"href":"https:\/\/blog.solstis.ch\/index.php\/wp-json\/wp\/v2\/comments?post=392"}],"version-history":[{"count":1,"href":"https:\/\/blog.solstis.ch\/index.php\/wp-json\/wp\/v2\/posts\/392\/revisions"}],"predecessor-version":[{"id":393,"href":"https:\/\/blog.solstis.ch\/index.php\/wp-json\/wp\/v2\/posts\/392\/revisions\/393"}],"wp:featuredmedia":[{"embeddable":true,"href":"https:\/\/blog.solstis.ch\/index.php\/wp-json\/wp\/v2\/media\/405"}],"wp:attachment":[{"href":"https:\/\/blog.solstis.ch\/index.php\/wp-json\/wp\/v2\/media?parent=392"}],"wp:term":[{"taxonomy":"category","embeddable":true,"href":"https:\/\/blog.solstis.ch\/index.php\/wp-json\/wp\/v2\/categories?post=392"},{"taxonomy":"post_tag","embeddable":true,"href":"https:\/\/blog.solstis.ch\/index.php\/wp-json\/wp\/v2\/tags?post=392"}],"curies":[{"name":"wp","href":"https:\/\/api.w.org\/{rel}","templated":true}]}}