{"id":377,"date":"2015-12-14T10:05:59","date_gmt":"2015-12-14T09:05:59","guid":{"rendered":"http:\/\/blog.solstis.ch\/?p=377"},"modified":"2016-01-20T16:02:41","modified_gmt":"2016-01-20T15:02:41","slug":"solstis-intervient-dans-un-projet-innovant-en-collaboration-avec-groupe-e","status":"publish","type":"post","link":"https:\/\/blog.solstis.ch\/index.php\/fr\/2015\/12\/14\/solstis-intervient-dans-un-projet-innovant-en-collaboration-avec-groupe-e\/","title":{"rendered":"Solstis intervient dans un projet innovant en collaboration avec Groupe E."},"content":{"rendered":"<p><strong>Le programme f\u00e9d\u00e9ral \u00ab\u00a0Strat\u00e9gie \u00e9nerg\u00e9tique 2050\u00a0\u00bb encourage le recours au photovolta\u00efque, notamment dans les zones rurales. Mais, les r\u00e9seaux actuellement en place peuvent-ils supporter des puissances sup\u00e9rieures\u00a0? La r\u00e9ponse est donn\u00e9e, gr\u00e2ce \u00e0 la r\u00e9alisation d\u2019un projet-pilote men\u00e9 dans la campagne de la Broye vaudoise.<\/strong><\/p>\n<p>Il s\u2019agissait pour un agriculteur de Trey, de faire passer la puissance de son installation photovolta\u00efque de 30\u00a0kW \u00e0 270\u00a0kW. Comment faire supporter cette production suppl\u00e9mentaire au r\u00e9seau existant\u2009? La question n\u2019avait pas trouv\u00e9 de r\u00e9ponse viable jusqu\u2019en 2014, o\u00f9 le Groupe E. a ing\u00e9nieusement trouv\u00e9 la solution\u00a0: installer un transformateur MT\/BT r\u00e9glable dans la station de Trey Village et mettre en place l\u2019\u00e9cr\u00eatage de la production\u2009; concr\u00e8tement, Groupe E. pourrait ainsi limiter ponctuellement la puissance d\u2019injection de l\u2019installation.<br \/>\nCe transformateur est le premier du genre sur le r\u00e9seau de Groupe E. L\u2019Association Smart Grid Suisse et des \u00e9tudes internes ont d\u00e9montr\u00e9 le potentiel d\u2019\u00e9conomie de l\u2019\u00e9cr\u00eatage.<\/p>\n<p>Solstis, fournisseur et installateur des panneaux solaires, a opt\u00e9 pour des \u00e9l\u00e9ments d\u2019une puissance de 210 kW, install\u00e9s sur le toit du poulailler de l\u2019exploitation agricole.<br \/>\nPatrick Joye, chef du projet de Trey, r\u00e9sume le b\u00e9n\u00e9fice obtenu : \u00ab\u00a0Pour le producteur, l\u2019avantage r\u00e9side dans une diminution du co\u00fbt d\u2019investissement de son raccordement. Pour le GRD, il s\u2019agit d\u2019une utilisation plus rationnelle des infrastructures de r\u00e9seau, donc des co\u00fbts de renforcement \u00e9galement plus rationnels. Comme le co\u00fbt des infrastructures est report\u00e9 sur les consommateurs d\u2019\u00e9lectricit\u00e9, c\u2019est l\u2019ensemble des acteurs qui b\u00e9n\u00e9ficie de ces solutions intelligentes. De plus, ce projet permet \u00e0 Groupe E. d\u2019acqu\u00e9rir des connaissances concr\u00e8tes sur les futurs r\u00e9seaux \u00e9lectriques intelligents\u00a0\u00bb.<\/p>\n","protected":false},"excerpt":{"rendered":"<p>Le programme f\u00e9d\u00e9ral \u00ab\u00a0Strat\u00e9gie \u00e9nerg\u00e9tique 2050\u00a0\u00bb encourage le recours au photovolta\u00efque, notamment dans les zones rurales. Mais, les r\u00e9seaux actuellement [&hellip;]<\/p>\n","protected":false},"author":1,"featured_media":378,"comment_status":"open","ping_status":"open","sticky":false,"template":"","format":"standard","meta":{"jetpack_post_was_ever_published":false,"_jetpack_newsletter_access":"","_jetpack_dont_email_post_to_subs":false,"_jetpack_newsletter_tier_id":0,"_jetpack_memberships_contains_paywalled_content":false,"_jetpack_memberships_contains_paid_content":false,"footnotes":"","jetpack_publicize_message":"","jetpack_publicize_feature_enabled":true,"jetpack_social_post_already_shared":false,"jetpack_social_options":{"image_generator_settings":{"template":"highway","enabled":false},"version":2}},"categories":[115,33,61,47],"tags":[177,183,181,151,179],"class_list":["post-377","post","type-post","status-publish","format-standard","has-post-thumbnail","hentry","category-actualite","category-energie","category-technologie","category-urbanisme","tag-groupe-e","tag-panneaux-solaires","tag-smart-grid","tag-solstis","tag-strategie-energetique-2050"],"jetpack_publicize_connections":[],"yoast_head":"<!-- This site is optimized with the Yoast SEO plugin v23.8 - https:\/\/yoast.com\/wordpress\/plugins\/seo\/ -->\n<title>Solstis intervient dans un projet innovant en collaboration avec Groupe E. - Solstis<\/title>\n<meta name=\"description\" content=\"Le programme f\u00e9d\u00e9ral \u00ab\u00a0Strat\u00e9gie \u00e9nerg\u00e9tique 2050\u00a0\u00bb encourage le recours au photovolta\u00efque, notamment dans les zones rurales.\" \/>\n<meta name=\"robots\" content=\"index, follow, max-snippet:-1, max-image-preview:large, max-video-preview:-1\" \/>\n<link rel=\"canonical\" href=\"https:\/\/blog.solstis.ch\/index.php\/fr\/2015\/12\/14\/solstis-intervient-dans-un-projet-innovant-en-collaboration-avec-groupe-e\/\" \/>\n<meta property=\"og:locale\" content=\"fr_FR\" \/>\n<meta property=\"og:type\" content=\"article\" \/>\n<meta property=\"og:title\" content=\"Solstis intervient dans un projet innovant en collaboration avec Groupe E. - Solstis\" \/>\n<meta property=\"og:description\" content=\"Le programme f\u00e9d\u00e9ral \u00ab\u00a0Strat\u00e9gie \u00e9nerg\u00e9tique 2050\u00a0\u00bb encourage le recours au photovolta\u00efque, notamment dans les zones rurales.\" \/>\n<meta property=\"og:url\" content=\"https:\/\/blog.solstis.ch\/index.php\/fr\/2015\/12\/14\/solstis-intervient-dans-un-projet-innovant-en-collaboration-avec-groupe-e\/\" \/>\n<meta property=\"og:site_name\" content=\"Solstis\" \/>\n<meta property=\"article:published_time\" content=\"2015-12-14T09:05:59+00:00\" \/>\n<meta property=\"article:modified_time\" content=\"2016-01-20T15:02:41+00:00\" \/>\n<meta property=\"og:image\" content=\"https:\/\/blog.solstis.ch\/wp-content\/uploads\/2015\/12\/soltisgroupee-1.jpg\" \/>\n\t<meta property=\"og:image:width\" content=\"600\" \/>\n\t<meta property=\"og:image:height\" content=\"400\" \/>\n\t<meta property=\"og:image:type\" content=\"image\/jpeg\" \/>\n<meta name=\"author\" content=\"admin\" \/>\n<meta name=\"twitter:card\" content=\"summary_large_image\" \/>\n<meta name=\"twitter:label1\" content=\"\u00c9crit par\" \/>\n\t<meta name=\"twitter:data1\" content=\"admin\" \/>\n\t<meta name=\"twitter:label2\" content=\"Dur\u00e9e de lecture estim\u00e9e\" \/>\n\t<meta name=\"twitter:data2\" content=\"2 minutes\" \/>\n<script type=\"application\/ld+json\" class=\"yoast-schema-graph\">{\"@context\":\"https:\/\/schema.org\",\"@graph\":[{\"@type\":\"WebPage\",\"@id\":\"https:\/\/blog.solstis.ch\/index.php\/fr\/2015\/12\/14\/solstis-intervient-dans-un-projet-innovant-en-collaboration-avec-groupe-e\/\",\"url\":\"https:\/\/blog.solstis.ch\/index.php\/fr\/2015\/12\/14\/solstis-intervient-dans-un-projet-innovant-en-collaboration-avec-groupe-e\/\",\"name\":\"Solstis intervient dans un projet innovant en collaboration avec Groupe E. - Solstis\",\"isPartOf\":{\"@id\":\"https:\/\/blog.solstis.ch\/#website\"},\"primaryImageOfPage\":{\"@id\":\"https:\/\/blog.solstis.ch\/index.php\/fr\/2015\/12\/14\/solstis-intervient-dans-un-projet-innovant-en-collaboration-avec-groupe-e\/#primaryimage\"},\"image\":{\"@id\":\"https:\/\/blog.solstis.ch\/index.php\/fr\/2015\/12\/14\/solstis-intervient-dans-un-projet-innovant-en-collaboration-avec-groupe-e\/#primaryimage\"},\"thumbnailUrl\":\"https:\/\/blog.solstis.ch\/wp-content\/uploads\/2015\/12\/soltisgroupee-1.jpg\",\"datePublished\":\"2015-12-14T09:05:59+00:00\",\"dateModified\":\"2016-01-20T15:02:41+00:00\",\"author\":{\"@id\":\"https:\/\/blog.solstis.ch\/#\/schema\/person\/5a9f5ef0a66b3e68c712ab62eeb4a1f9\"},\"description\":\"Le programme f\u00e9d\u00e9ral \u00ab\u00a0Strat\u00e9gie \u00e9nerg\u00e9tique 2050\u00a0\u00bb encourage le recours au photovolta\u00efque, notamment dans les zones rurales.\",\"breadcrumb\":{\"@id\":\"https:\/\/blog.solstis.ch\/index.php\/fr\/2015\/12\/14\/solstis-intervient-dans-un-projet-innovant-en-collaboration-avec-groupe-e\/#breadcrumb\"},\"inLanguage\":\"fr-FR\",\"potentialAction\":[{\"@type\":\"ReadAction\",\"target\":[\"https:\/\/blog.solstis.ch\/index.php\/fr\/2015\/12\/14\/solstis-intervient-dans-un-projet-innovant-en-collaboration-avec-groupe-e\/\"]}]},{\"@type\":\"ImageObject\",\"inLanguage\":\"fr-FR\",\"@id\":\"https:\/\/blog.solstis.ch\/index.php\/fr\/2015\/12\/14\/solstis-intervient-dans-un-projet-innovant-en-collaboration-avec-groupe-e\/#primaryimage\",\"url\":\"https:\/\/blog.solstis.ch\/wp-content\/uploads\/2015\/12\/soltisgroupee-1.jpg\",\"contentUrl\":\"https:\/\/blog.solstis.ch\/wp-content\/uploads\/2015\/12\/soltisgroupee-1.jpg\",\"width\":600,\"height\":400},{\"@type\":\"BreadcrumbList\",\"@id\":\"https:\/\/blog.solstis.ch\/index.php\/fr\/2015\/12\/14\/solstis-intervient-dans-un-projet-innovant-en-collaboration-avec-groupe-e\/#breadcrumb\",\"itemListElement\":[{\"@type\":\"ListItem\",\"position\":1,\"name\":\"Accueil\",\"item\":\"https:\/\/blog.solstis.ch\/index.php\/fr\/blog\/\"},{\"@type\":\"ListItem\",\"position\":2,\"name\":\"Solstis intervient dans un projet innovant en collaboration avec Groupe E.\"}]},{\"@type\":\"WebSite\",\"@id\":\"https:\/\/blog.solstis.ch\/#website\",\"url\":\"https:\/\/blog.solstis.ch\/\",\"name\":\"Solstis\",\"description\":\"Solstis, donner au monde l&#039;\u00e9nergie d&#039;\u00eatre durable.\",\"potentialAction\":[{\"@type\":\"SearchAction\",\"target\":{\"@type\":\"EntryPoint\",\"urlTemplate\":\"https:\/\/blog.solstis.ch\/?s={search_term_string}\"},\"query-input\":{\"@type\":\"PropertyValueSpecification\",\"valueRequired\":true,\"valueName\":\"search_term_string\"}}],\"inLanguage\":\"fr-FR\"},{\"@type\":\"Person\",\"@id\":\"https:\/\/blog.solstis.ch\/#\/schema\/person\/5a9f5ef0a66b3e68c712ab62eeb4a1f9\",\"name\":\"admin\",\"image\":{\"@type\":\"ImageObject\",\"inLanguage\":\"fr-FR\",\"@id\":\"https:\/\/blog.solstis.ch\/#\/schema\/person\/image\/\",\"url\":\"https:\/\/secure.gravatar.com\/avatar\/8ba8fd08281e45cafc408887276f0396?s=96&d=mm&r=g\",\"contentUrl\":\"https:\/\/secure.gravatar.com\/avatar\/8ba8fd08281e45cafc408887276f0396?s=96&d=mm&r=g\",\"caption\":\"admin\"},\"url\":\"https:\/\/blog.solstis.ch\/index.php\/author\/admin\/\"}]}<\/script>\n<!-- \/ Yoast SEO plugin. -->","yoast_head_json":{"title":"Solstis intervient dans un projet innovant en collaboration avec Groupe E. - Solstis","description":"Le programme f\u00e9d\u00e9ral \u00ab\u00a0Strat\u00e9gie \u00e9nerg\u00e9tique 2050\u00a0\u00bb encourage le recours au photovolta\u00efque, notamment dans les zones rurales.","robots":{"index":"index","follow":"follow","max-snippet":"max-snippet:-1","max-image-preview":"max-image-preview:large","max-video-preview":"max-video-preview:-1"},"canonical":"https:\/\/blog.solstis.ch\/index.php\/fr\/2015\/12\/14\/solstis-intervient-dans-un-projet-innovant-en-collaboration-avec-groupe-e\/","og_locale":"fr_FR","og_type":"article","og_title":"Solstis intervient dans un projet innovant en collaboration avec Groupe E. - Solstis","og_description":"Le programme f\u00e9d\u00e9ral \u00ab\u00a0Strat\u00e9gie \u00e9nerg\u00e9tique 2050\u00a0\u00bb encourage le recours au photovolta\u00efque, notamment dans les zones rurales.","og_url":"https:\/\/blog.solstis.ch\/index.php\/fr\/2015\/12\/14\/solstis-intervient-dans-un-projet-innovant-en-collaboration-avec-groupe-e\/","og_site_name":"Solstis","article_published_time":"2015-12-14T09:05:59+00:00","article_modified_time":"2016-01-20T15:02:41+00:00","og_image":[{"width":600,"height":400,"url":"https:\/\/blog.solstis.ch\/wp-content\/uploads\/2015\/12\/soltisgroupee-1.jpg","type":"image\/jpeg"}],"author":"admin","twitter_card":"summary_large_image","twitter_misc":{"\u00c9crit par":"admin","Dur\u00e9e de lecture estim\u00e9e":"2 minutes"},"schema":{"@context":"https:\/\/schema.org","@graph":[{"@type":"WebPage","@id":"https:\/\/blog.solstis.ch\/index.php\/fr\/2015\/12\/14\/solstis-intervient-dans-un-projet-innovant-en-collaboration-avec-groupe-e\/","url":"https:\/\/blog.solstis.ch\/index.php\/fr\/2015\/12\/14\/solstis-intervient-dans-un-projet-innovant-en-collaboration-avec-groupe-e\/","name":"Solstis intervient dans un projet innovant en collaboration avec Groupe E. - Solstis","isPartOf":{"@id":"https:\/\/blog.solstis.ch\/#website"},"primaryImageOfPage":{"@id":"https:\/\/blog.solstis.ch\/index.php\/fr\/2015\/12\/14\/solstis-intervient-dans-un-projet-innovant-en-collaboration-avec-groupe-e\/#primaryimage"},"image":{"@id":"https:\/\/blog.solstis.ch\/index.php\/fr\/2015\/12\/14\/solstis-intervient-dans-un-projet-innovant-en-collaboration-avec-groupe-e\/#primaryimage"},"thumbnailUrl":"https:\/\/blog.solstis.ch\/wp-content\/uploads\/2015\/12\/soltisgroupee-1.jpg","datePublished":"2015-12-14T09:05:59+00:00","dateModified":"2016-01-20T15:02:41+00:00","author":{"@id":"https:\/\/blog.solstis.ch\/#\/schema\/person\/5a9f5ef0a66b3e68c712ab62eeb4a1f9"},"description":"Le programme f\u00e9d\u00e9ral \u00ab\u00a0Strat\u00e9gie \u00e9nerg\u00e9tique 2050\u00a0\u00bb encourage le recours au photovolta\u00efque, notamment dans les zones rurales.","breadcrumb":{"@id":"https:\/\/blog.solstis.ch\/index.php\/fr\/2015\/12\/14\/solstis-intervient-dans-un-projet-innovant-en-collaboration-avec-groupe-e\/#breadcrumb"},"inLanguage":"fr-FR","potentialAction":[{"@type":"ReadAction","target":["https:\/\/blog.solstis.ch\/index.php\/fr\/2015\/12\/14\/solstis-intervient-dans-un-projet-innovant-en-collaboration-avec-groupe-e\/"]}]},{"@type":"ImageObject","inLanguage":"fr-FR","@id":"https:\/\/blog.solstis.ch\/index.php\/fr\/2015\/12\/14\/solstis-intervient-dans-un-projet-innovant-en-collaboration-avec-groupe-e\/#primaryimage","url":"https:\/\/blog.solstis.ch\/wp-content\/uploads\/2015\/12\/soltisgroupee-1.jpg","contentUrl":"https:\/\/blog.solstis.ch\/wp-content\/uploads\/2015\/12\/soltisgroupee-1.jpg","width":600,"height":400},{"@type":"BreadcrumbList","@id":"https:\/\/blog.solstis.ch\/index.php\/fr\/2015\/12\/14\/solstis-intervient-dans-un-projet-innovant-en-collaboration-avec-groupe-e\/#breadcrumb","itemListElement":[{"@type":"ListItem","position":1,"name":"Accueil","item":"https:\/\/blog.solstis.ch\/index.php\/fr\/blog\/"},{"@type":"ListItem","position":2,"name":"Solstis intervient dans un projet innovant en collaboration avec Groupe E."}]},{"@type":"WebSite","@id":"https:\/\/blog.solstis.ch\/#website","url":"https:\/\/blog.solstis.ch\/","name":"Solstis","description":"Solstis, donner au monde l&#039;\u00e9nergie d&#039;\u00eatre durable.","potentialAction":[{"@type":"SearchAction","target":{"@type":"EntryPoint","urlTemplate":"https:\/\/blog.solstis.ch\/?s={search_term_string}"},"query-input":{"@type":"PropertyValueSpecification","valueRequired":true,"valueName":"search_term_string"}}],"inLanguage":"fr-FR"},{"@type":"Person","@id":"https:\/\/blog.solstis.ch\/#\/schema\/person\/5a9f5ef0a66b3e68c712ab62eeb4a1f9","name":"admin","image":{"@type":"ImageObject","inLanguage":"fr-FR","@id":"https:\/\/blog.solstis.ch\/#\/schema\/person\/image\/","url":"https:\/\/secure.gravatar.com\/avatar\/8ba8fd08281e45cafc408887276f0396?s=96&d=mm&r=g","contentUrl":"https:\/\/secure.gravatar.com\/avatar\/8ba8fd08281e45cafc408887276f0396?s=96&d=mm&r=g","caption":"admin"},"url":"https:\/\/blog.solstis.ch\/index.php\/author\/admin\/"}]}},"jetpack_sharing_enabled":true,"jetpack_featured_media_url":"https:\/\/blog.solstis.ch\/wp-content\/uploads\/2015\/12\/soltisgroupee-1.jpg","jetpack_shortlink":"https:\/\/wp.me\/pa0tUs-65","_links":{"self":[{"href":"https:\/\/blog.solstis.ch\/index.php\/wp-json\/wp\/v2\/posts\/377","targetHints":{"allow":["GET"]}}],"collection":[{"href":"https:\/\/blog.solstis.ch\/index.php\/wp-json\/wp\/v2\/posts"}],"about":[{"href":"https:\/\/blog.solstis.ch\/index.php\/wp-json\/wp\/v2\/types\/post"}],"author":[{"embeddable":true,"href":"https:\/\/blog.solstis.ch\/index.php\/wp-json\/wp\/v2\/users\/1"}],"replies":[{"embeddable":true,"href":"https:\/\/blog.solstis.ch\/index.php\/wp-json\/wp\/v2\/comments?post=377"}],"version-history":[{"count":6,"href":"https:\/\/blog.solstis.ch\/index.php\/wp-json\/wp\/v2\/posts\/377\/revisions"}],"predecessor-version":[{"id":384,"href":"https:\/\/blog.solstis.ch\/index.php\/wp-json\/wp\/v2\/posts\/377\/revisions\/384"}],"wp:featuredmedia":[{"embeddable":true,"href":"https:\/\/blog.solstis.ch\/index.php\/wp-json\/wp\/v2\/media\/378"}],"wp:attachment":[{"href":"https:\/\/blog.solstis.ch\/index.php\/wp-json\/wp\/v2\/media?parent=377"}],"wp:term":[{"taxonomy":"category","embeddable":true,"href":"https:\/\/blog.solstis.ch\/index.php\/wp-json\/wp\/v2\/categories?post=377"},{"taxonomy":"post_tag","embeddable":true,"href":"https:\/\/blog.solstis.ch\/index.php\/wp-json\/wp\/v2\/tags?post=377"}],"curies":[{"name":"wp","href":"https:\/\/api.w.org\/{rel}","templated":true}]}}