{"id":373,"date":"2015-12-10T09:58:24","date_gmt":"2015-12-10T08:58:24","guid":{"rendered":"http:\/\/blog.solstis.ch\/?p=373"},"modified":"2016-01-20T16:00:54","modified_gmt":"2016-01-20T15:00:54","slug":"classement-climatique-suisse-chute","status":"publish","type":"post","link":"https:\/\/blog.solstis.ch\/index.php\/fr\/2015\/12\/10\/classement-climatique-suisse-chute\/","title":{"rendered":"Classement climatique : la Suisse chute"},"content":{"rendered":"<p><strong>COP21 : Le pays se retrouve \u00e0 une peu glorieuse 14\u00e8me place du classement Climate Change Performance Index.<\/strong><br \/>\n<strong>En marge de la COP21, o\u00f9 les n\u00e9gociations se poursuivent, l\u2019ONG allemande Germanwatch a d\u00e9voil\u00e9 mardi la onzi\u00e8me \u00e9dition de son classement climatique des pays \u2013 Climate Change Performance Index. Et pour la Suisse, c\u2019est la douche froide. Le pays recule de quatre rangs \u2013 derri\u00e8re des nations comme la France, le Maroc et l\u2019Italie \u2013 pour s\u2019\u00e9tablir \u00e0 une peu glorieuse quatorzi\u00e8me place, sur une soixantaine de pays \u00e9tudi\u00e9s. <\/strong><\/p>\n<p>Une situation que regrette Greenpeace. Dans un communiqu\u00e9, l\u2019ONG d\u00e9plore un r\u00e9sultat \u00abnettement plus mauvais que l\u2019an dernier\u00bb, notant que \u00able fait que les \u00e9missions de la Suisse n\u2019aient pas r\u00e9ellement baiss\u00e9 \u00e0 ce jour p\u00e9jore son r\u00e9sultat. Compar\u00e9 aux autres pays, le rythme de d\u00e9veloppement des \u00e9nergies renouvelables appara\u00eet d\u2019une lenteur pesante\u00bb. Mais ce classement refl\u00e8te-t-il la r\u00e9alit\u00e9 ?<\/p>\n<p>Plus d\u2019informations <a href=\"http:\/\/www.tdg.ch\/monde\/classement-climatique-suisse-chute\/story\/30179021\" target=\"_blank\">ICI<\/a><\/p>\n<p>Source : http:\/\/www.tdg.ch<\/p>\n<p>Cr\u00e9dits photos :\u00a0\u00a9 Christian Bonzon<\/p>\n","protected":false},"excerpt":{"rendered":"<p>COP21 : Le pays se retrouve \u00e0 une peu glorieuse 14\u00e8me place du classement Climate Change Performance Index. En marge [&hellip;]<\/p>\n","protected":false},"author":1,"featured_media":374,"comment_status":"open","ping_status":"open","sticky":false,"template":"","format":"standard","meta":{"jetpack_post_was_ever_published":false,"_jetpack_newsletter_access":"","_jetpack_dont_email_post_to_subs":false,"_jetpack_newsletter_tier_id":0,"_jetpack_memberships_contains_paywalled_content":false,"_jetpack_memberships_contains_paid_content":false,"footnotes":"","jetpack_publicize_message":"","jetpack_publicize_feature_enabled":true,"jetpack_social_post_already_shared":false,"jetpack_social_options":{"image_generator_settings":{"template":"highway","enabled":false},"version":2}},"categories":[115,40],"tags":[169,171,163,173,175],"class_list":["post-373","post","type-post","status-publish","format-standard","has-post-thumbnail","hentry","category-actualite","category-ecologie","tag-classement-climatique","tag-climate-change-performance-index","tag-energies-renouvelables","tag-greenpeace","tag-suisse"],"jetpack_publicize_connections":[],"yoast_head":"<!-- This site is optimized with the Yoast SEO plugin v23.8 - https:\/\/yoast.com\/wordpress\/plugins\/seo\/ -->\n<title>Classement climatique : la Suisse chute - Solstis<\/title>\n<meta name=\"description\" content=\"COP21 : La Suisse se retrouve \u00e0 une peu glorieuse 14\u00e8me place du classement Climate Change Performance Index.\u00a0\" \/>\n<meta name=\"robots\" content=\"index, follow, max-snippet:-1, max-image-preview:large, max-video-preview:-1\" \/>\n<link rel=\"canonical\" href=\"https:\/\/blog.solstis.ch\/index.php\/fr\/2015\/12\/10\/classement-climatique-suisse-chute\/\" \/>\n<meta property=\"og:locale\" content=\"fr_FR\" \/>\n<meta property=\"og:type\" content=\"article\" \/>\n<meta property=\"og:title\" content=\"Classement climatique : la Suisse chute - Solstis\" \/>\n<meta property=\"og:description\" content=\"COP21 : La Suisse se retrouve \u00e0 une peu glorieuse 14\u00e8me place du classement Climate Change Performance Index.\u00a0\" \/>\n<meta property=\"og:url\" content=\"https:\/\/blog.solstis.ch\/index.php\/fr\/2015\/12\/10\/classement-climatique-suisse-chute\/\" \/>\n<meta property=\"og:site_name\" content=\"Solstis\" \/>\n<meta property=\"article:published_time\" content=\"2015-12-10T08:58:24+00:00\" \/>\n<meta property=\"article:modified_time\" content=\"2016-01-20T15:00:54+00:00\" \/>\n<meta property=\"og:image\" content=\"https:\/\/blog.solstis.ch\/wp-content\/uploads\/2015\/12\/Climate.jpg\" \/>\n\t<meta property=\"og:image:width\" content=\"640\" \/>\n\t<meta property=\"og:image:height\" content=\"426\" \/>\n\t<meta property=\"og:image:type\" content=\"image\/jpeg\" \/>\n<meta name=\"author\" content=\"admin\" \/>\n<meta name=\"twitter:card\" content=\"summary_large_image\" \/>\n<meta name=\"twitter:label1\" content=\"\u00c9crit par\" \/>\n\t<meta name=\"twitter:data1\" content=\"admin\" \/>\n\t<meta name=\"twitter:label2\" content=\"Dur\u00e9e de lecture estim\u00e9e\" \/>\n\t<meta name=\"twitter:data2\" content=\"1 minute\" \/>\n<script type=\"application\/ld+json\" class=\"yoast-schema-graph\">{\"@context\":\"https:\/\/schema.org\",\"@graph\":[{\"@type\":\"WebPage\",\"@id\":\"https:\/\/blog.solstis.ch\/index.php\/fr\/2015\/12\/10\/classement-climatique-suisse-chute\/\",\"url\":\"https:\/\/blog.solstis.ch\/index.php\/fr\/2015\/12\/10\/classement-climatique-suisse-chute\/\",\"name\":\"Classement climatique : la Suisse chute - Solstis\",\"isPartOf\":{\"@id\":\"https:\/\/blog.solstis.ch\/#website\"},\"primaryImageOfPage\":{\"@id\":\"https:\/\/blog.solstis.ch\/index.php\/fr\/2015\/12\/10\/classement-climatique-suisse-chute\/#primaryimage\"},\"image\":{\"@id\":\"https:\/\/blog.solstis.ch\/index.php\/fr\/2015\/12\/10\/classement-climatique-suisse-chute\/#primaryimage\"},\"thumbnailUrl\":\"https:\/\/blog.solstis.ch\/wp-content\/uploads\/2015\/12\/Climate.jpg\",\"datePublished\":\"2015-12-10T08:58:24+00:00\",\"dateModified\":\"2016-01-20T15:00:54+00:00\",\"author\":{\"@id\":\"https:\/\/blog.solstis.ch\/#\/schema\/person\/5a9f5ef0a66b3e68c712ab62eeb4a1f9\"},\"description\":\"COP21 : La Suisse se retrouve \u00e0 une peu glorieuse 14\u00e8me place du classement Climate Change Performance Index.\u00a0\",\"breadcrumb\":{\"@id\":\"https:\/\/blog.solstis.ch\/index.php\/fr\/2015\/12\/10\/classement-climatique-suisse-chute\/#breadcrumb\"},\"inLanguage\":\"fr-FR\",\"potentialAction\":[{\"@type\":\"ReadAction\",\"target\":[\"https:\/\/blog.solstis.ch\/index.php\/fr\/2015\/12\/10\/classement-climatique-suisse-chute\/\"]}]},{\"@type\":\"ImageObject\",\"inLanguage\":\"fr-FR\",\"@id\":\"https:\/\/blog.solstis.ch\/index.php\/fr\/2015\/12\/10\/classement-climatique-suisse-chute\/#primaryimage\",\"url\":\"https:\/\/blog.solstis.ch\/wp-content\/uploads\/2015\/12\/Climate.jpg\",\"contentUrl\":\"https:\/\/blog.solstis.ch\/wp-content\/uploads\/2015\/12\/Climate.jpg\",\"width\":640,\"height\":426,\"caption\":\"Suisse Climat\"},{\"@type\":\"BreadcrumbList\",\"@id\":\"https:\/\/blog.solstis.ch\/index.php\/fr\/2015\/12\/10\/classement-climatique-suisse-chute\/#breadcrumb\",\"itemListElement\":[{\"@type\":\"ListItem\",\"position\":1,\"name\":\"Accueil\",\"item\":\"https:\/\/blog.solstis.ch\/index.php\/fr\/blog\/\"},{\"@type\":\"ListItem\",\"position\":2,\"name\":\"Classement climatique : la Suisse chute\"}]},{\"@type\":\"WebSite\",\"@id\":\"https:\/\/blog.solstis.ch\/#website\",\"url\":\"https:\/\/blog.solstis.ch\/\",\"name\":\"Solstis\",\"description\":\"Solstis, donner au monde l&#039;\u00e9nergie d&#039;\u00eatre durable.\",\"potentialAction\":[{\"@type\":\"SearchAction\",\"target\":{\"@type\":\"EntryPoint\",\"urlTemplate\":\"https:\/\/blog.solstis.ch\/?s={search_term_string}\"},\"query-input\":{\"@type\":\"PropertyValueSpecification\",\"valueRequired\":true,\"valueName\":\"search_term_string\"}}],\"inLanguage\":\"fr-FR\"},{\"@type\":\"Person\",\"@id\":\"https:\/\/blog.solstis.ch\/#\/schema\/person\/5a9f5ef0a66b3e68c712ab62eeb4a1f9\",\"name\":\"admin\",\"image\":{\"@type\":\"ImageObject\",\"inLanguage\":\"fr-FR\",\"@id\":\"https:\/\/blog.solstis.ch\/#\/schema\/person\/image\/\",\"url\":\"https:\/\/secure.gravatar.com\/avatar\/8ba8fd08281e45cafc408887276f0396?s=96&d=mm&r=g\",\"contentUrl\":\"https:\/\/secure.gravatar.com\/avatar\/8ba8fd08281e45cafc408887276f0396?s=96&d=mm&r=g\",\"caption\":\"admin\"},\"url\":\"https:\/\/blog.solstis.ch\/index.php\/author\/admin\/\"}]}<\/script>\n<!-- \/ Yoast SEO plugin. -->","yoast_head_json":{"title":"Classement climatique : la Suisse chute - Solstis","description":"COP21 : La Suisse se retrouve \u00e0 une peu glorieuse 14\u00e8me place du classement Climate Change Performance Index.\u00a0","robots":{"index":"index","follow":"follow","max-snippet":"max-snippet:-1","max-image-preview":"max-image-preview:large","max-video-preview":"max-video-preview:-1"},"canonical":"https:\/\/blog.solstis.ch\/index.php\/fr\/2015\/12\/10\/classement-climatique-suisse-chute\/","og_locale":"fr_FR","og_type":"article","og_title":"Classement climatique : la Suisse chute - Solstis","og_description":"COP21 : La Suisse se retrouve \u00e0 une peu glorieuse 14\u00e8me place du classement Climate Change Performance Index.\u00a0","og_url":"https:\/\/blog.solstis.ch\/index.php\/fr\/2015\/12\/10\/classement-climatique-suisse-chute\/","og_site_name":"Solstis","article_published_time":"2015-12-10T08:58:24+00:00","article_modified_time":"2016-01-20T15:00:54+00:00","og_image":[{"width":640,"height":426,"url":"https:\/\/blog.solstis.ch\/wp-content\/uploads\/2015\/12\/Climate.jpg","type":"image\/jpeg"}],"author":"admin","twitter_card":"summary_large_image","twitter_misc":{"\u00c9crit par":"admin","Dur\u00e9e de lecture estim\u00e9e":"1 minute"},"schema":{"@context":"https:\/\/schema.org","@graph":[{"@type":"WebPage","@id":"https:\/\/blog.solstis.ch\/index.php\/fr\/2015\/12\/10\/classement-climatique-suisse-chute\/","url":"https:\/\/blog.solstis.ch\/index.php\/fr\/2015\/12\/10\/classement-climatique-suisse-chute\/","name":"Classement climatique : la Suisse chute - Solstis","isPartOf":{"@id":"https:\/\/blog.solstis.ch\/#website"},"primaryImageOfPage":{"@id":"https:\/\/blog.solstis.ch\/index.php\/fr\/2015\/12\/10\/classement-climatique-suisse-chute\/#primaryimage"},"image":{"@id":"https:\/\/blog.solstis.ch\/index.php\/fr\/2015\/12\/10\/classement-climatique-suisse-chute\/#primaryimage"},"thumbnailUrl":"https:\/\/blog.solstis.ch\/wp-content\/uploads\/2015\/12\/Climate.jpg","datePublished":"2015-12-10T08:58:24+00:00","dateModified":"2016-01-20T15:00:54+00:00","author":{"@id":"https:\/\/blog.solstis.ch\/#\/schema\/person\/5a9f5ef0a66b3e68c712ab62eeb4a1f9"},"description":"COP21 : La Suisse se retrouve \u00e0 une peu glorieuse 14\u00e8me place du classement Climate Change Performance Index.\u00a0","breadcrumb":{"@id":"https:\/\/blog.solstis.ch\/index.php\/fr\/2015\/12\/10\/classement-climatique-suisse-chute\/#breadcrumb"},"inLanguage":"fr-FR","potentialAction":[{"@type":"ReadAction","target":["https:\/\/blog.solstis.ch\/index.php\/fr\/2015\/12\/10\/classement-climatique-suisse-chute\/"]}]},{"@type":"ImageObject","inLanguage":"fr-FR","@id":"https:\/\/blog.solstis.ch\/index.php\/fr\/2015\/12\/10\/classement-climatique-suisse-chute\/#primaryimage","url":"https:\/\/blog.solstis.ch\/wp-content\/uploads\/2015\/12\/Climate.jpg","contentUrl":"https:\/\/blog.solstis.ch\/wp-content\/uploads\/2015\/12\/Climate.jpg","width":640,"height":426,"caption":"Suisse Climat"},{"@type":"BreadcrumbList","@id":"https:\/\/blog.solstis.ch\/index.php\/fr\/2015\/12\/10\/classement-climatique-suisse-chute\/#breadcrumb","itemListElement":[{"@type":"ListItem","position":1,"name":"Accueil","item":"https:\/\/blog.solstis.ch\/index.php\/fr\/blog\/"},{"@type":"ListItem","position":2,"name":"Classement climatique : la Suisse chute"}]},{"@type":"WebSite","@id":"https:\/\/blog.solstis.ch\/#website","url":"https:\/\/blog.solstis.ch\/","name":"Solstis","description":"Solstis, donner au monde l&#039;\u00e9nergie d&#039;\u00eatre durable.","potentialAction":[{"@type":"SearchAction","target":{"@type":"EntryPoint","urlTemplate":"https:\/\/blog.solstis.ch\/?s={search_term_string}"},"query-input":{"@type":"PropertyValueSpecification","valueRequired":true,"valueName":"search_term_string"}}],"inLanguage":"fr-FR"},{"@type":"Person","@id":"https:\/\/blog.solstis.ch\/#\/schema\/person\/5a9f5ef0a66b3e68c712ab62eeb4a1f9","name":"admin","image":{"@type":"ImageObject","inLanguage":"fr-FR","@id":"https:\/\/blog.solstis.ch\/#\/schema\/person\/image\/","url":"https:\/\/secure.gravatar.com\/avatar\/8ba8fd08281e45cafc408887276f0396?s=96&d=mm&r=g","contentUrl":"https:\/\/secure.gravatar.com\/avatar\/8ba8fd08281e45cafc408887276f0396?s=96&d=mm&r=g","caption":"admin"},"url":"https:\/\/blog.solstis.ch\/index.php\/author\/admin\/"}]}},"jetpack_sharing_enabled":true,"jetpack_featured_media_url":"https:\/\/blog.solstis.ch\/wp-content\/uploads\/2015\/12\/Climate.jpg","jetpack_shortlink":"https:\/\/wp.me\/pa0tUs-61","_links":{"self":[{"href":"https:\/\/blog.solstis.ch\/index.php\/wp-json\/wp\/v2\/posts\/373","targetHints":{"allow":["GET"]}}],"collection":[{"href":"https:\/\/blog.solstis.ch\/index.php\/wp-json\/wp\/v2\/posts"}],"about":[{"href":"https:\/\/blog.solstis.ch\/index.php\/wp-json\/wp\/v2\/types\/post"}],"author":[{"embeddable":true,"href":"https:\/\/blog.solstis.ch\/index.php\/wp-json\/wp\/v2\/users\/1"}],"replies":[{"embeddable":true,"href":"https:\/\/blog.solstis.ch\/index.php\/wp-json\/wp\/v2\/comments?post=373"}],"version-history":[{"count":1,"href":"https:\/\/blog.solstis.ch\/index.php\/wp-json\/wp\/v2\/posts\/373\/revisions"}],"predecessor-version":[{"id":375,"href":"https:\/\/blog.solstis.ch\/index.php\/wp-json\/wp\/v2\/posts\/373\/revisions\/375"}],"wp:featuredmedia":[{"embeddable":true,"href":"https:\/\/blog.solstis.ch\/index.php\/wp-json\/wp\/v2\/media\/374"}],"wp:attachment":[{"href":"https:\/\/blog.solstis.ch\/index.php\/wp-json\/wp\/v2\/media?parent=373"}],"wp:term":[{"taxonomy":"category","embeddable":true,"href":"https:\/\/blog.solstis.ch\/index.php\/wp-json\/wp\/v2\/categories?post=373"},{"taxonomy":"post_tag","embeddable":true,"href":"https:\/\/blog.solstis.ch\/index.php\/wp-json\/wp\/v2\/tags?post=373"}],"curies":[{"name":"wp","href":"https:\/\/api.w.org\/{rel}","templated":true}]}}