{"id":364,"date":"2015-12-14T10:07:32","date_gmt":"2015-12-14T09:07:32","guid":{"rendered":"http:\/\/blog.solstis.ch\/?p=364"},"modified":"2015-12-14T10:21:25","modified_gmt":"2015-12-14T09:21:25","slug":"cop-21-declarations-dintention-ou-influence-sur-la-realite-du-marche","status":"publish","type":"post","link":"https:\/\/blog.solstis.ch\/index.php\/fr\/2015\/12\/14\/cop-21-declarations-dintention-ou-influence-sur-la-realite-du-marche\/","title":{"rendered":"COP 21 : d\u00e9clarations d\u2019intention ou influence sur la r\u00e9alit\u00e9 du march\u00e9 ?"},"content":{"rendered":"<p><strong>Dans le contexte des r\u00e9cents \u00e9v\u00e9nements de Paris lui conf\u00e9rant ind\u00e9niablement une dimension suppl\u00e9mentaire, la COP 21 bat son plein.\u00a0Tous les pays prennent d\u00e9sormais au s\u00e9rieux la question de la consommation \u00e9nerg\u00e9tique et ses corollaires. Plus personne n\u2019est critique, tout le monde le dit\u00a0: il faut faire quelque chose. Oui, mais quoi\u00a0?<\/strong><\/p>\n<p>Pour tenter de d\u00e9gager les fondamentaux de cette question complexe sans \u00eatre excessivement r\u00e9ducteur, je m\u2019appuierai sur l\u2019exemple de l\u2019Allemagne et de sa loi \u00ab\u00a0EEG\u00a0\u00bb (Erneuerbare Energien Gesetzen) promulgu\u00e9e en 2000. \u00c0 une \u00e9poque o\u00f9 la part des \u00e9nergies renouvelables dans le mix \u00e9lectrique allemand \u00e9tait quasiment nulle, des tarifs d\u2019achats g\u00e9n\u00e9reux avaient \u00e9t\u00e9 accord\u00e9s aux fili\u00e8res ENR d\u00e9butantes, ce qui a permis leur \u00e9mergence, d\u2019abord au sein du pays, puis, gr\u00e2ce \u00e0 la baisse des co\u00fbts de production engendr\u00e9e, dans le monde entier.<\/p>\n<p>Portant sur l\u2019\u00e9olien, la biomasse et le solaire, la mise en place courageuse de ce programme national a notamment concentr\u00e9 en quelques ann\u00e9es plus de 50% du march\u00e9 mondial du photovolta\u00efque. Ce qui a permis aux fabricants de s\u2019industrialiser \u2014 et accessoirement \u00e0 la Chine de devenir le premier producteur de cellules photovolta\u00efques\u2026 \u2014 et de proposer des prix que le march\u00e9 mondial est d\u00e9sormais en mesure d\u2019accepter. Car c\u2019est bien cette politique volontariste qui donne aujourd\u2019hui au monde entier le b\u00e9n\u00e9fice de panneaux solaires bon march\u00e9, tout en ayant propuls\u00e9 l\u2019Allemagne au premier rang de la production d\u2019\u00e9nergie solaire.<\/p>\n<p>Nous avons l\u00e0 une exp\u00e9rience grandeur nature \u00e9difiante d\u00e9montrant que si l\u2019on veut obtenir un impact sur la r\u00e9alit\u00e9, il faut avant tout que le march\u00e9 lui-m\u00eame soit impact\u00e9. Ainsi, des retomb\u00e9es de la COP 21 limit\u00e9es \u00e0 des d\u00e9clarations d\u2019intention ou \u00e0 l\u2019alimentation d\u2019un fonds destin\u00e9 \u00e0 la recherche ne seraient pas \u00e0 la mesure de l\u2019enjeu.<\/p>\n<p>Pascal Affolter<\/p>\n<p>Plus d&rsquo;informations sur la COP 21 <a href=\"http:\/\/www.gouvernement.fr\/action\/la-cop-21\" target=\"_blank\">ICI<\/a><\/p>\n","protected":false},"excerpt":{"rendered":"<p>Dans le contexte des r\u00e9cents \u00e9v\u00e9nements de Paris lui conf\u00e9rant ind\u00e9niablement une dimension suppl\u00e9mentaire, la COP 21 bat son plein.\u00a0Tous [&hellip;]<\/p>\n","protected":false},"author":1,"featured_media":365,"comment_status":"open","ping_status":"open","sticky":false,"template":"","format":"standard","meta":{"jetpack_post_was_ever_published":false,"_jetpack_newsletter_access":"","_jetpack_dont_email_post_to_subs":false,"_jetpack_newsletter_tier_id":0,"_jetpack_memberships_contains_paywalled_content":false,"_jetpack_memberships_contains_paid_content":false,"footnotes":"","jetpack_publicize_message":"","jetpack_publicize_feature_enabled":true,"jetpack_social_post_already_shared":false,"jetpack_social_options":{"image_generator_settings":{"template":"highway","enabled":false},"version":2}},"categories":[115,40,33],"tags":[153,159,157,151],"class_list":["post-364","post","type-post","status-publish","format-standard","has-post-thumbnail","hentry","category-actualite","category-ecologie","category-energie","tag-conference-climat","tag-ecologie","tag-enr","tag-solstis"],"jetpack_publicize_connections":[],"yoast_head":"<!-- This site is optimized with the Yoast SEO plugin v23.8 - https:\/\/yoast.com\/wordpress\/plugins\/seo\/ -->\n<title>COP 21 : d\u00e9clarations d\u2019intention ou influence sur la r\u00e9alit\u00e9 du march\u00e9 ? - Solstis<\/title>\n<meta name=\"robots\" content=\"index, follow, max-snippet:-1, max-image-preview:large, max-video-preview:-1\" \/>\n<link rel=\"canonical\" href=\"https:\/\/blog.solstis.ch\/index.php\/fr\/2015\/12\/14\/cop-21-declarations-dintention-ou-influence-sur-la-realite-du-marche\/\" \/>\n<meta property=\"og:locale\" content=\"fr_FR\" \/>\n<meta property=\"og:type\" content=\"article\" \/>\n<meta property=\"og:title\" content=\"COP 21 : d\u00e9clarations d\u2019intention ou influence sur la r\u00e9alit\u00e9 du march\u00e9 ? - Solstis\" \/>\n<meta property=\"og:description\" content=\"Dans le contexte des r\u00e9cents \u00e9v\u00e9nements de Paris lui conf\u00e9rant ind\u00e9niablement une dimension suppl\u00e9mentaire, la COP 21 bat son plein.\u00a0Tous [&hellip;]\" \/>\n<meta property=\"og:url\" content=\"https:\/\/blog.solstis.ch\/index.php\/fr\/2015\/12\/14\/cop-21-declarations-dintention-ou-influence-sur-la-realite-du-marche\/\" \/>\n<meta property=\"og:site_name\" content=\"Solstis\" \/>\n<meta property=\"article:published_time\" content=\"2015-12-14T09:07:32+00:00\" \/>\n<meta property=\"article:modified_time\" content=\"2015-12-14T09:21:25+00:00\" \/>\n<meta property=\"og:image\" content=\"https:\/\/blog.solstis.ch\/wp-content\/uploads\/2015\/12\/COP-21.png\" \/>\n\t<meta property=\"og:image:width\" content=\"1327\" \/>\n\t<meta property=\"og:image:height\" content=\"694\" \/>\n\t<meta property=\"og:image:type\" content=\"image\/png\" \/>\n<meta name=\"author\" content=\"admin\" \/>\n<meta name=\"twitter:card\" content=\"summary_large_image\" \/>\n<meta name=\"twitter:label1\" content=\"\u00c9crit par\" \/>\n\t<meta name=\"twitter:data1\" content=\"admin\" \/>\n\t<meta name=\"twitter:label2\" content=\"Dur\u00e9e de lecture estim\u00e9e\" \/>\n\t<meta name=\"twitter:data2\" content=\"2 minutes\" \/>\n<script type=\"application\/ld+json\" class=\"yoast-schema-graph\">{\"@context\":\"https:\/\/schema.org\",\"@graph\":[{\"@type\":\"WebPage\",\"@id\":\"https:\/\/blog.solstis.ch\/index.php\/fr\/2015\/12\/14\/cop-21-declarations-dintention-ou-influence-sur-la-realite-du-marche\/\",\"url\":\"https:\/\/blog.solstis.ch\/index.php\/fr\/2015\/12\/14\/cop-21-declarations-dintention-ou-influence-sur-la-realite-du-marche\/\",\"name\":\"COP 21 : d\u00e9clarations d\u2019intention ou influence sur la r\u00e9alit\u00e9 du march\u00e9 ? - Solstis\",\"isPartOf\":{\"@id\":\"https:\/\/blog.solstis.ch\/#website\"},\"primaryImageOfPage\":{\"@id\":\"https:\/\/blog.solstis.ch\/index.php\/fr\/2015\/12\/14\/cop-21-declarations-dintention-ou-influence-sur-la-realite-du-marche\/#primaryimage\"},\"image\":{\"@id\":\"https:\/\/blog.solstis.ch\/index.php\/fr\/2015\/12\/14\/cop-21-declarations-dintention-ou-influence-sur-la-realite-du-marche\/#primaryimage\"},\"thumbnailUrl\":\"https:\/\/blog.solstis.ch\/wp-content\/uploads\/2015\/12\/COP-21.png\",\"datePublished\":\"2015-12-14T09:07:32+00:00\",\"dateModified\":\"2015-12-14T09:21:25+00:00\",\"author\":{\"@id\":\"https:\/\/blog.solstis.ch\/#\/schema\/person\/5a9f5ef0a66b3e68c712ab62eeb4a1f9\"},\"breadcrumb\":{\"@id\":\"https:\/\/blog.solstis.ch\/index.php\/fr\/2015\/12\/14\/cop-21-declarations-dintention-ou-influence-sur-la-realite-du-marche\/#breadcrumb\"},\"inLanguage\":\"fr-FR\",\"potentialAction\":[{\"@type\":\"ReadAction\",\"target\":[\"https:\/\/blog.solstis.ch\/index.php\/fr\/2015\/12\/14\/cop-21-declarations-dintention-ou-influence-sur-la-realite-du-marche\/\"]}]},{\"@type\":\"ImageObject\",\"inLanguage\":\"fr-FR\",\"@id\":\"https:\/\/blog.solstis.ch\/index.php\/fr\/2015\/12\/14\/cop-21-declarations-dintention-ou-influence-sur-la-realite-du-marche\/#primaryimage\",\"url\":\"https:\/\/blog.solstis.ch\/wp-content\/uploads\/2015\/12\/COP-21.png\",\"contentUrl\":\"https:\/\/blog.solstis.ch\/wp-content\/uploads\/2015\/12\/COP-21.png\",\"width\":1327,\"height\":694},{\"@type\":\"BreadcrumbList\",\"@id\":\"https:\/\/blog.solstis.ch\/index.php\/fr\/2015\/12\/14\/cop-21-declarations-dintention-ou-influence-sur-la-realite-du-marche\/#breadcrumb\",\"itemListElement\":[{\"@type\":\"ListItem\",\"position\":1,\"name\":\"Accueil\",\"item\":\"https:\/\/blog.solstis.ch\/index.php\/fr\/blog\/\"},{\"@type\":\"ListItem\",\"position\":2,\"name\":\"COP 21 : d\u00e9clarations d\u2019intention ou influence sur la r\u00e9alit\u00e9 du march\u00e9 ?\"}]},{\"@type\":\"WebSite\",\"@id\":\"https:\/\/blog.solstis.ch\/#website\",\"url\":\"https:\/\/blog.solstis.ch\/\",\"name\":\"Solstis\",\"description\":\"Solstis, donner au monde l&#039;\u00e9nergie d&#039;\u00eatre durable.\",\"potentialAction\":[{\"@type\":\"SearchAction\",\"target\":{\"@type\":\"EntryPoint\",\"urlTemplate\":\"https:\/\/blog.solstis.ch\/?s={search_term_string}\"},\"query-input\":{\"@type\":\"PropertyValueSpecification\",\"valueRequired\":true,\"valueName\":\"search_term_string\"}}],\"inLanguage\":\"fr-FR\"},{\"@type\":\"Person\",\"@id\":\"https:\/\/blog.solstis.ch\/#\/schema\/person\/5a9f5ef0a66b3e68c712ab62eeb4a1f9\",\"name\":\"admin\",\"image\":{\"@type\":\"ImageObject\",\"inLanguage\":\"fr-FR\",\"@id\":\"https:\/\/blog.solstis.ch\/#\/schema\/person\/image\/\",\"url\":\"https:\/\/secure.gravatar.com\/avatar\/8ba8fd08281e45cafc408887276f0396?s=96&d=mm&r=g\",\"contentUrl\":\"https:\/\/secure.gravatar.com\/avatar\/8ba8fd08281e45cafc408887276f0396?s=96&d=mm&r=g\",\"caption\":\"admin\"},\"url\":\"https:\/\/blog.solstis.ch\/index.php\/author\/admin\/\"}]}<\/script>\n<!-- \/ Yoast SEO plugin. -->","yoast_head_json":{"title":"COP 21 : d\u00e9clarations d\u2019intention ou influence sur la r\u00e9alit\u00e9 du march\u00e9 ? - Solstis","robots":{"index":"index","follow":"follow","max-snippet":"max-snippet:-1","max-image-preview":"max-image-preview:large","max-video-preview":"max-video-preview:-1"},"canonical":"https:\/\/blog.solstis.ch\/index.php\/fr\/2015\/12\/14\/cop-21-declarations-dintention-ou-influence-sur-la-realite-du-marche\/","og_locale":"fr_FR","og_type":"article","og_title":"COP 21 : d\u00e9clarations d\u2019intention ou influence sur la r\u00e9alit\u00e9 du march\u00e9 ? - Solstis","og_description":"Dans le contexte des r\u00e9cents \u00e9v\u00e9nements de Paris lui conf\u00e9rant ind\u00e9niablement une dimension suppl\u00e9mentaire, la COP 21 bat son plein.\u00a0Tous [&hellip;]","og_url":"https:\/\/blog.solstis.ch\/index.php\/fr\/2015\/12\/14\/cop-21-declarations-dintention-ou-influence-sur-la-realite-du-marche\/","og_site_name":"Solstis","article_published_time":"2015-12-14T09:07:32+00:00","article_modified_time":"2015-12-14T09:21:25+00:00","og_image":[{"width":1327,"height":694,"url":"https:\/\/blog.solstis.ch\/wp-content\/uploads\/2015\/12\/COP-21.png","type":"image\/png"}],"author":"admin","twitter_card":"summary_large_image","twitter_misc":{"\u00c9crit par":"admin","Dur\u00e9e de lecture estim\u00e9e":"2 minutes"},"schema":{"@context":"https:\/\/schema.org","@graph":[{"@type":"WebPage","@id":"https:\/\/blog.solstis.ch\/index.php\/fr\/2015\/12\/14\/cop-21-declarations-dintention-ou-influence-sur-la-realite-du-marche\/","url":"https:\/\/blog.solstis.ch\/index.php\/fr\/2015\/12\/14\/cop-21-declarations-dintention-ou-influence-sur-la-realite-du-marche\/","name":"COP 21 : d\u00e9clarations d\u2019intention ou influence sur la r\u00e9alit\u00e9 du march\u00e9 ? - Solstis","isPartOf":{"@id":"https:\/\/blog.solstis.ch\/#website"},"primaryImageOfPage":{"@id":"https:\/\/blog.solstis.ch\/index.php\/fr\/2015\/12\/14\/cop-21-declarations-dintention-ou-influence-sur-la-realite-du-marche\/#primaryimage"},"image":{"@id":"https:\/\/blog.solstis.ch\/index.php\/fr\/2015\/12\/14\/cop-21-declarations-dintention-ou-influence-sur-la-realite-du-marche\/#primaryimage"},"thumbnailUrl":"https:\/\/blog.solstis.ch\/wp-content\/uploads\/2015\/12\/COP-21.png","datePublished":"2015-12-14T09:07:32+00:00","dateModified":"2015-12-14T09:21:25+00:00","author":{"@id":"https:\/\/blog.solstis.ch\/#\/schema\/person\/5a9f5ef0a66b3e68c712ab62eeb4a1f9"},"breadcrumb":{"@id":"https:\/\/blog.solstis.ch\/index.php\/fr\/2015\/12\/14\/cop-21-declarations-dintention-ou-influence-sur-la-realite-du-marche\/#breadcrumb"},"inLanguage":"fr-FR","potentialAction":[{"@type":"ReadAction","target":["https:\/\/blog.solstis.ch\/index.php\/fr\/2015\/12\/14\/cop-21-declarations-dintention-ou-influence-sur-la-realite-du-marche\/"]}]},{"@type":"ImageObject","inLanguage":"fr-FR","@id":"https:\/\/blog.solstis.ch\/index.php\/fr\/2015\/12\/14\/cop-21-declarations-dintention-ou-influence-sur-la-realite-du-marche\/#primaryimage","url":"https:\/\/blog.solstis.ch\/wp-content\/uploads\/2015\/12\/COP-21.png","contentUrl":"https:\/\/blog.solstis.ch\/wp-content\/uploads\/2015\/12\/COP-21.png","width":1327,"height":694},{"@type":"BreadcrumbList","@id":"https:\/\/blog.solstis.ch\/index.php\/fr\/2015\/12\/14\/cop-21-declarations-dintention-ou-influence-sur-la-realite-du-marche\/#breadcrumb","itemListElement":[{"@type":"ListItem","position":1,"name":"Accueil","item":"https:\/\/blog.solstis.ch\/index.php\/fr\/blog\/"},{"@type":"ListItem","position":2,"name":"COP 21 : d\u00e9clarations d\u2019intention ou influence sur la r\u00e9alit\u00e9 du march\u00e9 ?"}]},{"@type":"WebSite","@id":"https:\/\/blog.solstis.ch\/#website","url":"https:\/\/blog.solstis.ch\/","name":"Solstis","description":"Solstis, donner au monde l&#039;\u00e9nergie d&#039;\u00eatre durable.","potentialAction":[{"@type":"SearchAction","target":{"@type":"EntryPoint","urlTemplate":"https:\/\/blog.solstis.ch\/?s={search_term_string}"},"query-input":{"@type":"PropertyValueSpecification","valueRequired":true,"valueName":"search_term_string"}}],"inLanguage":"fr-FR"},{"@type":"Person","@id":"https:\/\/blog.solstis.ch\/#\/schema\/person\/5a9f5ef0a66b3e68c712ab62eeb4a1f9","name":"admin","image":{"@type":"ImageObject","inLanguage":"fr-FR","@id":"https:\/\/blog.solstis.ch\/#\/schema\/person\/image\/","url":"https:\/\/secure.gravatar.com\/avatar\/8ba8fd08281e45cafc408887276f0396?s=96&d=mm&r=g","contentUrl":"https:\/\/secure.gravatar.com\/avatar\/8ba8fd08281e45cafc408887276f0396?s=96&d=mm&r=g","caption":"admin"},"url":"https:\/\/blog.solstis.ch\/index.php\/author\/admin\/"}]}},"jetpack_sharing_enabled":true,"jetpack_featured_media_url":"https:\/\/blog.solstis.ch\/wp-content\/uploads\/2015\/12\/COP-21.png","jetpack_shortlink":"https:\/\/wp.me\/pa0tUs-5S","_links":{"self":[{"href":"https:\/\/blog.solstis.ch\/index.php\/wp-json\/wp\/v2\/posts\/364","targetHints":{"allow":["GET"]}}],"collection":[{"href":"https:\/\/blog.solstis.ch\/index.php\/wp-json\/wp\/v2\/posts"}],"about":[{"href":"https:\/\/blog.solstis.ch\/index.php\/wp-json\/wp\/v2\/types\/post"}],"author":[{"embeddable":true,"href":"https:\/\/blog.solstis.ch\/index.php\/wp-json\/wp\/v2\/users\/1"}],"replies":[{"embeddable":true,"href":"https:\/\/blog.solstis.ch\/index.php\/wp-json\/wp\/v2\/comments?post=364"}],"version-history":[{"count":4,"href":"https:\/\/blog.solstis.ch\/index.php\/wp-json\/wp\/v2\/posts\/364\/revisions"}],"predecessor-version":[{"id":376,"href":"https:\/\/blog.solstis.ch\/index.php\/wp-json\/wp\/v2\/posts\/364\/revisions\/376"}],"wp:featuredmedia":[{"embeddable":true,"href":"https:\/\/blog.solstis.ch\/index.php\/wp-json\/wp\/v2\/media\/365"}],"wp:attachment":[{"href":"https:\/\/blog.solstis.ch\/index.php\/wp-json\/wp\/v2\/media?parent=364"}],"wp:term":[{"taxonomy":"category","embeddable":true,"href":"https:\/\/blog.solstis.ch\/index.php\/wp-json\/wp\/v2\/categories?post=364"},{"taxonomy":"post_tag","embeddable":true,"href":"https:\/\/blog.solstis.ch\/index.php\/wp-json\/wp\/v2\/tags?post=364"}],"curies":[{"name":"wp","href":"https:\/\/api.w.org\/{rel}","templated":true}]}}