{"id":339,"date":"2015-11-02T18:15:18","date_gmt":"2015-11-02T17:15:18","guid":{"rendered":"http:\/\/blog.solstis.ch\/?p=339"},"modified":"2016-01-20T15:56:43","modified_gmt":"2016-01-20T14:56:43","slug":"lintegration-architecturale-du-solaire","status":"publish","type":"post","link":"https:\/\/blog.solstis.ch\/index.php\/fr\/2015\/11\/02\/lintegration-architecturale-du-solaire\/","title":{"rendered":"L&rsquo;int\u00e9gration architecturale du solaire"},"content":{"rendered":"<p>En plus de leur r\u00f4le d\u2019am\u00e9nagement visuel de l\u2019espace construit, les architectes doivent aujourd\u2019hui concilier leurs moyens d\u2019expression cr\u00e9ative avec une efficacit\u00e9 \u00e9nerg\u00e9tique maximale. Les architectes de renomm\u00e9e internationale ne sont pas les seuls \u00e0 employer des \u00e9l\u00e9ments photovolta\u00efques comme figures de style esth\u00e9tiques. En Suisse aussi, certains concepteurs innovants \u00e9laborent de nouvelles id\u00e9es afin de construire le b\u00e2timent solaire de demain.<\/p>\n<p>T\u00e9l\u00e9charger le PDF pour en savoir plus.<\/p>\n","protected":false},"excerpt":{"rendered":"<p>En plus de leur r\u00f4le d\u2019am\u00e9nagement visuel de l\u2019espace construit, les architectes doivent aujourd\u2019hui concilier leurs moyens d\u2019expression cr\u00e9ative avec [&hellip;]<\/p>\n","protected":false},"author":1,"featured_media":342,"comment_status":"open","ping_status":"open","sticky":false,"template":"","format":"standard","meta":{"jetpack_post_was_ever_published":false,"_jetpack_newsletter_access":"","_jetpack_dont_email_post_to_subs":false,"_jetpack_newsletter_tier_id":0,"_jetpack_memberships_contains_paywalled_content":false,"_jetpack_memberships_contains_paid_content":false,"footnotes":"","jetpack_publicize_message":"","jetpack_publicize_feature_enabled":true,"jetpack_social_post_already_shared":false,"jetpack_social_options":{"image_generator_settings":{"template":"highway","enabled":false},"version":2}},"categories":[47],"tags":[117,139,143,109,141],"class_list":["post-339","post","type-post","status-publish","format-standard","has-post-thumbnail","hentry","category-urbanisme","tag-architecture","tag-minergie","tag-panneaux-photovoltaiques","tag-solaire-fr","tag-suisse-energie"],"jetpack_publicize_connections":[],"yoast_head":"<!-- This site is optimized with the Yoast SEO plugin v23.8 - https:\/\/yoast.com\/wordpress\/plugins\/seo\/ -->\n<title>L&#039;int\u00e9gration architecturale du solaire - Solstis<\/title>\n<meta name=\"description\" content=\"En plus de leur vision architecturale, les architectes doivent concilier leurs moyens d\u2019expression cr\u00e9ative avec une efficacit\u00e9 \u00e9nerg\u00e9tique maximale.\u00a0\" \/>\n<meta name=\"robots\" content=\"index, follow, max-snippet:-1, max-image-preview:large, max-video-preview:-1\" \/>\n<link rel=\"canonical\" href=\"https:\/\/blog.solstis.ch\/index.php\/fr\/2015\/11\/02\/lintegration-architecturale-du-solaire\/\" \/>\n<meta property=\"og:locale\" content=\"fr_FR\" \/>\n<meta property=\"og:type\" content=\"article\" \/>\n<meta property=\"og:title\" content=\"L&#039;int\u00e9gration architecturale du solaire - Solstis\" \/>\n<meta property=\"og:description\" content=\"En plus de leur vision architecturale, les architectes doivent concilier leurs moyens d\u2019expression cr\u00e9ative avec une efficacit\u00e9 \u00e9nerg\u00e9tique maximale.\u00a0\" \/>\n<meta property=\"og:url\" content=\"https:\/\/blog.solstis.ch\/index.php\/fr\/2015\/11\/02\/lintegration-architecturale-du-solaire\/\" \/>\n<meta property=\"og:site_name\" content=\"Solstis\" \/>\n<meta property=\"article:published_time\" content=\"2015-11-02T17:15:18+00:00\" \/>\n<meta property=\"article:modified_time\" content=\"2016-01-20T14:56:43+00:00\" \/>\n<meta property=\"og:image\" content=\"https:\/\/blog.solstis.ch\/wp-content\/uploads\/2015\/11\/Int\u00e9gration-architecturale-du-solaire-e1446484643877.jpg\" \/>\n\t<meta property=\"og:image:width\" content=\"2051\" \/>\n\t<meta property=\"og:image:height\" content=\"1033\" \/>\n\t<meta property=\"og:image:type\" content=\"image\/jpeg\" \/>\n<meta name=\"author\" content=\"admin\" \/>\n<meta name=\"twitter:card\" content=\"summary_large_image\" \/>\n<meta name=\"twitter:label1\" content=\"\u00c9crit par\" \/>\n\t<meta name=\"twitter:data1\" content=\"admin\" \/>\n<script type=\"application\/ld+json\" class=\"yoast-schema-graph\">{\"@context\":\"https:\/\/schema.org\",\"@graph\":[{\"@type\":\"WebPage\",\"@id\":\"https:\/\/blog.solstis.ch\/index.php\/fr\/2015\/11\/02\/lintegration-architecturale-du-solaire\/\",\"url\":\"https:\/\/blog.solstis.ch\/index.php\/fr\/2015\/11\/02\/lintegration-architecturale-du-solaire\/\",\"name\":\"L'int\u00e9gration architecturale du solaire - Solstis\",\"isPartOf\":{\"@id\":\"https:\/\/blog.solstis.ch\/#website\"},\"primaryImageOfPage\":{\"@id\":\"https:\/\/blog.solstis.ch\/index.php\/fr\/2015\/11\/02\/lintegration-architecturale-du-solaire\/#primaryimage\"},\"image\":{\"@id\":\"https:\/\/blog.solstis.ch\/index.php\/fr\/2015\/11\/02\/lintegration-architecturale-du-solaire\/#primaryimage\"},\"thumbnailUrl\":\"https:\/\/blog.solstis.ch\/wp-content\/uploads\/2015\/11\/Int\u00e9gration-architecturale-du-solaire-e1446484643877.jpg\",\"datePublished\":\"2015-11-02T17:15:18+00:00\",\"dateModified\":\"2016-01-20T14:56:43+00:00\",\"author\":{\"@id\":\"https:\/\/blog.solstis.ch\/#\/schema\/person\/5a9f5ef0a66b3e68c712ab62eeb4a1f9\"},\"description\":\"En plus de leur vision architecturale, les architectes doivent concilier leurs moyens d\u2019expression cr\u00e9ative avec une efficacit\u00e9 \u00e9nerg\u00e9tique maximale.\u00a0\",\"breadcrumb\":{\"@id\":\"https:\/\/blog.solstis.ch\/index.php\/fr\/2015\/11\/02\/lintegration-architecturale-du-solaire\/#breadcrumb\"},\"inLanguage\":\"fr-FR\",\"potentialAction\":[{\"@type\":\"ReadAction\",\"target\":[\"https:\/\/blog.solstis.ch\/index.php\/fr\/2015\/11\/02\/lintegration-architecturale-du-solaire\/\"]}]},{\"@type\":\"ImageObject\",\"inLanguage\":\"fr-FR\",\"@id\":\"https:\/\/blog.solstis.ch\/index.php\/fr\/2015\/11\/02\/lintegration-architecturale-du-solaire\/#primaryimage\",\"url\":\"https:\/\/blog.solstis.ch\/wp-content\/uploads\/2015\/11\/Int\u00e9gration-architecturale-du-solaire-e1446484643877.jpg\",\"contentUrl\":\"https:\/\/blog.solstis.ch\/wp-content\/uploads\/2015\/11\/Int\u00e9gration-architecturale-du-solaire-e1446484643877.jpg\",\"width\":2051,\"height\":1033,\"caption\":\"Int\u00e9gration architecturale du solaire\"},{\"@type\":\"BreadcrumbList\",\"@id\":\"https:\/\/blog.solstis.ch\/index.php\/fr\/2015\/11\/02\/lintegration-architecturale-du-solaire\/#breadcrumb\",\"itemListElement\":[{\"@type\":\"ListItem\",\"position\":1,\"name\":\"Accueil\",\"item\":\"https:\/\/blog.solstis.ch\/index.php\/fr\/blog\/\"},{\"@type\":\"ListItem\",\"position\":2,\"name\":\"L&rsquo;int\u00e9gration architecturale du solaire\"}]},{\"@type\":\"WebSite\",\"@id\":\"https:\/\/blog.solstis.ch\/#website\",\"url\":\"https:\/\/blog.solstis.ch\/\",\"name\":\"Solstis\",\"description\":\"Solstis, donner au monde l&#039;\u00e9nergie d&#039;\u00eatre durable.\",\"potentialAction\":[{\"@type\":\"SearchAction\",\"target\":{\"@type\":\"EntryPoint\",\"urlTemplate\":\"https:\/\/blog.solstis.ch\/?s={search_term_string}\"},\"query-input\":{\"@type\":\"PropertyValueSpecification\",\"valueRequired\":true,\"valueName\":\"search_term_string\"}}],\"inLanguage\":\"fr-FR\"},{\"@type\":\"Person\",\"@id\":\"https:\/\/blog.solstis.ch\/#\/schema\/person\/5a9f5ef0a66b3e68c712ab62eeb4a1f9\",\"name\":\"admin\",\"image\":{\"@type\":\"ImageObject\",\"inLanguage\":\"fr-FR\",\"@id\":\"https:\/\/blog.solstis.ch\/#\/schema\/person\/image\/\",\"url\":\"https:\/\/secure.gravatar.com\/avatar\/8ba8fd08281e45cafc408887276f0396?s=96&d=mm&r=g\",\"contentUrl\":\"https:\/\/secure.gravatar.com\/avatar\/8ba8fd08281e45cafc408887276f0396?s=96&d=mm&r=g\",\"caption\":\"admin\"},\"url\":\"https:\/\/blog.solstis.ch\/index.php\/author\/admin\/\"}]}<\/script>\n<!-- \/ Yoast SEO plugin. -->","yoast_head_json":{"title":"L'int\u00e9gration architecturale du solaire - Solstis","description":"En plus de leur vision architecturale, les architectes doivent concilier leurs moyens d\u2019expression cr\u00e9ative avec une efficacit\u00e9 \u00e9nerg\u00e9tique maximale.\u00a0","robots":{"index":"index","follow":"follow","max-snippet":"max-snippet:-1","max-image-preview":"max-image-preview:large","max-video-preview":"max-video-preview:-1"},"canonical":"https:\/\/blog.solstis.ch\/index.php\/fr\/2015\/11\/02\/lintegration-architecturale-du-solaire\/","og_locale":"fr_FR","og_type":"article","og_title":"L'int\u00e9gration architecturale du solaire - Solstis","og_description":"En plus de leur vision architecturale, les architectes doivent concilier leurs moyens d\u2019expression cr\u00e9ative avec une efficacit\u00e9 \u00e9nerg\u00e9tique maximale.\u00a0","og_url":"https:\/\/blog.solstis.ch\/index.php\/fr\/2015\/11\/02\/lintegration-architecturale-du-solaire\/","og_site_name":"Solstis","article_published_time":"2015-11-02T17:15:18+00:00","article_modified_time":"2016-01-20T14:56:43+00:00","og_image":[{"width":2051,"height":1033,"url":"https:\/\/blog.solstis.ch\/wp-content\/uploads\/2015\/11\/Int\u00e9gration-architecturale-du-solaire-e1446484643877.jpg","type":"image\/jpeg"}],"author":"admin","twitter_card":"summary_large_image","twitter_misc":{"\u00c9crit par":"admin"},"schema":{"@context":"https:\/\/schema.org","@graph":[{"@type":"WebPage","@id":"https:\/\/blog.solstis.ch\/index.php\/fr\/2015\/11\/02\/lintegration-architecturale-du-solaire\/","url":"https:\/\/blog.solstis.ch\/index.php\/fr\/2015\/11\/02\/lintegration-architecturale-du-solaire\/","name":"L'int\u00e9gration architecturale du solaire - Solstis","isPartOf":{"@id":"https:\/\/blog.solstis.ch\/#website"},"primaryImageOfPage":{"@id":"https:\/\/blog.solstis.ch\/index.php\/fr\/2015\/11\/02\/lintegration-architecturale-du-solaire\/#primaryimage"},"image":{"@id":"https:\/\/blog.solstis.ch\/index.php\/fr\/2015\/11\/02\/lintegration-architecturale-du-solaire\/#primaryimage"},"thumbnailUrl":"https:\/\/blog.solstis.ch\/wp-content\/uploads\/2015\/11\/Int\u00e9gration-architecturale-du-solaire-e1446484643877.jpg","datePublished":"2015-11-02T17:15:18+00:00","dateModified":"2016-01-20T14:56:43+00:00","author":{"@id":"https:\/\/blog.solstis.ch\/#\/schema\/person\/5a9f5ef0a66b3e68c712ab62eeb4a1f9"},"description":"En plus de leur vision architecturale, les architectes doivent concilier leurs moyens d\u2019expression cr\u00e9ative avec une efficacit\u00e9 \u00e9nerg\u00e9tique maximale.\u00a0","breadcrumb":{"@id":"https:\/\/blog.solstis.ch\/index.php\/fr\/2015\/11\/02\/lintegration-architecturale-du-solaire\/#breadcrumb"},"inLanguage":"fr-FR","potentialAction":[{"@type":"ReadAction","target":["https:\/\/blog.solstis.ch\/index.php\/fr\/2015\/11\/02\/lintegration-architecturale-du-solaire\/"]}]},{"@type":"ImageObject","inLanguage":"fr-FR","@id":"https:\/\/blog.solstis.ch\/index.php\/fr\/2015\/11\/02\/lintegration-architecturale-du-solaire\/#primaryimage","url":"https:\/\/blog.solstis.ch\/wp-content\/uploads\/2015\/11\/Int\u00e9gration-architecturale-du-solaire-e1446484643877.jpg","contentUrl":"https:\/\/blog.solstis.ch\/wp-content\/uploads\/2015\/11\/Int\u00e9gration-architecturale-du-solaire-e1446484643877.jpg","width":2051,"height":1033,"caption":"Int\u00e9gration architecturale du solaire"},{"@type":"BreadcrumbList","@id":"https:\/\/blog.solstis.ch\/index.php\/fr\/2015\/11\/02\/lintegration-architecturale-du-solaire\/#breadcrumb","itemListElement":[{"@type":"ListItem","position":1,"name":"Accueil","item":"https:\/\/blog.solstis.ch\/index.php\/fr\/blog\/"},{"@type":"ListItem","position":2,"name":"L&rsquo;int\u00e9gration architecturale du solaire"}]},{"@type":"WebSite","@id":"https:\/\/blog.solstis.ch\/#website","url":"https:\/\/blog.solstis.ch\/","name":"Solstis","description":"Solstis, donner au monde l&#039;\u00e9nergie d&#039;\u00eatre durable.","potentialAction":[{"@type":"SearchAction","target":{"@type":"EntryPoint","urlTemplate":"https:\/\/blog.solstis.ch\/?s={search_term_string}"},"query-input":{"@type":"PropertyValueSpecification","valueRequired":true,"valueName":"search_term_string"}}],"inLanguage":"fr-FR"},{"@type":"Person","@id":"https:\/\/blog.solstis.ch\/#\/schema\/person\/5a9f5ef0a66b3e68c712ab62eeb4a1f9","name":"admin","image":{"@type":"ImageObject","inLanguage":"fr-FR","@id":"https:\/\/blog.solstis.ch\/#\/schema\/person\/image\/","url":"https:\/\/secure.gravatar.com\/avatar\/8ba8fd08281e45cafc408887276f0396?s=96&d=mm&r=g","contentUrl":"https:\/\/secure.gravatar.com\/avatar\/8ba8fd08281e45cafc408887276f0396?s=96&d=mm&r=g","caption":"admin"},"url":"https:\/\/blog.solstis.ch\/index.php\/author\/admin\/"}]}},"jetpack_sharing_enabled":true,"jetpack_featured_media_url":"https:\/\/blog.solstis.ch\/wp-content\/uploads\/2015\/11\/Int\u00e9gration-architecturale-du-solaire-e1446484643877.jpg","jetpack_shortlink":"https:\/\/wp.me\/pa0tUs-5t","_links":{"self":[{"href":"https:\/\/blog.solstis.ch\/index.php\/wp-json\/wp\/v2\/posts\/339","targetHints":{"allow":["GET"]}}],"collection":[{"href":"https:\/\/blog.solstis.ch\/index.php\/wp-json\/wp\/v2\/posts"}],"about":[{"href":"https:\/\/blog.solstis.ch\/index.php\/wp-json\/wp\/v2\/types\/post"}],"author":[{"embeddable":true,"href":"https:\/\/blog.solstis.ch\/index.php\/wp-json\/wp\/v2\/users\/1"}],"replies":[{"embeddable":true,"href":"https:\/\/blog.solstis.ch\/index.php\/wp-json\/wp\/v2\/comments?post=339"}],"version-history":[{"count":4,"href":"https:\/\/blog.solstis.ch\/index.php\/wp-json\/wp\/v2\/posts\/339\/revisions"}],"predecessor-version":[{"id":352,"href":"https:\/\/blog.solstis.ch\/index.php\/wp-json\/wp\/v2\/posts\/339\/revisions\/352"}],"wp:featuredmedia":[{"embeddable":true,"href":"https:\/\/blog.solstis.ch\/index.php\/wp-json\/wp\/v2\/media\/342"}],"wp:attachment":[{"href":"https:\/\/blog.solstis.ch\/index.php\/wp-json\/wp\/v2\/media?parent=339"}],"wp:term":[{"taxonomy":"category","embeddable":true,"href":"https:\/\/blog.solstis.ch\/index.php\/wp-json\/wp\/v2\/categories?post=339"},{"taxonomy":"post_tag","embeddable":true,"href":"https:\/\/blog.solstis.ch\/index.php\/wp-json\/wp\/v2\/tags?post=339"}],"curies":[{"name":"wp","href":"https:\/\/api.w.org\/{rel}","templated":true}]}}