{"id":1642,"date":"2023-05-25T09:12:12","date_gmt":"2023-05-25T08:12:12","guid":{"rendered":"https:\/\/blog.solstis.ch\/?p=1642"},"modified":"2023-05-25T10:02:29","modified_gmt":"2023-05-25T09:02:29","slug":"dernieres-nouvelles-des-chantiers-mai-2023","status":"publish","type":"post","link":"https:\/\/blog.solstis.ch\/index.php\/fr\/2023\/05\/25\/dernieres-nouvelles-des-chantiers-mai-2023\/","title":{"rendered":"Derni\u00e8res nouvelles des chantiers [Mai 2023]"},"content":{"rendered":"\n<h3 class=\"wp-block-heading\">P\u00f4le mus\u00e9al \u00e0 Lausanne<\/h3>\n\n\n\n<p>Une belle installation Solstis avec des exigences techniques que nos \u00e9quipes ont su ma\u00eetriser !<br>Nous remercions notre partenaire&nbsp;<a href=\"https:\/\/www.si-ren.ch\/un-pole-museal-et-solaire\/\">SI-REN SA Les \u00e9nergies renouvelables de Lausanne<\/a>&nbsp;pour sa confiance ainsi que nos collaborateurs pour leur travail de pr\u00e9cision.<\/p>\n\n\n\n<p>Au total, ce sont 824 modules qui sont pos\u00e9s pour une puissance cumul\u00e9e de 273 kW.<\/p>\n\n\n\n<p><a href=\"https:\/\/www.si-ren.ch\/un-pole-museal-et-solaire\/\" target=\"_blank\" rel=\"noreferrer noopener\">Plus d&rsquo;infos<\/a><\/p>\n\n\n\n<div class=\"wp-block-columns is-layout-flex wp-container-core-columns-is-layout-1 wp-block-columns-is-layout-flex\">\n<div class=\"wp-block-column is-layout-flow wp-block-column-is-layout-flow\" style=\"flex-basis:100%\">\n<figure class=\"wp-block-image size-large\"><img decoding=\"async\" src=\"https:\/\/www.si-ren.ch\/wp\/wp-content\/uploads\/2023\/04\/DJI_0343-1024x576.jpg\" alt=\"\"\/><figcaption>Source : SI-REN SA &#8211; www.si-ren.ch<\/figcaption><\/figure>\n\n\n\n<hr class=\"wp-block-separator has-alpha-channel-opacity\"\/>\n<\/div>\n<\/div>\n\n\n\n<h3 class=\"wp-block-heading\">\u00c9coquartier des&nbsp;Plaines-du-Loup \u00e0 Lausanne<\/h3>\n\n\n\n<p>Nous sommes heureux d&rsquo;avoir contribu\u00e9 \u00e0 la construction de cet \u00e9coquartier des Plaines-du-Loup avec l&rsquo;installation de plus de 900 modules photovolta\u00efques.<br>Merci \u00e0 SI-REN pour leur confiance.<\/p>\n\n\n\n<p><a href=\"https:\/\/www.si-ren.ch\/si-ren-aux-plaines-du-loup\/\" target=\"_blank\" rel=\"noreferrer noopener\">Plus d&rsquo;infos<\/a><\/p>\n\n\n\n<figure class=\"wp-block-image size-large\"><img decoding=\"async\" src=\"https:\/\/www.si-ren.ch\/wp\/wp-content\/uploads\/2023\/04\/DJI_0270-1024x576.jpg\" alt=\"\"\/><figcaption>Source : SI-REN SA &#8211; www.si-ren.ch<\/figcaption><\/figure>\n\n\n\n<hr class=\"wp-block-separator has-alpha-channel-opacity\"\/>\n\n\n\n<h3 class=\"wp-block-heading\">Le b\u00e2timent TFL \u00e0 Crissier<\/h3>\n\n\n\n<p>Le b\u00e2timent TFL (Tuileries Fribourg &amp; Lausanne SA) \u00e0 Crissier est pass\u00e9 au solaire !<\/p>\n\n\n\n<p>\u2705 Puissance : 274.17 kWc<br>\u2705 Nombre de panneaux : 741<br>\u2705 Production annuelle : env. 300&rsquo;000 kWh\/an<br>\u00c9quivalant \u00e0 la consommation annuelle de 75 m\u00e9nages.<\/p>\n\n\n\n<p>Merci \u00e0 notre client pour sa confiance et \u00e0 nos \u00e9quipes pour leur travail !<\/p>\n\n\n\n<figure class=\"wp-block-video\"><video controls src=\"https:\/\/blog.solstis.ch\/wp-content\/uploads\/2023\/05\/1681891380127.mp4\"><\/video><\/figure>\n\n\n\n<hr class=\"wp-block-separator has-alpha-channel-opacity\"\/>\n\n\n\n<h3 class=\"wp-block-heading\">Piscine de la Venoge \u00e0 la Sarraz&nbsp;<\/h3>\n\n\n\n<p>La Piscine de la Venoge \u00e0 la Sarraz est pass\u00e9e au solaire !<br>Une belle centrale photovolta\u00efque install\u00e9e en fa\u00e7ade qui offre le meilleur compromis.<\/p>\n\n\n\n<p>\u2705 Puissance : 52.06 kWc<br>\u2705 Nombre de panneaux : 137<br>\u2705 Production annuelle : env. 45&rsquo;000 kWh\/an<br>\u00c9quivalant \u00e0 la consommation annuelle de 10 m\u00e9nages.<\/p>\n\n\n\n<p>Merci \u00e0 notre client pour sa confiance et \u00e0 nos \u00e9quipes pour leur travail !<\/p>\n\n\n\n<figure class=\"wp-block-video\"><video controls src=\"https:\/\/blog.solstis.ch\/wp-content\/uploads\/2023\/05\/1680771753020.mp4\"><\/video><\/figure>\n","protected":false},"excerpt":{"rendered":"<p>De belles r\u00e9alisations Solstis avec le P\u00f4le mus\u00e9al et l&rsquo;\u00e9coquartier..<\/p>\n","protected":false},"author":1,"featured_media":1648,"comment_status":"closed","ping_status":"closed","sticky":true,"template":"","format":"standard","meta":{"jetpack_post_was_ever_published":false,"_jetpack_newsletter_access":"","_jetpack_dont_email_post_to_subs":false,"_jetpack_newsletter_tier_id":0,"_jetpack_memberships_contains_paywalled_content":false,"_jetpack_memberships_contains_paid_content":false,"footnotes":"","jetpack_publicize_message":"","jetpack_publicize_feature_enabled":true,"jetpack_social_post_already_shared":true,"jetpack_social_options":{"image_generator_settings":{"template":"highway","enabled":false},"version":2}},"categories":[115,224],"tags":[],"class_list":["post-1642","post","type-post","status-publish","format-standard","has-post-thumbnail","hentry","category-actualite","category-solstis"],"jetpack_publicize_connections":[],"yoast_head":"<!-- This site is optimized with the Yoast SEO plugin v23.8 - https:\/\/yoast.com\/wordpress\/plugins\/seo\/ -->\n<title>Derni\u00e8res nouvelles des chantiers [Mai 2023] - Solstis<\/title>\n<meta name=\"description\" content=\"De belles r\u00e9alisations Solstis avec le P\u00f4le mus\u00e9al et l&#039;\u00e9coquartier des\u00a0Plaines-du-Loup \u00e0 Lausanne et d&#039;autres..\" \/>\n<meta name=\"robots\" content=\"index, follow, max-snippet:-1, max-image-preview:large, max-video-preview:-1\" \/>\n<link rel=\"canonical\" href=\"https:\/\/blog.solstis.ch\/index.php\/fr\/2023\/05\/25\/dernieres-nouvelles-des-chantiers-mai-2023\/\" \/>\n<meta property=\"og:locale\" content=\"fr_FR\" \/>\n<meta property=\"og:type\" content=\"article\" \/>\n<meta property=\"og:title\" content=\"Derni\u00e8res nouvelles des chantiers [Mai 2023] - Solstis\" \/>\n<meta property=\"og:description\" content=\"De belles r\u00e9alisations Solstis avec le P\u00f4le mus\u00e9al et l&#039;\u00e9coquartier des\u00a0Plaines-du-Loup \u00e0 Lausanne et d&#039;autres..\" \/>\n<meta property=\"og:url\" content=\"https:\/\/blog.solstis.ch\/index.php\/fr\/2023\/05\/25\/dernieres-nouvelles-des-chantiers-mai-2023\/\" \/>\n<meta property=\"og:site_name\" content=\"Solstis\" \/>\n<meta property=\"article:published_time\" content=\"2023-05-25T08:12:12+00:00\" \/>\n<meta property=\"article:modified_time\" content=\"2023-05-25T09:02:29+00:00\" \/>\n<meta property=\"og:image\" content=\"http:\/\/blog.solstis.ch\/wp-content\/uploads\/2023\/05\/DJI_0503_lt.jpg\" \/>\n\t<meta property=\"og:image:width\" content=\"600\" \/>\n\t<meta property=\"og:image:height\" content=\"500\" \/>\n\t<meta property=\"og:image:type\" content=\"image\/jpeg\" \/>\n<meta name=\"author\" content=\"admin\" \/>\n<meta name=\"twitter:card\" content=\"summary_large_image\" \/>\n<meta name=\"twitter:label1\" content=\"\u00c9crit par\" \/>\n\t<meta name=\"twitter:data1\" content=\"admin\" \/>\n\t<meta name=\"twitter:label2\" content=\"Dur\u00e9e de lecture estim\u00e9e\" \/>\n\t<meta name=\"twitter:data2\" content=\"2 minutes\" \/>\n<script type=\"application\/ld+json\" class=\"yoast-schema-graph\">{\"@context\":\"https:\/\/schema.org\",\"@graph\":[{\"@type\":\"WebPage\",\"@id\":\"https:\/\/blog.solstis.ch\/index.php\/fr\/2023\/05\/25\/dernieres-nouvelles-des-chantiers-mai-2023\/\",\"url\":\"https:\/\/blog.solstis.ch\/index.php\/fr\/2023\/05\/25\/dernieres-nouvelles-des-chantiers-mai-2023\/\",\"name\":\"Derni\u00e8res nouvelles des chantiers [Mai 2023] - Solstis\",\"isPartOf\":{\"@id\":\"https:\/\/blog.solstis.ch\/#website\"},\"primaryImageOfPage\":{\"@id\":\"https:\/\/blog.solstis.ch\/index.php\/fr\/2023\/05\/25\/dernieres-nouvelles-des-chantiers-mai-2023\/#primaryimage\"},\"image\":{\"@id\":\"https:\/\/blog.solstis.ch\/index.php\/fr\/2023\/05\/25\/dernieres-nouvelles-des-chantiers-mai-2023\/#primaryimage\"},\"thumbnailUrl\":\"https:\/\/blog.solstis.ch\/wp-content\/uploads\/2023\/05\/DJI_0503_lt.jpg\",\"datePublished\":\"2023-05-25T08:12:12+00:00\",\"dateModified\":\"2023-05-25T09:02:29+00:00\",\"author\":{\"@id\":\"https:\/\/blog.solstis.ch\/#\/schema\/person\/5a9f5ef0a66b3e68c712ab62eeb4a1f9\"},\"description\":\"De belles r\u00e9alisations Solstis avec le P\u00f4le mus\u00e9al et l'\u00e9coquartier des\u00a0Plaines-du-Loup \u00e0 Lausanne et d'autres..\",\"breadcrumb\":{\"@id\":\"https:\/\/blog.solstis.ch\/index.php\/fr\/2023\/05\/25\/dernieres-nouvelles-des-chantiers-mai-2023\/#breadcrumb\"},\"inLanguage\":\"fr-FR\",\"potentialAction\":[{\"@type\":\"ReadAction\",\"target\":[\"https:\/\/blog.solstis.ch\/index.php\/fr\/2023\/05\/25\/dernieres-nouvelles-des-chantiers-mai-2023\/\"]}]},{\"@type\":\"ImageObject\",\"inLanguage\":\"fr-FR\",\"@id\":\"https:\/\/blog.solstis.ch\/index.php\/fr\/2023\/05\/25\/dernieres-nouvelles-des-chantiers-mai-2023\/#primaryimage\",\"url\":\"https:\/\/blog.solstis.ch\/wp-content\/uploads\/2023\/05\/DJI_0503_lt.jpg\",\"contentUrl\":\"https:\/\/blog.solstis.ch\/wp-content\/uploads\/2023\/05\/DJI_0503_lt.jpg\",\"width\":600,\"height\":500},{\"@type\":\"BreadcrumbList\",\"@id\":\"https:\/\/blog.solstis.ch\/index.php\/fr\/2023\/05\/25\/dernieres-nouvelles-des-chantiers-mai-2023\/#breadcrumb\",\"itemListElement\":[{\"@type\":\"ListItem\",\"position\":1,\"name\":\"Accueil\",\"item\":\"https:\/\/blog.solstis.ch\/index.php\/fr\/blog\/\"},{\"@type\":\"ListItem\",\"position\":2,\"name\":\"Derni\u00e8res nouvelles des chantiers [Mai 2023]\"}]},{\"@type\":\"WebSite\",\"@id\":\"https:\/\/blog.solstis.ch\/#website\",\"url\":\"https:\/\/blog.solstis.ch\/\",\"name\":\"Solstis\",\"description\":\"Solstis, donner au monde l&#039;\u00e9nergie d&#039;\u00eatre durable.\",\"potentialAction\":[{\"@type\":\"SearchAction\",\"target\":{\"@type\":\"EntryPoint\",\"urlTemplate\":\"https:\/\/blog.solstis.ch\/?s={search_term_string}\"},\"query-input\":{\"@type\":\"PropertyValueSpecification\",\"valueRequired\":true,\"valueName\":\"search_term_string\"}}],\"inLanguage\":\"fr-FR\"},{\"@type\":\"Person\",\"@id\":\"https:\/\/blog.solstis.ch\/#\/schema\/person\/5a9f5ef0a66b3e68c712ab62eeb4a1f9\",\"name\":\"admin\",\"image\":{\"@type\":\"ImageObject\",\"inLanguage\":\"fr-FR\",\"@id\":\"https:\/\/blog.solstis.ch\/#\/schema\/person\/image\/\",\"url\":\"https:\/\/secure.gravatar.com\/avatar\/8ba8fd08281e45cafc408887276f0396?s=96&d=mm&r=g\",\"contentUrl\":\"https:\/\/secure.gravatar.com\/avatar\/8ba8fd08281e45cafc408887276f0396?s=96&d=mm&r=g\",\"caption\":\"admin\"},\"url\":\"https:\/\/blog.solstis.ch\/index.php\/author\/admin\/\"}]}<\/script>\n<!-- \/ Yoast SEO plugin. -->","yoast_head_json":{"title":"Derni\u00e8res nouvelles des chantiers [Mai 2023] - Solstis","description":"De belles r\u00e9alisations Solstis avec le P\u00f4le mus\u00e9al et l'\u00e9coquartier des\u00a0Plaines-du-Loup \u00e0 Lausanne et d'autres..","robots":{"index":"index","follow":"follow","max-snippet":"max-snippet:-1","max-image-preview":"max-image-preview:large","max-video-preview":"max-video-preview:-1"},"canonical":"https:\/\/blog.solstis.ch\/index.php\/fr\/2023\/05\/25\/dernieres-nouvelles-des-chantiers-mai-2023\/","og_locale":"fr_FR","og_type":"article","og_title":"Derni\u00e8res nouvelles des chantiers [Mai 2023] - Solstis","og_description":"De belles r\u00e9alisations Solstis avec le P\u00f4le mus\u00e9al et l'\u00e9coquartier des\u00a0Plaines-du-Loup \u00e0 Lausanne et d'autres..","og_url":"https:\/\/blog.solstis.ch\/index.php\/fr\/2023\/05\/25\/dernieres-nouvelles-des-chantiers-mai-2023\/","og_site_name":"Solstis","article_published_time":"2023-05-25T08:12:12+00:00","article_modified_time":"2023-05-25T09:02:29+00:00","og_image":[{"width":600,"height":500,"url":"http:\/\/blog.solstis.ch\/wp-content\/uploads\/2023\/05\/DJI_0503_lt.jpg","type":"image\/jpeg"}],"author":"admin","twitter_card":"summary_large_image","twitter_misc":{"\u00c9crit par":"admin","Dur\u00e9e de lecture estim\u00e9e":"2 minutes"},"schema":{"@context":"https:\/\/schema.org","@graph":[{"@type":"WebPage","@id":"https:\/\/blog.solstis.ch\/index.php\/fr\/2023\/05\/25\/dernieres-nouvelles-des-chantiers-mai-2023\/","url":"https:\/\/blog.solstis.ch\/index.php\/fr\/2023\/05\/25\/dernieres-nouvelles-des-chantiers-mai-2023\/","name":"Derni\u00e8res nouvelles des chantiers [Mai 2023] - Solstis","isPartOf":{"@id":"https:\/\/blog.solstis.ch\/#website"},"primaryImageOfPage":{"@id":"https:\/\/blog.solstis.ch\/index.php\/fr\/2023\/05\/25\/dernieres-nouvelles-des-chantiers-mai-2023\/#primaryimage"},"image":{"@id":"https:\/\/blog.solstis.ch\/index.php\/fr\/2023\/05\/25\/dernieres-nouvelles-des-chantiers-mai-2023\/#primaryimage"},"thumbnailUrl":"https:\/\/blog.solstis.ch\/wp-content\/uploads\/2023\/05\/DJI_0503_lt.jpg","datePublished":"2023-05-25T08:12:12+00:00","dateModified":"2023-05-25T09:02:29+00:00","author":{"@id":"https:\/\/blog.solstis.ch\/#\/schema\/person\/5a9f5ef0a66b3e68c712ab62eeb4a1f9"},"description":"De belles r\u00e9alisations Solstis avec le P\u00f4le mus\u00e9al et l'\u00e9coquartier des\u00a0Plaines-du-Loup \u00e0 Lausanne et d'autres..","breadcrumb":{"@id":"https:\/\/blog.solstis.ch\/index.php\/fr\/2023\/05\/25\/dernieres-nouvelles-des-chantiers-mai-2023\/#breadcrumb"},"inLanguage":"fr-FR","potentialAction":[{"@type":"ReadAction","target":["https:\/\/blog.solstis.ch\/index.php\/fr\/2023\/05\/25\/dernieres-nouvelles-des-chantiers-mai-2023\/"]}]},{"@type":"ImageObject","inLanguage":"fr-FR","@id":"https:\/\/blog.solstis.ch\/index.php\/fr\/2023\/05\/25\/dernieres-nouvelles-des-chantiers-mai-2023\/#primaryimage","url":"https:\/\/blog.solstis.ch\/wp-content\/uploads\/2023\/05\/DJI_0503_lt.jpg","contentUrl":"https:\/\/blog.solstis.ch\/wp-content\/uploads\/2023\/05\/DJI_0503_lt.jpg","width":600,"height":500},{"@type":"BreadcrumbList","@id":"https:\/\/blog.solstis.ch\/index.php\/fr\/2023\/05\/25\/dernieres-nouvelles-des-chantiers-mai-2023\/#breadcrumb","itemListElement":[{"@type":"ListItem","position":1,"name":"Accueil","item":"https:\/\/blog.solstis.ch\/index.php\/fr\/blog\/"},{"@type":"ListItem","position":2,"name":"Derni\u00e8res nouvelles des chantiers [Mai 2023]"}]},{"@type":"WebSite","@id":"https:\/\/blog.solstis.ch\/#website","url":"https:\/\/blog.solstis.ch\/","name":"Solstis","description":"Solstis, donner au monde l&#039;\u00e9nergie d&#039;\u00eatre durable.","potentialAction":[{"@type":"SearchAction","target":{"@type":"EntryPoint","urlTemplate":"https:\/\/blog.solstis.ch\/?s={search_term_string}"},"query-input":{"@type":"PropertyValueSpecification","valueRequired":true,"valueName":"search_term_string"}}],"inLanguage":"fr-FR"},{"@type":"Person","@id":"https:\/\/blog.solstis.ch\/#\/schema\/person\/5a9f5ef0a66b3e68c712ab62eeb4a1f9","name":"admin","image":{"@type":"ImageObject","inLanguage":"fr-FR","@id":"https:\/\/blog.solstis.ch\/#\/schema\/person\/image\/","url":"https:\/\/secure.gravatar.com\/avatar\/8ba8fd08281e45cafc408887276f0396?s=96&d=mm&r=g","contentUrl":"https:\/\/secure.gravatar.com\/avatar\/8ba8fd08281e45cafc408887276f0396?s=96&d=mm&r=g","caption":"admin"},"url":"https:\/\/blog.solstis.ch\/index.php\/author\/admin\/"}]}},"jetpack_sharing_enabled":true,"jetpack_featured_media_url":"https:\/\/blog.solstis.ch\/wp-content\/uploads\/2023\/05\/DJI_0503_lt.jpg","jetpack_shortlink":"https:\/\/wp.me\/pa0tUs-qu","_links":{"self":[{"href":"https:\/\/blog.solstis.ch\/index.php\/wp-json\/wp\/v2\/posts\/1642","targetHints":{"allow":["GET"]}}],"collection":[{"href":"https:\/\/blog.solstis.ch\/index.php\/wp-json\/wp\/v2\/posts"}],"about":[{"href":"https:\/\/blog.solstis.ch\/index.php\/wp-json\/wp\/v2\/types\/post"}],"author":[{"embeddable":true,"href":"https:\/\/blog.solstis.ch\/index.php\/wp-json\/wp\/v2\/users\/1"}],"replies":[{"embeddable":true,"href":"https:\/\/blog.solstis.ch\/index.php\/wp-json\/wp\/v2\/comments?post=1642"}],"version-history":[{"count":4,"href":"https:\/\/blog.solstis.ch\/index.php\/wp-json\/wp\/v2\/posts\/1642\/revisions"}],"predecessor-version":[{"id":1651,"href":"https:\/\/blog.solstis.ch\/index.php\/wp-json\/wp\/v2\/posts\/1642\/revisions\/1651"}],"wp:featuredmedia":[{"embeddable":true,"href":"https:\/\/blog.solstis.ch\/index.php\/wp-json\/wp\/v2\/media\/1648"}],"wp:attachment":[{"href":"https:\/\/blog.solstis.ch\/index.php\/wp-json\/wp\/v2\/media?parent=1642"}],"wp:term":[{"taxonomy":"category","embeddable":true,"href":"https:\/\/blog.solstis.ch\/index.php\/wp-json\/wp\/v2\/categories?post=1642"},{"taxonomy":"post_tag","embeddable":true,"href":"https:\/\/blog.solstis.ch\/index.php\/wp-json\/wp\/v2\/tags?post=1642"}],"curies":[{"name":"wp","href":"https:\/\/api.w.org\/{rel}","templated":true}]}}