{"id":1606,"date":"2022-11-24T09:25:30","date_gmt":"2022-11-24T08:25:30","guid":{"rendered":"https:\/\/blog.solstis.ch\/?p=1606"},"modified":"2022-11-24T09:25:33","modified_gmt":"2022-11-24T08:25:33","slug":"revue-de-presse-novembre-2022","status":"publish","type":"post","link":"https:\/\/blog.solstis.ch\/index.php\/fr\/2022\/11\/24\/revue-de-presse-novembre-2022\/","title":{"rendered":"Revue de presse [novembre 2022]"},"content":{"rendered":"\n<h3 class=\"wp-block-heading\"><strong>On parle de Solstis&#8230;<\/strong><\/h3>\n\n\n\n<h3 class=\"wp-block-heading\">Le pionnier du solaire est devenu leader de Suisse romande&nbsp;<\/h3>\n\n\n\n<p><strong><em>Article du journal 24 Heures du 21 novembre 2022<\/em><\/strong><\/p>\n\n\n\n<p>Lanc\u00e9e en 1996 sur un march\u00e9 encore obscur, l\u2019entreprise Solstis d\u00e9passe les 100 employ\u00e9s \u00e0 la faveur des boums du panneau solaire.<\/p>\n\n\n\n<p>On peine aujourd\u2019hui \u00e0 le croire. Mais la Suisse des ann\u00e9es 90 \u00e9tait encore \u00e0 la pointe du d\u00e9veloppement des \u00e9nergies solaires. C\u2019est dans ce contexte qu\u2019est n\u00e9 Solstis, fond\u00e9e en 1996 par deux ing\u00e9nieurs de l\u2019EPFL, Jacques Bonvin et Pascal Affolter.<\/p>\n\n\n\n<p>Croyant fermement \u00e0 cette \u00e9nergie, ils se sont lanc\u00e9s alors que le march\u00e9 du panneau solaire \u00e9tait encore quasi inexistant. Un quart de si\u00e8cle plus tard, le petit installateur lausannois est toujours bas\u00e9 dans le quartier de S\u00e9velin-S\u00e9beillon, mais il est devenu l\u2019un des leaders du segment avec des filiales dans toute la Suisse romande.<\/p>\n\n\n\n<p><a href=\"https:\/\/solstis.ch\/images\/dans_la_presse\/24heures_2022-11-21_Solstis.pdf\" target=\"_blank\" rel=\"noreferrer noopener\">Lire l&rsquo;article complet<\/a><\/p>\n\n\n\n<hr>\n\n\n\n<h3 class=\"wp-block-heading\"><strong>Autres nouvelles sur la transition \u00e9nerg\u00e9tique :<\/strong><\/h3>\n\n\n\n<h3 class=\"wp-block-heading\">\u00abL\u2019objectif solaire fix\u00e9 \u00e0 2035 peut \u00eatre d\u00e9pass\u00e9\u00bb<\/h3>\n\n\n\n<p>La Suisse devrait pouvoir passer l\u2019hiver sans subir de p\u00e9nurie de courant. Des coupures d\u2019\u00e9lectricit\u00e9 tournantes touchant certaines industries ou la population deviennent improbables.<\/p>\n\n\n\n<p><a href=\"https:\/\/www.24heures.ch\/lobjectif-solaire-fixe-a-2035-peut-etre-depasse-154655284090\" target=\"_blank\" rel=\"noreferrer noopener\">Lire l&rsquo;article<\/a><\/p>\n\n\n\n<hr>\n\n\n\n<h3 class=\"wp-block-heading\">\u00abLa demande de panneaux solaires pourrait doubler en un an\u00bb<\/h3>\n\n\n\n<p>Des chiffres romands confirment l\u2019explosion des projets de nouvelles installations photovolta\u00efques dans tout le pays.<\/p>\n\n\n\n<p>&nbsp;La ru\u00e9e sur le photovolta\u00efque s\u2019acc\u00e9l\u00e8re en Suisse. La guerre en Ukraine et la flamb\u00e9e annonc\u00e9e des tarifs de l\u2019\u00e9lectricit\u00e9 ne font qu\u2019amplifier un ph\u00e9nom\u00e8ne d\u00e9j\u00e0 clairement perceptible avant la crise \u00e9nerg\u00e9tique actuelle.<\/p>\n\n\n\n<p><a href=\"https:\/\/www.24heures.ch\/la-demande-de-panneaux-solaires-pourrait-doubler-en-un-an-903881416552\" target=\"_blank\" rel=\"noreferrer noopener\">Lire l&rsquo;article<\/a><\/p>\n","protected":false},"excerpt":{"rendered":"<p>On parle de Solstis dans la presse : \u00abLe pionnier du solaire est devenu leader de Suisse romande\u00bb.<\/p>\n","protected":false},"author":1,"featured_media":1607,"comment_status":"closed","ping_status":"closed","sticky":true,"template":"","format":"standard","meta":{"jetpack_post_was_ever_published":false,"_jetpack_newsletter_access":"","_jetpack_dont_email_post_to_subs":false,"_jetpack_newsletter_tier_id":0,"_jetpack_memberships_contains_paywalled_content":false,"_jetpack_memberships_contains_paid_content":false,"footnotes":"","jetpack_publicize_message":"","jetpack_publicize_feature_enabled":true,"jetpack_social_post_already_shared":true,"jetpack_social_options":{"image_generator_settings":{"template":"highway","enabled":false},"version":2}},"categories":[115,224],"tags":[],"class_list":["post-1606","post","type-post","status-publish","format-standard","has-post-thumbnail","hentry","category-actualite","category-solstis"],"jetpack_publicize_connections":[],"yoast_head":"<!-- This site is optimized with the Yoast SEO plugin v23.8 - https:\/\/yoast.com\/wordpress\/plugins\/seo\/ -->\n<title>Revue de presse [novembre 2022] - Solstis<\/title>\n<meta name=\"description\" content=\"On parle de Solstis dans la presse : \u00abLe pionnier du solaire est devenu leader de Suisse romande\u00bb.\" \/>\n<meta name=\"robots\" content=\"index, follow, max-snippet:-1, max-image-preview:large, max-video-preview:-1\" \/>\n<link rel=\"canonical\" href=\"https:\/\/blog.solstis.ch\/index.php\/fr\/2022\/11\/24\/revue-de-presse-novembre-2022\/\" \/>\n<meta property=\"og:locale\" content=\"fr_FR\" \/>\n<meta property=\"og:type\" content=\"article\" \/>\n<meta property=\"og:title\" content=\"Revue de presse [novembre 2022] - Solstis\" \/>\n<meta property=\"og:description\" content=\"On parle de Solstis dans la presse : \u00abLe pionnier du solaire est devenu leader de Suisse romande\u00bb.\" \/>\n<meta property=\"og:url\" content=\"https:\/\/blog.solstis.ch\/index.php\/fr\/2022\/11\/24\/revue-de-presse-novembre-2022\/\" \/>\n<meta property=\"og:site_name\" content=\"Solstis\" \/>\n<meta property=\"article:published_time\" content=\"2022-11-24T08:25:30+00:00\" \/>\n<meta property=\"article:modified_time\" content=\"2022-11-24T08:25:33+00:00\" \/>\n<meta property=\"og:image\" content=\"http:\/\/blog.solstis.ch\/wp-content\/uploads\/2022\/11\/24heures_Solstis-e1669277413744.jpg\" \/>\n\t<meta property=\"og:image:width\" content=\"921\" \/>\n\t<meta property=\"og:image:height\" content=\"576\" \/>\n\t<meta property=\"og:image:type\" content=\"image\/jpeg\" \/>\n<meta name=\"author\" content=\"admin\" \/>\n<meta name=\"twitter:card\" content=\"summary_large_image\" \/>\n<meta name=\"twitter:label1\" content=\"\u00c9crit par\" \/>\n\t<meta name=\"twitter:data1\" content=\"admin\" \/>\n\t<meta name=\"twitter:label2\" content=\"Dur\u00e9e de lecture estim\u00e9e\" \/>\n\t<meta name=\"twitter:data2\" content=\"2 minutes\" \/>\n<script type=\"application\/ld+json\" class=\"yoast-schema-graph\">{\"@context\":\"https:\/\/schema.org\",\"@graph\":[{\"@type\":\"WebPage\",\"@id\":\"https:\/\/blog.solstis.ch\/index.php\/fr\/2022\/11\/24\/revue-de-presse-novembre-2022\/\",\"url\":\"https:\/\/blog.solstis.ch\/index.php\/fr\/2022\/11\/24\/revue-de-presse-novembre-2022\/\",\"name\":\"Revue de presse [novembre 2022] - Solstis\",\"isPartOf\":{\"@id\":\"https:\/\/blog.solstis.ch\/#website\"},\"primaryImageOfPage\":{\"@id\":\"https:\/\/blog.solstis.ch\/index.php\/fr\/2022\/11\/24\/revue-de-presse-novembre-2022\/#primaryimage\"},\"image\":{\"@id\":\"https:\/\/blog.solstis.ch\/index.php\/fr\/2022\/11\/24\/revue-de-presse-novembre-2022\/#primaryimage\"},\"thumbnailUrl\":\"https:\/\/blog.solstis.ch\/wp-content\/uploads\/2022\/11\/24heures_Solstis-e1669277413744.jpg\",\"datePublished\":\"2022-11-24T08:25:30+00:00\",\"dateModified\":\"2022-11-24T08:25:33+00:00\",\"author\":{\"@id\":\"https:\/\/blog.solstis.ch\/#\/schema\/person\/5a9f5ef0a66b3e68c712ab62eeb4a1f9\"},\"description\":\"On parle de Solstis dans la presse : \u00abLe pionnier du solaire est devenu leader de Suisse romande\u00bb.\",\"breadcrumb\":{\"@id\":\"https:\/\/blog.solstis.ch\/index.php\/fr\/2022\/11\/24\/revue-de-presse-novembre-2022\/#breadcrumb\"},\"inLanguage\":\"fr-FR\",\"potentialAction\":[{\"@type\":\"ReadAction\",\"target\":[\"https:\/\/blog.solstis.ch\/index.php\/fr\/2022\/11\/24\/revue-de-presse-novembre-2022\/\"]}]},{\"@type\":\"ImageObject\",\"inLanguage\":\"fr-FR\",\"@id\":\"https:\/\/blog.solstis.ch\/index.php\/fr\/2022\/11\/24\/revue-de-presse-novembre-2022\/#primaryimage\",\"url\":\"https:\/\/blog.solstis.ch\/wp-content\/uploads\/2022\/11\/24heures_Solstis-e1669277413744.jpg\",\"contentUrl\":\"https:\/\/blog.solstis.ch\/wp-content\/uploads\/2022\/11\/24heures_Solstis-e1669277413744.jpg\",\"width\":921,\"height\":576},{\"@type\":\"BreadcrumbList\",\"@id\":\"https:\/\/blog.solstis.ch\/index.php\/fr\/2022\/11\/24\/revue-de-presse-novembre-2022\/#breadcrumb\",\"itemListElement\":[{\"@type\":\"ListItem\",\"position\":1,\"name\":\"Accueil\",\"item\":\"https:\/\/blog.solstis.ch\/index.php\/fr\/blog\/\"},{\"@type\":\"ListItem\",\"position\":2,\"name\":\"Revue de presse [novembre 2022]\"}]},{\"@type\":\"WebSite\",\"@id\":\"https:\/\/blog.solstis.ch\/#website\",\"url\":\"https:\/\/blog.solstis.ch\/\",\"name\":\"Solstis\",\"description\":\"Solstis, donner au monde l&#039;\u00e9nergie d&#039;\u00eatre durable.\",\"potentialAction\":[{\"@type\":\"SearchAction\",\"target\":{\"@type\":\"EntryPoint\",\"urlTemplate\":\"https:\/\/blog.solstis.ch\/?s={search_term_string}\"},\"query-input\":{\"@type\":\"PropertyValueSpecification\",\"valueRequired\":true,\"valueName\":\"search_term_string\"}}],\"inLanguage\":\"fr-FR\"},{\"@type\":\"Person\",\"@id\":\"https:\/\/blog.solstis.ch\/#\/schema\/person\/5a9f5ef0a66b3e68c712ab62eeb4a1f9\",\"name\":\"admin\",\"image\":{\"@type\":\"ImageObject\",\"inLanguage\":\"fr-FR\",\"@id\":\"https:\/\/blog.solstis.ch\/#\/schema\/person\/image\/\",\"url\":\"https:\/\/secure.gravatar.com\/avatar\/8ba8fd08281e45cafc408887276f0396?s=96&d=mm&r=g\",\"contentUrl\":\"https:\/\/secure.gravatar.com\/avatar\/8ba8fd08281e45cafc408887276f0396?s=96&d=mm&r=g\",\"caption\":\"admin\"},\"url\":\"https:\/\/blog.solstis.ch\/index.php\/author\/admin\/\"}]}<\/script>\n<!-- \/ Yoast SEO plugin. -->","yoast_head_json":{"title":"Revue de presse [novembre 2022] - Solstis","description":"On parle de Solstis dans la presse : \u00abLe pionnier du solaire est devenu leader de Suisse romande\u00bb.","robots":{"index":"index","follow":"follow","max-snippet":"max-snippet:-1","max-image-preview":"max-image-preview:large","max-video-preview":"max-video-preview:-1"},"canonical":"https:\/\/blog.solstis.ch\/index.php\/fr\/2022\/11\/24\/revue-de-presse-novembre-2022\/","og_locale":"fr_FR","og_type":"article","og_title":"Revue de presse [novembre 2022] - Solstis","og_description":"On parle de Solstis dans la presse : \u00abLe pionnier du solaire est devenu leader de Suisse romande\u00bb.","og_url":"https:\/\/blog.solstis.ch\/index.php\/fr\/2022\/11\/24\/revue-de-presse-novembre-2022\/","og_site_name":"Solstis","article_published_time":"2022-11-24T08:25:30+00:00","article_modified_time":"2022-11-24T08:25:33+00:00","og_image":[{"width":921,"height":576,"url":"http:\/\/blog.solstis.ch\/wp-content\/uploads\/2022\/11\/24heures_Solstis-e1669277413744.jpg","type":"image\/jpeg"}],"author":"admin","twitter_card":"summary_large_image","twitter_misc":{"\u00c9crit par":"admin","Dur\u00e9e de lecture estim\u00e9e":"2 minutes"},"schema":{"@context":"https:\/\/schema.org","@graph":[{"@type":"WebPage","@id":"https:\/\/blog.solstis.ch\/index.php\/fr\/2022\/11\/24\/revue-de-presse-novembre-2022\/","url":"https:\/\/blog.solstis.ch\/index.php\/fr\/2022\/11\/24\/revue-de-presse-novembre-2022\/","name":"Revue de presse [novembre 2022] - Solstis","isPartOf":{"@id":"https:\/\/blog.solstis.ch\/#website"},"primaryImageOfPage":{"@id":"https:\/\/blog.solstis.ch\/index.php\/fr\/2022\/11\/24\/revue-de-presse-novembre-2022\/#primaryimage"},"image":{"@id":"https:\/\/blog.solstis.ch\/index.php\/fr\/2022\/11\/24\/revue-de-presse-novembre-2022\/#primaryimage"},"thumbnailUrl":"https:\/\/blog.solstis.ch\/wp-content\/uploads\/2022\/11\/24heures_Solstis-e1669277413744.jpg","datePublished":"2022-11-24T08:25:30+00:00","dateModified":"2022-11-24T08:25:33+00:00","author":{"@id":"https:\/\/blog.solstis.ch\/#\/schema\/person\/5a9f5ef0a66b3e68c712ab62eeb4a1f9"},"description":"On parle de Solstis dans la presse : \u00abLe pionnier du solaire est devenu leader de Suisse romande\u00bb.","breadcrumb":{"@id":"https:\/\/blog.solstis.ch\/index.php\/fr\/2022\/11\/24\/revue-de-presse-novembre-2022\/#breadcrumb"},"inLanguage":"fr-FR","potentialAction":[{"@type":"ReadAction","target":["https:\/\/blog.solstis.ch\/index.php\/fr\/2022\/11\/24\/revue-de-presse-novembre-2022\/"]}]},{"@type":"ImageObject","inLanguage":"fr-FR","@id":"https:\/\/blog.solstis.ch\/index.php\/fr\/2022\/11\/24\/revue-de-presse-novembre-2022\/#primaryimage","url":"https:\/\/blog.solstis.ch\/wp-content\/uploads\/2022\/11\/24heures_Solstis-e1669277413744.jpg","contentUrl":"https:\/\/blog.solstis.ch\/wp-content\/uploads\/2022\/11\/24heures_Solstis-e1669277413744.jpg","width":921,"height":576},{"@type":"BreadcrumbList","@id":"https:\/\/blog.solstis.ch\/index.php\/fr\/2022\/11\/24\/revue-de-presse-novembre-2022\/#breadcrumb","itemListElement":[{"@type":"ListItem","position":1,"name":"Accueil","item":"https:\/\/blog.solstis.ch\/index.php\/fr\/blog\/"},{"@type":"ListItem","position":2,"name":"Revue de presse [novembre 2022]"}]},{"@type":"WebSite","@id":"https:\/\/blog.solstis.ch\/#website","url":"https:\/\/blog.solstis.ch\/","name":"Solstis","description":"Solstis, donner au monde l&#039;\u00e9nergie d&#039;\u00eatre durable.","potentialAction":[{"@type":"SearchAction","target":{"@type":"EntryPoint","urlTemplate":"https:\/\/blog.solstis.ch\/?s={search_term_string}"},"query-input":{"@type":"PropertyValueSpecification","valueRequired":true,"valueName":"search_term_string"}}],"inLanguage":"fr-FR"},{"@type":"Person","@id":"https:\/\/blog.solstis.ch\/#\/schema\/person\/5a9f5ef0a66b3e68c712ab62eeb4a1f9","name":"admin","image":{"@type":"ImageObject","inLanguage":"fr-FR","@id":"https:\/\/blog.solstis.ch\/#\/schema\/person\/image\/","url":"https:\/\/secure.gravatar.com\/avatar\/8ba8fd08281e45cafc408887276f0396?s=96&d=mm&r=g","contentUrl":"https:\/\/secure.gravatar.com\/avatar\/8ba8fd08281e45cafc408887276f0396?s=96&d=mm&r=g","caption":"admin"},"url":"https:\/\/blog.solstis.ch\/index.php\/author\/admin\/"}]}},"jetpack_sharing_enabled":true,"jetpack_featured_media_url":"https:\/\/blog.solstis.ch\/wp-content\/uploads\/2022\/11\/24heures_Solstis-e1669277413744.jpg","jetpack_shortlink":"https:\/\/wp.me\/pa0tUs-pU","_links":{"self":[{"href":"https:\/\/blog.solstis.ch\/index.php\/wp-json\/wp\/v2\/posts\/1606","targetHints":{"allow":["GET"]}}],"collection":[{"href":"https:\/\/blog.solstis.ch\/index.php\/wp-json\/wp\/v2\/posts"}],"about":[{"href":"https:\/\/blog.solstis.ch\/index.php\/wp-json\/wp\/v2\/types\/post"}],"author":[{"embeddable":true,"href":"https:\/\/blog.solstis.ch\/index.php\/wp-json\/wp\/v2\/users\/1"}],"replies":[{"embeddable":true,"href":"https:\/\/blog.solstis.ch\/index.php\/wp-json\/wp\/v2\/comments?post=1606"}],"version-history":[{"count":9,"href":"https:\/\/blog.solstis.ch\/index.php\/wp-json\/wp\/v2\/posts\/1606\/revisions"}],"predecessor-version":[{"id":1616,"href":"https:\/\/blog.solstis.ch\/index.php\/wp-json\/wp\/v2\/posts\/1606\/revisions\/1616"}],"wp:featuredmedia":[{"embeddable":true,"href":"https:\/\/blog.solstis.ch\/index.php\/wp-json\/wp\/v2\/media\/1607"}],"wp:attachment":[{"href":"https:\/\/blog.solstis.ch\/index.php\/wp-json\/wp\/v2\/media?parent=1606"}],"wp:term":[{"taxonomy":"category","embeddable":true,"href":"https:\/\/blog.solstis.ch\/index.php\/wp-json\/wp\/v2\/categories?post=1606"},{"taxonomy":"post_tag","embeddable":true,"href":"https:\/\/blog.solstis.ch\/index.php\/wp-json\/wp\/v2\/tags?post=1606"}],"curies":[{"name":"wp","href":"https:\/\/api.w.org\/{rel}","templated":true}]}}