{"id":1578,"date":"2022-09-22T08:19:00","date_gmt":"2022-09-22T07:19:00","guid":{"rendered":"https:\/\/blog.solstis.ch\/?p=1578"},"modified":"2022-09-22T08:22:03","modified_gmt":"2022-09-22T07:22:03","slug":"dernieres-nouvelles-des-chantiers-septembre-2022","status":"publish","type":"post","link":"https:\/\/blog.solstis.ch\/index.php\/fr\/2022\/09\/22\/dernieres-nouvelles-des-chantiers-septembre-2022\/","title":{"rendered":"Derni\u00e8res nouvelles des chantiers [septembre 2022]"},"content":{"rendered":"\n<h3 class=\"wp-block-heading\">Commune de Bellevue &#8211; Gen\u00e8ve<\/h3>\n\n\n\n<p>Les deux nouveaux immeubles de logements \u00ab<a href=\"https:\/\/www.hautsduchateau.ch\/\" target=\"_blank\" rel=\"noreferrer noopener\">Les Hauts du Ch\u00e2teau<\/a>\u00bb r\u00e9alis\u00e9s avec notre client&nbsp;Construction Perret &#8211; Entreprise Totale&nbsp;se voient dot\u00e9s d&rsquo;une centrale solaire de 760 modules pos\u00e9s sur des toitures tr\u00e8s encombr\u00e9es. Le dimensionnement a donc \u00e9t\u00e9 compliqu\u00e9 mais le r\u00e9sultat en vaut la peine avec une puissance globale de pr\u00e8s de 290 kWc.<br>Merci \u00e0 notre client pour sa confiance et \u00e0 nos \u00e9quipes pour leur travail.<\/p>\n\n\n\n<p><\/p>\n\n\n\n<p><\/p>\n","protected":false},"excerpt":{"rendered":"<p>Une nouvelles centrale solaire de 760 modules pos\u00e9s sur les nouveaux immeubles  \u00abLes Hauts du Ch\u00e2teau\u00bb \u00e0 Bellevue, Gen\u00e8ve.<\/p>\n","protected":false},"author":1,"featured_media":1579,"comment_status":"closed","ping_status":"closed","sticky":true,"template":"","format":"standard","meta":{"jetpack_post_was_ever_published":false,"_jetpack_newsletter_access":"","_jetpack_dont_email_post_to_subs":false,"_jetpack_newsletter_tier_id":0,"_jetpack_memberships_contains_paywalled_content":false,"_jetpack_memberships_contains_paid_content":false,"footnotes":"","jetpack_publicize_message":"","jetpack_publicize_feature_enabled":true,"jetpack_social_post_already_shared":true,"jetpack_social_options":{"image_generator_settings":{"template":"highway","enabled":false},"version":2}},"categories":[115,224],"tags":[],"class_list":["post-1578","post","type-post","status-publish","format-standard","has-post-thumbnail","hentry","category-actualite","category-solstis"],"jetpack_publicize_connections":[],"yoast_head":"<!-- This site is optimized with the Yoast SEO plugin v23.8 - https:\/\/yoast.com\/wordpress\/plugins\/seo\/ -->\n<title>Derni\u00e8res nouvelles des chantiers [septembre 2022] - Solstis<\/title>\n<meta name=\"description\" content=\"Une nouvelles centrale solaire de 760 modules pos\u00e9s sur les nouveaux immeubles \u00abLes Hauts du Ch\u00e2teau\u00bb \u00e0 Bellevue, Gen\u00e8ve.\" \/>\n<meta name=\"robots\" content=\"index, follow, max-snippet:-1, max-image-preview:large, max-video-preview:-1\" \/>\n<link rel=\"canonical\" href=\"https:\/\/blog.solstis.ch\/index.php\/fr\/2022\/09\/22\/dernieres-nouvelles-des-chantiers-septembre-2022\/\" \/>\n<meta property=\"og:locale\" content=\"fr_FR\" \/>\n<meta property=\"og:type\" content=\"article\" \/>\n<meta property=\"og:title\" content=\"Derni\u00e8res nouvelles des chantiers [septembre 2022] - Solstis\" \/>\n<meta property=\"og:description\" content=\"Une nouvelles centrale solaire de 760 modules pos\u00e9s sur les nouveaux immeubles \u00abLes Hauts du Ch\u00e2teau\u00bb \u00e0 Bellevue, Gen\u00e8ve.\" \/>\n<meta property=\"og:url\" content=\"https:\/\/blog.solstis.ch\/index.php\/fr\/2022\/09\/22\/dernieres-nouvelles-des-chantiers-septembre-2022\/\" \/>\n<meta property=\"og:site_name\" content=\"Solstis\" \/>\n<meta property=\"article:published_time\" content=\"2022-09-22T07:19:00+00:00\" \/>\n<meta property=\"article:modified_time\" content=\"2022-09-22T07:22:03+00:00\" \/>\n<meta property=\"og:image\" content=\"http:\/\/blog.solstis.ch\/wp-content\/uploads\/2022\/09\/Solstis_Bellevue.jpg\" \/>\n\t<meta property=\"og:image:width\" content=\"2048\" \/>\n\t<meta property=\"og:image:height\" content=\"1152\" \/>\n\t<meta property=\"og:image:type\" content=\"image\/jpeg\" \/>\n<meta name=\"author\" content=\"admin\" \/>\n<meta name=\"twitter:card\" content=\"summary_large_image\" \/>\n<meta name=\"twitter:label1\" content=\"\u00c9crit par\" \/>\n\t<meta name=\"twitter:data1\" content=\"admin\" \/>\n\t<meta name=\"twitter:label2\" content=\"Dur\u00e9e de lecture estim\u00e9e\" \/>\n\t<meta name=\"twitter:data2\" content=\"1 minute\" \/>\n<script type=\"application\/ld+json\" class=\"yoast-schema-graph\">{\"@context\":\"https:\/\/schema.org\",\"@graph\":[{\"@type\":\"WebPage\",\"@id\":\"https:\/\/blog.solstis.ch\/index.php\/fr\/2022\/09\/22\/dernieres-nouvelles-des-chantiers-septembre-2022\/\",\"url\":\"https:\/\/blog.solstis.ch\/index.php\/fr\/2022\/09\/22\/dernieres-nouvelles-des-chantiers-septembre-2022\/\",\"name\":\"Derni\u00e8res nouvelles des chantiers [septembre 2022] - Solstis\",\"isPartOf\":{\"@id\":\"https:\/\/blog.solstis.ch\/#website\"},\"primaryImageOfPage\":{\"@id\":\"https:\/\/blog.solstis.ch\/index.php\/fr\/2022\/09\/22\/dernieres-nouvelles-des-chantiers-septembre-2022\/#primaryimage\"},\"image\":{\"@id\":\"https:\/\/blog.solstis.ch\/index.php\/fr\/2022\/09\/22\/dernieres-nouvelles-des-chantiers-septembre-2022\/#primaryimage\"},\"thumbnailUrl\":\"https:\/\/blog.solstis.ch\/wp-content\/uploads\/2022\/09\/Solstis_Bellevue.jpg\",\"datePublished\":\"2022-09-22T07:19:00+00:00\",\"dateModified\":\"2022-09-22T07:22:03+00:00\",\"author\":{\"@id\":\"https:\/\/blog.solstis.ch\/#\/schema\/person\/5a9f5ef0a66b3e68c712ab62eeb4a1f9\"},\"description\":\"Une nouvelles centrale solaire de 760 modules pos\u00e9s sur les nouveaux immeubles \u00abLes Hauts du Ch\u00e2teau\u00bb \u00e0 Bellevue, Gen\u00e8ve.\",\"breadcrumb\":{\"@id\":\"https:\/\/blog.solstis.ch\/index.php\/fr\/2022\/09\/22\/dernieres-nouvelles-des-chantiers-septembre-2022\/#breadcrumb\"},\"inLanguage\":\"fr-FR\",\"potentialAction\":[{\"@type\":\"ReadAction\",\"target\":[\"https:\/\/blog.solstis.ch\/index.php\/fr\/2022\/09\/22\/dernieres-nouvelles-des-chantiers-septembre-2022\/\"]}]},{\"@type\":\"ImageObject\",\"inLanguage\":\"fr-FR\",\"@id\":\"https:\/\/blog.solstis.ch\/index.php\/fr\/2022\/09\/22\/dernieres-nouvelles-des-chantiers-septembre-2022\/#primaryimage\",\"url\":\"https:\/\/blog.solstis.ch\/wp-content\/uploads\/2022\/09\/Solstis_Bellevue.jpg\",\"contentUrl\":\"https:\/\/blog.solstis.ch\/wp-content\/uploads\/2022\/09\/Solstis_Bellevue.jpg\",\"width\":2048,\"height\":1152},{\"@type\":\"BreadcrumbList\",\"@id\":\"https:\/\/blog.solstis.ch\/index.php\/fr\/2022\/09\/22\/dernieres-nouvelles-des-chantiers-septembre-2022\/#breadcrumb\",\"itemListElement\":[{\"@type\":\"ListItem\",\"position\":1,\"name\":\"Accueil\",\"item\":\"https:\/\/blog.solstis.ch\/index.php\/fr\/blog\/\"},{\"@type\":\"ListItem\",\"position\":2,\"name\":\"Derni\u00e8res nouvelles des chantiers [septembre 2022]\"}]},{\"@type\":\"WebSite\",\"@id\":\"https:\/\/blog.solstis.ch\/#website\",\"url\":\"https:\/\/blog.solstis.ch\/\",\"name\":\"Solstis\",\"description\":\"Solstis, donner au monde l&#039;\u00e9nergie d&#039;\u00eatre durable.\",\"potentialAction\":[{\"@type\":\"SearchAction\",\"target\":{\"@type\":\"EntryPoint\",\"urlTemplate\":\"https:\/\/blog.solstis.ch\/?s={search_term_string}\"},\"query-input\":{\"@type\":\"PropertyValueSpecification\",\"valueRequired\":true,\"valueName\":\"search_term_string\"}}],\"inLanguage\":\"fr-FR\"},{\"@type\":\"Person\",\"@id\":\"https:\/\/blog.solstis.ch\/#\/schema\/person\/5a9f5ef0a66b3e68c712ab62eeb4a1f9\",\"name\":\"admin\",\"image\":{\"@type\":\"ImageObject\",\"inLanguage\":\"fr-FR\",\"@id\":\"https:\/\/blog.solstis.ch\/#\/schema\/person\/image\/\",\"url\":\"https:\/\/secure.gravatar.com\/avatar\/8ba8fd08281e45cafc408887276f0396?s=96&d=mm&r=g\",\"contentUrl\":\"https:\/\/secure.gravatar.com\/avatar\/8ba8fd08281e45cafc408887276f0396?s=96&d=mm&r=g\",\"caption\":\"admin\"},\"url\":\"https:\/\/blog.solstis.ch\/index.php\/author\/admin\/\"}]}<\/script>\n<!-- \/ Yoast SEO plugin. -->","yoast_head_json":{"title":"Derni\u00e8res nouvelles des chantiers [septembre 2022] - Solstis","description":"Une nouvelles centrale solaire de 760 modules pos\u00e9s sur les nouveaux immeubles \u00abLes Hauts du Ch\u00e2teau\u00bb \u00e0 Bellevue, Gen\u00e8ve.","robots":{"index":"index","follow":"follow","max-snippet":"max-snippet:-1","max-image-preview":"max-image-preview:large","max-video-preview":"max-video-preview:-1"},"canonical":"https:\/\/blog.solstis.ch\/index.php\/fr\/2022\/09\/22\/dernieres-nouvelles-des-chantiers-septembre-2022\/","og_locale":"fr_FR","og_type":"article","og_title":"Derni\u00e8res nouvelles des chantiers [septembre 2022] - Solstis","og_description":"Une nouvelles centrale solaire de 760 modules pos\u00e9s sur les nouveaux immeubles \u00abLes Hauts du Ch\u00e2teau\u00bb \u00e0 Bellevue, Gen\u00e8ve.","og_url":"https:\/\/blog.solstis.ch\/index.php\/fr\/2022\/09\/22\/dernieres-nouvelles-des-chantiers-septembre-2022\/","og_site_name":"Solstis","article_published_time":"2022-09-22T07:19:00+00:00","article_modified_time":"2022-09-22T07:22:03+00:00","og_image":[{"width":2048,"height":1152,"url":"http:\/\/blog.solstis.ch\/wp-content\/uploads\/2022\/09\/Solstis_Bellevue.jpg","type":"image\/jpeg"}],"author":"admin","twitter_card":"summary_large_image","twitter_misc":{"\u00c9crit par":"admin","Dur\u00e9e de lecture estim\u00e9e":"1 minute"},"schema":{"@context":"https:\/\/schema.org","@graph":[{"@type":"WebPage","@id":"https:\/\/blog.solstis.ch\/index.php\/fr\/2022\/09\/22\/dernieres-nouvelles-des-chantiers-septembre-2022\/","url":"https:\/\/blog.solstis.ch\/index.php\/fr\/2022\/09\/22\/dernieres-nouvelles-des-chantiers-septembre-2022\/","name":"Derni\u00e8res nouvelles des chantiers [septembre 2022] - Solstis","isPartOf":{"@id":"https:\/\/blog.solstis.ch\/#website"},"primaryImageOfPage":{"@id":"https:\/\/blog.solstis.ch\/index.php\/fr\/2022\/09\/22\/dernieres-nouvelles-des-chantiers-septembre-2022\/#primaryimage"},"image":{"@id":"https:\/\/blog.solstis.ch\/index.php\/fr\/2022\/09\/22\/dernieres-nouvelles-des-chantiers-septembre-2022\/#primaryimage"},"thumbnailUrl":"https:\/\/blog.solstis.ch\/wp-content\/uploads\/2022\/09\/Solstis_Bellevue.jpg","datePublished":"2022-09-22T07:19:00+00:00","dateModified":"2022-09-22T07:22:03+00:00","author":{"@id":"https:\/\/blog.solstis.ch\/#\/schema\/person\/5a9f5ef0a66b3e68c712ab62eeb4a1f9"},"description":"Une nouvelles centrale solaire de 760 modules pos\u00e9s sur les nouveaux immeubles \u00abLes Hauts du Ch\u00e2teau\u00bb \u00e0 Bellevue, Gen\u00e8ve.","breadcrumb":{"@id":"https:\/\/blog.solstis.ch\/index.php\/fr\/2022\/09\/22\/dernieres-nouvelles-des-chantiers-septembre-2022\/#breadcrumb"},"inLanguage":"fr-FR","potentialAction":[{"@type":"ReadAction","target":["https:\/\/blog.solstis.ch\/index.php\/fr\/2022\/09\/22\/dernieres-nouvelles-des-chantiers-septembre-2022\/"]}]},{"@type":"ImageObject","inLanguage":"fr-FR","@id":"https:\/\/blog.solstis.ch\/index.php\/fr\/2022\/09\/22\/dernieres-nouvelles-des-chantiers-septembre-2022\/#primaryimage","url":"https:\/\/blog.solstis.ch\/wp-content\/uploads\/2022\/09\/Solstis_Bellevue.jpg","contentUrl":"https:\/\/blog.solstis.ch\/wp-content\/uploads\/2022\/09\/Solstis_Bellevue.jpg","width":2048,"height":1152},{"@type":"BreadcrumbList","@id":"https:\/\/blog.solstis.ch\/index.php\/fr\/2022\/09\/22\/dernieres-nouvelles-des-chantiers-septembre-2022\/#breadcrumb","itemListElement":[{"@type":"ListItem","position":1,"name":"Accueil","item":"https:\/\/blog.solstis.ch\/index.php\/fr\/blog\/"},{"@type":"ListItem","position":2,"name":"Derni\u00e8res nouvelles des chantiers [septembre 2022]"}]},{"@type":"WebSite","@id":"https:\/\/blog.solstis.ch\/#website","url":"https:\/\/blog.solstis.ch\/","name":"Solstis","description":"Solstis, donner au monde l&#039;\u00e9nergie d&#039;\u00eatre durable.","potentialAction":[{"@type":"SearchAction","target":{"@type":"EntryPoint","urlTemplate":"https:\/\/blog.solstis.ch\/?s={search_term_string}"},"query-input":{"@type":"PropertyValueSpecification","valueRequired":true,"valueName":"search_term_string"}}],"inLanguage":"fr-FR"},{"@type":"Person","@id":"https:\/\/blog.solstis.ch\/#\/schema\/person\/5a9f5ef0a66b3e68c712ab62eeb4a1f9","name":"admin","image":{"@type":"ImageObject","inLanguage":"fr-FR","@id":"https:\/\/blog.solstis.ch\/#\/schema\/person\/image\/","url":"https:\/\/secure.gravatar.com\/avatar\/8ba8fd08281e45cafc408887276f0396?s=96&d=mm&r=g","contentUrl":"https:\/\/secure.gravatar.com\/avatar\/8ba8fd08281e45cafc408887276f0396?s=96&d=mm&r=g","caption":"admin"},"url":"https:\/\/blog.solstis.ch\/index.php\/author\/admin\/"}]}},"jetpack_sharing_enabled":true,"jetpack_featured_media_url":"https:\/\/blog.solstis.ch\/wp-content\/uploads\/2022\/09\/Solstis_Bellevue.jpg","jetpack_shortlink":"https:\/\/wp.me\/pa0tUs-ps","_links":{"self":[{"href":"https:\/\/blog.solstis.ch\/index.php\/wp-json\/wp\/v2\/posts\/1578","targetHints":{"allow":["GET"]}}],"collection":[{"href":"https:\/\/blog.solstis.ch\/index.php\/wp-json\/wp\/v2\/posts"}],"about":[{"href":"https:\/\/blog.solstis.ch\/index.php\/wp-json\/wp\/v2\/types\/post"}],"author":[{"embeddable":true,"href":"https:\/\/blog.solstis.ch\/index.php\/wp-json\/wp\/v2\/users\/1"}],"replies":[{"embeddable":true,"href":"https:\/\/blog.solstis.ch\/index.php\/wp-json\/wp\/v2\/comments?post=1578"}],"version-history":[{"count":2,"href":"https:\/\/blog.solstis.ch\/index.php\/wp-json\/wp\/v2\/posts\/1578\/revisions"}],"predecessor-version":[{"id":1581,"href":"https:\/\/blog.solstis.ch\/index.php\/wp-json\/wp\/v2\/posts\/1578\/revisions\/1581"}],"wp:featuredmedia":[{"embeddable":true,"href":"https:\/\/blog.solstis.ch\/index.php\/wp-json\/wp\/v2\/media\/1579"}],"wp:attachment":[{"href":"https:\/\/blog.solstis.ch\/index.php\/wp-json\/wp\/v2\/media?parent=1578"}],"wp:term":[{"taxonomy":"category","embeddable":true,"href":"https:\/\/blog.solstis.ch\/index.php\/wp-json\/wp\/v2\/categories?post=1578"},{"taxonomy":"post_tag","embeddable":true,"href":"https:\/\/blog.solstis.ch\/index.php\/wp-json\/wp\/v2\/tags?post=1578"}],"curies":[{"name":"wp","href":"https:\/\/api.w.org\/{rel}","templated":true}]}}