{"id":1554,"date":"2022-04-28T10:24:17","date_gmt":"2022-04-28T09:24:17","guid":{"rendered":"https:\/\/blog.solstis.ch\/?p=1554"},"modified":"2022-04-28T10:25:10","modified_gmt":"2022-04-28T09:25:10","slug":"dernieres-nouvelles-de-la-transition-energetique","status":"publish","type":"post","link":"https:\/\/blog.solstis.ch\/index.php\/fr\/2022\/04\/28\/dernieres-nouvelles-de-la-transition-energetique\/","title":{"rendered":"Derni\u00e8res nouvelles de la transition \u00e9nerg\u00e9tique"},"content":{"rendered":"\n<h3 class=\"wp-block-heading\">Des installations solaires pour les parkings en plein air et couverts.<\/h3>\n\n\n\n<p>C\u2019est l\u2019id\u00e9e soutenue par les Verts du canton de Berne. Ils ont d\u00e9pos\u00e9 une intervention au Grand Conseil pour que les grands parkings en plein air soient recouverts de panneaux photovolta\u00efques.<\/p>\n\n\n\n<p><a href=\"https:\/\/www.20min.ch\/fr\/story\/les-verts-veulent-couvrir-les-parkings-avec-des-panneaux-solaires-955591368885\" target=\"_blank\" rel=\"noreferrer noopener\">Lire l&rsquo;article<\/a><\/p>\n\n\n\n<hr class=\"wp-block-separator has-text-color has-background is-style-default\" style=\"background-color:#dfdfdf;color:#dfdfdf\"\/>\n\n\n\n<h3 class=\"wp-block-heading\">Un nouveau r\u00e8glement en mati\u00e8re de consommation d\u2019\u00e9nergie va toucher les propri\u00e9taires de b\u00e2timents \u00e0 Gen\u00e8ve.<\/h3>\n\n\n\n<p>Antonio Hodgers d\u00e9taille son plan pour la r\u00e9novation \u00e9nerg\u00e9tique. Coups de pouce financiers et retranchement fiscaux sont pr\u00e9vus pour accompagner ces changements qui s\u2019annoncent radicaux.<\/p>\n\n\n\n<p><a href=\"https:\/\/www.lemanbleu.ch\/fr\/Actualites\/Geneve\/2022041394073-Antonio-Hodgers-detaille-son-plan-pour-la-renovation-energetique.html#.YldDKlEp790.linkedin\" target=\"_blank\" rel=\"noreferrer noopener\">Lire l&rsquo;article<\/a><\/p>\n","protected":false},"excerpt":{"rendered":"<p>Des articles \u00e0 lire sur le projet d&rsquo;installations solaires pour les parkings \u00e0 Berne, et un nouveau plan pour la r\u00e9novation \u00e9nerg\u00e9tique \u00e0 Gen\u00e8ve.<\/p>\n","protected":false},"author":1,"featured_media":1555,"comment_status":"closed","ping_status":"closed","sticky":true,"template":"","format":"standard","meta":{"jetpack_post_was_ever_published":false,"_jetpack_newsletter_access":"","_jetpack_dont_email_post_to_subs":false,"_jetpack_newsletter_tier_id":0,"_jetpack_memberships_contains_paywalled_content":false,"_jetpack_memberships_contains_paid_content":false,"footnotes":"","jetpack_publicize_message":"","jetpack_publicize_feature_enabled":true,"jetpack_social_post_already_shared":true,"jetpack_social_options":{"image_generator_settings":{"template":"highway","enabled":false},"version":2}},"categories":[115,224],"tags":[],"class_list":["post-1554","post","type-post","status-publish","format-standard","has-post-thumbnail","hentry","category-actualite","category-solstis"],"jetpack_publicize_connections":[],"yoast_head":"<!-- This site is optimized with the Yoast SEO plugin v23.8 - https:\/\/yoast.com\/wordpress\/plugins\/seo\/ -->\n<title>Derni\u00e8res nouvelles de la transition \u00e9nerg\u00e9tique - Solstis<\/title>\n<meta name=\"description\" content=\"Des articles \u00e0 lire sur le projet d&#039;installations solaires pour les parkings \u00e0 Berne, et un nouveau plan pour la r\u00e9novation \u00e9nerg\u00e9tique \u00e0 Gen\u00e8ve.\" \/>\n<meta name=\"robots\" content=\"index, follow, max-snippet:-1, max-image-preview:large, max-video-preview:-1\" \/>\n<link rel=\"canonical\" href=\"https:\/\/blog.solstis.ch\/index.php\/fr\/2022\/04\/28\/dernieres-nouvelles-de-la-transition-energetique\/\" \/>\n<meta property=\"og:locale\" content=\"fr_FR\" \/>\n<meta property=\"og:type\" content=\"article\" \/>\n<meta property=\"og:title\" content=\"Derni\u00e8res nouvelles de la transition \u00e9nerg\u00e9tique - Solstis\" \/>\n<meta property=\"og:description\" content=\"Des articles \u00e0 lire sur le projet d&#039;installations solaires pour les parkings \u00e0 Berne, et un nouveau plan pour la r\u00e9novation \u00e9nerg\u00e9tique \u00e0 Gen\u00e8ve.\" \/>\n<meta property=\"og:url\" content=\"https:\/\/blog.solstis.ch\/index.php\/fr\/2022\/04\/28\/dernieres-nouvelles-de-la-transition-energetique\/\" \/>\n<meta property=\"og:site_name\" content=\"Solstis\" \/>\n<meta property=\"article:published_time\" content=\"2022-04-28T09:24:17+00:00\" \/>\n<meta property=\"article:modified_time\" content=\"2022-04-28T09:25:10+00:00\" \/>\n<meta property=\"og:image\" content=\"http:\/\/blog.solstis.ch\/wp-content\/uploads\/2022\/04\/Pegaz-abri-solaire-e1651137612717.jpg\" \/>\n\t<meta property=\"og:image:width\" content=\"800\" \/>\n\t<meta property=\"og:image:height\" content=\"482\" \/>\n\t<meta property=\"og:image:type\" content=\"image\/jpeg\" \/>\n<meta name=\"author\" content=\"admin\" \/>\n<meta name=\"twitter:card\" content=\"summary_large_image\" \/>\n<meta name=\"twitter:label1\" content=\"\u00c9crit par\" \/>\n\t<meta name=\"twitter:data1\" content=\"admin\" \/>\n\t<meta name=\"twitter:label2\" content=\"Dur\u00e9e de lecture estim\u00e9e\" \/>\n\t<meta name=\"twitter:data2\" content=\"1 minute\" \/>\n<script type=\"application\/ld+json\" class=\"yoast-schema-graph\">{\"@context\":\"https:\/\/schema.org\",\"@graph\":[{\"@type\":\"WebPage\",\"@id\":\"https:\/\/blog.solstis.ch\/index.php\/fr\/2022\/04\/28\/dernieres-nouvelles-de-la-transition-energetique\/\",\"url\":\"https:\/\/blog.solstis.ch\/index.php\/fr\/2022\/04\/28\/dernieres-nouvelles-de-la-transition-energetique\/\",\"name\":\"Derni\u00e8res nouvelles de la transition \u00e9nerg\u00e9tique - Solstis\",\"isPartOf\":{\"@id\":\"https:\/\/blog.solstis.ch\/#website\"},\"primaryImageOfPage\":{\"@id\":\"https:\/\/blog.solstis.ch\/index.php\/fr\/2022\/04\/28\/dernieres-nouvelles-de-la-transition-energetique\/#primaryimage\"},\"image\":{\"@id\":\"https:\/\/blog.solstis.ch\/index.php\/fr\/2022\/04\/28\/dernieres-nouvelles-de-la-transition-energetique\/#primaryimage\"},\"thumbnailUrl\":\"https:\/\/blog.solstis.ch\/wp-content\/uploads\/2022\/04\/Pegaz-abri-solaire-e1651137612717.jpg\",\"datePublished\":\"2022-04-28T09:24:17+00:00\",\"dateModified\":\"2022-04-28T09:25:10+00:00\",\"author\":{\"@id\":\"https:\/\/blog.solstis.ch\/#\/schema\/person\/5a9f5ef0a66b3e68c712ab62eeb4a1f9\"},\"description\":\"Des articles \u00e0 lire sur le projet d'installations solaires pour les parkings \u00e0 Berne, et un nouveau plan pour la r\u00e9novation \u00e9nerg\u00e9tique \u00e0 Gen\u00e8ve.\",\"breadcrumb\":{\"@id\":\"https:\/\/blog.solstis.ch\/index.php\/fr\/2022\/04\/28\/dernieres-nouvelles-de-la-transition-energetique\/#breadcrumb\"},\"inLanguage\":\"fr-FR\",\"potentialAction\":[{\"@type\":\"ReadAction\",\"target\":[\"https:\/\/blog.solstis.ch\/index.php\/fr\/2022\/04\/28\/dernieres-nouvelles-de-la-transition-energetique\/\"]}]},{\"@type\":\"ImageObject\",\"inLanguage\":\"fr-FR\",\"@id\":\"https:\/\/blog.solstis.ch\/index.php\/fr\/2022\/04\/28\/dernieres-nouvelles-de-la-transition-energetique\/#primaryimage\",\"url\":\"https:\/\/blog.solstis.ch\/wp-content\/uploads\/2022\/04\/Pegaz-abri-solaire-e1651137612717.jpg\",\"contentUrl\":\"https:\/\/blog.solstis.ch\/wp-content\/uploads\/2022\/04\/Pegaz-abri-solaire-e1651137612717.jpg\",\"width\":800,\"height\":482},{\"@type\":\"BreadcrumbList\",\"@id\":\"https:\/\/blog.solstis.ch\/index.php\/fr\/2022\/04\/28\/dernieres-nouvelles-de-la-transition-energetique\/#breadcrumb\",\"itemListElement\":[{\"@type\":\"ListItem\",\"position\":1,\"name\":\"Accueil\",\"item\":\"https:\/\/blog.solstis.ch\/index.php\/fr\/blog\/\"},{\"@type\":\"ListItem\",\"position\":2,\"name\":\"Derni\u00e8res nouvelles de la transition \u00e9nerg\u00e9tique\"}]},{\"@type\":\"WebSite\",\"@id\":\"https:\/\/blog.solstis.ch\/#website\",\"url\":\"https:\/\/blog.solstis.ch\/\",\"name\":\"Solstis\",\"description\":\"Solstis, donner au monde l&#039;\u00e9nergie d&#039;\u00eatre durable.\",\"potentialAction\":[{\"@type\":\"SearchAction\",\"target\":{\"@type\":\"EntryPoint\",\"urlTemplate\":\"https:\/\/blog.solstis.ch\/?s={search_term_string}\"},\"query-input\":{\"@type\":\"PropertyValueSpecification\",\"valueRequired\":true,\"valueName\":\"search_term_string\"}}],\"inLanguage\":\"fr-FR\"},{\"@type\":\"Person\",\"@id\":\"https:\/\/blog.solstis.ch\/#\/schema\/person\/5a9f5ef0a66b3e68c712ab62eeb4a1f9\",\"name\":\"admin\",\"image\":{\"@type\":\"ImageObject\",\"inLanguage\":\"fr-FR\",\"@id\":\"https:\/\/blog.solstis.ch\/#\/schema\/person\/image\/\",\"url\":\"https:\/\/secure.gravatar.com\/avatar\/8ba8fd08281e45cafc408887276f0396?s=96&d=mm&r=g\",\"contentUrl\":\"https:\/\/secure.gravatar.com\/avatar\/8ba8fd08281e45cafc408887276f0396?s=96&d=mm&r=g\",\"caption\":\"admin\"},\"url\":\"https:\/\/blog.solstis.ch\/index.php\/author\/admin\/\"}]}<\/script>\n<!-- \/ Yoast SEO plugin. -->","yoast_head_json":{"title":"Derni\u00e8res nouvelles de la transition \u00e9nerg\u00e9tique - Solstis","description":"Des articles \u00e0 lire sur le projet d'installations solaires pour les parkings \u00e0 Berne, et un nouveau plan pour la r\u00e9novation \u00e9nerg\u00e9tique \u00e0 Gen\u00e8ve.","robots":{"index":"index","follow":"follow","max-snippet":"max-snippet:-1","max-image-preview":"max-image-preview:large","max-video-preview":"max-video-preview:-1"},"canonical":"https:\/\/blog.solstis.ch\/index.php\/fr\/2022\/04\/28\/dernieres-nouvelles-de-la-transition-energetique\/","og_locale":"fr_FR","og_type":"article","og_title":"Derni\u00e8res nouvelles de la transition \u00e9nerg\u00e9tique - Solstis","og_description":"Des articles \u00e0 lire sur le projet d'installations solaires pour les parkings \u00e0 Berne, et un nouveau plan pour la r\u00e9novation \u00e9nerg\u00e9tique \u00e0 Gen\u00e8ve.","og_url":"https:\/\/blog.solstis.ch\/index.php\/fr\/2022\/04\/28\/dernieres-nouvelles-de-la-transition-energetique\/","og_site_name":"Solstis","article_published_time":"2022-04-28T09:24:17+00:00","article_modified_time":"2022-04-28T09:25:10+00:00","og_image":[{"width":800,"height":482,"url":"http:\/\/blog.solstis.ch\/wp-content\/uploads\/2022\/04\/Pegaz-abri-solaire-e1651137612717.jpg","type":"image\/jpeg"}],"author":"admin","twitter_card":"summary_large_image","twitter_misc":{"\u00c9crit par":"admin","Dur\u00e9e de lecture estim\u00e9e":"1 minute"},"schema":{"@context":"https:\/\/schema.org","@graph":[{"@type":"WebPage","@id":"https:\/\/blog.solstis.ch\/index.php\/fr\/2022\/04\/28\/dernieres-nouvelles-de-la-transition-energetique\/","url":"https:\/\/blog.solstis.ch\/index.php\/fr\/2022\/04\/28\/dernieres-nouvelles-de-la-transition-energetique\/","name":"Derni\u00e8res nouvelles de la transition \u00e9nerg\u00e9tique - Solstis","isPartOf":{"@id":"https:\/\/blog.solstis.ch\/#website"},"primaryImageOfPage":{"@id":"https:\/\/blog.solstis.ch\/index.php\/fr\/2022\/04\/28\/dernieres-nouvelles-de-la-transition-energetique\/#primaryimage"},"image":{"@id":"https:\/\/blog.solstis.ch\/index.php\/fr\/2022\/04\/28\/dernieres-nouvelles-de-la-transition-energetique\/#primaryimage"},"thumbnailUrl":"https:\/\/blog.solstis.ch\/wp-content\/uploads\/2022\/04\/Pegaz-abri-solaire-e1651137612717.jpg","datePublished":"2022-04-28T09:24:17+00:00","dateModified":"2022-04-28T09:25:10+00:00","author":{"@id":"https:\/\/blog.solstis.ch\/#\/schema\/person\/5a9f5ef0a66b3e68c712ab62eeb4a1f9"},"description":"Des articles \u00e0 lire sur le projet d'installations solaires pour les parkings \u00e0 Berne, et un nouveau plan pour la r\u00e9novation \u00e9nerg\u00e9tique \u00e0 Gen\u00e8ve.","breadcrumb":{"@id":"https:\/\/blog.solstis.ch\/index.php\/fr\/2022\/04\/28\/dernieres-nouvelles-de-la-transition-energetique\/#breadcrumb"},"inLanguage":"fr-FR","potentialAction":[{"@type":"ReadAction","target":["https:\/\/blog.solstis.ch\/index.php\/fr\/2022\/04\/28\/dernieres-nouvelles-de-la-transition-energetique\/"]}]},{"@type":"ImageObject","inLanguage":"fr-FR","@id":"https:\/\/blog.solstis.ch\/index.php\/fr\/2022\/04\/28\/dernieres-nouvelles-de-la-transition-energetique\/#primaryimage","url":"https:\/\/blog.solstis.ch\/wp-content\/uploads\/2022\/04\/Pegaz-abri-solaire-e1651137612717.jpg","contentUrl":"https:\/\/blog.solstis.ch\/wp-content\/uploads\/2022\/04\/Pegaz-abri-solaire-e1651137612717.jpg","width":800,"height":482},{"@type":"BreadcrumbList","@id":"https:\/\/blog.solstis.ch\/index.php\/fr\/2022\/04\/28\/dernieres-nouvelles-de-la-transition-energetique\/#breadcrumb","itemListElement":[{"@type":"ListItem","position":1,"name":"Accueil","item":"https:\/\/blog.solstis.ch\/index.php\/fr\/blog\/"},{"@type":"ListItem","position":2,"name":"Derni\u00e8res nouvelles de la transition \u00e9nerg\u00e9tique"}]},{"@type":"WebSite","@id":"https:\/\/blog.solstis.ch\/#website","url":"https:\/\/blog.solstis.ch\/","name":"Solstis","description":"Solstis, donner au monde l&#039;\u00e9nergie d&#039;\u00eatre durable.","potentialAction":[{"@type":"SearchAction","target":{"@type":"EntryPoint","urlTemplate":"https:\/\/blog.solstis.ch\/?s={search_term_string}"},"query-input":{"@type":"PropertyValueSpecification","valueRequired":true,"valueName":"search_term_string"}}],"inLanguage":"fr-FR"},{"@type":"Person","@id":"https:\/\/blog.solstis.ch\/#\/schema\/person\/5a9f5ef0a66b3e68c712ab62eeb4a1f9","name":"admin","image":{"@type":"ImageObject","inLanguage":"fr-FR","@id":"https:\/\/blog.solstis.ch\/#\/schema\/person\/image\/","url":"https:\/\/secure.gravatar.com\/avatar\/8ba8fd08281e45cafc408887276f0396?s=96&d=mm&r=g","contentUrl":"https:\/\/secure.gravatar.com\/avatar\/8ba8fd08281e45cafc408887276f0396?s=96&d=mm&r=g","caption":"admin"},"url":"https:\/\/blog.solstis.ch\/index.php\/author\/admin\/"}]}},"jetpack_sharing_enabled":true,"jetpack_featured_media_url":"https:\/\/blog.solstis.ch\/wp-content\/uploads\/2022\/04\/Pegaz-abri-solaire-e1651137612717.jpg","jetpack_shortlink":"https:\/\/wp.me\/pa0tUs-p4","_links":{"self":[{"href":"https:\/\/blog.solstis.ch\/index.php\/wp-json\/wp\/v2\/posts\/1554","targetHints":{"allow":["GET"]}}],"collection":[{"href":"https:\/\/blog.solstis.ch\/index.php\/wp-json\/wp\/v2\/posts"}],"about":[{"href":"https:\/\/blog.solstis.ch\/index.php\/wp-json\/wp\/v2\/types\/post"}],"author":[{"embeddable":true,"href":"https:\/\/blog.solstis.ch\/index.php\/wp-json\/wp\/v2\/users\/1"}],"replies":[{"embeddable":true,"href":"https:\/\/blog.solstis.ch\/index.php\/wp-json\/wp\/v2\/comments?post=1554"}],"version-history":[{"count":2,"href":"https:\/\/blog.solstis.ch\/index.php\/wp-json\/wp\/v2\/posts\/1554\/revisions"}],"predecessor-version":[{"id":1557,"href":"https:\/\/blog.solstis.ch\/index.php\/wp-json\/wp\/v2\/posts\/1554\/revisions\/1557"}],"wp:featuredmedia":[{"embeddable":true,"href":"https:\/\/blog.solstis.ch\/index.php\/wp-json\/wp\/v2\/media\/1555"}],"wp:attachment":[{"href":"https:\/\/blog.solstis.ch\/index.php\/wp-json\/wp\/v2\/media?parent=1554"}],"wp:term":[{"taxonomy":"category","embeddable":true,"href":"https:\/\/blog.solstis.ch\/index.php\/wp-json\/wp\/v2\/categories?post=1554"},{"taxonomy":"post_tag","embeddable":true,"href":"https:\/\/blog.solstis.ch\/index.php\/wp-json\/wp\/v2\/tags?post=1554"}],"curies":[{"name":"wp","href":"https:\/\/api.w.org\/{rel}","templated":true}]}}