{"id":1501,"date":"2021-11-30T10:12:55","date_gmt":"2021-11-30T09:12:55","guid":{"rendered":"http:\/\/blog.solstis.ch\/?p=1501"},"modified":"2021-11-30T10:13:00","modified_gmt":"2021-11-30T09:13:00","slug":"risque-de-blackout-il-est-temps-de-passer-a-laction","status":"publish","type":"post","link":"https:\/\/blog.solstis.ch\/index.php\/fr\/2021\/11\/30\/risque-de-blackout-il-est-temps-de-passer-a-laction\/","title":{"rendered":"Risque de blackout ? Il est temps de passer \u00e0 l&rsquo;action"},"content":{"rendered":"\n<h3 class=\"wp-block-heading\">Solstis, leader suisse de l&rsquo;\u00e9nergie solaire depuis un quart de si\u00e8cle<\/h3>\n\n\n\n<p><strong>Chez Solstis, cela fait 25 ans que nous avons apprivois\u00e9 l\u2019\u00e9nergie solaire<\/strong>. Aujourd\u2019hui, nos 65 collaborateurs ont acquis une expertise dans le domaine de l\u2019\u00e9lectricit\u00e9 d\u2019origine photovolta\u00efque. <strong>Avec plus de 3 500 installations solaires<\/strong>,<strong> r\u00e9parties sur plus de 500 communes, nous occupons la place de leader suisse en mati\u00e8re d\u2019installations solaires photovolta\u00efques<\/strong>. Nous sommes fiers de contribuer au confort de nos concitoyens, tout en participant \u00e0 la transition \u00e9cologique pour le plus grand bien de la plan\u00e8te.<\/p>\n\n\n\n<h3 class=\"wp-block-heading\">Le march\u00e9 de l\u2019\u00e9lectricit\u00e9 est en \u00e9bullition<\/h3>\n\n\n\n<p>C\u2019est un fait que la demande \u00e9nerg\u00e9tique est en constante croissance. Lorsque nous voyons des actualit\u00e9s montrant des difficult\u00e9s dans la fourniture d&rsquo;\u00e9nergie \u00e9lectrique de certains pays, cela nous semble irr\u00e9el. Pourtant, si cela s&rsquo;explique dans des r\u00e9gions en crise ou pas encore suffisamment d\u00e9velopp\u00e9es, notre pays n&rsquo;est pas \u00e0 l&rsquo;abri de vivre une situation semblable dans un futur proche.<\/p>\n\n\n\n<h3 class=\"wp-block-heading\">Nos autorit\u00e9s tirent aujourd\u2019hui la sonnette d\u2019alarme !  <\/h3>\n\n\n\n<p><strong>D\u00e8s 2025, nous pourrions nous retrouver dans une situation critique ou l\u2019\u00e9lectricit\u00e9 pourrait venir \u00e0 manquer<\/strong>. En effet, la rupture brutale des n\u00e9gociations sur l\u2019accord-cadre avec l\u2019UE, au mois de mai de cette ann\u00e9e, met la Suisse dans une position d\u00e9licate. En 2025, nous pourrions ne plus avoir acc\u00e8s librement au march\u00e9 de l\u2019\u00e9lectricit\u00e9 exc\u00e9dentaire de nos voisins europ\u00e9ens.<\/p>\n\n\n\n<p>Avec le d\u00e9veloppement de l\u2019\u00e9l\u00e9ctromobilit\u00e9, dop\u00e9 par la mort annonc\u00e9e du moteur thermique en Europe \u00e0 l\u2019horizon 2030, gageons que la demande ne va cesser d&rsquo;augmenter encore et toujours. La belle profession de foi sur la sortie du nucl\u00e9aire risque de n\u2019\u00eatre bient\u00f4t plus qu\u2019un souvenir. La France vient d&rsquo;ailleurs d&rsquo;annoncer, par la voix de son pr\u00e9sident, qu&rsquo;elle envisageait la mise en construction de nouvelles centrales nucl\u00e9aires. <strong>La Suisse doit se pr\u00e9parer \u00e0 des heures sombres sur le plan \u00e9nerg\u00e9tique<\/strong>.<\/p>\n\n\n\n<h3 class=\"wp-block-heading\">Envisagez d\u00e8s maintenant votre autonomie \u00e9nerg\u00e9tique !<\/h3>\n\n\n\n<p><strong>Le soleil est \u00e0 tout le monde et il ne demande pas mieux que de vous fournir l\u2019\u00e9nergie \u00e9lectrique dont vous avez besoin<\/strong>. En choisissant une installation de panneaux solaires photovolta\u00efques, vous optez pour une \u00e9lectricit\u00e9 \u00e9cologique et bon march\u00e9, qui offre l&rsquo;avantage d&rsquo;\u00eatre disponible en toute autonomie. <strong>Vous produisez chaque jour l\u2019\u00e9nergie qui couvre votre consommation et m\u00eame plus<\/strong>.<\/p>\n\n\n\n<p><strong>Avec une solution de stockage intelligent, vos besoins en \u00e9nergie quotidiens sont assur\u00e9s quoi qu\u2019il arrive<\/strong>. Lorsque votre production domestique est exc\u00e9dentaire, vous devenez fournisseur d\u2019\u00e9lectricit\u00e9 en r\u00e9injectant votre surplus d\u2019\u00e9lectricit\u00e9 dans le r\u00e9seau.<\/p>\n\n\n\n<p>Faites le bon choix qui vous mettra \u00e0 l\u2019abri d\u2019une flamb\u00e9e probable du co\u00fbt de l\u2019\u00e9lectricit\u00e9, mais aussi d\u2019une p\u00e9nurie annonc\u00e9e dans les ann\u00e9es \u00e0 venir. <strong>Vous pouvez, d\u00e8s aujourd\u2019hui, optimiser votre consommation d\u2019\u00e9lectricit\u00e9 jusqu\u2019\u00e0 70%<\/strong>.<\/p>\n\n\n\n<h3 class=\"wp-block-heading\">Votre projet d\u2019installation solaire cl\u00e9 en mains<\/h3>\n\n\n\n<p><strong>N\u2019ayez aucune crainte, nous nous chargeons de tout !<\/strong> <\/p>\n\n\n\n<p>Notre r\u00e9putation s\u2019est b\u00e2tie au fil des ann\u00e9es sur notre ma\u00eetrise de A \u00e0 Z de chaque projet que nous avons r\u00e9alis\u00e9. Au service des particuliers, des collectivit\u00e9s et du monde de l\u2019entreprise, nous comptons de nombreux clients prestigieux satisfaits de nos prestations.<\/p>\n\n\n\n<p>Au fil des ann\u00e9es,<strong> le CIO \u00e0 Lausanne, l\u2019ONU \u00e0 Gen\u00e8ve, l\u2019EPFL, les H\u00f4pitaux Universitaires de Gen\u00e8ve, la Manufacture Cartier ou encore le groupe Migros nous ont fait confiance<\/strong>. N\u2019attendez plus pour rejoindre la liste et envisager sereinement votre avenir \u00e9nerg\u00e9tique.<\/p>\n\n\n\n<h3 class=\"wp-block-heading\">Parlons de votre projet solaire<\/h3>\n\n\n\n<p>De l\u2019\u00e9tude de votre dossier, jusqu\u2019\u00e0 la mise en service de votre installation photovolta\u00efque, <strong>nos \u00e9quipes vous accompagnent \u00e0 chaque \u00e9tape du projet<\/strong>. D\u00e8s la mise en route de notre collaboration, un responsable de projet prend en main la direction des op\u00e9rations avec une vision syst\u00e9mique de l&rsquo;ensemble des op\u00e9rations.<\/p>\n\n\n\n<h3 class=\"wp-block-heading\">L&rsquo;\u00e9valuation, nos conseils et solutions<\/h3>\n\n\n\n<p>Tout commence par l\u2019\u00e9valuation de vos besoins \u00e9nerg\u00e9tiques actuels et futurs. R\u00e9aliser une installation solaire photovolta\u00efque, c\u2019est aussi profiter pour r\u00e9duire certains co\u00fbts et op\u00e9rer une transition \u00e9nerg\u00e9tique. Installation d\u2019une pompe \u00e0 chaleur en remplacement de votre ancienne chaudi\u00e8re. Pose d\u2019une borne de recharge pour un v\u00e9hicule \u00e9lectrique. <strong>Mieux vaut pr\u00e9venir que gu\u00e9rir !<\/strong><\/p>\n\n\n\n<h3 class=\"wp-block-heading\">Les d\u00e9marches administratives<\/h3>\n\n\n\n<p>Quand nous disons \u00ab\u00a0cl\u00e9s en mains\u00a0\u00bb, ce n\u2019est pas une vue de l\u2019esprit. Nous assumons les d\u00e9marches administratives qui rebutent souvent le client particulier au vu de leur complexit\u00e9 :<\/p>\n\n\n\n<ul class=\"wp-block-list\"><li><strong>demande de l\u2019autorisation de construire et suivi de l\u2019obtention du permis<\/strong> ;<\/li><li><strong>demande de raccordement aupr\u00e8s de votre fournisseur d\u2019\u00e9lectricit\u00e9<\/strong> ;<\/li><\/ul>\n\n\n\n<p>En tant que ma\u00eetre d\u2019\u0153uvre, nous pouvons assurer le pilotage de l&rsquo;ensemble des op\u00e9rations et travaux. Cela implique la coordination des diff\u00e9rents corps de m\u00e9tiers et intervenants pour une r\u00e9alisation sans faille de votre installation.<\/p>\n\n\n\n<h3 class=\"wp-block-heading\">L&rsquo;installation de votre syst\u00e8me photovolta\u00efque<\/h3>\n\n\n\n<p>Nos \u00e9quipes de sp\u00e9cialistes se chargent de l\u2019installation de vos panneaux solaires. <strong>Vous \u00eates unique et votre projet aussi<\/strong>. Nos intervenants travaillent avec passion dans le respect de votre maison et de votre confort lors des travaux.<\/p>\n\n\n\n<p>Avec nous, vous b\u00e9n\u00e9ficiez de l&rsquo;infrastructure et de l&rsquo;exp\u00e9rience d&rsquo;une grande entreprise, mais chacun de nos collaborateurs travaille l&rsquo;esprit d&rsquo;un artisan passionn\u00e9 par sa mission. <strong>Nos ma\u00eetres-mots sont : efficacit\u00e9, esth\u00e9tisme et propret\u00e9<\/strong>.<\/p>\n\n\n\n<h3 class=\"wp-block-heading\">La mise en service et la certification<\/h3>\n\n\n\n<p><strong>Chez Solstis, nous ma\u00eetrisons l&rsquo;\u00e9lectricit\u00e9 de bout en bout<\/strong>. Au b\u00e9n\u00e9fice d&rsquo;une ma\u00eetrise f\u00e9d\u00e9rale \u00e9lectrique, nous sommes \u00e0 m\u00eame d&rsquo;intervenir directement sur votre tableau \u00e9lectrique pour l&rsquo;adapter \u00e0 votre nouvelle installation. Nous organisons \u00e9galement le contr\u00f4le final et la certification obligatoire par un organisme ind\u00e9pendant.<\/p>\n\n\n\n<h3 class=\"wp-block-heading\">La maintenance et service apr\u00e8s-vente<\/h3>\n\n\n\n<p>On entend trop souvent parler d\u2019entreprises qui n\u2019assument pas l\u2019apr\u00e8s-projet. <strong>Chez Solstis, nous restons \u00e0 vos c\u00f4t\u00e9s pour longtemps<\/strong>. Pour nous, le service apr\u00e8s-vente est au moins aussi important que l\u2019installation de votre syst\u00e8me de panneaux solaires.<\/p>\n\n\n\n<p>Afin d\u2019assurer la p\u00e9rennit\u00e9 de votre production d\u2019\u00e9lectricit\u00e9, nous avons d\u00e9velopp\u00e9 des outils de maintenance pr\u00e9ventive et un service d&rsquo;intervention rigoureux et disponible. Nous utilisons des logiciels de t\u00e9l\u00e9surveillance qui assurent un monitoring en temps r\u00e9el de votre installation et nos \u00e9quipes de maintenance sont au b\u00e9n\u00e9fice d&rsquo;une expertise dans l&rsquo;entretien et le d\u00e9pannage.<\/p>\n\n\n\n<p>Dans un souci de continuit\u00e9 \u00e9cologique, nous assurons le recyclage des panneaux solaires en fin de vie avec notre partenaire PV Cycle.<\/p>\n\n\n\n<h3 class=\"wp-block-heading\">L&rsquo;esth\u00e9tique ne compte pas pour des prunes !<\/h3>\n\n\n\n<p>Qui n\u2019a jamais entendu la phrase \u00ab\u00a0les panneaux solaires, c\u2019est moche !\u00a0\u00bb. Oui, mais \u00e7a, c&rsquo;\u00e9tait avant&#8230; Gr\u00e2ce \u00e0 notre vaste gamme de produits photovolta\u00efques, nous pouvons vous proposer la solution qui s&rsquo;adaptera parfaitement \u00e0 votre maison.<\/p>\n\n\n\n<p><strong>Efficacit\u00e9, autonomie, mais aussi esth\u00e9tique<\/strong>. Nous savons que votre maison est certainement ch\u00e8re \u00e0 votre c\u0153ur et nous ne voudrions pas la d\u00e9naturer avec une installation disgracieuse. Nous avons exactement le produit qui comblera vos attentes, sur le plan \u00e9nerg\u00e9tique comme sur le plan visuel.<\/p>\n\n\n\n<h3 class=\"wp-block-heading\">Le futur c\u2019est maintenant !<\/h3>\n\n\n\n<p>Laissez-nous vous expliquer pourquoi en quelques points.<\/p>\n\n\n\n<p><em>L\u2019\u00e9lectricit\u00e9 est abordable en Suisse.<\/em><br><strong>Peut-\u00eatre plus pour longtemps !<\/strong><\/p>\n\n\n\n<p><em>Nous sommes un pays riche et d\u00e9velopp\u00e9, donc l\u2019approvisionnement est garanti.<\/em><br><strong>En \u00eates-vous s\u00fbr ?<\/strong><\/p>\n\n\n\n<p><em>Notre gouvernement trouvera les solutions en temps voulu.<\/em><br><strong>Nous avons des doutes, puisqu\u2019il vient justement de nous demander de nous pr\u00e9parer \u00e0 une p\u00e9riode de vaches maigres en mati\u00e8re d\u2019\u00e9nergie.<\/strong><\/p>\n\n\n\n<h3 class=\"wp-block-heading\">Le moment est venu de penser \u00e9conomies et autonomie<\/h3>\n\n\n\n<p><strong>Nous vous proposons d\u00e8s maintenant d&rsquo;envisager l&rsquo;avenir sereinement<\/strong>. Vous pouvez r\u00e9aliser d&rsquo;importantes \u00e9conomies sur votre budget \u00e9nergie. Vous entrerez en m\u00eame temps dans une d\u00e9marche de d\u00e9veloppement durable et contribuerez \u00e0 la pr\u00e9servation de la plan\u00e8te. Enfin, vous prendrez une assurance qui vous pr\u00e9servera de toute situation de p\u00e9nurie telle qu&rsquo;on peut raisonnablement s&rsquo;y attendre. <strong>Le black-out ne sera d\u00e9finitivement pas pour vous !<\/strong><\/p>\n\n\n\n<h3 class=\"wp-block-heading\">Vous voulez voir l&rsquo;avenir en rose ? Parlons-nous !<\/h3>\n\n\n\n<p>Nous savons que tout cela vous semble compliqu\u00e9, c\u2019est pourquoi <strong>nous mettons notre expertise \u00e0 votre service<\/strong>. Nous vous offrons l&rsquo;opportunit\u00e9 de vous connecter \u00e0 une \u00e9nergie naturelle et in\u00e9puisable. Votre confort m\u00e9rite d&rsquo;\u00eatre pr\u00e9serv\u00e9, tout en adoptant une d\u00e9marche \u00e9cologique.<\/p>\n\n\n\n<p><strong><a href=\"https:\/\/solstis.ch\/fr\/\" data-type=\"URL\" data-id=\"https:\/\/solstis.ch\/fr\/\">Contactez-nous<\/a> sans tarder pour parler de vive voix de votre projet d&rsquo;installation solaire photovolta\u00efque<\/strong>. Nos sp\u00e9cialistes se feront un plaisir d&rsquo;analyser vos besoins \u00e9nerg\u00e9tiques et de vous pr\u00e9senter les diff\u00e9rentes possibilit\u00e9s qui s&rsquo;offrent \u00e0 vous.<\/p>\n","protected":false},"excerpt":{"rendered":"<p>D\u00e8s 2025, nous pourrions nous retrouver dans une situation critique ou l\u2019\u00e9lectricit\u00e9 pourrait venir \u00e0 manquer.<\/p>\n","protected":false},"author":1,"featured_media":1506,"comment_status":"closed","ping_status":"open","sticky":true,"template":"","format":"standard","meta":{"jetpack_post_was_ever_published":false,"_jetpack_newsletter_access":"","_jetpack_dont_email_post_to_subs":false,"_jetpack_newsletter_tier_id":0,"_jetpack_memberships_contains_paywalled_content":false,"_jetpack_memberships_contains_paid_content":false,"footnotes":"","jetpack_publicize_message":"","jetpack_publicize_feature_enabled":true,"jetpack_social_post_already_shared":true,"jetpack_social_options":{"image_generator_settings":{"template":"highway","enabled":false},"version":2}},"categories":[115,33,224],"tags":[],"class_list":["post-1501","post","type-post","status-publish","format-standard","has-post-thumbnail","hentry","category-actualite","category-energie","category-solstis"],"jetpack_publicize_connections":[],"yoast_head":"<!-- This site is optimized with the Yoast SEO plugin v23.8 - https:\/\/yoast.com\/wordpress\/plugins\/seo\/ -->\n<title>Risque de blackout ? Il est temps de passer \u00e0 l&#039;action - Solstis<\/title>\n<meta name=\"description\" content=\"D\u00e8s 2025, nous pourrions nous retrouver dans une situation critique ou l\u2019\u00e9lectricit\u00e9 pourrait venir \u00e0 manquer. Envisagez d\u00e8s maintenant votre autonomie \u00e9nerg\u00e9tique en investissant dans une installation de panneaux solaires photovolta\u00efques coupl\u00e9 avec une solution de stockage.\" \/>\n<meta name=\"robots\" content=\"index, follow, max-snippet:-1, max-image-preview:large, max-video-preview:-1\" \/>\n<link rel=\"canonical\" href=\"https:\/\/blog.solstis.ch\/index.php\/fr\/2021\/11\/30\/risque-de-blackout-il-est-temps-de-passer-a-laction\/\" \/>\n<meta property=\"og:locale\" content=\"fr_FR\" \/>\n<meta property=\"og:type\" content=\"article\" \/>\n<meta property=\"og:title\" content=\"Risque de blackout ? Il est temps de passer \u00e0 l&#039;action - Solstis\" \/>\n<meta property=\"og:description\" content=\"D\u00e8s 2025, nous pourrions nous retrouver dans une situation critique ou l\u2019\u00e9lectricit\u00e9 pourrait venir \u00e0 manquer. Envisagez d\u00e8s maintenant votre autonomie \u00e9nerg\u00e9tique en investissant dans une installation de panneaux solaires photovolta\u00efques coupl\u00e9 avec une solution de stockage.\" \/>\n<meta property=\"og:url\" content=\"https:\/\/blog.solstis.ch\/index.php\/fr\/2021\/11\/30\/risque-de-blackout-il-est-temps-de-passer-a-laction\/\" \/>\n<meta property=\"og:site_name\" content=\"Solstis\" \/>\n<meta property=\"article:published_time\" content=\"2021-11-30T09:12:55+00:00\" \/>\n<meta property=\"article:modified_time\" content=\"2021-11-30T09:13:00+00:00\" \/>\n<meta property=\"og:image\" content=\"http:\/\/blog.solstis.ch\/wp-content\/uploads\/2021\/11\/Projet_Technicien_Solstis.jpg\" \/>\n\t<meta property=\"og:image:width\" content=\"800\" \/>\n\t<meta property=\"og:image:height\" content=\"566\" \/>\n\t<meta property=\"og:image:type\" content=\"image\/jpeg\" \/>\n<meta name=\"author\" content=\"admin\" \/>\n<meta name=\"twitter:card\" content=\"summary_large_image\" \/>\n<meta name=\"twitter:label1\" content=\"\u00c9crit par\" \/>\n\t<meta name=\"twitter:data1\" content=\"admin\" \/>\n\t<meta name=\"twitter:label2\" content=\"Dur\u00e9e de lecture estim\u00e9e\" \/>\n\t<meta name=\"twitter:data2\" content=\"7 minutes\" \/>\n<script type=\"application\/ld+json\" class=\"yoast-schema-graph\">{\"@context\":\"https:\/\/schema.org\",\"@graph\":[{\"@type\":\"WebPage\",\"@id\":\"https:\/\/blog.solstis.ch\/index.php\/fr\/2021\/11\/30\/risque-de-blackout-il-est-temps-de-passer-a-laction\/\",\"url\":\"https:\/\/blog.solstis.ch\/index.php\/fr\/2021\/11\/30\/risque-de-blackout-il-est-temps-de-passer-a-laction\/\",\"name\":\"Risque de blackout ? Il est temps de passer \u00e0 l'action - Solstis\",\"isPartOf\":{\"@id\":\"https:\/\/blog.solstis.ch\/#website\"},\"primaryImageOfPage\":{\"@id\":\"https:\/\/blog.solstis.ch\/index.php\/fr\/2021\/11\/30\/risque-de-blackout-il-est-temps-de-passer-a-laction\/#primaryimage\"},\"image\":{\"@id\":\"https:\/\/blog.solstis.ch\/index.php\/fr\/2021\/11\/30\/risque-de-blackout-il-est-temps-de-passer-a-laction\/#primaryimage\"},\"thumbnailUrl\":\"https:\/\/blog.solstis.ch\/wp-content\/uploads\/2021\/11\/Projet_Technicien_Solstis.jpg\",\"datePublished\":\"2021-11-30T09:12:55+00:00\",\"dateModified\":\"2021-11-30T09:13:00+00:00\",\"author\":{\"@id\":\"https:\/\/blog.solstis.ch\/#\/schema\/person\/5a9f5ef0a66b3e68c712ab62eeb4a1f9\"},\"description\":\"D\u00e8s 2025, nous pourrions nous retrouver dans une situation critique ou l\u2019\u00e9lectricit\u00e9 pourrait venir \u00e0 manquer. Envisagez d\u00e8s maintenant votre autonomie \u00e9nerg\u00e9tique en investissant dans une installation de panneaux solaires photovolta\u00efques coupl\u00e9 avec une solution de stockage.\",\"breadcrumb\":{\"@id\":\"https:\/\/blog.solstis.ch\/index.php\/fr\/2021\/11\/30\/risque-de-blackout-il-est-temps-de-passer-a-laction\/#breadcrumb\"},\"inLanguage\":\"fr-FR\",\"potentialAction\":[{\"@type\":\"ReadAction\",\"target\":[\"https:\/\/blog.solstis.ch\/index.php\/fr\/2021\/11\/30\/risque-de-blackout-il-est-temps-de-passer-a-laction\/\"]}]},{\"@type\":\"ImageObject\",\"inLanguage\":\"fr-FR\",\"@id\":\"https:\/\/blog.solstis.ch\/index.php\/fr\/2021\/11\/30\/risque-de-blackout-il-est-temps-de-passer-a-laction\/#primaryimage\",\"url\":\"https:\/\/blog.solstis.ch\/wp-content\/uploads\/2021\/11\/Projet_Technicien_Solstis.jpg\",\"contentUrl\":\"https:\/\/blog.solstis.ch\/wp-content\/uploads\/2021\/11\/Projet_Technicien_Solstis.jpg\",\"width\":800,\"height\":566},{\"@type\":\"BreadcrumbList\",\"@id\":\"https:\/\/blog.solstis.ch\/index.php\/fr\/2021\/11\/30\/risque-de-blackout-il-est-temps-de-passer-a-laction\/#breadcrumb\",\"itemListElement\":[{\"@type\":\"ListItem\",\"position\":1,\"name\":\"Accueil\",\"item\":\"https:\/\/blog.solstis.ch\/index.php\/fr\/blog\/\"},{\"@type\":\"ListItem\",\"position\":2,\"name\":\"Risque de blackout ? Il est temps de passer \u00e0 l&rsquo;action\"}]},{\"@type\":\"WebSite\",\"@id\":\"https:\/\/blog.solstis.ch\/#website\",\"url\":\"https:\/\/blog.solstis.ch\/\",\"name\":\"Solstis\",\"description\":\"Solstis, donner au monde l&#039;\u00e9nergie d&#039;\u00eatre durable.\",\"potentialAction\":[{\"@type\":\"SearchAction\",\"target\":{\"@type\":\"EntryPoint\",\"urlTemplate\":\"https:\/\/blog.solstis.ch\/?s={search_term_string}\"},\"query-input\":{\"@type\":\"PropertyValueSpecification\",\"valueRequired\":true,\"valueName\":\"search_term_string\"}}],\"inLanguage\":\"fr-FR\"},{\"@type\":\"Person\",\"@id\":\"https:\/\/blog.solstis.ch\/#\/schema\/person\/5a9f5ef0a66b3e68c712ab62eeb4a1f9\",\"name\":\"admin\",\"image\":{\"@type\":\"ImageObject\",\"inLanguage\":\"fr-FR\",\"@id\":\"https:\/\/blog.solstis.ch\/#\/schema\/person\/image\/\",\"url\":\"https:\/\/secure.gravatar.com\/avatar\/8ba8fd08281e45cafc408887276f0396?s=96&d=mm&r=g\",\"contentUrl\":\"https:\/\/secure.gravatar.com\/avatar\/8ba8fd08281e45cafc408887276f0396?s=96&d=mm&r=g\",\"caption\":\"admin\"},\"url\":\"https:\/\/blog.solstis.ch\/index.php\/author\/admin\/\"}]}<\/script>\n<!-- \/ Yoast SEO plugin. -->","yoast_head_json":{"title":"Risque de blackout ? Il est temps de passer \u00e0 l'action - Solstis","description":"D\u00e8s 2025, nous pourrions nous retrouver dans une situation critique ou l\u2019\u00e9lectricit\u00e9 pourrait venir \u00e0 manquer. Envisagez d\u00e8s maintenant votre autonomie \u00e9nerg\u00e9tique en investissant dans une installation de panneaux solaires photovolta\u00efques coupl\u00e9 avec une solution de stockage.","robots":{"index":"index","follow":"follow","max-snippet":"max-snippet:-1","max-image-preview":"max-image-preview:large","max-video-preview":"max-video-preview:-1"},"canonical":"https:\/\/blog.solstis.ch\/index.php\/fr\/2021\/11\/30\/risque-de-blackout-il-est-temps-de-passer-a-laction\/","og_locale":"fr_FR","og_type":"article","og_title":"Risque de blackout ? Il est temps de passer \u00e0 l'action - Solstis","og_description":"D\u00e8s 2025, nous pourrions nous retrouver dans une situation critique ou l\u2019\u00e9lectricit\u00e9 pourrait venir \u00e0 manquer. Envisagez d\u00e8s maintenant votre autonomie \u00e9nerg\u00e9tique en investissant dans une installation de panneaux solaires photovolta\u00efques coupl\u00e9 avec une solution de stockage.","og_url":"https:\/\/blog.solstis.ch\/index.php\/fr\/2021\/11\/30\/risque-de-blackout-il-est-temps-de-passer-a-laction\/","og_site_name":"Solstis","article_published_time":"2021-11-30T09:12:55+00:00","article_modified_time":"2021-11-30T09:13:00+00:00","og_image":[{"width":800,"height":566,"url":"http:\/\/blog.solstis.ch\/wp-content\/uploads\/2021\/11\/Projet_Technicien_Solstis.jpg","type":"image\/jpeg"}],"author":"admin","twitter_card":"summary_large_image","twitter_misc":{"\u00c9crit par":"admin","Dur\u00e9e de lecture estim\u00e9e":"7 minutes"},"schema":{"@context":"https:\/\/schema.org","@graph":[{"@type":"WebPage","@id":"https:\/\/blog.solstis.ch\/index.php\/fr\/2021\/11\/30\/risque-de-blackout-il-est-temps-de-passer-a-laction\/","url":"https:\/\/blog.solstis.ch\/index.php\/fr\/2021\/11\/30\/risque-de-blackout-il-est-temps-de-passer-a-laction\/","name":"Risque de blackout ? Il est temps de passer \u00e0 l'action - Solstis","isPartOf":{"@id":"https:\/\/blog.solstis.ch\/#website"},"primaryImageOfPage":{"@id":"https:\/\/blog.solstis.ch\/index.php\/fr\/2021\/11\/30\/risque-de-blackout-il-est-temps-de-passer-a-laction\/#primaryimage"},"image":{"@id":"https:\/\/blog.solstis.ch\/index.php\/fr\/2021\/11\/30\/risque-de-blackout-il-est-temps-de-passer-a-laction\/#primaryimage"},"thumbnailUrl":"https:\/\/blog.solstis.ch\/wp-content\/uploads\/2021\/11\/Projet_Technicien_Solstis.jpg","datePublished":"2021-11-30T09:12:55+00:00","dateModified":"2021-11-30T09:13:00+00:00","author":{"@id":"https:\/\/blog.solstis.ch\/#\/schema\/person\/5a9f5ef0a66b3e68c712ab62eeb4a1f9"},"description":"D\u00e8s 2025, nous pourrions nous retrouver dans une situation critique ou l\u2019\u00e9lectricit\u00e9 pourrait venir \u00e0 manquer. Envisagez d\u00e8s maintenant votre autonomie \u00e9nerg\u00e9tique en investissant dans une installation de panneaux solaires photovolta\u00efques coupl\u00e9 avec une solution de stockage.","breadcrumb":{"@id":"https:\/\/blog.solstis.ch\/index.php\/fr\/2021\/11\/30\/risque-de-blackout-il-est-temps-de-passer-a-laction\/#breadcrumb"},"inLanguage":"fr-FR","potentialAction":[{"@type":"ReadAction","target":["https:\/\/blog.solstis.ch\/index.php\/fr\/2021\/11\/30\/risque-de-blackout-il-est-temps-de-passer-a-laction\/"]}]},{"@type":"ImageObject","inLanguage":"fr-FR","@id":"https:\/\/blog.solstis.ch\/index.php\/fr\/2021\/11\/30\/risque-de-blackout-il-est-temps-de-passer-a-laction\/#primaryimage","url":"https:\/\/blog.solstis.ch\/wp-content\/uploads\/2021\/11\/Projet_Technicien_Solstis.jpg","contentUrl":"https:\/\/blog.solstis.ch\/wp-content\/uploads\/2021\/11\/Projet_Technicien_Solstis.jpg","width":800,"height":566},{"@type":"BreadcrumbList","@id":"https:\/\/blog.solstis.ch\/index.php\/fr\/2021\/11\/30\/risque-de-blackout-il-est-temps-de-passer-a-laction\/#breadcrumb","itemListElement":[{"@type":"ListItem","position":1,"name":"Accueil","item":"https:\/\/blog.solstis.ch\/index.php\/fr\/blog\/"},{"@type":"ListItem","position":2,"name":"Risque de blackout ? Il est temps de passer \u00e0 l&rsquo;action"}]},{"@type":"WebSite","@id":"https:\/\/blog.solstis.ch\/#website","url":"https:\/\/blog.solstis.ch\/","name":"Solstis","description":"Solstis, donner au monde l&#039;\u00e9nergie d&#039;\u00eatre durable.","potentialAction":[{"@type":"SearchAction","target":{"@type":"EntryPoint","urlTemplate":"https:\/\/blog.solstis.ch\/?s={search_term_string}"},"query-input":{"@type":"PropertyValueSpecification","valueRequired":true,"valueName":"search_term_string"}}],"inLanguage":"fr-FR"},{"@type":"Person","@id":"https:\/\/blog.solstis.ch\/#\/schema\/person\/5a9f5ef0a66b3e68c712ab62eeb4a1f9","name":"admin","image":{"@type":"ImageObject","inLanguage":"fr-FR","@id":"https:\/\/blog.solstis.ch\/#\/schema\/person\/image\/","url":"https:\/\/secure.gravatar.com\/avatar\/8ba8fd08281e45cafc408887276f0396?s=96&d=mm&r=g","contentUrl":"https:\/\/secure.gravatar.com\/avatar\/8ba8fd08281e45cafc408887276f0396?s=96&d=mm&r=g","caption":"admin"},"url":"https:\/\/blog.solstis.ch\/index.php\/author\/admin\/"}]}},"jetpack_sharing_enabled":true,"jetpack_featured_media_url":"https:\/\/blog.solstis.ch\/wp-content\/uploads\/2021\/11\/Projet_Technicien_Solstis.jpg","jetpack_shortlink":"https:\/\/wp.me\/pa0tUs-od","_links":{"self":[{"href":"https:\/\/blog.solstis.ch\/index.php\/wp-json\/wp\/v2\/posts\/1501","targetHints":{"allow":["GET"]}}],"collection":[{"href":"https:\/\/blog.solstis.ch\/index.php\/wp-json\/wp\/v2\/posts"}],"about":[{"href":"https:\/\/blog.solstis.ch\/index.php\/wp-json\/wp\/v2\/types\/post"}],"author":[{"embeddable":true,"href":"https:\/\/blog.solstis.ch\/index.php\/wp-json\/wp\/v2\/users\/1"}],"replies":[{"embeddable":true,"href":"https:\/\/blog.solstis.ch\/index.php\/wp-json\/wp\/v2\/comments?post=1501"}],"version-history":[{"count":8,"href":"https:\/\/blog.solstis.ch\/index.php\/wp-json\/wp\/v2\/posts\/1501\/revisions"}],"predecessor-version":[{"id":1511,"href":"https:\/\/blog.solstis.ch\/index.php\/wp-json\/wp\/v2\/posts\/1501\/revisions\/1511"}],"wp:featuredmedia":[{"embeddable":true,"href":"https:\/\/blog.solstis.ch\/index.php\/wp-json\/wp\/v2\/media\/1506"}],"wp:attachment":[{"href":"https:\/\/blog.solstis.ch\/index.php\/wp-json\/wp\/v2\/media?parent=1501"}],"wp:term":[{"taxonomy":"category","embeddable":true,"href":"https:\/\/blog.solstis.ch\/index.php\/wp-json\/wp\/v2\/categories?post=1501"},{"taxonomy":"post_tag","embeddable":true,"href":"https:\/\/blog.solstis.ch\/index.php\/wp-json\/wp\/v2\/tags?post=1501"}],"curies":[{"name":"wp","href":"https:\/\/api.w.org\/{rel}","templated":true}]}}