{"id":1497,"date":"2021-11-25T10:46:03","date_gmt":"2021-11-25T09:46:03","guid":{"rendered":"http:\/\/blog.solstis.ch\/?p=1497"},"modified":"2021-11-25T10:46:42","modified_gmt":"2021-11-25T09:46:42","slug":"protection-du-patrimoine-et-enjeux-climatiques","status":"publish","type":"post","link":"https:\/\/blog.solstis.ch\/index.php\/fr\/2021\/11\/25\/protection-du-patrimoine-et-enjeux-climatiques\/","title":{"rendered":"Protection du patrimoine et enjeux climatiques"},"content":{"rendered":"\n<p>Dans le canton de Vaud, la nouvelle loi de protection du patrimoine consacre l\u2019\u00e9galit\u00e9 de b\u00e2tisses historiques face aux \u00e9conomies \u00e9nerg\u00e9tiques.<\/p>\n\n\n\n<p>Le patrimoine devra d\u00e9sormais composer avec l\u2019autre enjeu majeur du si\u00e8cle, \u00e0 savoir la lutte contre le r\u00e9chauffement climatique et am\u00e9nager concr\u00e8tement des panneaux solaires, de l\u2019efficience thermique et la transformation des fen\u00eatres et de l\u2019isolation.<\/p>\n\n\n\n<p><a rel=\"noreferrer noopener\" href=\"https:\/\/www.24heures.ch\/il-faudra-desormais-concilier-climat-et-vieux-toits-974734951403\" target=\"_blank\">Lire l\u2019article<\/a><br>Source : www.24heures.ch<\/p>\n","protected":false},"excerpt":{"rendered":"<p>Dans le canton de Vaud, la nouvelle loi de protection du patrimoine consacre l\u2019\u00e9galit\u00e9 de b\u00e2tisses historiques face aux \u00e9conomies \u00e9nerg\u00e9tiques.<\/p>\n","protected":false},"author":1,"featured_media":1500,"comment_status":"closed","ping_status":"open","sticky":true,"template":"","format":"standard","meta":{"jetpack_post_was_ever_published":false,"_jetpack_newsletter_access":"","_jetpack_dont_email_post_to_subs":false,"_jetpack_newsletter_tier_id":0,"_jetpack_memberships_contains_paywalled_content":false,"_jetpack_memberships_contains_paid_content":false,"footnotes":"","jetpack_publicize_message":"","jetpack_publicize_feature_enabled":true,"jetpack_social_post_already_shared":true,"jetpack_social_options":{"image_generator_settings":{"template":"highway","enabled":false},"version":2}},"categories":[1,40,54,47],"tags":[],"class_list":["post-1497","post","type-post","status-publish","format-standard","has-post-thumbnail","hentry","category-divers","category-ecologie","category-economie","category-urbanisme"],"jetpack_publicize_connections":[],"yoast_head":"<!-- This site is optimized with the Yoast SEO plugin v23.8 - https:\/\/yoast.com\/wordpress\/plugins\/seo\/ -->\n<title>Protection du patrimoine et enjeux climatiques - Solstis<\/title>\n<meta name=\"description\" content=\"Dans le canton de Vaud, la nouvelle loi de protection du patrimoine consacre l\u2019\u00e9galit\u00e9 de b\u00e2tisses historiques face aux \u00e9conomies \u00e9nerg\u00e9tiques.\" \/>\n<meta name=\"robots\" content=\"index, follow, max-snippet:-1, max-image-preview:large, max-video-preview:-1\" \/>\n<link rel=\"canonical\" href=\"https:\/\/blog.solstis.ch\/index.php\/fr\/2021\/11\/25\/protection-du-patrimoine-et-enjeux-climatiques\/\" \/>\n<meta property=\"og:locale\" content=\"fr_FR\" \/>\n<meta property=\"og:type\" content=\"article\" \/>\n<meta property=\"og:title\" content=\"Protection du patrimoine et enjeux climatiques - Solstis\" \/>\n<meta property=\"og:description\" content=\"Dans le canton de Vaud, la nouvelle loi de protection du patrimoine consacre l\u2019\u00e9galit\u00e9 de b\u00e2tisses historiques face aux \u00e9conomies \u00e9nerg\u00e9tiques.\" \/>\n<meta property=\"og:url\" content=\"https:\/\/blog.solstis.ch\/index.php\/fr\/2021\/11\/25\/protection-du-patrimoine-et-enjeux-climatiques\/\" \/>\n<meta property=\"og:site_name\" content=\"Solstis\" \/>\n<meta property=\"article:published_time\" content=\"2021-11-25T09:46:03+00:00\" \/>\n<meta property=\"article:modified_time\" content=\"2021-11-25T09:46:42+00:00\" \/>\n<meta property=\"og:image\" content=\"http:\/\/blog.solstis.ch\/wp-content\/uploads\/2021\/11\/Fenix-Cathedrale-scaled-e1637832881980.jpg\" \/>\n\t<meta property=\"og:image:width\" content=\"1888\" \/>\n\t<meta property=\"og:image:height\" content=\"1126\" \/>\n\t<meta property=\"og:image:type\" content=\"image\/jpeg\" \/>\n<meta name=\"author\" content=\"admin\" \/>\n<meta name=\"twitter:card\" content=\"summary_large_image\" \/>\n<meta name=\"twitter:label1\" content=\"\u00c9crit par\" \/>\n\t<meta name=\"twitter:data1\" content=\"admin\" \/>\n<script type=\"application\/ld+json\" class=\"yoast-schema-graph\">{\"@context\":\"https:\/\/schema.org\",\"@graph\":[{\"@type\":\"WebPage\",\"@id\":\"https:\/\/blog.solstis.ch\/index.php\/fr\/2021\/11\/25\/protection-du-patrimoine-et-enjeux-climatiques\/\",\"url\":\"https:\/\/blog.solstis.ch\/index.php\/fr\/2021\/11\/25\/protection-du-patrimoine-et-enjeux-climatiques\/\",\"name\":\"Protection du patrimoine et enjeux climatiques - Solstis\",\"isPartOf\":{\"@id\":\"https:\/\/blog.solstis.ch\/#website\"},\"primaryImageOfPage\":{\"@id\":\"https:\/\/blog.solstis.ch\/index.php\/fr\/2021\/11\/25\/protection-du-patrimoine-et-enjeux-climatiques\/#primaryimage\"},\"image\":{\"@id\":\"https:\/\/blog.solstis.ch\/index.php\/fr\/2021\/11\/25\/protection-du-patrimoine-et-enjeux-climatiques\/#primaryimage\"},\"thumbnailUrl\":\"https:\/\/blog.solstis.ch\/wp-content\/uploads\/2021\/11\/Fenix-Cathedrale-scaled-e1637832881980.jpg\",\"datePublished\":\"2021-11-25T09:46:03+00:00\",\"dateModified\":\"2021-11-25T09:46:42+00:00\",\"author\":{\"@id\":\"https:\/\/blog.solstis.ch\/#\/schema\/person\/5a9f5ef0a66b3e68c712ab62eeb4a1f9\"},\"description\":\"Dans le canton de Vaud, la nouvelle loi de protection du patrimoine consacre l\u2019\u00e9galit\u00e9 de b\u00e2tisses historiques face aux \u00e9conomies \u00e9nerg\u00e9tiques.\",\"breadcrumb\":{\"@id\":\"https:\/\/blog.solstis.ch\/index.php\/fr\/2021\/11\/25\/protection-du-patrimoine-et-enjeux-climatiques\/#breadcrumb\"},\"inLanguage\":\"fr-FR\",\"potentialAction\":[{\"@type\":\"ReadAction\",\"target\":[\"https:\/\/blog.solstis.ch\/index.php\/fr\/2021\/11\/25\/protection-du-patrimoine-et-enjeux-climatiques\/\"]}]},{\"@type\":\"ImageObject\",\"inLanguage\":\"fr-FR\",\"@id\":\"https:\/\/blog.solstis.ch\/index.php\/fr\/2021\/11\/25\/protection-du-patrimoine-et-enjeux-climatiques\/#primaryimage\",\"url\":\"https:\/\/blog.solstis.ch\/wp-content\/uploads\/2021\/11\/Fenix-Cathedrale-scaled-e1637832881980.jpg\",\"contentUrl\":\"https:\/\/blog.solstis.ch\/wp-content\/uploads\/2021\/11\/Fenix-Cathedrale-scaled-e1637832881980.jpg\",\"width\":1888,\"height\":1126},{\"@type\":\"BreadcrumbList\",\"@id\":\"https:\/\/blog.solstis.ch\/index.php\/fr\/2021\/11\/25\/protection-du-patrimoine-et-enjeux-climatiques\/#breadcrumb\",\"itemListElement\":[{\"@type\":\"ListItem\",\"position\":1,\"name\":\"Accueil\",\"item\":\"https:\/\/blog.solstis.ch\/index.php\/fr\/blog\/\"},{\"@type\":\"ListItem\",\"position\":2,\"name\":\"Protection du patrimoine et enjeux climatiques\"}]},{\"@type\":\"WebSite\",\"@id\":\"https:\/\/blog.solstis.ch\/#website\",\"url\":\"https:\/\/blog.solstis.ch\/\",\"name\":\"Solstis\",\"description\":\"Solstis, donner au monde l&#039;\u00e9nergie d&#039;\u00eatre durable.\",\"potentialAction\":[{\"@type\":\"SearchAction\",\"target\":{\"@type\":\"EntryPoint\",\"urlTemplate\":\"https:\/\/blog.solstis.ch\/?s={search_term_string}\"},\"query-input\":{\"@type\":\"PropertyValueSpecification\",\"valueRequired\":true,\"valueName\":\"search_term_string\"}}],\"inLanguage\":\"fr-FR\"},{\"@type\":\"Person\",\"@id\":\"https:\/\/blog.solstis.ch\/#\/schema\/person\/5a9f5ef0a66b3e68c712ab62eeb4a1f9\",\"name\":\"admin\",\"image\":{\"@type\":\"ImageObject\",\"inLanguage\":\"fr-FR\",\"@id\":\"https:\/\/blog.solstis.ch\/#\/schema\/person\/image\/\",\"url\":\"https:\/\/secure.gravatar.com\/avatar\/8ba8fd08281e45cafc408887276f0396?s=96&d=mm&r=g\",\"contentUrl\":\"https:\/\/secure.gravatar.com\/avatar\/8ba8fd08281e45cafc408887276f0396?s=96&d=mm&r=g\",\"caption\":\"admin\"},\"url\":\"https:\/\/blog.solstis.ch\/index.php\/author\/admin\/\"}]}<\/script>\n<!-- \/ Yoast SEO plugin. -->","yoast_head_json":{"title":"Protection du patrimoine et enjeux climatiques - Solstis","description":"Dans le canton de Vaud, la nouvelle loi de protection du patrimoine consacre l\u2019\u00e9galit\u00e9 de b\u00e2tisses historiques face aux \u00e9conomies \u00e9nerg\u00e9tiques.","robots":{"index":"index","follow":"follow","max-snippet":"max-snippet:-1","max-image-preview":"max-image-preview:large","max-video-preview":"max-video-preview:-1"},"canonical":"https:\/\/blog.solstis.ch\/index.php\/fr\/2021\/11\/25\/protection-du-patrimoine-et-enjeux-climatiques\/","og_locale":"fr_FR","og_type":"article","og_title":"Protection du patrimoine et enjeux climatiques - Solstis","og_description":"Dans le canton de Vaud, la nouvelle loi de protection du patrimoine consacre l\u2019\u00e9galit\u00e9 de b\u00e2tisses historiques face aux \u00e9conomies \u00e9nerg\u00e9tiques.","og_url":"https:\/\/blog.solstis.ch\/index.php\/fr\/2021\/11\/25\/protection-du-patrimoine-et-enjeux-climatiques\/","og_site_name":"Solstis","article_published_time":"2021-11-25T09:46:03+00:00","article_modified_time":"2021-11-25T09:46:42+00:00","og_image":[{"width":1888,"height":1126,"url":"http:\/\/blog.solstis.ch\/wp-content\/uploads\/2021\/11\/Fenix-Cathedrale-scaled-e1637832881980.jpg","type":"image\/jpeg"}],"author":"admin","twitter_card":"summary_large_image","twitter_misc":{"\u00c9crit par":"admin"},"schema":{"@context":"https:\/\/schema.org","@graph":[{"@type":"WebPage","@id":"https:\/\/blog.solstis.ch\/index.php\/fr\/2021\/11\/25\/protection-du-patrimoine-et-enjeux-climatiques\/","url":"https:\/\/blog.solstis.ch\/index.php\/fr\/2021\/11\/25\/protection-du-patrimoine-et-enjeux-climatiques\/","name":"Protection du patrimoine et enjeux climatiques - Solstis","isPartOf":{"@id":"https:\/\/blog.solstis.ch\/#website"},"primaryImageOfPage":{"@id":"https:\/\/blog.solstis.ch\/index.php\/fr\/2021\/11\/25\/protection-du-patrimoine-et-enjeux-climatiques\/#primaryimage"},"image":{"@id":"https:\/\/blog.solstis.ch\/index.php\/fr\/2021\/11\/25\/protection-du-patrimoine-et-enjeux-climatiques\/#primaryimage"},"thumbnailUrl":"https:\/\/blog.solstis.ch\/wp-content\/uploads\/2021\/11\/Fenix-Cathedrale-scaled-e1637832881980.jpg","datePublished":"2021-11-25T09:46:03+00:00","dateModified":"2021-11-25T09:46:42+00:00","author":{"@id":"https:\/\/blog.solstis.ch\/#\/schema\/person\/5a9f5ef0a66b3e68c712ab62eeb4a1f9"},"description":"Dans le canton de Vaud, la nouvelle loi de protection du patrimoine consacre l\u2019\u00e9galit\u00e9 de b\u00e2tisses historiques face aux \u00e9conomies \u00e9nerg\u00e9tiques.","breadcrumb":{"@id":"https:\/\/blog.solstis.ch\/index.php\/fr\/2021\/11\/25\/protection-du-patrimoine-et-enjeux-climatiques\/#breadcrumb"},"inLanguage":"fr-FR","potentialAction":[{"@type":"ReadAction","target":["https:\/\/blog.solstis.ch\/index.php\/fr\/2021\/11\/25\/protection-du-patrimoine-et-enjeux-climatiques\/"]}]},{"@type":"ImageObject","inLanguage":"fr-FR","@id":"https:\/\/blog.solstis.ch\/index.php\/fr\/2021\/11\/25\/protection-du-patrimoine-et-enjeux-climatiques\/#primaryimage","url":"https:\/\/blog.solstis.ch\/wp-content\/uploads\/2021\/11\/Fenix-Cathedrale-scaled-e1637832881980.jpg","contentUrl":"https:\/\/blog.solstis.ch\/wp-content\/uploads\/2021\/11\/Fenix-Cathedrale-scaled-e1637832881980.jpg","width":1888,"height":1126},{"@type":"BreadcrumbList","@id":"https:\/\/blog.solstis.ch\/index.php\/fr\/2021\/11\/25\/protection-du-patrimoine-et-enjeux-climatiques\/#breadcrumb","itemListElement":[{"@type":"ListItem","position":1,"name":"Accueil","item":"https:\/\/blog.solstis.ch\/index.php\/fr\/blog\/"},{"@type":"ListItem","position":2,"name":"Protection du patrimoine et enjeux climatiques"}]},{"@type":"WebSite","@id":"https:\/\/blog.solstis.ch\/#website","url":"https:\/\/blog.solstis.ch\/","name":"Solstis","description":"Solstis, donner au monde l&#039;\u00e9nergie d&#039;\u00eatre durable.","potentialAction":[{"@type":"SearchAction","target":{"@type":"EntryPoint","urlTemplate":"https:\/\/blog.solstis.ch\/?s={search_term_string}"},"query-input":{"@type":"PropertyValueSpecification","valueRequired":true,"valueName":"search_term_string"}}],"inLanguage":"fr-FR"},{"@type":"Person","@id":"https:\/\/blog.solstis.ch\/#\/schema\/person\/5a9f5ef0a66b3e68c712ab62eeb4a1f9","name":"admin","image":{"@type":"ImageObject","inLanguage":"fr-FR","@id":"https:\/\/blog.solstis.ch\/#\/schema\/person\/image\/","url":"https:\/\/secure.gravatar.com\/avatar\/8ba8fd08281e45cafc408887276f0396?s=96&d=mm&r=g","contentUrl":"https:\/\/secure.gravatar.com\/avatar\/8ba8fd08281e45cafc408887276f0396?s=96&d=mm&r=g","caption":"admin"},"url":"https:\/\/blog.solstis.ch\/index.php\/author\/admin\/"}]}},"jetpack_sharing_enabled":true,"jetpack_featured_media_url":"https:\/\/blog.solstis.ch\/wp-content\/uploads\/2021\/11\/Fenix-Cathedrale-scaled-e1637832881980.jpg","jetpack_shortlink":"https:\/\/wp.me\/pa0tUs-o9","_links":{"self":[{"href":"https:\/\/blog.solstis.ch\/index.php\/wp-json\/wp\/v2\/posts\/1497","targetHints":{"allow":["GET"]}}],"collection":[{"href":"https:\/\/blog.solstis.ch\/index.php\/wp-json\/wp\/v2\/posts"}],"about":[{"href":"https:\/\/blog.solstis.ch\/index.php\/wp-json\/wp\/v2\/types\/post"}],"author":[{"embeddable":true,"href":"https:\/\/blog.solstis.ch\/index.php\/wp-json\/wp\/v2\/users\/1"}],"replies":[{"embeddable":true,"href":"https:\/\/blog.solstis.ch\/index.php\/wp-json\/wp\/v2\/comments?post=1497"}],"version-history":[{"count":2,"href":"https:\/\/blog.solstis.ch\/index.php\/wp-json\/wp\/v2\/posts\/1497\/revisions"}],"predecessor-version":[{"id":1499,"href":"https:\/\/blog.solstis.ch\/index.php\/wp-json\/wp\/v2\/posts\/1497\/revisions\/1499"}],"wp:featuredmedia":[{"embeddable":true,"href":"https:\/\/blog.solstis.ch\/index.php\/wp-json\/wp\/v2\/media\/1500"}],"wp:attachment":[{"href":"https:\/\/blog.solstis.ch\/index.php\/wp-json\/wp\/v2\/media?parent=1497"}],"wp:term":[{"taxonomy":"category","embeddable":true,"href":"https:\/\/blog.solstis.ch\/index.php\/wp-json\/wp\/v2\/categories?post=1497"},{"taxonomy":"post_tag","embeddable":true,"href":"https:\/\/blog.solstis.ch\/index.php\/wp-json\/wp\/v2\/tags?post=1497"}],"curies":[{"name":"wp","href":"https:\/\/api.w.org\/{rel}","templated":true}]}}