{"id":1456,"date":"2021-06-28T11:10:23","date_gmt":"2021-06-28T10:10:23","guid":{"rendered":"http:\/\/blog.solstis.ch\/?p=1456"},"modified":"2021-06-28T11:11:31","modified_gmt":"2021-06-28T10:11:31","slug":"dernieres-nouvelles-des-chantiers-juin-2021","status":"publish","type":"post","link":"https:\/\/blog.solstis.ch\/index.php\/fr\/2021\/06\/28\/dernieres-nouvelles-des-chantiers-juin-2021\/","title":{"rendered":"Derni\u00e8res nouvelles des chantiers [Juin 2021]"},"content":{"rendered":"\n<h3 class=\"wp-block-heading\">Chantier \u00e0 Gen\u00e8ve<\/h3>\n\n\n\n<p>Un grand merci \u00e0 l&rsquo;entreprise&nbsp;Pilet &amp; Renaud&nbsp;pour leur confiance et la r\u00e9alisation de ce beau projet&nbsp;solaire.<\/p>\n\n\n\n<p><a rel=\"noreferrer noopener\" href=\"https:\/\/www.linkedin.com\/feed\/update\/urn:li:activity:6814196755928764416\/\" target=\"_blank\">Voir la video <\/a><\/p>\n\n\n\n<h3 class=\"wp-block-heading\">Chantier \u00e0 Neuch\u00e2tel<\/h3>\n\n\n\n<p>Le plus grand b\u00e2timent de l\u2019Universit\u00e9 de Neuch\u00e2tel a termin\u00e9 son ravalement de fa\u00e7ade.<\/p>\n\n\n\n<p>En lieu et place des dalles de marbre qui ont empoisonn\u00e9 la vie du campus depuis 20 ans: des modules&nbsp;photovolta\u00efques&nbsp;innovants qui pr\u00e9servent son architecture install\u00e9s par Solstis.<\/p>\n\n\n\n<p><a href=\"https:\/\/www.canalalpha.ch\/play\/le-journal\/topic\/23173\/bluffant-le-complexe-unimail-tout-en-panneaux-solaires\" target=\"_blank\" rel=\"noreferrer noopener\">Voir le reportage de Canal Alpha : \u00ab\u00a0Bluffant, le complexe Unimail tout en panneaux solaires\u00a0\u00bb <\/a> <\/p>\n\n\n\n<figure class=\"wp-block-image size-large\"><a href=\"https:\/\/www.canalalpha.ch\/play\/le-journal\/topic\/23173\/bluffant-le-complexe-unimail-tout-en-panneaux-solaires\" target=\"_blank\" rel=\"noopener noreferrer\"><img loading=\"lazy\" decoding=\"async\" width=\"1024\" height=\"549\" src=\"https:\/\/blog.solstis.ch\/wp-content\/uploads\/2021\/06\/unimail_video-1024x549.jpg\" alt=\"\" class=\"wp-image-1460\" srcset=\"https:\/\/blog.solstis.ch\/wp-content\/uploads\/2021\/06\/unimail_video-1024x549.jpg 1024w, https:\/\/blog.solstis.ch\/wp-content\/uploads\/2021\/06\/unimail_video-300x161.jpg 300w, https:\/\/blog.solstis.ch\/wp-content\/uploads\/2021\/06\/unimail_video-768x412.jpg 768w, https:\/\/blog.solstis.ch\/wp-content\/uploads\/2021\/06\/unimail_video-559x300.jpg 559w, https:\/\/blog.solstis.ch\/wp-content\/uploads\/2021\/06\/unimail_video.jpg 1361w\" sizes=\"auto, (max-width: 1024px) 100vw, 1024px\" \/><\/a><\/figure>\n\n\n\n<p><\/p>\n","protected":false},"excerpt":{"rendered":"<p>Chantier \u00e0 Gen\u00e8ve sur le toit de la  r\u00e9gie Pilet &#038; Renaud et fin du chantier Unimail \u00e0 Neuch\u00e2tel. <\/p>\n","protected":false},"author":1,"featured_media":1464,"comment_status":"closed","ping_status":"open","sticky":true,"template":"","format":"standard","meta":{"jetpack_post_was_ever_published":false,"_jetpack_newsletter_access":"","_jetpack_dont_email_post_to_subs":false,"_jetpack_newsletter_tier_id":0,"_jetpack_memberships_contains_paywalled_content":false,"_jetpack_memberships_contains_paid_content":false,"footnotes":"","jetpack_publicize_message":"","jetpack_publicize_feature_enabled":true,"jetpack_social_post_already_shared":true,"jetpack_social_options":{"image_generator_settings":{"template":"highway","enabled":false},"version":2}},"categories":[115],"tags":[],"class_list":["post-1456","post","type-post","status-publish","format-standard","has-post-thumbnail","hentry","category-actualite"],"jetpack_publicize_connections":[],"yoast_head":"<!-- This site is optimized with the Yoast SEO plugin v23.8 - https:\/\/yoast.com\/wordpress\/plugins\/seo\/ -->\n<title>Derni\u00e8res nouvelles des chantiers [Juin 2021] - Solstis<\/title>\n<meta name=\"description\" content=\"Le solaire s&#039;int\u00e8gre parfaitement en fa\u00e7ade sur ce chantier \u00e0 Neuch\u00e2tel.\" \/>\n<meta name=\"robots\" content=\"index, follow, max-snippet:-1, max-image-preview:large, max-video-preview:-1\" \/>\n<link rel=\"canonical\" href=\"https:\/\/blog.solstis.ch\/index.php\/fr\/2021\/06\/28\/dernieres-nouvelles-des-chantiers-juin-2021\/\" \/>\n<meta property=\"og:locale\" content=\"fr_FR\" \/>\n<meta property=\"og:type\" content=\"article\" \/>\n<meta property=\"og:title\" content=\"Derni\u00e8res nouvelles des chantiers [Juin 2021] - Solstis\" \/>\n<meta property=\"og:description\" content=\"Le solaire s&#039;int\u00e8gre parfaitement en fa\u00e7ade sur ce chantier \u00e0 Neuch\u00e2tel.\" \/>\n<meta property=\"og:url\" content=\"https:\/\/blog.solstis.ch\/index.php\/fr\/2021\/06\/28\/dernieres-nouvelles-des-chantiers-juin-2021\/\" \/>\n<meta property=\"og:site_name\" content=\"Solstis\" \/>\n<meta property=\"article:published_time\" content=\"2021-06-28T10:10:23+00:00\" \/>\n<meta property=\"article:modified_time\" content=\"2021-06-28T10:11:31+00:00\" \/>\n<meta property=\"og:image\" content=\"http:\/\/blog.solstis.ch\/wp-content\/uploads\/2021\/06\/video_Pilet_Renaud_Solstis-1.jpg\" \/>\n\t<meta property=\"og:image:width\" content=\"647\" \/>\n\t<meta property=\"og:image:height\" content=\"296\" \/>\n\t<meta property=\"og:image:type\" content=\"image\/jpeg\" \/>\n<meta name=\"author\" content=\"admin\" \/>\n<meta name=\"twitter:card\" content=\"summary_large_image\" \/>\n<meta name=\"twitter:label1\" content=\"\u00c9crit par\" \/>\n\t<meta name=\"twitter:data1\" content=\"admin\" \/>\n<script type=\"application\/ld+json\" class=\"yoast-schema-graph\">{\"@context\":\"https:\/\/schema.org\",\"@graph\":[{\"@type\":\"WebPage\",\"@id\":\"https:\/\/blog.solstis.ch\/index.php\/fr\/2021\/06\/28\/dernieres-nouvelles-des-chantiers-juin-2021\/\",\"url\":\"https:\/\/blog.solstis.ch\/index.php\/fr\/2021\/06\/28\/dernieres-nouvelles-des-chantiers-juin-2021\/\",\"name\":\"Derni\u00e8res nouvelles des chantiers [Juin 2021] - Solstis\",\"isPartOf\":{\"@id\":\"https:\/\/blog.solstis.ch\/#website\"},\"primaryImageOfPage\":{\"@id\":\"https:\/\/blog.solstis.ch\/index.php\/fr\/2021\/06\/28\/dernieres-nouvelles-des-chantiers-juin-2021\/#primaryimage\"},\"image\":{\"@id\":\"https:\/\/blog.solstis.ch\/index.php\/fr\/2021\/06\/28\/dernieres-nouvelles-des-chantiers-juin-2021\/#primaryimage\"},\"thumbnailUrl\":\"https:\/\/blog.solstis.ch\/wp-content\/uploads\/2021\/06\/video_Pilet_Renaud_Solstis-1.jpg\",\"datePublished\":\"2021-06-28T10:10:23+00:00\",\"dateModified\":\"2021-06-28T10:11:31+00:00\",\"author\":{\"@id\":\"https:\/\/blog.solstis.ch\/#\/schema\/person\/5a9f5ef0a66b3e68c712ab62eeb4a1f9\"},\"description\":\"Le solaire s'int\u00e8gre parfaitement en fa\u00e7ade sur ce chantier \u00e0 Neuch\u00e2tel.\",\"breadcrumb\":{\"@id\":\"https:\/\/blog.solstis.ch\/index.php\/fr\/2021\/06\/28\/dernieres-nouvelles-des-chantiers-juin-2021\/#breadcrumb\"},\"inLanguage\":\"fr-FR\",\"potentialAction\":[{\"@type\":\"ReadAction\",\"target\":[\"https:\/\/blog.solstis.ch\/index.php\/fr\/2021\/06\/28\/dernieres-nouvelles-des-chantiers-juin-2021\/\"]}]},{\"@type\":\"ImageObject\",\"inLanguage\":\"fr-FR\",\"@id\":\"https:\/\/blog.solstis.ch\/index.php\/fr\/2021\/06\/28\/dernieres-nouvelles-des-chantiers-juin-2021\/#primaryimage\",\"url\":\"https:\/\/blog.solstis.ch\/wp-content\/uploads\/2021\/06\/video_Pilet_Renaud_Solstis-1.jpg\",\"contentUrl\":\"https:\/\/blog.solstis.ch\/wp-content\/uploads\/2021\/06\/video_Pilet_Renaud_Solstis-1.jpg\",\"width\":647,\"height\":296},{\"@type\":\"BreadcrumbList\",\"@id\":\"https:\/\/blog.solstis.ch\/index.php\/fr\/2021\/06\/28\/dernieres-nouvelles-des-chantiers-juin-2021\/#breadcrumb\",\"itemListElement\":[{\"@type\":\"ListItem\",\"position\":1,\"name\":\"Accueil\",\"item\":\"https:\/\/blog.solstis.ch\/index.php\/fr\/blog\/\"},{\"@type\":\"ListItem\",\"position\":2,\"name\":\"Derni\u00e8res nouvelles des chantiers [Juin 2021]\"}]},{\"@type\":\"WebSite\",\"@id\":\"https:\/\/blog.solstis.ch\/#website\",\"url\":\"https:\/\/blog.solstis.ch\/\",\"name\":\"Solstis\",\"description\":\"Solstis, donner au monde l&#039;\u00e9nergie d&#039;\u00eatre durable.\",\"potentialAction\":[{\"@type\":\"SearchAction\",\"target\":{\"@type\":\"EntryPoint\",\"urlTemplate\":\"https:\/\/blog.solstis.ch\/?s={search_term_string}\"},\"query-input\":{\"@type\":\"PropertyValueSpecification\",\"valueRequired\":true,\"valueName\":\"search_term_string\"}}],\"inLanguage\":\"fr-FR\"},{\"@type\":\"Person\",\"@id\":\"https:\/\/blog.solstis.ch\/#\/schema\/person\/5a9f5ef0a66b3e68c712ab62eeb4a1f9\",\"name\":\"admin\",\"image\":{\"@type\":\"ImageObject\",\"inLanguage\":\"fr-FR\",\"@id\":\"https:\/\/blog.solstis.ch\/#\/schema\/person\/image\/\",\"url\":\"https:\/\/secure.gravatar.com\/avatar\/8ba8fd08281e45cafc408887276f0396?s=96&d=mm&r=g\",\"contentUrl\":\"https:\/\/secure.gravatar.com\/avatar\/8ba8fd08281e45cafc408887276f0396?s=96&d=mm&r=g\",\"caption\":\"admin\"},\"url\":\"https:\/\/blog.solstis.ch\/index.php\/author\/admin\/\"}]}<\/script>\n<!-- \/ Yoast SEO plugin. -->","yoast_head_json":{"title":"Derni\u00e8res nouvelles des chantiers [Juin 2021] - Solstis","description":"Le solaire s'int\u00e8gre parfaitement en fa\u00e7ade sur ce chantier \u00e0 Neuch\u00e2tel.","robots":{"index":"index","follow":"follow","max-snippet":"max-snippet:-1","max-image-preview":"max-image-preview:large","max-video-preview":"max-video-preview:-1"},"canonical":"https:\/\/blog.solstis.ch\/index.php\/fr\/2021\/06\/28\/dernieres-nouvelles-des-chantiers-juin-2021\/","og_locale":"fr_FR","og_type":"article","og_title":"Derni\u00e8res nouvelles des chantiers [Juin 2021] - Solstis","og_description":"Le solaire s'int\u00e8gre parfaitement en fa\u00e7ade sur ce chantier \u00e0 Neuch\u00e2tel.","og_url":"https:\/\/blog.solstis.ch\/index.php\/fr\/2021\/06\/28\/dernieres-nouvelles-des-chantiers-juin-2021\/","og_site_name":"Solstis","article_published_time":"2021-06-28T10:10:23+00:00","article_modified_time":"2021-06-28T10:11:31+00:00","og_image":[{"width":647,"height":296,"url":"http:\/\/blog.solstis.ch\/wp-content\/uploads\/2021\/06\/video_Pilet_Renaud_Solstis-1.jpg","type":"image\/jpeg"}],"author":"admin","twitter_card":"summary_large_image","twitter_misc":{"\u00c9crit par":"admin"},"schema":{"@context":"https:\/\/schema.org","@graph":[{"@type":"WebPage","@id":"https:\/\/blog.solstis.ch\/index.php\/fr\/2021\/06\/28\/dernieres-nouvelles-des-chantiers-juin-2021\/","url":"https:\/\/blog.solstis.ch\/index.php\/fr\/2021\/06\/28\/dernieres-nouvelles-des-chantiers-juin-2021\/","name":"Derni\u00e8res nouvelles des chantiers [Juin 2021] - Solstis","isPartOf":{"@id":"https:\/\/blog.solstis.ch\/#website"},"primaryImageOfPage":{"@id":"https:\/\/blog.solstis.ch\/index.php\/fr\/2021\/06\/28\/dernieres-nouvelles-des-chantiers-juin-2021\/#primaryimage"},"image":{"@id":"https:\/\/blog.solstis.ch\/index.php\/fr\/2021\/06\/28\/dernieres-nouvelles-des-chantiers-juin-2021\/#primaryimage"},"thumbnailUrl":"https:\/\/blog.solstis.ch\/wp-content\/uploads\/2021\/06\/video_Pilet_Renaud_Solstis-1.jpg","datePublished":"2021-06-28T10:10:23+00:00","dateModified":"2021-06-28T10:11:31+00:00","author":{"@id":"https:\/\/blog.solstis.ch\/#\/schema\/person\/5a9f5ef0a66b3e68c712ab62eeb4a1f9"},"description":"Le solaire s'int\u00e8gre parfaitement en fa\u00e7ade sur ce chantier \u00e0 Neuch\u00e2tel.","breadcrumb":{"@id":"https:\/\/blog.solstis.ch\/index.php\/fr\/2021\/06\/28\/dernieres-nouvelles-des-chantiers-juin-2021\/#breadcrumb"},"inLanguage":"fr-FR","potentialAction":[{"@type":"ReadAction","target":["https:\/\/blog.solstis.ch\/index.php\/fr\/2021\/06\/28\/dernieres-nouvelles-des-chantiers-juin-2021\/"]}]},{"@type":"ImageObject","inLanguage":"fr-FR","@id":"https:\/\/blog.solstis.ch\/index.php\/fr\/2021\/06\/28\/dernieres-nouvelles-des-chantiers-juin-2021\/#primaryimage","url":"https:\/\/blog.solstis.ch\/wp-content\/uploads\/2021\/06\/video_Pilet_Renaud_Solstis-1.jpg","contentUrl":"https:\/\/blog.solstis.ch\/wp-content\/uploads\/2021\/06\/video_Pilet_Renaud_Solstis-1.jpg","width":647,"height":296},{"@type":"BreadcrumbList","@id":"https:\/\/blog.solstis.ch\/index.php\/fr\/2021\/06\/28\/dernieres-nouvelles-des-chantiers-juin-2021\/#breadcrumb","itemListElement":[{"@type":"ListItem","position":1,"name":"Accueil","item":"https:\/\/blog.solstis.ch\/index.php\/fr\/blog\/"},{"@type":"ListItem","position":2,"name":"Derni\u00e8res nouvelles des chantiers [Juin 2021]"}]},{"@type":"WebSite","@id":"https:\/\/blog.solstis.ch\/#website","url":"https:\/\/blog.solstis.ch\/","name":"Solstis","description":"Solstis, donner au monde l&#039;\u00e9nergie d&#039;\u00eatre durable.","potentialAction":[{"@type":"SearchAction","target":{"@type":"EntryPoint","urlTemplate":"https:\/\/blog.solstis.ch\/?s={search_term_string}"},"query-input":{"@type":"PropertyValueSpecification","valueRequired":true,"valueName":"search_term_string"}}],"inLanguage":"fr-FR"},{"@type":"Person","@id":"https:\/\/blog.solstis.ch\/#\/schema\/person\/5a9f5ef0a66b3e68c712ab62eeb4a1f9","name":"admin","image":{"@type":"ImageObject","inLanguage":"fr-FR","@id":"https:\/\/blog.solstis.ch\/#\/schema\/person\/image\/","url":"https:\/\/secure.gravatar.com\/avatar\/8ba8fd08281e45cafc408887276f0396?s=96&d=mm&r=g","contentUrl":"https:\/\/secure.gravatar.com\/avatar\/8ba8fd08281e45cafc408887276f0396?s=96&d=mm&r=g","caption":"admin"},"url":"https:\/\/blog.solstis.ch\/index.php\/author\/admin\/"}]}},"jetpack_sharing_enabled":true,"jetpack_featured_media_url":"https:\/\/blog.solstis.ch\/wp-content\/uploads\/2021\/06\/video_Pilet_Renaud_Solstis-1.jpg","jetpack_shortlink":"https:\/\/wp.me\/pa0tUs-nu","_links":{"self":[{"href":"https:\/\/blog.solstis.ch\/index.php\/wp-json\/wp\/v2\/posts\/1456","targetHints":{"allow":["GET"]}}],"collection":[{"href":"https:\/\/blog.solstis.ch\/index.php\/wp-json\/wp\/v2\/posts"}],"about":[{"href":"https:\/\/blog.solstis.ch\/index.php\/wp-json\/wp\/v2\/types\/post"}],"author":[{"embeddable":true,"href":"https:\/\/blog.solstis.ch\/index.php\/wp-json\/wp\/v2\/users\/1"}],"replies":[{"embeddable":true,"href":"https:\/\/blog.solstis.ch\/index.php\/wp-json\/wp\/v2\/comments?post=1456"}],"version-history":[{"count":8,"href":"https:\/\/blog.solstis.ch\/index.php\/wp-json\/wp\/v2\/posts\/1456\/revisions"}],"predecessor-version":[{"id":1468,"href":"https:\/\/blog.solstis.ch\/index.php\/wp-json\/wp\/v2\/posts\/1456\/revisions\/1468"}],"wp:featuredmedia":[{"embeddable":true,"href":"https:\/\/blog.solstis.ch\/index.php\/wp-json\/wp\/v2\/media\/1464"}],"wp:attachment":[{"href":"https:\/\/blog.solstis.ch\/index.php\/wp-json\/wp\/v2\/media?parent=1456"}],"wp:term":[{"taxonomy":"category","embeddable":true,"href":"https:\/\/blog.solstis.ch\/index.php\/wp-json\/wp\/v2\/categories?post=1456"},{"taxonomy":"post_tag","embeddable":true,"href":"https:\/\/blog.solstis.ch\/index.php\/wp-json\/wp\/v2\/tags?post=1456"}],"curies":[{"name":"wp","href":"https:\/\/api.w.org\/{rel}","templated":true}]}}