{"id":1390,"date":"2020-08-31T14:33:19","date_gmt":"2020-08-31T13:33:19","guid":{"rendered":"http:\/\/blog.solstis.ch\/?p=1390"},"modified":"2020-08-31T14:33:46","modified_gmt":"2020-08-31T13:33:46","slug":"dernieres-nouvelles-des-chantiers-juillet-aout-2020","status":"publish","type":"post","link":"https:\/\/blog.solstis.ch\/index.php\/fr\/2020\/08\/31\/dernieres-nouvelles-des-chantiers-juillet-aout-2020\/","title":{"rendered":"Derni\u00e8res nouvelles des chantiers [Juillet &#8211; Ao\u00fbt 2020]"},"content":{"rendered":"\n<h3 class=\"wp-block-heading\">Chantier Ecole h\u00f4teli\u00e8re de Lausanne<\/h3>\n\n\n\n<p>Installation d&rsquo;une centrale solaire de 440.00 kWc en 3 \u00e9tapes sur les b\u00e2timents neufs de nouveau campus.<br>Ce projet vient s\u2019ajouter aux 130 kWc d\u00e9j\u00e0 en service sur les b\u00e2timents existants.<br>A l\u2019horizon 2021, les quelques 600\u2019000 kWh de production solaire annuelle (soit l\u2019\u00e9quivalent de 150 m\u00e9nages) seront en priorit\u00e9 consomm\u00e9s sur le complexe scolaire avant d\u2019\u00eatre r\u00e9inject\u00e9s dans le r\u00e9seau de distribution de la Ville de Lausanne.<\/p>\n\n\n\n<p>Surface : 2\u2019450 m2<br>Type de structure : Razol \u2013 est-ouest &#8211; inclin\u00e9 \u00e0 10\u00b0<br>MO : \u00c9cole h\u00f4teli\u00e8re de Lausanne<br>Nous remercions le MO pour sa confiance ainsi que nos collaborateurs pour ce beau projet.&nbsp;<\/p>\n\n\n\n<h3 class=\"wp-block-heading\">Chantier Mission permanente du Canada \u00e0 Gen\u00e8ve<\/h3>\n\n\n\n<figure class=\"wp-block-image size-large is-style-default\"><img loading=\"lazy\" decoding=\"async\" width=\"1536\" height=\"863\" src=\"https:\/\/blog.solstis.ch\/wp-content\/uploads\/2020\/08\/Solstis_Mission_Canada_Geneve-edited.jpg\" alt=\"\" class=\"wp-image-1394\" srcset=\"https:\/\/blog.solstis.ch\/wp-content\/uploads\/2020\/08\/Solstis_Mission_Canada_Geneve-edited.jpg 1536w, https:\/\/blog.solstis.ch\/wp-content\/uploads\/2020\/08\/Solstis_Mission_Canada_Geneve-edited-300x169.jpg 300w, https:\/\/blog.solstis.ch\/wp-content\/uploads\/2020\/08\/Solstis_Mission_Canada_Geneve-edited-1024x575.jpg 1024w, https:\/\/blog.solstis.ch\/wp-content\/uploads\/2020\/08\/Solstis_Mission_Canada_Geneve-edited-768x432.jpg 768w, https:\/\/blog.solstis.ch\/wp-content\/uploads\/2020\/08\/Solstis_Mission_Canada_Geneve-edited-534x300.jpg 534w\" sizes=\"auto, (max-width: 1536px) 100vw, 1536px\" \/><\/figure>\n\n\n\n<p>Un nouveau toit que se transforme en source d\u2019\u00e9nergie in\u00e9puisable.<br>Nous remercions la Mission du Canada \u00e0 Geneve pour sa confiance ainsi que nos collaborateurs pour cette belle r\u00e9alisation.<\/p>\n\n\n\n<h3 class=\"wp-block-heading\">Chantier Centre scolaire des Trois Sapins \u00e0 Echallens<\/h3>\n\n\n\n<figure class=\"wp-block-image size-large\"><img loading=\"lazy\" decoding=\"async\" width=\"600\" height=\"450\" src=\"https:\/\/blog.solstis.ch\/wp-content\/uploads\/2020\/08\/Solstis_Echallens-edited.jpg\" alt=\"\" class=\"wp-image-1396\" srcset=\"https:\/\/blog.solstis.ch\/wp-content\/uploads\/2020\/08\/Solstis_Echallens-edited.jpg 600w, https:\/\/blog.solstis.ch\/wp-content\/uploads\/2020\/08\/Solstis_Echallens-edited-300x225.jpg 300w, https:\/\/blog.solstis.ch\/wp-content\/uploads\/2020\/08\/Solstis_Echallens-edited-400x300.jpg 400w\" sizes=\"auto, (max-width: 600px) 100vw, 600px\" \/><\/figure>\n\n\n\n<p>Installation d&rsquo;une centrale solaire de 386.43 kWc sur 3 b\u00e2timents en toitures plates.<br>Le mode de pose est-ouest permet d\u2019optimiser l\u2019autoconsommation sur site.<br>Les 430\u2019000 kWh de production annuelle (soit l\u2019\u00e9quivalent de 110 m\u00e9nages) seront en priorit\u00e9 consomm\u00e9s sur le complexe scolaire avant d\u2019\u00eatre r\u00e9inject\u00e9s dans le r\u00e9seau de distribution.<\/p>\n\n\n\n<p>Surface : 1\u2019953 m2<br>Type de structure : Razol \u2013 est-ouest &#8211; inclin\u00e9 \u00e0 10\u00b0<br>MO : TS Solaire &#8211; soci\u00e9t\u00e9 cr\u00e9\u00e9e par la Commune d\u2019Echallens.<br>Financement : Participatif crowdfunding.<br>Nous remercions le MO pour sa confiance ainsi que nos collaborateurs pour cette belle r\u00e9alisation.<\/p>\n","protected":false},"excerpt":{"rendered":"<p>Chantiers de L&rsquo;\u00e9cole h\u00f4teli\u00e8re de Lausanne , Mission du Canada \u00e0 Gen\u00e8ve..<\/p>\n","protected":false},"author":1,"featured_media":1392,"comment_status":"closed","ping_status":"open","sticky":true,"template":"","format":"standard","meta":{"jetpack_post_was_ever_published":false,"_jetpack_newsletter_access":"","_jetpack_dont_email_post_to_subs":false,"_jetpack_newsletter_tier_id":0,"_jetpack_memberships_contains_paywalled_content":false,"_jetpack_memberships_contains_paid_content":false,"footnotes":"","jetpack_publicize_message":"","jetpack_publicize_feature_enabled":true,"jetpack_social_post_already_shared":true,"jetpack_social_options":{"image_generator_settings":{"template":"highway","enabled":false},"version":2}},"categories":[115],"tags":[],"class_list":["post-1390","post","type-post","status-publish","format-standard","has-post-thumbnail","hentry","category-actualite"],"jetpack_publicize_connections":[],"yoast_head":"<!-- This site is optimized with the Yoast SEO plugin v23.8 - https:\/\/yoast.com\/wordpress\/plugins\/seo\/ -->\n<title>Derni\u00e8res nouvelles des chantiers [Juillet - Ao\u00fbt 2020] - Solstis<\/title>\n<meta name=\"robots\" content=\"index, follow, max-snippet:-1, max-image-preview:large, max-video-preview:-1\" \/>\n<link rel=\"canonical\" href=\"https:\/\/blog.solstis.ch\/index.php\/fr\/2020\/08\/31\/dernieres-nouvelles-des-chantiers-juillet-aout-2020\/\" \/>\n<meta property=\"og:locale\" content=\"fr_FR\" \/>\n<meta property=\"og:type\" content=\"article\" \/>\n<meta property=\"og:title\" content=\"Derni\u00e8res nouvelles des chantiers [Juillet - Ao\u00fbt 2020] - Solstis\" \/>\n<meta property=\"og:description\" content=\"Chantiers de L&#039;\u00e9cole h\u00f4teli\u00e8re de Lausanne , Mission du Canada \u00e0 Gen\u00e8ve..\" \/>\n<meta property=\"og:url\" content=\"https:\/\/blog.solstis.ch\/index.php\/fr\/2020\/08\/31\/dernieres-nouvelles-des-chantiers-juillet-aout-2020\/\" \/>\n<meta property=\"og:site_name\" content=\"Solstis\" \/>\n<meta property=\"article:published_time\" content=\"2020-08-31T13:33:19+00:00\" \/>\n<meta property=\"article:modified_time\" content=\"2020-08-31T13:33:46+00:00\" \/>\n<meta property=\"og:image\" content=\"http:\/\/blog.solstis.ch\/wp-content\/uploads\/2020\/08\/Solstis_Ecole_hoteliere_Lausanne.jpg\" \/>\n\t<meta property=\"og:image:width\" content=\"600\" \/>\n\t<meta property=\"og:image:height\" content=\"600\" \/>\n\t<meta property=\"og:image:type\" content=\"image\/jpeg\" \/>\n<meta name=\"author\" content=\"admin\" \/>\n<meta name=\"twitter:card\" content=\"summary_large_image\" \/>\n<meta name=\"twitter:label1\" content=\"\u00c9crit par\" \/>\n\t<meta name=\"twitter:data1\" content=\"admin\" \/>\n\t<meta name=\"twitter:label2\" content=\"Dur\u00e9e de lecture estim\u00e9e\" \/>\n\t<meta name=\"twitter:data2\" content=\"1 minute\" \/>\n<script type=\"application\/ld+json\" class=\"yoast-schema-graph\">{\"@context\":\"https:\/\/schema.org\",\"@graph\":[{\"@type\":\"WebPage\",\"@id\":\"https:\/\/blog.solstis.ch\/index.php\/fr\/2020\/08\/31\/dernieres-nouvelles-des-chantiers-juillet-aout-2020\/\",\"url\":\"https:\/\/blog.solstis.ch\/index.php\/fr\/2020\/08\/31\/dernieres-nouvelles-des-chantiers-juillet-aout-2020\/\",\"name\":\"Derni\u00e8res nouvelles des chantiers [Juillet - Ao\u00fbt 2020] - Solstis\",\"isPartOf\":{\"@id\":\"https:\/\/blog.solstis.ch\/#website\"},\"primaryImageOfPage\":{\"@id\":\"https:\/\/blog.solstis.ch\/index.php\/fr\/2020\/08\/31\/dernieres-nouvelles-des-chantiers-juillet-aout-2020\/#primaryimage\"},\"image\":{\"@id\":\"https:\/\/blog.solstis.ch\/index.php\/fr\/2020\/08\/31\/dernieres-nouvelles-des-chantiers-juillet-aout-2020\/#primaryimage\"},\"thumbnailUrl\":\"https:\/\/blog.solstis.ch\/wp-content\/uploads\/2020\/08\/Solstis_Ecole_hoteliere_Lausanne.jpg\",\"datePublished\":\"2020-08-31T13:33:19+00:00\",\"dateModified\":\"2020-08-31T13:33:46+00:00\",\"author\":{\"@id\":\"https:\/\/blog.solstis.ch\/#\/schema\/person\/5a9f5ef0a66b3e68c712ab62eeb4a1f9\"},\"breadcrumb\":{\"@id\":\"https:\/\/blog.solstis.ch\/index.php\/fr\/2020\/08\/31\/dernieres-nouvelles-des-chantiers-juillet-aout-2020\/#breadcrumb\"},\"inLanguage\":\"fr-FR\",\"potentialAction\":[{\"@type\":\"ReadAction\",\"target\":[\"https:\/\/blog.solstis.ch\/index.php\/fr\/2020\/08\/31\/dernieres-nouvelles-des-chantiers-juillet-aout-2020\/\"]}]},{\"@type\":\"ImageObject\",\"inLanguage\":\"fr-FR\",\"@id\":\"https:\/\/blog.solstis.ch\/index.php\/fr\/2020\/08\/31\/dernieres-nouvelles-des-chantiers-juillet-aout-2020\/#primaryimage\",\"url\":\"https:\/\/blog.solstis.ch\/wp-content\/uploads\/2020\/08\/Solstis_Ecole_hoteliere_Lausanne.jpg\",\"contentUrl\":\"https:\/\/blog.solstis.ch\/wp-content\/uploads\/2020\/08\/Solstis_Ecole_hoteliere_Lausanne.jpg\",\"width\":600,\"height\":600},{\"@type\":\"BreadcrumbList\",\"@id\":\"https:\/\/blog.solstis.ch\/index.php\/fr\/2020\/08\/31\/dernieres-nouvelles-des-chantiers-juillet-aout-2020\/#breadcrumb\",\"itemListElement\":[{\"@type\":\"ListItem\",\"position\":1,\"name\":\"Accueil\",\"item\":\"https:\/\/blog.solstis.ch\/index.php\/fr\/blog\/\"},{\"@type\":\"ListItem\",\"position\":2,\"name\":\"Derni\u00e8res nouvelles des chantiers [Juillet &#8211; Ao\u00fbt 2020]\"}]},{\"@type\":\"WebSite\",\"@id\":\"https:\/\/blog.solstis.ch\/#website\",\"url\":\"https:\/\/blog.solstis.ch\/\",\"name\":\"Solstis\",\"description\":\"Solstis, donner au monde l&#039;\u00e9nergie d&#039;\u00eatre durable.\",\"potentialAction\":[{\"@type\":\"SearchAction\",\"target\":{\"@type\":\"EntryPoint\",\"urlTemplate\":\"https:\/\/blog.solstis.ch\/?s={search_term_string}\"},\"query-input\":{\"@type\":\"PropertyValueSpecification\",\"valueRequired\":true,\"valueName\":\"search_term_string\"}}],\"inLanguage\":\"fr-FR\"},{\"@type\":\"Person\",\"@id\":\"https:\/\/blog.solstis.ch\/#\/schema\/person\/5a9f5ef0a66b3e68c712ab62eeb4a1f9\",\"name\":\"admin\",\"image\":{\"@type\":\"ImageObject\",\"inLanguage\":\"fr-FR\",\"@id\":\"https:\/\/blog.solstis.ch\/#\/schema\/person\/image\/\",\"url\":\"https:\/\/secure.gravatar.com\/avatar\/8ba8fd08281e45cafc408887276f0396?s=96&d=mm&r=g\",\"contentUrl\":\"https:\/\/secure.gravatar.com\/avatar\/8ba8fd08281e45cafc408887276f0396?s=96&d=mm&r=g\",\"caption\":\"admin\"},\"url\":\"https:\/\/blog.solstis.ch\/index.php\/author\/admin\/\"}]}<\/script>\n<!-- \/ Yoast SEO plugin. -->","yoast_head_json":{"title":"Derni\u00e8res nouvelles des chantiers [Juillet - Ao\u00fbt 2020] - Solstis","robots":{"index":"index","follow":"follow","max-snippet":"max-snippet:-1","max-image-preview":"max-image-preview:large","max-video-preview":"max-video-preview:-1"},"canonical":"https:\/\/blog.solstis.ch\/index.php\/fr\/2020\/08\/31\/dernieres-nouvelles-des-chantiers-juillet-aout-2020\/","og_locale":"fr_FR","og_type":"article","og_title":"Derni\u00e8res nouvelles des chantiers [Juillet - Ao\u00fbt 2020] - Solstis","og_description":"Chantiers de L'\u00e9cole h\u00f4teli\u00e8re de Lausanne , Mission du Canada \u00e0 Gen\u00e8ve..","og_url":"https:\/\/blog.solstis.ch\/index.php\/fr\/2020\/08\/31\/dernieres-nouvelles-des-chantiers-juillet-aout-2020\/","og_site_name":"Solstis","article_published_time":"2020-08-31T13:33:19+00:00","article_modified_time":"2020-08-31T13:33:46+00:00","og_image":[{"width":600,"height":600,"url":"http:\/\/blog.solstis.ch\/wp-content\/uploads\/2020\/08\/Solstis_Ecole_hoteliere_Lausanne.jpg","type":"image\/jpeg"}],"author":"admin","twitter_card":"summary_large_image","twitter_misc":{"\u00c9crit par":"admin","Dur\u00e9e de lecture estim\u00e9e":"1 minute"},"schema":{"@context":"https:\/\/schema.org","@graph":[{"@type":"WebPage","@id":"https:\/\/blog.solstis.ch\/index.php\/fr\/2020\/08\/31\/dernieres-nouvelles-des-chantiers-juillet-aout-2020\/","url":"https:\/\/blog.solstis.ch\/index.php\/fr\/2020\/08\/31\/dernieres-nouvelles-des-chantiers-juillet-aout-2020\/","name":"Derni\u00e8res nouvelles des chantiers [Juillet - Ao\u00fbt 2020] - Solstis","isPartOf":{"@id":"https:\/\/blog.solstis.ch\/#website"},"primaryImageOfPage":{"@id":"https:\/\/blog.solstis.ch\/index.php\/fr\/2020\/08\/31\/dernieres-nouvelles-des-chantiers-juillet-aout-2020\/#primaryimage"},"image":{"@id":"https:\/\/blog.solstis.ch\/index.php\/fr\/2020\/08\/31\/dernieres-nouvelles-des-chantiers-juillet-aout-2020\/#primaryimage"},"thumbnailUrl":"https:\/\/blog.solstis.ch\/wp-content\/uploads\/2020\/08\/Solstis_Ecole_hoteliere_Lausanne.jpg","datePublished":"2020-08-31T13:33:19+00:00","dateModified":"2020-08-31T13:33:46+00:00","author":{"@id":"https:\/\/blog.solstis.ch\/#\/schema\/person\/5a9f5ef0a66b3e68c712ab62eeb4a1f9"},"breadcrumb":{"@id":"https:\/\/blog.solstis.ch\/index.php\/fr\/2020\/08\/31\/dernieres-nouvelles-des-chantiers-juillet-aout-2020\/#breadcrumb"},"inLanguage":"fr-FR","potentialAction":[{"@type":"ReadAction","target":["https:\/\/blog.solstis.ch\/index.php\/fr\/2020\/08\/31\/dernieres-nouvelles-des-chantiers-juillet-aout-2020\/"]}]},{"@type":"ImageObject","inLanguage":"fr-FR","@id":"https:\/\/blog.solstis.ch\/index.php\/fr\/2020\/08\/31\/dernieres-nouvelles-des-chantiers-juillet-aout-2020\/#primaryimage","url":"https:\/\/blog.solstis.ch\/wp-content\/uploads\/2020\/08\/Solstis_Ecole_hoteliere_Lausanne.jpg","contentUrl":"https:\/\/blog.solstis.ch\/wp-content\/uploads\/2020\/08\/Solstis_Ecole_hoteliere_Lausanne.jpg","width":600,"height":600},{"@type":"BreadcrumbList","@id":"https:\/\/blog.solstis.ch\/index.php\/fr\/2020\/08\/31\/dernieres-nouvelles-des-chantiers-juillet-aout-2020\/#breadcrumb","itemListElement":[{"@type":"ListItem","position":1,"name":"Accueil","item":"https:\/\/blog.solstis.ch\/index.php\/fr\/blog\/"},{"@type":"ListItem","position":2,"name":"Derni\u00e8res nouvelles des chantiers [Juillet &#8211; Ao\u00fbt 2020]"}]},{"@type":"WebSite","@id":"https:\/\/blog.solstis.ch\/#website","url":"https:\/\/blog.solstis.ch\/","name":"Solstis","description":"Solstis, donner au monde l&#039;\u00e9nergie d&#039;\u00eatre durable.","potentialAction":[{"@type":"SearchAction","target":{"@type":"EntryPoint","urlTemplate":"https:\/\/blog.solstis.ch\/?s={search_term_string}"},"query-input":{"@type":"PropertyValueSpecification","valueRequired":true,"valueName":"search_term_string"}}],"inLanguage":"fr-FR"},{"@type":"Person","@id":"https:\/\/blog.solstis.ch\/#\/schema\/person\/5a9f5ef0a66b3e68c712ab62eeb4a1f9","name":"admin","image":{"@type":"ImageObject","inLanguage":"fr-FR","@id":"https:\/\/blog.solstis.ch\/#\/schema\/person\/image\/","url":"https:\/\/secure.gravatar.com\/avatar\/8ba8fd08281e45cafc408887276f0396?s=96&d=mm&r=g","contentUrl":"https:\/\/secure.gravatar.com\/avatar\/8ba8fd08281e45cafc408887276f0396?s=96&d=mm&r=g","caption":"admin"},"url":"https:\/\/blog.solstis.ch\/index.php\/author\/admin\/"}]}},"jetpack_sharing_enabled":true,"jetpack_featured_media_url":"https:\/\/blog.solstis.ch\/wp-content\/uploads\/2020\/08\/Solstis_Ecole_hoteliere_Lausanne.jpg","jetpack_shortlink":"https:\/\/wp.me\/pa0tUs-mq","_links":{"self":[{"href":"https:\/\/blog.solstis.ch\/index.php\/wp-json\/wp\/v2\/posts\/1390","targetHints":{"allow":["GET"]}}],"collection":[{"href":"https:\/\/blog.solstis.ch\/index.php\/wp-json\/wp\/v2\/posts"}],"about":[{"href":"https:\/\/blog.solstis.ch\/index.php\/wp-json\/wp\/v2\/types\/post"}],"author":[{"embeddable":true,"href":"https:\/\/blog.solstis.ch\/index.php\/wp-json\/wp\/v2\/users\/1"}],"replies":[{"embeddable":true,"href":"https:\/\/blog.solstis.ch\/index.php\/wp-json\/wp\/v2\/comments?post=1390"}],"version-history":[{"count":5,"href":"https:\/\/blog.solstis.ch\/index.php\/wp-json\/wp\/v2\/posts\/1390\/revisions"}],"predecessor-version":[{"id":1400,"href":"https:\/\/blog.solstis.ch\/index.php\/wp-json\/wp\/v2\/posts\/1390\/revisions\/1400"}],"wp:featuredmedia":[{"embeddable":true,"href":"https:\/\/blog.solstis.ch\/index.php\/wp-json\/wp\/v2\/media\/1392"}],"wp:attachment":[{"href":"https:\/\/blog.solstis.ch\/index.php\/wp-json\/wp\/v2\/media?parent=1390"}],"wp:term":[{"taxonomy":"category","embeddable":true,"href":"https:\/\/blog.solstis.ch\/index.php\/wp-json\/wp\/v2\/categories?post=1390"},{"taxonomy":"post_tag","embeddable":true,"href":"https:\/\/blog.solstis.ch\/index.php\/wp-json\/wp\/v2\/tags?post=1390"}],"curies":[{"name":"wp","href":"https:\/\/api.w.org\/{rel}","templated":true}]}}