{"id":1349,"date":"2020-02-06T16:11:17","date_gmt":"2020-02-06T15:11:17","guid":{"rendered":"http:\/\/blog.solstis.ch\/?p=1349"},"modified":"2020-02-06T16:12:04","modified_gmt":"2020-02-06T15:12:04","slug":"mille-et-une-nuances-solaires-quand-le-photovoltaique-devient-esthetique","status":"publish","type":"post","link":"https:\/\/blog.solstis.ch\/index.php\/fr\/2020\/02\/06\/mille-et-une-nuances-solaires-quand-le-photovoltaique-devient-esthetique\/","title":{"rendered":"Mille et une nuances solaires: Quand le photovolta\u00efque devient esth\u00e9tique."},"content":{"rendered":"\n<p>[Article paru dans <strong>LE TEMPS<\/strong> du 5 f\u00e9vrier 2020]<\/p>\n\n\n\n<h3 class=\"wp-block-heading\">Exit le dispositif photovolta\u00efque lourd et encombrant: gr\u00e2ce \u00e0 des technologies de pointe, les panneaux solaires se d\u00e9guisent en verri\u00e8res color\u00e9es, en ardoise \u00e9l\u00e9gante, en terre cuite ou en bois vein\u00e9.<\/h3>\n\n\n\n<p>Esth\u00e9tique. Architecture. Design. Il y a encore quelques ann\u00e9es, les panneaux solaires \u00e9taient per\u00e7us comme un \u00e9l\u00e9ment \u00e9tranger, presque hostile, qui mettait en p\u00e9ril l\u2019harmonie du b\u00e2timent. D\u00e9sormais, gr\u00e2ce \u00e0 des technologies de pointe, ils changent d\u2019aspect et de statut aux yeux des concepteurs. A c\u00f4t\u00e9 de Kromatix, d\u2019autres techniques permettent de dissimuler les cellules sous une couche mate ou brillante, color\u00e9e ou translucide, et m\u00eame d\u2019imiter les mat\u00e9riaux naturels en imprimant sur la surface le motif correspondant: bois, pierre, paroi de mousse\u2026<\/p>\n\n\n\n<p> \u00abOn peut presque tout faire, maintenant, dit St\u00e9phane Krattinger, directeur de Solstis, enthousiaste. C\u2019est magique.\u00bb Sur le toit du nouveau si\u00e8ge du CIO, \u00e0 Lausanne, Solstis a install\u00e9 des anneaux olympiques\u2026 solaires. A Renens, la r\u00e9sidence universitaire Silo Bleu se dresse en \u00e9chiquier futuriste, avec ses rectangles de fen\u00eatres azur\u00e9s et de panneaux en verre fonc\u00e9s. Pour une villa priv\u00e9e, les ing\u00e9nieurs ont d\u00e9velopp\u00e9 un sp\u00e9cial haute couture, avec une couche de tissu qui rappelle la texture d\u2019une robe\u2026 Mais c\u2019est probablement sous la forme d\u2019un tableau de Vermeer expos\u00e9 dans les bureaux de l\u2019entreprise lausannoise que le photovolta\u00efque illustre au mieux son potentiel artistique. Dans un registre plus pratique, la discr\u00e9tion est quasi la norme. Les panneaux solaires ne se greffent plus sur les b\u00e2timents en proth\u00e8ses grossi\u00e8res. Ils habillent les murs comme une deuxi\u00e8me peau.<\/p>\n\n\n\n<p><a href=\"https:\/\/solstis.ch\/images\/dans_la_presse\/LT029_IMMO-1.pdf\" target=\"_blank\" rel=\"noreferrer noopener\" aria-label=\"Lire l'article (opens in a new tab)\">\u00bb Lire l&rsquo;article<\/a><\/p>\n","protected":false},"excerpt":{"rendered":"<p>Mille et une nuances solaires: Quand le photovolta\u00efque devient esth\u00e9tique. <\/p>\n","protected":false},"author":1,"featured_media":1353,"comment_status":"closed","ping_status":"open","sticky":true,"template":"","format":"standard","meta":{"jetpack_post_was_ever_published":false,"_jetpack_newsletter_access":"","_jetpack_dont_email_post_to_subs":false,"_jetpack_newsletter_tier_id":0,"_jetpack_memberships_contains_paywalled_content":false,"_jetpack_memberships_contains_paid_content":false,"footnotes":"","jetpack_publicize_message":"","jetpack_publicize_feature_enabled":true,"jetpack_social_post_already_shared":true,"jetpack_social_options":{"image_generator_settings":{"template":"highway","enabled":false},"version":2}},"categories":[115,224,61],"tags":[],"class_list":["post-1349","post","type-post","status-publish","format-standard","has-post-thumbnail","hentry","category-actualite","category-solstis","category-technologie"],"jetpack_publicize_connections":[],"yoast_head":"<!-- This site is optimized with the Yoast SEO plugin v23.8 - https:\/\/yoast.com\/wordpress\/plugins\/seo\/ -->\n<title>Mille et une nuances solaires: Quand le photovolta\u00efque devient esth\u00e9tique. - Solstis<\/title>\n<meta name=\"robots\" content=\"index, follow, max-snippet:-1, max-image-preview:large, max-video-preview:-1\" \/>\n<link rel=\"canonical\" href=\"https:\/\/blog.solstis.ch\/index.php\/fr\/2020\/02\/06\/mille-et-une-nuances-solaires-quand-le-photovoltaique-devient-esthetique\/\" \/>\n<meta property=\"og:locale\" content=\"fr_FR\" \/>\n<meta property=\"og:type\" content=\"article\" \/>\n<meta property=\"og:title\" content=\"Mille et une nuances solaires: Quand le photovolta\u00efque devient esth\u00e9tique. - Solstis\" \/>\n<meta property=\"og:description\" content=\"Mille et une nuances solaires: Quand le photovolta\u00efque devient esth\u00e9tique.\" \/>\n<meta property=\"og:url\" content=\"https:\/\/blog.solstis.ch\/index.php\/fr\/2020\/02\/06\/mille-et-une-nuances-solaires-quand-le-photovoltaique-devient-esthetique\/\" \/>\n<meta property=\"og:site_name\" content=\"Solstis\" \/>\n<meta property=\"article:published_time\" content=\"2020-02-06T15:11:17+00:00\" \/>\n<meta property=\"article:modified_time\" content=\"2020-02-06T15:12:04+00:00\" \/>\n<meta property=\"og:image\" content=\"http:\/\/blog.solstis.ch\/wp-content\/uploads\/2020\/02\/silo-2.jpg\" \/>\n\t<meta property=\"og:image:width\" content=\"911\" \/>\n\t<meta property=\"og:image:height\" content=\"628\" \/>\n\t<meta property=\"og:image:type\" content=\"image\/jpeg\" \/>\n<meta name=\"author\" content=\"admin\" \/>\n<meta name=\"twitter:card\" content=\"summary_large_image\" \/>\n<meta name=\"twitter:label1\" content=\"\u00c9crit par\" \/>\n\t<meta name=\"twitter:data1\" content=\"admin\" \/>\n\t<meta name=\"twitter:label2\" content=\"Dur\u00e9e de lecture estim\u00e9e\" \/>\n\t<meta name=\"twitter:data2\" content=\"2 minutes\" \/>\n<script type=\"application\/ld+json\" class=\"yoast-schema-graph\">{\"@context\":\"https:\/\/schema.org\",\"@graph\":[{\"@type\":\"WebPage\",\"@id\":\"https:\/\/blog.solstis.ch\/index.php\/fr\/2020\/02\/06\/mille-et-une-nuances-solaires-quand-le-photovoltaique-devient-esthetique\/\",\"url\":\"https:\/\/blog.solstis.ch\/index.php\/fr\/2020\/02\/06\/mille-et-une-nuances-solaires-quand-le-photovoltaique-devient-esthetique\/\",\"name\":\"Mille et une nuances solaires: Quand le photovolta\u00efque devient esth\u00e9tique. - Solstis\",\"isPartOf\":{\"@id\":\"https:\/\/blog.solstis.ch\/#website\"},\"primaryImageOfPage\":{\"@id\":\"https:\/\/blog.solstis.ch\/index.php\/fr\/2020\/02\/06\/mille-et-une-nuances-solaires-quand-le-photovoltaique-devient-esthetique\/#primaryimage\"},\"image\":{\"@id\":\"https:\/\/blog.solstis.ch\/index.php\/fr\/2020\/02\/06\/mille-et-une-nuances-solaires-quand-le-photovoltaique-devient-esthetique\/#primaryimage\"},\"thumbnailUrl\":\"https:\/\/blog.solstis.ch\/wp-content\/uploads\/2020\/02\/silo-2.jpg\",\"datePublished\":\"2020-02-06T15:11:17+00:00\",\"dateModified\":\"2020-02-06T15:12:04+00:00\",\"author\":{\"@id\":\"https:\/\/blog.solstis.ch\/#\/schema\/person\/5a9f5ef0a66b3e68c712ab62eeb4a1f9\"},\"breadcrumb\":{\"@id\":\"https:\/\/blog.solstis.ch\/index.php\/fr\/2020\/02\/06\/mille-et-une-nuances-solaires-quand-le-photovoltaique-devient-esthetique\/#breadcrumb\"},\"inLanguage\":\"fr-FR\",\"potentialAction\":[{\"@type\":\"ReadAction\",\"target\":[\"https:\/\/blog.solstis.ch\/index.php\/fr\/2020\/02\/06\/mille-et-une-nuances-solaires-quand-le-photovoltaique-devient-esthetique\/\"]}]},{\"@type\":\"ImageObject\",\"inLanguage\":\"fr-FR\",\"@id\":\"https:\/\/blog.solstis.ch\/index.php\/fr\/2020\/02\/06\/mille-et-une-nuances-solaires-quand-le-photovoltaique-devient-esthetique\/#primaryimage\",\"url\":\"https:\/\/blog.solstis.ch\/wp-content\/uploads\/2020\/02\/silo-2.jpg\",\"contentUrl\":\"https:\/\/blog.solstis.ch\/wp-content\/uploads\/2020\/02\/silo-2.jpg\",\"width\":911,\"height\":628},{\"@type\":\"BreadcrumbList\",\"@id\":\"https:\/\/blog.solstis.ch\/index.php\/fr\/2020\/02\/06\/mille-et-une-nuances-solaires-quand-le-photovoltaique-devient-esthetique\/#breadcrumb\",\"itemListElement\":[{\"@type\":\"ListItem\",\"position\":1,\"name\":\"Accueil\",\"item\":\"https:\/\/blog.solstis.ch\/index.php\/fr\/blog\/\"},{\"@type\":\"ListItem\",\"position\":2,\"name\":\"Mille et une nuances solaires: Quand le photovolta\u00efque devient esth\u00e9tique.\"}]},{\"@type\":\"WebSite\",\"@id\":\"https:\/\/blog.solstis.ch\/#website\",\"url\":\"https:\/\/blog.solstis.ch\/\",\"name\":\"Solstis\",\"description\":\"Solstis, donner au monde l&#039;\u00e9nergie d&#039;\u00eatre durable.\",\"potentialAction\":[{\"@type\":\"SearchAction\",\"target\":{\"@type\":\"EntryPoint\",\"urlTemplate\":\"https:\/\/blog.solstis.ch\/?s={search_term_string}\"},\"query-input\":{\"@type\":\"PropertyValueSpecification\",\"valueRequired\":true,\"valueName\":\"search_term_string\"}}],\"inLanguage\":\"fr-FR\"},{\"@type\":\"Person\",\"@id\":\"https:\/\/blog.solstis.ch\/#\/schema\/person\/5a9f5ef0a66b3e68c712ab62eeb4a1f9\",\"name\":\"admin\",\"image\":{\"@type\":\"ImageObject\",\"inLanguage\":\"fr-FR\",\"@id\":\"https:\/\/blog.solstis.ch\/#\/schema\/person\/image\/\",\"url\":\"https:\/\/secure.gravatar.com\/avatar\/8ba8fd08281e45cafc408887276f0396?s=96&d=mm&r=g\",\"contentUrl\":\"https:\/\/secure.gravatar.com\/avatar\/8ba8fd08281e45cafc408887276f0396?s=96&d=mm&r=g\",\"caption\":\"admin\"},\"url\":\"https:\/\/blog.solstis.ch\/index.php\/author\/admin\/\"}]}<\/script>\n<!-- \/ Yoast SEO plugin. -->","yoast_head_json":{"title":"Mille et une nuances solaires: Quand le photovolta\u00efque devient esth\u00e9tique. - Solstis","robots":{"index":"index","follow":"follow","max-snippet":"max-snippet:-1","max-image-preview":"max-image-preview:large","max-video-preview":"max-video-preview:-1"},"canonical":"https:\/\/blog.solstis.ch\/index.php\/fr\/2020\/02\/06\/mille-et-une-nuances-solaires-quand-le-photovoltaique-devient-esthetique\/","og_locale":"fr_FR","og_type":"article","og_title":"Mille et une nuances solaires: Quand le photovolta\u00efque devient esth\u00e9tique. - Solstis","og_description":"Mille et une nuances solaires: Quand le photovolta\u00efque devient esth\u00e9tique.","og_url":"https:\/\/blog.solstis.ch\/index.php\/fr\/2020\/02\/06\/mille-et-une-nuances-solaires-quand-le-photovoltaique-devient-esthetique\/","og_site_name":"Solstis","article_published_time":"2020-02-06T15:11:17+00:00","article_modified_time":"2020-02-06T15:12:04+00:00","og_image":[{"width":911,"height":628,"url":"http:\/\/blog.solstis.ch\/wp-content\/uploads\/2020\/02\/silo-2.jpg","type":"image\/jpeg"}],"author":"admin","twitter_card":"summary_large_image","twitter_misc":{"\u00c9crit par":"admin","Dur\u00e9e de lecture estim\u00e9e":"2 minutes"},"schema":{"@context":"https:\/\/schema.org","@graph":[{"@type":"WebPage","@id":"https:\/\/blog.solstis.ch\/index.php\/fr\/2020\/02\/06\/mille-et-une-nuances-solaires-quand-le-photovoltaique-devient-esthetique\/","url":"https:\/\/blog.solstis.ch\/index.php\/fr\/2020\/02\/06\/mille-et-une-nuances-solaires-quand-le-photovoltaique-devient-esthetique\/","name":"Mille et une nuances solaires: Quand le photovolta\u00efque devient esth\u00e9tique. - Solstis","isPartOf":{"@id":"https:\/\/blog.solstis.ch\/#website"},"primaryImageOfPage":{"@id":"https:\/\/blog.solstis.ch\/index.php\/fr\/2020\/02\/06\/mille-et-une-nuances-solaires-quand-le-photovoltaique-devient-esthetique\/#primaryimage"},"image":{"@id":"https:\/\/blog.solstis.ch\/index.php\/fr\/2020\/02\/06\/mille-et-une-nuances-solaires-quand-le-photovoltaique-devient-esthetique\/#primaryimage"},"thumbnailUrl":"https:\/\/blog.solstis.ch\/wp-content\/uploads\/2020\/02\/silo-2.jpg","datePublished":"2020-02-06T15:11:17+00:00","dateModified":"2020-02-06T15:12:04+00:00","author":{"@id":"https:\/\/blog.solstis.ch\/#\/schema\/person\/5a9f5ef0a66b3e68c712ab62eeb4a1f9"},"breadcrumb":{"@id":"https:\/\/blog.solstis.ch\/index.php\/fr\/2020\/02\/06\/mille-et-une-nuances-solaires-quand-le-photovoltaique-devient-esthetique\/#breadcrumb"},"inLanguage":"fr-FR","potentialAction":[{"@type":"ReadAction","target":["https:\/\/blog.solstis.ch\/index.php\/fr\/2020\/02\/06\/mille-et-une-nuances-solaires-quand-le-photovoltaique-devient-esthetique\/"]}]},{"@type":"ImageObject","inLanguage":"fr-FR","@id":"https:\/\/blog.solstis.ch\/index.php\/fr\/2020\/02\/06\/mille-et-une-nuances-solaires-quand-le-photovoltaique-devient-esthetique\/#primaryimage","url":"https:\/\/blog.solstis.ch\/wp-content\/uploads\/2020\/02\/silo-2.jpg","contentUrl":"https:\/\/blog.solstis.ch\/wp-content\/uploads\/2020\/02\/silo-2.jpg","width":911,"height":628},{"@type":"BreadcrumbList","@id":"https:\/\/blog.solstis.ch\/index.php\/fr\/2020\/02\/06\/mille-et-une-nuances-solaires-quand-le-photovoltaique-devient-esthetique\/#breadcrumb","itemListElement":[{"@type":"ListItem","position":1,"name":"Accueil","item":"https:\/\/blog.solstis.ch\/index.php\/fr\/blog\/"},{"@type":"ListItem","position":2,"name":"Mille et une nuances solaires: Quand le photovolta\u00efque devient esth\u00e9tique."}]},{"@type":"WebSite","@id":"https:\/\/blog.solstis.ch\/#website","url":"https:\/\/blog.solstis.ch\/","name":"Solstis","description":"Solstis, donner au monde l&#039;\u00e9nergie d&#039;\u00eatre durable.","potentialAction":[{"@type":"SearchAction","target":{"@type":"EntryPoint","urlTemplate":"https:\/\/blog.solstis.ch\/?s={search_term_string}"},"query-input":{"@type":"PropertyValueSpecification","valueRequired":true,"valueName":"search_term_string"}}],"inLanguage":"fr-FR"},{"@type":"Person","@id":"https:\/\/blog.solstis.ch\/#\/schema\/person\/5a9f5ef0a66b3e68c712ab62eeb4a1f9","name":"admin","image":{"@type":"ImageObject","inLanguage":"fr-FR","@id":"https:\/\/blog.solstis.ch\/#\/schema\/person\/image\/","url":"https:\/\/secure.gravatar.com\/avatar\/8ba8fd08281e45cafc408887276f0396?s=96&d=mm&r=g","contentUrl":"https:\/\/secure.gravatar.com\/avatar\/8ba8fd08281e45cafc408887276f0396?s=96&d=mm&r=g","caption":"admin"},"url":"https:\/\/blog.solstis.ch\/index.php\/author\/admin\/"}]}},"jetpack_sharing_enabled":true,"jetpack_featured_media_url":"https:\/\/blog.solstis.ch\/wp-content\/uploads\/2020\/02\/silo-2.jpg","jetpack_shortlink":"https:\/\/wp.me\/pa0tUs-lL","_links":{"self":[{"href":"https:\/\/blog.solstis.ch\/index.php\/wp-json\/wp\/v2\/posts\/1349","targetHints":{"allow":["GET"]}}],"collection":[{"href":"https:\/\/blog.solstis.ch\/index.php\/wp-json\/wp\/v2\/posts"}],"about":[{"href":"https:\/\/blog.solstis.ch\/index.php\/wp-json\/wp\/v2\/types\/post"}],"author":[{"embeddable":true,"href":"https:\/\/blog.solstis.ch\/index.php\/wp-json\/wp\/v2\/users\/1"}],"replies":[{"embeddable":true,"href":"https:\/\/blog.solstis.ch\/index.php\/wp-json\/wp\/v2\/comments?post=1349"}],"version-history":[{"count":14,"href":"https:\/\/blog.solstis.ch\/index.php\/wp-json\/wp\/v2\/posts\/1349\/revisions"}],"predecessor-version":[{"id":1365,"href":"https:\/\/blog.solstis.ch\/index.php\/wp-json\/wp\/v2\/posts\/1349\/revisions\/1365"}],"wp:featuredmedia":[{"embeddable":true,"href":"https:\/\/blog.solstis.ch\/index.php\/wp-json\/wp\/v2\/media\/1353"}],"wp:attachment":[{"href":"https:\/\/blog.solstis.ch\/index.php\/wp-json\/wp\/v2\/media?parent=1349"}],"wp:term":[{"taxonomy":"category","embeddable":true,"href":"https:\/\/blog.solstis.ch\/index.php\/wp-json\/wp\/v2\/categories?post=1349"},{"taxonomy":"post_tag","embeddable":true,"href":"https:\/\/blog.solstis.ch\/index.php\/wp-json\/wp\/v2\/tags?post=1349"}],"curies":[{"name":"wp","href":"https:\/\/api.w.org\/{rel}","templated":true}]}}